{"id":414617,"date":"2026-03-18T08:46:00","date_gmt":"2026-03-18T11:46:00","guid":{"rendered":"https:\/\/portaltela.pt\/noticias\/2026\/03\/18\/mais-de-99-das-falhas-na-rede-movel-em-portugal-ja-resolvidas\/"},"modified":"2026-03-18T08:46:00","modified_gmt":"2026-03-18T11:46:00","slug":"mais-de-99-das-falhas-na-rede-movel-em-portugal-ja-resolvidas","status":"publish","type":"post","link":"https:\/\/portaltela.pt\/telecomunicacoes\/2026\/03\/18\/mais-de-99-das-falhas-na-rede-movel-em-portugal-ja-resolvidas\/","title":{"rendered":"Mais de 99% das falhas na rede m\u00f3vel em Portugal j\u00e1 resolvidas"},"content":{"rendered":"<p>Mais de 99% das falhas na rede m\u00f3vel em Portugal foram j\u00e1 resolvidas, segundo o ministro das Infraestruturas. As tempestades afetaram cerca de 280 mil utilizadores e houve recupera\u00e7\u00e3o r\u00e1pida em grande parte da rede m\u00f3vel.<\/p>\n<p>Miguel Matos Pinto Luz afirmou na Comiss\u00e3o de Infraestruturas, Mobilidade e Habita\u00e7\u00e3o do parlamento que o impacto global foi devastador, mas que a maioria das situa\u00e7\u00f5es na rede m\u00f3vel j\u00e1 est\u00e1 resolvida. A gest\u00e3o da informa\u00e7\u00e3o decorreu com maior celeridade.<\/p>\n<p>Apesar da recupera\u00e7\u00e3o da rede m\u00f3vel, o ministro mencionou que a rede fixa exige mais tempo de recupera\u00e7\u00e3o. O esfor\u00e7o conjunto envolve v\u00e1rias entidades e meios, mantendo o foco na reposi\u00e7\u00e3o de servi\u00e7os essenciais.<\/p>\n<h3>Rede m\u00f3vel<\/h3>\n<p>Cerca de 280 mil utilizadores foram afetados, com resolu\u00e7\u00e3o de mais de 99% das falhas na rede m\u00f3vel, segundo o ministro. O refor\u00e7o de equipamentos e a coordena\u00e7\u00e3o setorial aceleraram o restabelecimento.<\/p>\n<h3>Infraestruturas rodovi\u00e1rias<\/h3>\n<p>Em termos rodovi\u00e1rios, indicou-se a exist\u00eancia de mais de 336 cortes em Estradas Nacionais. Atualmente, mais de 90% desses cortes j\u00e1 foram revers\u00edveis, com o trabalho de mais de 2 mil trabalhadores.<\/p>\n<h3>Ferrovia<\/h3>\n<p>Na ferrovia, a linha da Beira Baixa \u00e9 apontada como exemplo de interven\u00e7\u00e3o complexa. A interrup\u00e7\u00e3o dever\u00e1 manter-se por cerca de seis meses, devido a dificuldades de acesso e execu\u00e7\u00e3o de obras.<\/p>\n<h3>Equipa de recupera\u00e7\u00e3o<\/h3>\n<p>Conjuntamente, foram mobilizados mais de 4.700 trabalhadores para a recupera\u00e7\u00e3o de todas as \u00e1reas afetadas. O ministro destacou o papel de empresas e entidades de diferentes setores. A resposta envolveu v\u00e1rias entidades na reposi\u00e7\u00e3o dos servi\u00e7os essenciais.<\/p>\n","protected":false},"excerpt":{"rendered":"<ul>\n<li>As tempestades afetaram cerca de 280 mil utilizadores da rede m\u00f3vel em Portugal, estando j\u00e1 resolvidas mais de 99% das falhas.<\/li>\n<li>O ministro das Infraestruturas, Miguel Pinto Luz, disse isso na Comiss\u00e3o de Infraestruturas, Mobilidade e Habita\u00e7\u00e3o, no parlamento.<\/li>\n<li>A recupera\u00e7\u00e3o da rede fixa dever\u00e1 prolongar-se, com a solu\u00e7\u00e3o das situa\u00e7\u00f5es manifestamente mais demorada.<\/li>\n<li>No setor rodovi\u00e1rio, est\u00e3o em causa mais de 336 cortes em Estradas Nacionais, estando hoje mais de 90% resolvidos, com a interven\u00e7\u00e3o de mais de dois mil trabalhadores.<\/li>\n<li>Na ferrovia, destaca-se a Linha da Beira Baixa, cuja interrup\u00e7\u00e3o durar\u00e1 cerca de seis meses; no conjunto, mais de 4.700 trabalhadores participaram nas opera\u00e7\u00f5es de recupera\u00e7\u00e3o.<\/li>\n<\/ul>\n","protected":false},"author":2,"featured_media":414619,"comment_status":"closed","ping_status":"closed","sticky":false,"template":"","format":"standard","meta":{"footnotes":""},"categories":[6716,7367],"tags":[1083,1615,4508,2110,1014,192],"class_list":["post-414617","post","type-post","status-publish","format-standard","has-post-thumbnail","hentry","category-tecnologia","category-telecomunicacoes","tag-estradas","tag-infraestrutura","tag-infraestruturas-rodoviarias","tag-mobilidade","tag-portugal","tag-transporte"],"yoast_head":"<!-- This site is optimized with the Yoast SEO plugin v27.2 - https:\/\/yoast.com\/product\/yoast-seo-wordpress\/ -->\n<title>Mais de 99% das falhas na rede m\u00f3vel em Portugal j\u00e1 resolvidas - Portal Tela Portugal<\/title>\n<meta name=\"robots\" content=\"index, follow, max-snippet:-1, max-image-preview:large, max-video-preview:-1\" \/>\n<meta property=\"og:locale\" content=\"pt_PT\" \/>\n<meta property=\"og:type\" content=\"article\" \/>\n<meta property=\"og:title\" content=\"Mais de 99% das falhas na rede m\u00f3vel em Portugal j\u00e1 resolvidas - Portal Tela Portugal\" \/>\n<meta property=\"og:description\" content=\"As tempestades afetaram cerca de 280 mil utilizadores da rede m\u00f3vel em Portugal, estando j\u00e1 resolvidas mais de 99% das falhas. O ministro das Infraestruturas, Miguel Pinto Luz, disse isso na Comiss\u00e3o de Infraestruturas, Mobilidade e Habita\u00e7\u00e3o, no parlamento. A recupera\u00e7\u00e3o da rede fixa dever\u00e1 prolongar-se, com a solu\u00e7\u00e3o das situa\u00e7\u00f5es manifestamente mais demorada. No setor rodovi\u00e1rio, est\u00e3o em causa mais de 336 cortes em Estradas Nacionais, estando hoje mais de 90% resolvidos, com a interven\u00e7\u00e3o de mais de dois mil trabalhadores. Na ferrovia, destaca-se a Linha da Beira Baixa, cuja interrup\u00e7\u00e3o durar\u00e1 cerca de seis meses; no conjunto, mais de 4.700 trabalhadores participaram nas opera\u00e7\u00f5es de recupera\u00e7\u00e3o.\" \/>\n<meta property=\"og:url\" content=\"https:\/\/portaltela.pt\/noticias\/2026\/03\/18\/mais-de-99-das-falhas-na-rede-movel-em-portugal-ja-resolvidas\/\" \/>\n<meta property=\"og:site_name\" content=\"Portal Tela Portugal\" \/>\n<meta property=\"article:published_time\" content=\"2026-03-18T11:46:00+00:00\" \/>\n<meta name=\"author\" content=\"Telinha\" \/>\n<meta name=\"twitter:card\" content=\"summary_large_image\" \/>\n<meta name=\"twitter:label1\" content=\"Escrito por\" \/>\n\t<meta name=\"twitter:data1\" content=\"Telinha\" \/>\n\t<meta name=\"twitter:label2\" content=\"Tempo estimado de leitura\" \/>\n\t<meta name=\"twitter:data2\" content=\"1 minuto\" \/>\n<script type=\"application\/ld+json\" class=\"yoast-schema-graph\">{\"@context\":\"https:\/\/schema.org\",\"@graph\":[{\"@type\":\"Article\",\"@id\":\"https:\/\/portaltela.pt\/noticias\/2026\/03\/18\/mais-de-99-das-falhas-na-rede-movel-em-portugal-ja-resolvidas\/#article\",\"isPartOf\":{\"@id\":\"https:\/\/portaltela.pt\/noticias\/2026\/03\/18\/mais-de-99-das-falhas-na-rede-movel-em-portugal-ja-resolvidas\/\"},\"author\":{\"name\":\"Telinha\",\"@id\":\"https:\/\/portaltela.pt\/#\/schema\/person\/c4278d4a6028830caff9ee44b42d32ed\"},\"headline\":\"Mais de 99% das falhas na rede m\u00f3vel em Portugal j\u00e1 resolvidas\",\"datePublished\":\"2026-03-18T11:46:00+00:00\",\"mainEntityOfPage\":{\"@id\":\"https:\/\/portaltela.pt\/noticias\/2026\/03\/18\/mais-de-99-das-falhas-na-rede-movel-em-portugal-ja-resolvidas\/\"},\"wordCount\":288,\"image\":{\"@id\":\"https:\/\/portaltela.pt\/noticias\/2026\/03\/18\/mais-de-99-das-falhas-na-rede-movel-em-portugal-ja-resolvidas\/#primaryimage\"},\"thumbnailUrl\":\"https:\/\/portaltela.pt\/s.01k8rhncp4jt1\/2026\/03\/img_1280x721uu2021-05-01-20-45-47-1035127.jpg\",\"keywords\":[\"estradas\",\"infraestrutura\",\"infraestruturas rodovi\u00e1rias\",\"mobilidade\",\"Portugal\",\"transporte\"],\"articleSection\":[\"Tecnologia\",\"Telecomunica\u00e7\u00f5es\"],\"inLanguage\":\"pt-PT\"},{\"@type\":\"WebPage\",\"@id\":\"https:\/\/portaltela.pt\/noticias\/2026\/03\/18\/mais-de-99-das-falhas-na-rede-movel-em-portugal-ja-resolvidas\/\",\"url\":\"https:\/\/portaltela.pt\/noticias\/2026\/03\/18\/mais-de-99-das-falhas-na-rede-movel-em-portugal-ja-resolvidas\/\",\"name\":\"Mais de 99% das falhas na rede m\u00f3vel em Portugal j\u00e1 resolvidas - Portal Tela Portugal\",\"isPartOf\":{\"@id\":\"https:\/\/portaltela.pt\/#website\"},\"primaryImageOfPage\":{\"@id\":\"https:\/\/portaltela.pt\/noticias\/2026\/03\/18\/mais-de-99-das-falhas-na-rede-movel-em-portugal-ja-resolvidas\/#primaryimage\"},\"image\":{\"@id\":\"https:\/\/portaltela.pt\/noticias\/2026\/03\/18\/mais-de-99-das-falhas-na-rede-movel-em-portugal-ja-resolvidas\/#primaryimage\"},\"thumbnailUrl\":\"https:\/\/portaltela.pt\/s.01k8rhncp4jt1\/2026\/03\/img_1280x721uu2021-05-01-20-45-47-1035127.jpg\",\"datePublished\":\"2026-03-18T11:46:00+00:00\",\"author\":{\"@id\":\"https:\/\/portaltela.pt\/#\/schema\/person\/c4278d4a6028830caff9ee44b42d32ed\"},\"breadcrumb\":{\"@id\":\"https:\/\/portaltela.pt\/noticias\/2026\/03\/18\/mais-de-99-das-falhas-na-rede-movel-em-portugal-ja-resolvidas\/#breadcrumb\"},\"inLanguage\":\"pt-PT\",\"potentialAction\":[{\"@type\":\"ReadAction\",\"target\":[\"https:\/\/portaltela.pt\/noticias\/2026\/03\/18\/mais-de-99-das-falhas-na-rede-movel-em-portugal-ja-resolvidas\/\"]}]},{\"@type\":\"ImageObject\",\"inLanguage\":\"pt-PT\",\"@id\":\"https:\/\/portaltela.pt\/noticias\/2026\/03\/18\/mais-de-99-das-falhas-na-rede-movel-em-portugal-ja-resolvidas\/#primaryimage\",\"url\":\"https:\/\/portaltela.pt\/s.01k8rhncp4jt1\/2026\/03\/img_1280x721uu2021-05-01-20-45-47-1035127.jpg\",\"contentUrl\":\"https:\/\/portaltela.pt\/s.01k8rhncp4jt1\/2026\/03\/img_1280x721uu2021-05-01-20-45-47-1035127.jpg\",\"width\":796,\"height\":448,\"caption\":\"Uso do telem\u00f3vel\"},{\"@type\":\"BreadcrumbList\",\"@id\":\"https:\/\/portaltela.pt\/noticias\/2026\/03\/18\/mais-de-99-das-falhas-na-rede-movel-em-portugal-ja-resolvidas\/#breadcrumb\",\"itemListElement\":[{\"@type\":\"ListItem\",\"position\":1,\"name\":\"In\u00edcio\",\"item\":\"https:\/\/portaltela.pt\/\"},{\"@type\":\"ListItem\",\"position\":2,\"name\":\"Mais de 99% das falhas na rede m\u00f3vel em Portugal j\u00e1 resolvidas\"}]},{\"@type\":\"WebSite\",\"@id\":\"https:\/\/portaltela.pt\/#website\",\"url\":\"https:\/\/portaltela.pt\/\",\"name\":\"Portal Tela Portugal\",\"description\":\"\",\"potentialAction\":[{\"@type\":\"SearchAction\",\"target\":{\"@type\":\"EntryPoint\",\"urlTemplate\":\"https:\/\/portaltela.pt\/?s={search_term_string}\"},\"query-input\":{\"@type\":\"PropertyValueSpecification\",\"valueRequired\":true,\"valueName\":\"search_term_string\"}}],\"inLanguage\":\"pt-PT\"},{\"@type\":\"Person\",\"@id\":\"https:\/\/portaltela.pt\/#\/schema\/person\/c4278d4a6028830caff9ee44b42d32ed\",\"name\":\"Telinha\",\"image\":{\"@type\":\"ImageObject\",\"inLanguage\":\"pt-PT\",\"@id\":\"https:\/\/portaltela.pt\/s.01k8rhncp4jt1\/2025\/11\/talking-bot-125x125.png\",\"url\":\"https:\/\/portaltela.pt\/s.01k8rhncp4jt1\/2025\/11\/talking-bot-125x125.png\",\"contentUrl\":\"https:\/\/portaltela.pt\/s.01k8rhncp4jt1\/2025\/11\/talking-bot-125x125.png\",\"caption\":\"Telinha\"},\"sameAs\":[\"https:\/\/portaltela.pt\/\"],\"url\":\"https:\/\/portaltela.pt\/por\/367410592786\/\"}]}<\/script>\n<!-- \/ Yoast SEO plugin. -->","yoast_head_json":{"title":"Mais de 99% das falhas na rede m\u00f3vel em Portugal j\u00e1 resolvidas - Portal Tela Portugal","robots":{"index":"index","follow":"follow","max-snippet":"max-snippet:-1","max-image-preview":"max-image-preview:large","max-video-preview":"max-video-preview:-1"},"og_locale":"pt_PT","og_type":"article","og_title":"Mais de 99% das falhas na rede m\u00f3vel em Portugal j\u00e1 resolvidas - Portal Tela Portugal","og_description":"As tempestades afetaram cerca de 280 mil utilizadores da rede m\u00f3vel em Portugal, estando j\u00e1 resolvidas mais de 99% das falhas. O ministro das Infraestruturas, Miguel Pinto Luz, disse isso na Comiss\u00e3o de Infraestruturas, Mobilidade e Habita\u00e7\u00e3o, no parlamento. A recupera\u00e7\u00e3o da rede fixa dever\u00e1 prolongar-se, com a solu\u00e7\u00e3o das situa\u00e7\u00f5es manifestamente mais demorada. No setor rodovi\u00e1rio, est\u00e3o em causa mais de 336 cortes em Estradas Nacionais, estando hoje mais de 90% resolvidos, com a interven\u00e7\u00e3o de mais de dois mil trabalhadores. Na ferrovia, destaca-se a Linha da Beira Baixa, cuja interrup\u00e7\u00e3o durar\u00e1 cerca de seis meses; no conjunto, mais de 4.700 trabalhadores participaram nas opera\u00e7\u00f5es de recupera\u00e7\u00e3o.","og_url":"https:\/\/portaltela.pt\/noticias\/2026\/03\/18\/mais-de-99-das-falhas-na-rede-movel-em-portugal-ja-resolvidas\/","og_site_name":"Portal Tela Portugal","article_published_time":"2026-03-18T11:46:00+00:00","author":"Telinha","twitter_card":"summary_large_image","twitter_misc":{"Escrito por":"Telinha","Tempo estimado de leitura":"1 minuto"},"schema":{"@context":"https:\/\/schema.org","@graph":[{"@type":"Article","@id":"https:\/\/portaltela.pt\/noticias\/2026\/03\/18\/mais-de-99-das-falhas-na-rede-movel-em-portugal-ja-resolvidas\/#article","isPartOf":{"@id":"https:\/\/portaltela.pt\/noticias\/2026\/03\/18\/mais-de-99-das-falhas-na-rede-movel-em-portugal-ja-resolvidas\/"},"author":{"name":"Telinha","@id":"https:\/\/portaltela.pt\/#\/schema\/person\/c4278d4a6028830caff9ee44b42d32ed"},"headline":"Mais de 99% das falhas na rede m\u00f3vel em Portugal j\u00e1 resolvidas","datePublished":"2026-03-18T11:46:00+00:00","mainEntityOfPage":{"@id":"https:\/\/portaltela.pt\/noticias\/2026\/03\/18\/mais-de-99-das-falhas-na-rede-movel-em-portugal-ja-resolvidas\/"},"wordCount":288,"image":{"@id":"https:\/\/portaltela.pt\/noticias\/2026\/03\/18\/mais-de-99-das-falhas-na-rede-movel-em-portugal-ja-resolvidas\/#primaryimage"},"thumbnailUrl":"https:\/\/portaltela.pt\/s.01k8rhncp4jt1\/2026\/03\/img_1280x721uu2021-05-01-20-45-47-1035127.jpg","keywords":["estradas","infraestrutura","infraestruturas rodovi\u00e1rias","mobilidade","Portugal","transporte"],"articleSection":["Tecnologia","Telecomunica\u00e7\u00f5es"],"inLanguage":"pt-PT"},{"@type":"WebPage","@id":"https:\/\/portaltela.pt\/noticias\/2026\/03\/18\/mais-de-99-das-falhas-na-rede-movel-em-portugal-ja-resolvidas\/","url":"https:\/\/portaltela.pt\/noticias\/2026\/03\/18\/mais-de-99-das-falhas-na-rede-movel-em-portugal-ja-resolvidas\/","name":"Mais de 99% das falhas na rede m\u00f3vel em Portugal j\u00e1 resolvidas - Portal Tela Portugal","isPartOf":{"@id":"https:\/\/portaltela.pt\/#website"},"primaryImageOfPage":{"@id":"https:\/\/portaltela.pt\/noticias\/2026\/03\/18\/mais-de-99-das-falhas-na-rede-movel-em-portugal-ja-resolvidas\/#primaryimage"},"image":{"@id":"https:\/\/portaltela.pt\/noticias\/2026\/03\/18\/mais-de-99-das-falhas-na-rede-movel-em-portugal-ja-resolvidas\/#primaryimage"},"thumbnailUrl":"https:\/\/portaltela.pt\/s.01k8rhncp4jt1\/2026\/03\/img_1280x721uu2021-05-01-20-45-47-1035127.jpg","datePublished":"2026-03-18T11:46:00+00:00","author":{"@id":"https:\/\/portaltela.pt\/#\/schema\/person\/c4278d4a6028830caff9ee44b42d32ed"},"breadcrumb":{"@id":"https:\/\/portaltela.pt\/noticias\/2026\/03\/18\/mais-de-99-das-falhas-na-rede-movel-em-portugal-ja-resolvidas\/#breadcrumb"},"inLanguage":"pt-PT","potentialAction":[{"@type":"ReadAction","target":["https:\/\/portaltela.pt\/noticias\/2026\/03\/18\/mais-de-99-das-falhas-na-rede-movel-em-portugal-ja-resolvidas\/"]}]},{"@type":"ImageObject","inLanguage":"pt-PT","@id":"https:\/\/portaltela.pt\/noticias\/2026\/03\/18\/mais-de-99-das-falhas-na-rede-movel-em-portugal-ja-resolvidas\/#primaryimage","url":"https:\/\/portaltela.pt\/s.01k8rhncp4jt1\/2026\/03\/img_1280x721uu2021-05-01-20-45-47-1035127.jpg","contentUrl":"https:\/\/portaltela.pt\/s.01k8rhncp4jt1\/2026\/03\/img_1280x721uu2021-05-01-20-45-47-1035127.jpg","width":796,"height":448,"caption":"Uso do telem\u00f3vel"},{"@type":"BreadcrumbList","@id":"https:\/\/portaltela.pt\/noticias\/2026\/03\/18\/mais-de-99-das-falhas-na-rede-movel-em-portugal-ja-resolvidas\/#breadcrumb","itemListElement":[{"@type":"ListItem","position":1,"name":"In\u00edcio","item":"https:\/\/portaltela.pt\/"},{"@type":"ListItem","position":2,"name":"Mais de 99% das falhas na rede m\u00f3vel em Portugal j\u00e1 resolvidas"}]},{"@type":"WebSite","@id":"https:\/\/portaltela.pt\/#website","url":"https:\/\/portaltela.pt\/","name":"Portal Tela Portugal","description":"","potentialAction":[{"@type":"SearchAction","target":{"@type":"EntryPoint","urlTemplate":"https:\/\/portaltela.pt\/?s={search_term_string}"},"query-input":{"@type":"PropertyValueSpecification","valueRequired":true,"valueName":"search_term_string"}}],"inLanguage":"pt-PT"},{"@type":"Person","@id":"https:\/\/portaltela.pt\/#\/schema\/person\/c4278d4a6028830caff9ee44b42d32ed","name":"Telinha","image":{"@type":"ImageObject","inLanguage":"pt-PT","@id":"https:\/\/portaltela.pt\/s.01k8rhncp4jt1\/2025\/11\/talking-bot-125x125.png","url":"https:\/\/portaltela.pt\/s.01k8rhncp4jt1\/2025\/11\/talking-bot-125x125.png","contentUrl":"https:\/\/portaltela.pt\/s.01k8rhncp4jt1\/2025\/11\/talking-bot-125x125.png","caption":"Telinha"},"sameAs":["https:\/\/portaltela.pt\/"],"url":"https:\/\/portaltela.pt\/por\/367410592786\/"}]}},"_links":{"self":[{"href":"https:\/\/portaltela.pt\/api\/wp\/v2\/posts\/414617","targetHints":{"allow":["GET"]}}],"collection":[{"href":"https:\/\/portaltela.pt\/api\/wp\/v2\/posts"}],"about":[{"href":"https:\/\/portaltela.pt\/api\/wp\/v2\/types\/post"}],"author":[{"embeddable":true,"href":"https:\/\/portaltela.pt\/api\/wp\/v2\/users\/2"}],"replies":[{"embeddable":true,"href":"https:\/\/portaltela.pt\/api\/wp\/v2\/comments?post=414617"}],"version-history":[{"count":0,"href":"https:\/\/portaltela.pt\/api\/wp\/v2\/posts\/414617\/revisions"}],"wp:featuredmedia":[{"embeddable":true,"href":"https:\/\/portaltela.pt\/api\/wp\/v2\/media\/414619"}],"wp:attachment":[{"href":"https:\/\/portaltela.pt\/api\/wp\/v2\/media?parent=414617"}],"wp:term":[{"taxonomy":"category","embeddable":true,"href":"https:\/\/portaltela.pt\/api\/wp\/v2\/categories?post=414617"},{"taxonomy":"post_tag","embeddable":true,"href":"https:\/\/portaltela.pt\/api\/wp\/v2\/tags?post=414617"}],"curies":[{"name":"wp","href":"https:\/\/api.w.org\/{rel}","templated":true}]}}