{"id":414614,"date":"2026-03-18T11:24:00","date_gmt":"2026-03-18T14:24:00","guid":{"rendered":"https:\/\/portaltela.pt\/noticias\/2026\/03\/18\/esmail-khatib-combatente-ferido-tornou-se-ministro-dos-servicos-secretos\/"},"modified":"2026-03-18T11:24:00","modified_gmt":"2026-03-18T14:24:00","slug":"esmail-khatib-combatente-ferido-tornou-se-ministro-dos-servicos-secretos","status":"publish","type":"post","link":"https:\/\/portaltela.pt\/noticias\/internacional\/2026\/03\/18\/esmail-khatib-combatente-ferido-tornou-se-ministro-dos-servicos-secretos\/","title":{"rendered":"Esmail Khatib: combatente ferido tornou-se ministro dos servi\u00e7os secretos"},"content":{"rendered":"<p>Esmail Khatib, ministro dos Servi\u00e7os de Informa\u00e7\u00f5es e Seguran\u00e7a do Ir\u00e3o, foi morto num ataque alegadamente realizado por Israel durante a madrugada passada, segundo declara\u00e7\u00f5es das for\u00e7as israelitas. A informa\u00e7\u00e3o sustenta-se numa atualiza\u00e7\u00e3o disseminada por Telavive.<\/p>\n<p>Khatib, nomeado em 2021 para chefiar os servi\u00e7os secretos iranianos, era uma figura de longa carreira ligada aos c\u00edrculos do poder. Tinha uma rela\u00e7\u00e3o pr\u00f3xima com o l\u00edder supremo Ali Khamenei, com quem estudou em Qom.<\/p>\n<p>Ao longo da carreira, Khatib integrou a Guarda Revolucion\u00e1ria Isl\u00e2mica e ocupou cargos relevantes no Minist\u00e9rio dos Servi\u00e7os de Informa\u00e7\u00f5es e Seguran\u00e7a. Era visto como uma voz firme de linha conservadora, cr\u00edtica do Ocidente e ligada \u00e0 ret\u00f3rica anti-Isl\u00e3o ocidental.<\/p>\n<p>Aglutinava d\u00e9cadas de experi\u00eancia na \u00e1rea de informa\u00e7\u00f5es, com participa\u00e7\u00e3o em estrat\u00e9gias de seguran\u00e7a interna. Em 2023, comentou publicamente a opera\u00e7\u00e3o atribu\u00edda ao Hamas, classificando-a como uma a\u00e7\u00e3o de resist\u00eancia contra o que chamou de regime sionista.<\/p>\n<p>O an\u00fancio da morte surge numa sequ\u00eancia de epis\u00f3dios de viol\u00eancia contra figuras-chave do regime iraniano, ap\u00f3s o assassinato de Ali Larijani, figura nuclear e diplom\u00e1tica, e de Gholamreza Soleimani, chefe da Basij, for\u00e7as paramilitares associadas \u00e0 Guarda Revolucion\u00e1ria.<\/p>\n","protected":false},"excerpt":{"rendered":"<ul>\n<li>Esmail Khatib, ministro dos Servi\u00e7os de Informa\u00e7\u00f5es e Seguran\u00e7a do Ir\u00e3o desde 2021, foi morto num ataque de Israel na madrugada passada.<\/li>\n<li>A morte segue outros dirigentes iranianos assassinados pelo mesmo pa\u00eds, incluindo Ali Larijani e Gholamreza Soleimani.<\/li>\n<li>Khatib tinha d\u00e9cadas de experi\u00eancia no setor de intelig\u00eancia e mantinha forte proximidade com o l\u00edder supremo Ali Khamenei.<\/li>\n<li>Era aluno de Khamenei no semin\u00e1rio de Qom e, antes de chefiar os servi\u00e7os secretos, integrou a Guarda Revolucion\u00e1ria Isl\u00e2mica.<\/li>\n<li>Em 2023, ap\u00f3s o ataque do Hamas a Israel, elogiou a opera\u00e7\u00e3o, qualificando-a como complexa e eficaz na frente de resist\u00eancia ao regime israelita.<\/li>\n<\/ul>\n","protected":false},"author":2,"featured_media":414618,"comment_status":"closed","ping_status":"closed","sticky":false,"template":"","format":"standard","meta":{"footnotes":""},"categories":[6814,4],"tags":[5163,5842,2198,3153,3708,4536],"class_list":["post-414614","post","type-post","status-publish","format-standard","has-post-thumbnail","hentry","category-geopolitica","category-internacional","tag-a-guarda","tag-assassinatos","tag-conflitos-internacionais","tag-ira","tag-israel","tag-seguranca"],"yoast_head":"<!-- This site is optimized with the Yoast SEO plugin v27.2 - https:\/\/yoast.com\/product\/yoast-seo-wordpress\/ -->\n<title>Esmail Khatib: combatente ferido tornou-se ministro dos servi\u00e7os secretos - Portal Tela Portugal<\/title>\n<meta name=\"robots\" content=\"index, follow, max-snippet:-1, max-image-preview:large, max-video-preview:-1\" \/>\n<meta property=\"og:locale\" content=\"pt_PT\" \/>\n<meta property=\"og:type\" content=\"article\" \/>\n<meta property=\"og:title\" content=\"Esmail Khatib: combatente ferido tornou-se ministro dos servi\u00e7os secretos - Portal Tela Portugal\" \/>\n<meta property=\"og:description\" content=\"Esmail Khatib, ministro dos Servi\u00e7os de Informa\u00e7\u00f5es e Seguran\u00e7a do Ir\u00e3o desde 2021, foi morto num ataque de Israel na madrugada passada. A morte segue outros dirigentes iranianos assassinados pelo mesmo pa\u00eds, incluindo Ali Larijani e Gholamreza Soleimani. Khatib tinha d\u00e9cadas de experi\u00eancia no setor de intelig\u00eancia e mantinha forte proximidade com o l\u00edder supremo Ali Khamenei. Era aluno de Khamenei no semin\u00e1rio de Qom e, antes de chefiar os servi\u00e7os secretos, integrou a Guarda Revolucion\u00e1ria Isl\u00e2mica. Em 2023, ap\u00f3s o ataque do Hamas a Israel, elogiou a opera\u00e7\u00e3o, qualificando-a como complexa e eficaz na frente de resist\u00eancia ao regime israelita.\" \/>\n<meta property=\"og:url\" content=\"https:\/\/portaltela.pt\/noticias\/2026\/03\/18\/esmail-khatib-combatente-ferido-tornou-se-ministro-dos-servicos-secretos\/\" \/>\n<meta property=\"og:site_name\" content=\"Portal Tela Portugal\" \/>\n<meta property=\"article:published_time\" content=\"2026-03-18T14:24:00+00:00\" \/>\n<meta name=\"author\" content=\"Telinha\" \/>\n<meta name=\"twitter:card\" content=\"summary_large_image\" \/>\n<meta name=\"twitter:label1\" content=\"Escrito por\" \/>\n\t<meta name=\"twitter:data1\" content=\"Telinha\" \/>\n\t<meta name=\"twitter:label2\" content=\"Tempo estimado de leitura\" \/>\n\t<meta name=\"twitter:data2\" content=\"1 minuto\" \/>\n<script type=\"application\/ld+json\" class=\"yoast-schema-graph\">{\"@context\":\"https:\/\/schema.org\",\"@graph\":[{\"@type\":\"Article\",\"@id\":\"https:\/\/portaltela.pt\/noticias\/2026\/03\/18\/esmail-khatib-combatente-ferido-tornou-se-ministro-dos-servicos-secretos\/#article\",\"isPartOf\":{\"@id\":\"https:\/\/portaltela.pt\/noticias\/2026\/03\/18\/esmail-khatib-combatente-ferido-tornou-se-ministro-dos-servicos-secretos\/\"},\"author\":{\"name\":\"Telinha\",\"@id\":\"https:\/\/portaltela.pt\/#\/schema\/person\/c4278d4a6028830caff9ee44b42d32ed\"},\"headline\":\"Esmail Khatib: combatente ferido tornou-se ministro dos servi\u00e7os secretos\",\"datePublished\":\"2026-03-18T14:24:00+00:00\",\"mainEntityOfPage\":{\"@id\":\"https:\/\/portaltela.pt\/noticias\/2026\/03\/18\/esmail-khatib-combatente-ferido-tornou-se-ministro-dos-servicos-secretos\/\"},\"wordCount\":234,\"image\":{\"@id\":\"https:\/\/portaltela.pt\/noticias\/2026\/03\/18\/esmail-khatib-combatente-ferido-tornou-se-ministro-dos-servicos-secretos\/#primaryimage\"},\"thumbnailUrl\":\"https:\/\/portaltela.pt\/s.01k8rhncp4jt1\/2026\/03\/image-1192.jpg\",\"keywords\":[\"A Guarda\",\"assassinatos\",\"conflitos internacionais\",\"Ir\u00e3\",\"Israel\",\"seguran\u00e7a\"],\"articleSection\":[\"Geopol\u00edtica\",\"Internacional\"],\"inLanguage\":\"pt-PT\"},{\"@type\":\"WebPage\",\"@id\":\"https:\/\/portaltela.pt\/noticias\/2026\/03\/18\/esmail-khatib-combatente-ferido-tornou-se-ministro-dos-servicos-secretos\/\",\"url\":\"https:\/\/portaltela.pt\/noticias\/2026\/03\/18\/esmail-khatib-combatente-ferido-tornou-se-ministro-dos-servicos-secretos\/\",\"name\":\"Esmail Khatib: combatente ferido tornou-se ministro dos servi\u00e7os secretos - Portal Tela Portugal\",\"isPartOf\":{\"@id\":\"https:\/\/portaltela.pt\/#website\"},\"primaryImageOfPage\":{\"@id\":\"https:\/\/portaltela.pt\/noticias\/2026\/03\/18\/esmail-khatib-combatente-ferido-tornou-se-ministro-dos-servicos-secretos\/#primaryimage\"},\"image\":{\"@id\":\"https:\/\/portaltela.pt\/noticias\/2026\/03\/18\/esmail-khatib-combatente-ferido-tornou-se-ministro-dos-servicos-secretos\/#primaryimage\"},\"thumbnailUrl\":\"https:\/\/portaltela.pt\/s.01k8rhncp4jt1\/2026\/03\/image-1192.jpg\",\"datePublished\":\"2026-03-18T14:24:00+00:00\",\"author\":{\"@id\":\"https:\/\/portaltela.pt\/#\/schema\/person\/c4278d4a6028830caff9ee44b42d32ed\"},\"breadcrumb\":{\"@id\":\"https:\/\/portaltela.pt\/noticias\/2026\/03\/18\/esmail-khatib-combatente-ferido-tornou-se-ministro-dos-servicos-secretos\/#breadcrumb\"},\"inLanguage\":\"pt-PT\",\"potentialAction\":[{\"@type\":\"ReadAction\",\"target\":[\"https:\/\/portaltela.pt\/noticias\/2026\/03\/18\/esmail-khatib-combatente-ferido-tornou-se-ministro-dos-servicos-secretos\/\"]}]},{\"@type\":\"ImageObject\",\"inLanguage\":\"pt-PT\",\"@id\":\"https:\/\/portaltela.pt\/noticias\/2026\/03\/18\/esmail-khatib-combatente-ferido-tornou-se-ministro-dos-servicos-secretos\/#primaryimage\",\"url\":\"https:\/\/portaltela.pt\/s.01k8rhncp4jt1\/2026\/03\/image-1192.jpg\",\"contentUrl\":\"https:\/\/portaltela.pt\/s.01k8rhncp4jt1\/2026\/03\/image-1192.jpg\",\"width\":796,\"height\":448,\"caption\":\"Esmail Khatib foi morto num ataque de Israel na madrugada passada, informaram as for\u00e7as de Telavive\"},{\"@type\":\"BreadcrumbList\",\"@id\":\"https:\/\/portaltela.pt\/noticias\/2026\/03\/18\/esmail-khatib-combatente-ferido-tornou-se-ministro-dos-servicos-secretos\/#breadcrumb\",\"itemListElement\":[{\"@type\":\"ListItem\",\"position\":1,\"name\":\"In\u00edcio\",\"item\":\"https:\/\/portaltela.pt\/\"},{\"@type\":\"ListItem\",\"position\":2,\"name\":\"Esmail Khatib: combatente ferido tornou-se ministro dos servi\u00e7os secretos\"}]},{\"@type\":\"WebSite\",\"@id\":\"https:\/\/portaltela.pt\/#website\",\"url\":\"https:\/\/portaltela.pt\/\",\"name\":\"Portal Tela Portugal\",\"description\":\"\",\"potentialAction\":[{\"@type\":\"SearchAction\",\"target\":{\"@type\":\"EntryPoint\",\"urlTemplate\":\"https:\/\/portaltela.pt\/?s={search_term_string}\"},\"query-input\":{\"@type\":\"PropertyValueSpecification\",\"valueRequired\":true,\"valueName\":\"search_term_string\"}}],\"inLanguage\":\"pt-PT\"},{\"@type\":\"Person\",\"@id\":\"https:\/\/portaltela.pt\/#\/schema\/person\/c4278d4a6028830caff9ee44b42d32ed\",\"name\":\"Telinha\",\"image\":{\"@type\":\"ImageObject\",\"inLanguage\":\"pt-PT\",\"@id\":\"https:\/\/portaltela.pt\/s.01k8rhncp4jt1\/2025\/11\/talking-bot-125x125.png\",\"url\":\"https:\/\/portaltela.pt\/s.01k8rhncp4jt1\/2025\/11\/talking-bot-125x125.png\",\"contentUrl\":\"https:\/\/portaltela.pt\/s.01k8rhncp4jt1\/2025\/11\/talking-bot-125x125.png\",\"caption\":\"Telinha\"},\"sameAs\":[\"https:\/\/portaltela.pt\/\"],\"url\":\"https:\/\/portaltela.pt\/por\/367410592786\/\"}]}<\/script>\n<!-- \/ Yoast SEO plugin. -->","yoast_head_json":{"title":"Esmail Khatib: combatente ferido tornou-se ministro dos servi\u00e7os secretos - Portal Tela Portugal","robots":{"index":"index","follow":"follow","max-snippet":"max-snippet:-1","max-image-preview":"max-image-preview:large","max-video-preview":"max-video-preview:-1"},"og_locale":"pt_PT","og_type":"article","og_title":"Esmail Khatib: combatente ferido tornou-se ministro dos servi\u00e7os secretos - Portal Tela Portugal","og_description":"Esmail Khatib, ministro dos Servi\u00e7os de Informa\u00e7\u00f5es e Seguran\u00e7a do Ir\u00e3o desde 2021, foi morto num ataque de Israel na madrugada passada. A morte segue outros dirigentes iranianos assassinados pelo mesmo pa\u00eds, incluindo Ali Larijani e Gholamreza Soleimani. Khatib tinha d\u00e9cadas de experi\u00eancia no setor de intelig\u00eancia e mantinha forte proximidade com o l\u00edder supremo Ali Khamenei. Era aluno de Khamenei no semin\u00e1rio de Qom e, antes de chefiar os servi\u00e7os secretos, integrou a Guarda Revolucion\u00e1ria Isl\u00e2mica. Em 2023, ap\u00f3s o ataque do Hamas a Israel, elogiou a opera\u00e7\u00e3o, qualificando-a como complexa e eficaz na frente de resist\u00eancia ao regime israelita.","og_url":"https:\/\/portaltela.pt\/noticias\/2026\/03\/18\/esmail-khatib-combatente-ferido-tornou-se-ministro-dos-servicos-secretos\/","og_site_name":"Portal Tela Portugal","article_published_time":"2026-03-18T14:24:00+00:00","author":"Telinha","twitter_card":"summary_large_image","twitter_misc":{"Escrito por":"Telinha","Tempo estimado de leitura":"1 minuto"},"schema":{"@context":"https:\/\/schema.org","@graph":[{"@type":"Article","@id":"https:\/\/portaltela.pt\/noticias\/2026\/03\/18\/esmail-khatib-combatente-ferido-tornou-se-ministro-dos-servicos-secretos\/#article","isPartOf":{"@id":"https:\/\/portaltela.pt\/noticias\/2026\/03\/18\/esmail-khatib-combatente-ferido-tornou-se-ministro-dos-servicos-secretos\/"},"author":{"name":"Telinha","@id":"https:\/\/portaltela.pt\/#\/schema\/person\/c4278d4a6028830caff9ee44b42d32ed"},"headline":"Esmail Khatib: combatente ferido tornou-se ministro dos servi\u00e7os secretos","datePublished":"2026-03-18T14:24:00+00:00","mainEntityOfPage":{"@id":"https:\/\/portaltela.pt\/noticias\/2026\/03\/18\/esmail-khatib-combatente-ferido-tornou-se-ministro-dos-servicos-secretos\/"},"wordCount":234,"image":{"@id":"https:\/\/portaltela.pt\/noticias\/2026\/03\/18\/esmail-khatib-combatente-ferido-tornou-se-ministro-dos-servicos-secretos\/#primaryimage"},"thumbnailUrl":"https:\/\/portaltela.pt\/s.01k8rhncp4jt1\/2026\/03\/image-1192.jpg","keywords":["A Guarda","assassinatos","conflitos internacionais","Ir\u00e3","Israel","seguran\u00e7a"],"articleSection":["Geopol\u00edtica","Internacional"],"inLanguage":"pt-PT"},{"@type":"WebPage","@id":"https:\/\/portaltela.pt\/noticias\/2026\/03\/18\/esmail-khatib-combatente-ferido-tornou-se-ministro-dos-servicos-secretos\/","url":"https:\/\/portaltela.pt\/noticias\/2026\/03\/18\/esmail-khatib-combatente-ferido-tornou-se-ministro-dos-servicos-secretos\/","name":"Esmail Khatib: combatente ferido tornou-se ministro dos servi\u00e7os secretos - Portal Tela Portugal","isPartOf":{"@id":"https:\/\/portaltela.pt\/#website"},"primaryImageOfPage":{"@id":"https:\/\/portaltela.pt\/noticias\/2026\/03\/18\/esmail-khatib-combatente-ferido-tornou-se-ministro-dos-servicos-secretos\/#primaryimage"},"image":{"@id":"https:\/\/portaltela.pt\/noticias\/2026\/03\/18\/esmail-khatib-combatente-ferido-tornou-se-ministro-dos-servicos-secretos\/#primaryimage"},"thumbnailUrl":"https:\/\/portaltela.pt\/s.01k8rhncp4jt1\/2026\/03\/image-1192.jpg","datePublished":"2026-03-18T14:24:00+00:00","author":{"@id":"https:\/\/portaltela.pt\/#\/schema\/person\/c4278d4a6028830caff9ee44b42d32ed"},"breadcrumb":{"@id":"https:\/\/portaltela.pt\/noticias\/2026\/03\/18\/esmail-khatib-combatente-ferido-tornou-se-ministro-dos-servicos-secretos\/#breadcrumb"},"inLanguage":"pt-PT","potentialAction":[{"@type":"ReadAction","target":["https:\/\/portaltela.pt\/noticias\/2026\/03\/18\/esmail-khatib-combatente-ferido-tornou-se-ministro-dos-servicos-secretos\/"]}]},{"@type":"ImageObject","inLanguage":"pt-PT","@id":"https:\/\/portaltela.pt\/noticias\/2026\/03\/18\/esmail-khatib-combatente-ferido-tornou-se-ministro-dos-servicos-secretos\/#primaryimage","url":"https:\/\/portaltela.pt\/s.01k8rhncp4jt1\/2026\/03\/image-1192.jpg","contentUrl":"https:\/\/portaltela.pt\/s.01k8rhncp4jt1\/2026\/03\/image-1192.jpg","width":796,"height":448,"caption":"Esmail Khatib foi morto num ataque de Israel na madrugada passada, informaram as for\u00e7as de Telavive"},{"@type":"BreadcrumbList","@id":"https:\/\/portaltela.pt\/noticias\/2026\/03\/18\/esmail-khatib-combatente-ferido-tornou-se-ministro-dos-servicos-secretos\/#breadcrumb","itemListElement":[{"@type":"ListItem","position":1,"name":"In\u00edcio","item":"https:\/\/portaltela.pt\/"},{"@type":"ListItem","position":2,"name":"Esmail Khatib: combatente ferido tornou-se ministro dos servi\u00e7os secretos"}]},{"@type":"WebSite","@id":"https:\/\/portaltela.pt\/#website","url":"https:\/\/portaltela.pt\/","name":"Portal Tela Portugal","description":"","potentialAction":[{"@type":"SearchAction","target":{"@type":"EntryPoint","urlTemplate":"https:\/\/portaltela.pt\/?s={search_term_string}"},"query-input":{"@type":"PropertyValueSpecification","valueRequired":true,"valueName":"search_term_string"}}],"inLanguage":"pt-PT"},{"@type":"Person","@id":"https:\/\/portaltela.pt\/#\/schema\/person\/c4278d4a6028830caff9ee44b42d32ed","name":"Telinha","image":{"@type":"ImageObject","inLanguage":"pt-PT","@id":"https:\/\/portaltela.pt\/s.01k8rhncp4jt1\/2025\/11\/talking-bot-125x125.png","url":"https:\/\/portaltela.pt\/s.01k8rhncp4jt1\/2025\/11\/talking-bot-125x125.png","contentUrl":"https:\/\/portaltela.pt\/s.01k8rhncp4jt1\/2025\/11\/talking-bot-125x125.png","caption":"Telinha"},"sameAs":["https:\/\/portaltela.pt\/"],"url":"https:\/\/portaltela.pt\/por\/367410592786\/"}]}},"_links":{"self":[{"href":"https:\/\/portaltela.pt\/api\/wp\/v2\/posts\/414614","targetHints":{"allow":["GET"]}}],"collection":[{"href":"https:\/\/portaltela.pt\/api\/wp\/v2\/posts"}],"about":[{"href":"https:\/\/portaltela.pt\/api\/wp\/v2\/types\/post"}],"author":[{"embeddable":true,"href":"https:\/\/portaltela.pt\/api\/wp\/v2\/users\/2"}],"replies":[{"embeddable":true,"href":"https:\/\/portaltela.pt\/api\/wp\/v2\/comments?post=414614"}],"version-history":[{"count":0,"href":"https:\/\/portaltela.pt\/api\/wp\/v2\/posts\/414614\/revisions"}],"wp:featuredmedia":[{"embeddable":true,"href":"https:\/\/portaltela.pt\/api\/wp\/v2\/media\/414618"}],"wp:attachment":[{"href":"https:\/\/portaltela.pt\/api\/wp\/v2\/media?parent=414614"}],"wp:term":[{"taxonomy":"category","embeddable":true,"href":"https:\/\/portaltela.pt\/api\/wp\/v2\/categories?post=414614"},{"taxonomy":"post_tag","embeddable":true,"href":"https:\/\/portaltela.pt\/api\/wp\/v2\/tags?post=414614"}],"curies":[{"name":"wp","href":"https:\/\/api.w.org\/{rel}","templated":true}]}}