{"id":414612,"date":"2026-03-18T11:06:00","date_gmt":"2026-03-18T14:06:00","guid":{"rendered":"https:\/\/portaltela.pt\/noticias\/2026\/03\/18\/vsr-mais-prevencao-e-proteccao-para-adultos\/"},"modified":"2026-03-18T11:06:00","modified_gmt":"2026-03-18T14:06:00","slug":"vsr-mais-prevencao-e-proteccao-para-adultos","status":"publish","type":"post","link":"https:\/\/portaltela.pt\/saude\/2026\/03\/18\/vsr-mais-prevencao-e-proteccao-para-adultos\/","title":{"rendered":"VSR: mais preven\u00e7\u00e3o e protec\u00e7\u00e3o para adultos"},"content":{"rendered":"<p>O v\u00edrus sincicial respirat\u00f3rio (VSR) \u00e9 respons\u00e1vel por infec\u00e7\u00f5es comuns, mas pode ter consequ\u00eancias graves em adultos com mais de 18 anos ou com doen\u00e7as cr\u00f3nicas. Especialistas e representantes de associa\u00e7\u00f5es de doentes alertaram para a necessidade de mais preven\u00e7\u00e3o e prote\u00e7\u00e3o para adultos, especialmente os mais velhos.<\/p>\n<p>O alerta foi lan\u00e7ado no evento Impacto Real do VSR em Adultos: Evid\u00eancia para a A\u00e7\u00e3o, realizado a 10 de mar\u00e7o, em Lisboa. A organiza\u00e7\u00e3o foi feita pela Sociedade Portuguesa de Pneumologia (SPP), em parceria com o P\u00fablico, com apoio da GSK e da Embaixada Brit\u00e2nica.<\/p>\n<h3>VSR: o que se sabe<\/h3>\n<p>O m\u00e9dico Filipe Froes, da Unidade Local de Sa\u00fade de Santa Maria, descreveu o VSR como o \u201cv\u00edrus sem reconhecimento\u201d, destacando um subsequente subdiagn\u00f3stico. Dados internacionais indicam cerca de 160 mil internamentos anuais em adultos na Europa, segundo o especialista.<\/p>\n<p>Froes explicou que a carga de doen\u00e7a nos adultos pode equivaler \u00e0 das crian\u00e7as, mas permanece subestimada por falta de diagn\u00f3stico. O uso de testes de antig\u00e9nio, com sensibilidade baixa em adultos, contribui para esse cen\u00e1rio, sendo recomendados os m\u00e9todos moleculares como PCR.<\/p>\n<h3>Evid\u00eancia para a A\u00e7\u00e3o<\/h3>\n<p>Cristina Gavina, cardiologista da ULSM e coordenadora do estudo ROSA, apresentou dados de Matosinhos: at\u00e9 10% dos internamentos por infe\u00e7\u00f5es respirat\u00f3rias resultam de VSR, com custos diretos por internamento perto de 4 757 euros. A mortalidade hospitalar gira em torno de 20%, superior \u00e0 observada na gripe.<\/p>\n<p>A gravidade da doen\u00e7a tamb\u00e9m se reflete no tempo de internamento, na necessidade de oxig\u00e9nio e, por vezes, na utiliza\u00e7\u00e3o de cuidados intensivos. A mortalidade alta \u00e9 apresentada como um dos impactos mais relevantes da infe\u00e7\u00e3o por VSR.<\/p>\n<h3>Perfil de risco e custos<\/h3>\n<p>Tal como noutras infe\u00e7\u00f5es respirat\u00f3rias, os adultos idosos e com comorbidades s\u00e3o os mais vulner\u00e1veis. Diabetes, obesidade e doen\u00e7as cardiovasculares foram as com maior express\u00e3o entre os casos estudados. Os custos por internamento variam, com n\u00fameros de quase 4 700 euros para VSR frente a cerca de 3 500 euros para influenza.<\/p>\n<p>Al\u00e9m do impacto econ\u00f3mico, Gavina destacou a perda de autonomia e o efeito indireto sobre fam\u00edlias, refor\u00e7ando a rela\u00e7\u00e3o custo-efic\u00e1cia de estrat\u00e9gias preventivas.<\/p>\n<h3>Preven\u00e7\u00e3o como prioridade<\/h3>\n<p>Froes e Gavina defendem investir em pol\u00edticas p\u00fablicas de preven\u00e7\u00e3o para adultos vulner\u00e1veis. Um documento de consenso, subscrito pela SPP e por outras cinco sociedades m\u00e9dicas nacionais, defende a prote\u00e7\u00e3o contra o VSR para idosos e pessoas com doen\u00e7as cr\u00f3nicas como medida essencial.<\/p>\n<p>Entre os signat\u00e1rios est\u00e3o a SPC, representada por Gavina, e organiza\u00e7\u00f5es de doentes, como a AADIC e a RESPIRA. Participantes de v\u00e1rias ULS enfatizaram a import\u00e2ncia de facilitar o acesso a interven\u00e7\u00f5es preventivas.<\/p>\n<h3>Caminho a seguir<\/h3>\n<p>As autoridades defendem refor\u00e7ar a preven\u00e7\u00e3o do VSR em idade adulta, com pol\u00edticas p\u00fablicas de apoio semelhantes \u00e0s existentes para faixas et\u00e1rias mais novas. O objetivo \u00e9 reduzir internamentos, custos hospitalares e mortalidade associada \u00e0 infe\u00e7\u00e3o.<\/p>\n<p>Para quem procura informa\u00e7\u00e3o adicional, \u00e9 recomendado consultar o m\u00e9dico assistente.<\/p>\n","protected":false},"excerpt":{"rendered":"<ul>\n<li>O v\u00edrus sincicial respirat\u00f3rio (VSR) pode ser grave em adultos mais velhos e com doen\u00e7as cr\u00f3nicas, incluindo mortalidade associada a internamentos.<\/li>\n<li>Existe pouco conhecimento sobre o VSR e subdiagn\u00f3stico elevado, com necessidade de melhor sensibiliza\u00e7\u00e3o e preven\u00e7\u00e3o.<\/li>\n<li>Estudo ROSA em Matosinhos mostrou que o VSR pode representar at\u00e9 10% dos internamentos por infe\u00e7\u00f5es respirat\u00f3rias, com mortalidade hospitalar cerca de 20% e custos por internamento pr\u00f3ximos de 4.757 euros.<\/li>\n<li>Trabalhadores e especialistas alertam para diagn\u00f3stico inadequado e uso de testes de antig\u00e9nio pouco sens\u00edveis em adultos; defendem testes de biologia molecular (PCR) para confirmar o VSR.<\/li>\n<li>Especialistas defendem pol\u00edticas p\u00fablicas de preven\u00e7\u00e3o para adultos vulner\u00e1veis, com consenso de v\u00e1rias sociedades m\u00e9dicas na defesa de prote\u00e7\u00e3o contra o VSR e vacina\u00e7\u00e3o como investimento que supera os custos.<\/li>\n<\/ul>\n","protected":false},"author":2,"featured_media":414615,"comment_status":"closed","ping_status":"closed","sticky":false,"template":"","format":"standard","meta":{"footnotes":""},"categories":[6745],"tags":[7187,2736,5410,1014,74,271],"class_list":["post-414612","post","type-post","status-publish","format-standard","has-post-thumbnail","hentry","category-saude","tag-doencas-respiratorias","tag-idosos","tag-internamentos","tag-portugal","tag-prevencao","tag-saude-publica"],"yoast_head":"<!-- This site is optimized with the Yoast SEO plugin v27.2 - https:\/\/yoast.com\/product\/yoast-seo-wordpress\/ -->\n<title>VSR: mais preven\u00e7\u00e3o e protec\u00e7\u00e3o para adultos - Portal Tela Portugal<\/title>\n<meta name=\"robots\" content=\"index, follow, max-snippet:-1, max-image-preview:large, max-video-preview:-1\" \/>\n<meta property=\"og:locale\" content=\"pt_PT\" \/>\n<meta property=\"og:type\" content=\"article\" \/>\n<meta property=\"og:title\" content=\"VSR: mais preven\u00e7\u00e3o e protec\u00e7\u00e3o para adultos - Portal Tela Portugal\" \/>\n<meta property=\"og:description\" content=\"O v\u00edrus sincicial respirat\u00f3rio (VSR) pode ser grave em adultos mais velhos e com doen\u00e7as cr\u00f3nicas, incluindo mortalidade associada a internamentos. Existe pouco conhecimento sobre o VSR e subdiagn\u00f3stico elevado, com necessidade de melhor sensibiliza\u00e7\u00e3o e preven\u00e7\u00e3o. Estudo ROSA em Matosinhos mostrou que o VSR pode representar at\u00e9 10% dos internamentos por infe\u00e7\u00f5es respirat\u00f3rias, com mortalidade hospitalar cerca de 20% e custos por internamento pr\u00f3ximos de 4.757 euros. Trabalhadores e especialistas alertam para diagn\u00f3stico inadequado e uso de testes de antig\u00e9nio pouco sens\u00edveis em adultos; defendem testes de biologia molecular (PCR) para confirmar o VSR. Especialistas defendem pol\u00edticas p\u00fablicas de preven\u00e7\u00e3o para adultos vulner\u00e1veis, com consenso de v\u00e1rias sociedades m\u00e9dicas na defesa de prote\u00e7\u00e3o contra o VSR e vacina\u00e7\u00e3o como investimento que supera os custos.\" \/>\n<meta property=\"og:url\" content=\"https:\/\/portaltela.pt\/noticias\/2026\/03\/18\/vsr-mais-prevencao-e-proteccao-para-adultos\/\" \/>\n<meta property=\"og:site_name\" content=\"Portal Tela Portugal\" \/>\n<meta property=\"article:published_time\" content=\"2026-03-18T14:06:00+00:00\" \/>\n<meta name=\"author\" content=\"Telinha\" \/>\n<meta name=\"twitter:card\" content=\"summary_large_image\" \/>\n<meta name=\"twitter:label1\" content=\"Escrito por\" \/>\n\t<meta name=\"twitter:data1\" content=\"Telinha\" \/>\n\t<meta name=\"twitter:label2\" content=\"Tempo estimado de leitura\" \/>\n\t<meta name=\"twitter:data2\" content=\"3 minutos\" \/>\n<script type=\"application\/ld+json\" class=\"yoast-schema-graph\">{\"@context\":\"https:\/\/schema.org\",\"@graph\":[{\"@type\":\"Article\",\"@id\":\"https:\/\/portaltela.pt\/noticias\/2026\/03\/18\/vsr-mais-prevencao-e-proteccao-para-adultos\/#article\",\"isPartOf\":{\"@id\":\"https:\/\/portaltela.pt\/noticias\/2026\/03\/18\/vsr-mais-prevencao-e-proteccao-para-adultos\/\"},\"author\":{\"name\":\"Telinha\",\"@id\":\"https:\/\/portaltela.pt\/#\/schema\/person\/c4278d4a6028830caff9ee44b42d32ed\"},\"headline\":\"VSR: mais preven\u00e7\u00e3o e protec\u00e7\u00e3o para adultos\",\"datePublished\":\"2026-03-18T14:06:00+00:00\",\"mainEntityOfPage\":{\"@id\":\"https:\/\/portaltela.pt\/noticias\/2026\/03\/18\/vsr-mais-prevencao-e-proteccao-para-adultos\/\"},\"wordCount\":544,\"image\":{\"@id\":\"https:\/\/portaltela.pt\/noticias\/2026\/03\/18\/vsr-mais-prevencao-e-proteccao-para-adultos\/#primaryimage\"},\"thumbnailUrl\":\"https:\/\/portaltela.pt\/s.01k8rhncp4jt1\/2026\/03\/2074604.jpg\",\"keywords\":[\"Doen\u00e7as respirat\u00f3rias\",\"idosos\",\"internamentos\",\"Portugal\",\"preven\u00e7\u00e3o\",\"sa\u00fade p\u00fablica\"],\"articleSection\":[\"Sa\u00fade\"],\"inLanguage\":\"pt-PT\"},{\"@type\":\"WebPage\",\"@id\":\"https:\/\/portaltela.pt\/noticias\/2026\/03\/18\/vsr-mais-prevencao-e-proteccao-para-adultos\/\",\"url\":\"https:\/\/portaltela.pt\/noticias\/2026\/03\/18\/vsr-mais-prevencao-e-proteccao-para-adultos\/\",\"name\":\"VSR: mais preven\u00e7\u00e3o e protec\u00e7\u00e3o para adultos - Portal Tela Portugal\",\"isPartOf\":{\"@id\":\"https:\/\/portaltela.pt\/#website\"},\"primaryImageOfPage\":{\"@id\":\"https:\/\/portaltela.pt\/noticias\/2026\/03\/18\/vsr-mais-prevencao-e-proteccao-para-adultos\/#primaryimage\"},\"image\":{\"@id\":\"https:\/\/portaltela.pt\/noticias\/2026\/03\/18\/vsr-mais-prevencao-e-proteccao-para-adultos\/#primaryimage\"},\"thumbnailUrl\":\"https:\/\/portaltela.pt\/s.01k8rhncp4jt1\/2026\/03\/2074604.jpg\",\"datePublished\":\"2026-03-18T14:06:00+00:00\",\"author\":{\"@id\":\"https:\/\/portaltela.pt\/#\/schema\/person\/c4278d4a6028830caff9ee44b42d32ed\"},\"breadcrumb\":{\"@id\":\"https:\/\/portaltela.pt\/noticias\/2026\/03\/18\/vsr-mais-prevencao-e-proteccao-para-adultos\/#breadcrumb\"},\"inLanguage\":\"pt-PT\",\"potentialAction\":[{\"@type\":\"ReadAction\",\"target\":[\"https:\/\/portaltela.pt\/noticias\/2026\/03\/18\/vsr-mais-prevencao-e-proteccao-para-adultos\/\"]}]},{\"@type\":\"ImageObject\",\"inLanguage\":\"pt-PT\",\"@id\":\"https:\/\/portaltela.pt\/noticias\/2026\/03\/18\/vsr-mais-prevencao-e-proteccao-para-adultos\/#primaryimage\",\"url\":\"https:\/\/portaltela.pt\/s.01k8rhncp4jt1\/2026\/03\/2074604.jpg\",\"contentUrl\":\"https:\/\/portaltela.pt\/s.01k8rhncp4jt1\/2026\/03\/2074604.jpg\",\"width\":796,\"height\":448,\"caption\":\"Ant\u00f3nio Saraiva\"},{\"@type\":\"BreadcrumbList\",\"@id\":\"https:\/\/portaltela.pt\/noticias\/2026\/03\/18\/vsr-mais-prevencao-e-proteccao-para-adultos\/#breadcrumb\",\"itemListElement\":[{\"@type\":\"ListItem\",\"position\":1,\"name\":\"In\u00edcio\",\"item\":\"https:\/\/portaltela.pt\/\"},{\"@type\":\"ListItem\",\"position\":2,\"name\":\"VSR: mais preven\u00e7\u00e3o e protec\u00e7\u00e3o para adultos\"}]},{\"@type\":\"WebSite\",\"@id\":\"https:\/\/portaltela.pt\/#website\",\"url\":\"https:\/\/portaltela.pt\/\",\"name\":\"Portal Tela Portugal\",\"description\":\"\",\"potentialAction\":[{\"@type\":\"SearchAction\",\"target\":{\"@type\":\"EntryPoint\",\"urlTemplate\":\"https:\/\/portaltela.pt\/?s={search_term_string}\"},\"query-input\":{\"@type\":\"PropertyValueSpecification\",\"valueRequired\":true,\"valueName\":\"search_term_string\"}}],\"inLanguage\":\"pt-PT\"},{\"@type\":\"Person\",\"@id\":\"https:\/\/portaltela.pt\/#\/schema\/person\/c4278d4a6028830caff9ee44b42d32ed\",\"name\":\"Telinha\",\"image\":{\"@type\":\"ImageObject\",\"inLanguage\":\"pt-PT\",\"@id\":\"https:\/\/portaltela.pt\/s.01k8rhncp4jt1\/2025\/11\/talking-bot-125x125.png\",\"url\":\"https:\/\/portaltela.pt\/s.01k8rhncp4jt1\/2025\/11\/talking-bot-125x125.png\",\"contentUrl\":\"https:\/\/portaltela.pt\/s.01k8rhncp4jt1\/2025\/11\/talking-bot-125x125.png\",\"caption\":\"Telinha\"},\"sameAs\":[\"https:\/\/portaltela.pt\/\"],\"url\":\"https:\/\/portaltela.pt\/por\/367410592786\/\"}]}<\/script>\n<!-- \/ Yoast SEO plugin. -->","yoast_head_json":{"title":"VSR: mais preven\u00e7\u00e3o e protec\u00e7\u00e3o para adultos - Portal Tela Portugal","robots":{"index":"index","follow":"follow","max-snippet":"max-snippet:-1","max-image-preview":"max-image-preview:large","max-video-preview":"max-video-preview:-1"},"og_locale":"pt_PT","og_type":"article","og_title":"VSR: mais preven\u00e7\u00e3o e protec\u00e7\u00e3o para adultos - Portal Tela Portugal","og_description":"O v\u00edrus sincicial respirat\u00f3rio (VSR) pode ser grave em adultos mais velhos e com doen\u00e7as cr\u00f3nicas, incluindo mortalidade associada a internamentos. Existe pouco conhecimento sobre o VSR e subdiagn\u00f3stico elevado, com necessidade de melhor sensibiliza\u00e7\u00e3o e preven\u00e7\u00e3o. Estudo ROSA em Matosinhos mostrou que o VSR pode representar at\u00e9 10% dos internamentos por infe\u00e7\u00f5es respirat\u00f3rias, com mortalidade hospitalar cerca de 20% e custos por internamento pr\u00f3ximos de 4.757 euros. Trabalhadores e especialistas alertam para diagn\u00f3stico inadequado e uso de testes de antig\u00e9nio pouco sens\u00edveis em adultos; defendem testes de biologia molecular (PCR) para confirmar o VSR. Especialistas defendem pol\u00edticas p\u00fablicas de preven\u00e7\u00e3o para adultos vulner\u00e1veis, com consenso de v\u00e1rias sociedades m\u00e9dicas na defesa de prote\u00e7\u00e3o contra o VSR e vacina\u00e7\u00e3o como investimento que supera os custos.","og_url":"https:\/\/portaltela.pt\/noticias\/2026\/03\/18\/vsr-mais-prevencao-e-proteccao-para-adultos\/","og_site_name":"Portal Tela Portugal","article_published_time":"2026-03-18T14:06:00+00:00","author":"Telinha","twitter_card":"summary_large_image","twitter_misc":{"Escrito por":"Telinha","Tempo estimado de leitura":"3 minutos"},"schema":{"@context":"https:\/\/schema.org","@graph":[{"@type":"Article","@id":"https:\/\/portaltela.pt\/noticias\/2026\/03\/18\/vsr-mais-prevencao-e-proteccao-para-adultos\/#article","isPartOf":{"@id":"https:\/\/portaltela.pt\/noticias\/2026\/03\/18\/vsr-mais-prevencao-e-proteccao-para-adultos\/"},"author":{"name":"Telinha","@id":"https:\/\/portaltela.pt\/#\/schema\/person\/c4278d4a6028830caff9ee44b42d32ed"},"headline":"VSR: mais preven\u00e7\u00e3o e protec\u00e7\u00e3o para adultos","datePublished":"2026-03-18T14:06:00+00:00","mainEntityOfPage":{"@id":"https:\/\/portaltela.pt\/noticias\/2026\/03\/18\/vsr-mais-prevencao-e-proteccao-para-adultos\/"},"wordCount":544,"image":{"@id":"https:\/\/portaltela.pt\/noticias\/2026\/03\/18\/vsr-mais-prevencao-e-proteccao-para-adultos\/#primaryimage"},"thumbnailUrl":"https:\/\/portaltela.pt\/s.01k8rhncp4jt1\/2026\/03\/2074604.jpg","keywords":["Doen\u00e7as respirat\u00f3rias","idosos","internamentos","Portugal","preven\u00e7\u00e3o","sa\u00fade p\u00fablica"],"articleSection":["Sa\u00fade"],"inLanguage":"pt-PT"},{"@type":"WebPage","@id":"https:\/\/portaltela.pt\/noticias\/2026\/03\/18\/vsr-mais-prevencao-e-proteccao-para-adultos\/","url":"https:\/\/portaltela.pt\/noticias\/2026\/03\/18\/vsr-mais-prevencao-e-proteccao-para-adultos\/","name":"VSR: mais preven\u00e7\u00e3o e protec\u00e7\u00e3o para adultos - Portal Tela Portugal","isPartOf":{"@id":"https:\/\/portaltela.pt\/#website"},"primaryImageOfPage":{"@id":"https:\/\/portaltela.pt\/noticias\/2026\/03\/18\/vsr-mais-prevencao-e-proteccao-para-adultos\/#primaryimage"},"image":{"@id":"https:\/\/portaltela.pt\/noticias\/2026\/03\/18\/vsr-mais-prevencao-e-proteccao-para-adultos\/#primaryimage"},"thumbnailUrl":"https:\/\/portaltela.pt\/s.01k8rhncp4jt1\/2026\/03\/2074604.jpg","datePublished":"2026-03-18T14:06:00+00:00","author":{"@id":"https:\/\/portaltela.pt\/#\/schema\/person\/c4278d4a6028830caff9ee44b42d32ed"},"breadcrumb":{"@id":"https:\/\/portaltela.pt\/noticias\/2026\/03\/18\/vsr-mais-prevencao-e-proteccao-para-adultos\/#breadcrumb"},"inLanguage":"pt-PT","potentialAction":[{"@type":"ReadAction","target":["https:\/\/portaltela.pt\/noticias\/2026\/03\/18\/vsr-mais-prevencao-e-proteccao-para-adultos\/"]}]},{"@type":"ImageObject","inLanguage":"pt-PT","@id":"https:\/\/portaltela.pt\/noticias\/2026\/03\/18\/vsr-mais-prevencao-e-proteccao-para-adultos\/#primaryimage","url":"https:\/\/portaltela.pt\/s.01k8rhncp4jt1\/2026\/03\/2074604.jpg","contentUrl":"https:\/\/portaltela.pt\/s.01k8rhncp4jt1\/2026\/03\/2074604.jpg","width":796,"height":448,"caption":"Ant\u00f3nio Saraiva"},{"@type":"BreadcrumbList","@id":"https:\/\/portaltela.pt\/noticias\/2026\/03\/18\/vsr-mais-prevencao-e-proteccao-para-adultos\/#breadcrumb","itemListElement":[{"@type":"ListItem","position":1,"name":"In\u00edcio","item":"https:\/\/portaltela.pt\/"},{"@type":"ListItem","position":2,"name":"VSR: mais preven\u00e7\u00e3o e protec\u00e7\u00e3o para adultos"}]},{"@type":"WebSite","@id":"https:\/\/portaltela.pt\/#website","url":"https:\/\/portaltela.pt\/","name":"Portal Tela Portugal","description":"","potentialAction":[{"@type":"SearchAction","target":{"@type":"EntryPoint","urlTemplate":"https:\/\/portaltela.pt\/?s={search_term_string}"},"query-input":{"@type":"PropertyValueSpecification","valueRequired":true,"valueName":"search_term_string"}}],"inLanguage":"pt-PT"},{"@type":"Person","@id":"https:\/\/portaltela.pt\/#\/schema\/person\/c4278d4a6028830caff9ee44b42d32ed","name":"Telinha","image":{"@type":"ImageObject","inLanguage":"pt-PT","@id":"https:\/\/portaltela.pt\/s.01k8rhncp4jt1\/2025\/11\/talking-bot-125x125.png","url":"https:\/\/portaltela.pt\/s.01k8rhncp4jt1\/2025\/11\/talking-bot-125x125.png","contentUrl":"https:\/\/portaltela.pt\/s.01k8rhncp4jt1\/2025\/11\/talking-bot-125x125.png","caption":"Telinha"},"sameAs":["https:\/\/portaltela.pt\/"],"url":"https:\/\/portaltela.pt\/por\/367410592786\/"}]}},"_links":{"self":[{"href":"https:\/\/portaltela.pt\/api\/wp\/v2\/posts\/414612","targetHints":{"allow":["GET"]}}],"collection":[{"href":"https:\/\/portaltela.pt\/api\/wp\/v2\/posts"}],"about":[{"href":"https:\/\/portaltela.pt\/api\/wp\/v2\/types\/post"}],"author":[{"embeddable":true,"href":"https:\/\/portaltela.pt\/api\/wp\/v2\/users\/2"}],"replies":[{"embeddable":true,"href":"https:\/\/portaltela.pt\/api\/wp\/v2\/comments?post=414612"}],"version-history":[{"count":0,"href":"https:\/\/portaltela.pt\/api\/wp\/v2\/posts\/414612\/revisions"}],"wp:featuredmedia":[{"embeddable":true,"href":"https:\/\/portaltela.pt\/api\/wp\/v2\/media\/414615"}],"wp:attachment":[{"href":"https:\/\/portaltela.pt\/api\/wp\/v2\/media?parent=414612"}],"wp:term":[{"taxonomy":"category","embeddable":true,"href":"https:\/\/portaltela.pt\/api\/wp\/v2\/categories?post=414612"},{"taxonomy":"post_tag","embeddable":true,"href":"https:\/\/portaltela.pt\/api\/wp\/v2\/tags?post=414612"}],"curies":[{"name":"wp","href":"https:\/\/api.w.org\/{rel}","templated":true}]}}