{"id":414602,"date":"2026-03-18T11:13:07","date_gmt":"2026-03-18T14:13:07","guid":{"rendered":"https:\/\/portaltela.pt\/noticias\/2026\/03\/18\/acores-com-varios-episodios-de-granizo-e-neve-em-zonas-altas\/"},"modified":"2026-03-18T11:13:07","modified_gmt":"2026-03-18T14:13:07","slug":"acores-com-varios-episodios-de-granizo-e-neve-em-zonas-altas","status":"publish","type":"post","link":"https:\/\/portaltela.pt\/tempo\/2026\/03\/18\/acores-com-varios-episodios-de-granizo-e-neve-em-zonas-altas\/","title":{"rendered":"A\u00e7ores com v\u00e1rios epis\u00f3dios de granizo e neve em zonas altas"},"content":{"rendered":"<p>Desde ter\u00e7a-feira, o tempo nos A\u00e7ores tem sido marcado por epis\u00f3dios frequentes de granizo e pela acumula\u00e7\u00e3o de neve nas zonas altas, segundo o IPMA. O fen\u00f3meno acompanha uma descida abrupta das temperaturas na regi\u00e3o.<\/p>\n<p>Em declara\u00e7\u00f5es \u00e0 Lusa, o IPMA explicou que as quedas de granizo ocorrem de forma persistente em v\u00e1rias ilhas, associadas a uma massa de ar frio que atravessa o arquip\u00e9lago. Tamb\u00e9m se antecipa neve acima de 600 metros nos grupos Central e Oriental.<\/p>\n<h3>Condi\u00e7\u00f5es e impactos<\/h3>\n<p>O IPMA detalhou que a depress\u00e3o Therese, ligada a um sistema frontal, facilita o transporte de ar polar para os A\u00e7ores, gerando tempo mais frio e inst\u00e1vel. As temperaturas devem oscilar entre 3 a 9 \u00b0C no geral, com m\u00e1ximas entre 8 e 12 \u00b0C.<\/p>\n<p>Relatos de moradores indicam situa\u00e7\u00f5es pouco comuns, com ruas cobertas por granizo em Vila Franca do Campo, S\u00e3o Miguel. Em outras zonas, a queda de granizo tamb\u00e9m foi observada e o cen\u00e1rio manteve-se at\u00e9 as primeiras horas de hoje.<\/p>\n<h3>Neve e montanha<\/h3>\n<p>A montanha do Pico, com 2351 metros, aparece imersa em neve e gelo, segundo o guia Renato Goulart. O acesso \u00e0 \u00e1rea permanece controlado, com registo pr\u00e9vio e GPS fornecido aos visitantes para seguran\u00e7a. As estradas de acesso tamb\u00e9m apresentam neve acumulada.<\/p>\n<p>Especialistas indicam que a neve pode continuar a acumular-se em cotas superiores a 1000 metros, conforme o frio persista. As previs\u00f5es apontam para aguaceiros fortes com granizo nos grupos Central e Oriental.<\/p>\n<h3>Perspetiva de tempo<\/h3>\n<p>As previs\u00f5es indicam queda de temperaturas e tempo frio nos pr\u00f3ximos dias, com valor m\u00ednimo entre 3 e 9 \u00b0C e m\u00e1ximas entre 8 e 12 \u00b0C. Aguaceiros podem ocorrer, com possibilidade de granizo e trovoada nalguns momentos.<\/p>\n","protected":false},"excerpt":{"rendered":"<ul>\n<li>O arquip\u00e9lago dos A\u00e7ores regista epis\u00f3dios de granizo persistente e neve em zonas altas desde ter\u00e7a-feira, com impacto em quase todas as ilhas, segundo o IPMA.<\/li>\n<li>O IPMA aponta queda de granizo frequente e sugere que a neve ter\u00e1 ocorrido nas zonas de maior altitude, devido \u00e0 descida acentuada das temperaturas.<\/li>\n<li>A previs\u00e3o indica neve acima dos 600 metros nos grupos Central e Oriental, associada \u00e0 depress\u00e3o Therese e a um sistema frontal.<\/li>\n<li>Em Vila Franca do Campo, S\u00e3o Miguel, foi descrita uma situa\u00e7\u00e3o rara, com ruas cobertas de granizo; a montanha do Pico permanece coberta de neve e gelo.<\/li>\n<li>As temperaturas devem oscillarem entre 3 e 9 \u00b0C no m\u00ednimo e entre 8 e 12 \u00b0C no m\u00e1ximo, com aguaceiros que podem incluir granizo e trovoada, sobretudo no Centro e no Leste.<\/li>\n<\/ul>\n","protected":false},"author":2,"featured_media":414603,"comment_status":"closed","ping_status":"closed","sticky":false,"template":"","format":"standard","meta":{"footnotes":""},"categories":[7365],"tags":[822,5224,2161,1018],"class_list":["post-414602","post","type-post","status-publish","format-standard","has-post-thumbnail","hentry","category-tempo","tag-acores","tag-clima","tag-granizo","tag-pico"],"yoast_head":"<!-- This site is optimized with the Yoast SEO plugin v27.2 - https:\/\/yoast.com\/product\/yoast-seo-wordpress\/ -->\n<title>A\u00e7ores com v\u00e1rios epis\u00f3dios de granizo e neve em zonas altas - Portal Tela Portugal<\/title>\n<meta name=\"robots\" content=\"index, follow, max-snippet:-1, max-image-preview:large, max-video-preview:-1\" \/>\n<meta property=\"og:locale\" content=\"pt_PT\" \/>\n<meta property=\"og:type\" content=\"article\" \/>\n<meta property=\"og:title\" content=\"A\u00e7ores com v\u00e1rios epis\u00f3dios de granizo e neve em zonas altas - Portal Tela Portugal\" \/>\n<meta property=\"og:description\" content=\"O arquip\u00e9lago dos A\u00e7ores regista epis\u00f3dios de granizo persistente e neve em zonas altas desde ter\u00e7a-feira, com impacto em quase todas as ilhas, segundo o IPMA. O IPMA aponta queda de granizo frequente e sugere que a neve ter\u00e1 ocorrido nas zonas de maior altitude, devido \u00e0 descida acentuada das temperaturas. A previs\u00e3o indica neve acima dos 600 metros nos grupos Central e Oriental, associada \u00e0 depress\u00e3o Therese e a um sistema frontal. Em Vila Franca do Campo, S\u00e3o Miguel, foi descrita uma situa\u00e7\u00e3o rara, com ruas cobertas de granizo; a montanha do Pico permanece coberta de neve e gelo. As temperaturas devem oscillarem entre 3 e 9 \u00b0C no m\u00ednimo e entre 8 e 12 \u00b0C no m\u00e1ximo, com aguaceiros que podem incluir granizo e trovoada, sobretudo no Centro e no Leste.\" \/>\n<meta property=\"og:url\" content=\"https:\/\/portaltela.pt\/noticias\/2026\/03\/18\/acores-com-varios-episodios-de-granizo-e-neve-em-zonas-altas\/\" \/>\n<meta property=\"og:site_name\" content=\"Portal Tela Portugal\" \/>\n<meta property=\"article:published_time\" content=\"2026-03-18T14:13:07+00:00\" \/>\n<meta name=\"author\" content=\"Telinha\" \/>\n<meta name=\"twitter:card\" content=\"summary_large_image\" \/>\n<meta name=\"twitter:label1\" content=\"Escrito por\" \/>\n\t<meta name=\"twitter:data1\" content=\"Telinha\" \/>\n\t<meta name=\"twitter:label2\" content=\"Tempo estimado de leitura\" \/>\n\t<meta name=\"twitter:data2\" content=\"1 minuto\" \/>\n<script type=\"application\/ld+json\" class=\"yoast-schema-graph\">{\"@context\":\"https:\/\/schema.org\",\"@graph\":[{\"@type\":\"Article\",\"@id\":\"https:\/\/portaltela.pt\/noticias\/2026\/03\/18\/acores-com-varios-episodios-de-granizo-e-neve-em-zonas-altas\/#article\",\"isPartOf\":{\"@id\":\"https:\/\/portaltela.pt\/noticias\/2026\/03\/18\/acores-com-varios-episodios-de-granizo-e-neve-em-zonas-altas\/\"},\"author\":{\"name\":\"Telinha\",\"@id\":\"https:\/\/portaltela.pt\/#\/schema\/person\/c4278d4a6028830caff9ee44b42d32ed\"},\"headline\":\"A\u00e7ores com v\u00e1rios epis\u00f3dios de granizo e neve em zonas altas\",\"datePublished\":\"2026-03-18T14:13:07+00:00\",\"mainEntityOfPage\":{\"@id\":\"https:\/\/portaltela.pt\/noticias\/2026\/03\/18\/acores-com-varios-episodios-de-granizo-e-neve-em-zonas-altas\/\"},\"wordCount\":311,\"image\":{\"@id\":\"https:\/\/portaltela.pt\/noticias\/2026\/03\/18\/acores-com-varios-episodios-de-granizo-e-neve-em-zonas-altas\/#primaryimage\"},\"thumbnailUrl\":\"https:\/\/portaltela.pt\/s.01k8rhncp4jt1\/2026\/03\/img_1500x1000uu2021-05-01-13-23-11-1035011.jpg\",\"keywords\":[\"A\u00e7ores\",\"clima\",\"granizo\",\"Pico\"],\"articleSection\":[\"Tempo\"],\"inLanguage\":\"pt-PT\"},{\"@type\":\"WebPage\",\"@id\":\"https:\/\/portaltela.pt\/noticias\/2026\/03\/18\/acores-com-varios-episodios-de-granizo-e-neve-em-zonas-altas\/\",\"url\":\"https:\/\/portaltela.pt\/noticias\/2026\/03\/18\/acores-com-varios-episodios-de-granizo-e-neve-em-zonas-altas\/\",\"name\":\"A\u00e7ores com v\u00e1rios epis\u00f3dios de granizo e neve em zonas altas - Portal Tela Portugal\",\"isPartOf\":{\"@id\":\"https:\/\/portaltela.pt\/#website\"},\"primaryImageOfPage\":{\"@id\":\"https:\/\/portaltela.pt\/noticias\/2026\/03\/18\/acores-com-varios-episodios-de-granizo-e-neve-em-zonas-altas\/#primaryimage\"},\"image\":{\"@id\":\"https:\/\/portaltela.pt\/noticias\/2026\/03\/18\/acores-com-varios-episodios-de-granizo-e-neve-em-zonas-altas\/#primaryimage\"},\"thumbnailUrl\":\"https:\/\/portaltela.pt\/s.01k8rhncp4jt1\/2026\/03\/img_1500x1000uu2021-05-01-13-23-11-1035011.jpg\",\"datePublished\":\"2026-03-18T14:13:07+00:00\",\"author\":{\"@id\":\"https:\/\/portaltela.pt\/#\/schema\/person\/c4278d4a6028830caff9ee44b42d32ed\"},\"breadcrumb\":{\"@id\":\"https:\/\/portaltela.pt\/noticias\/2026\/03\/18\/acores-com-varios-episodios-de-granizo-e-neve-em-zonas-altas\/#breadcrumb\"},\"inLanguage\":\"pt-PT\",\"potentialAction\":[{\"@type\":\"ReadAction\",\"target\":[\"https:\/\/portaltela.pt\/noticias\/2026\/03\/18\/acores-com-varios-episodios-de-granizo-e-neve-em-zonas-altas\/\"]}]},{\"@type\":\"ImageObject\",\"inLanguage\":\"pt-PT\",\"@id\":\"https:\/\/portaltela.pt\/noticias\/2026\/03\/18\/acores-com-varios-episodios-de-granizo-e-neve-em-zonas-altas\/#primaryimage\",\"url\":\"https:\/\/portaltela.pt\/s.01k8rhncp4jt1\/2026\/03\/img_1500x1000uu2021-05-01-13-23-11-1035011.jpg\",\"contentUrl\":\"https:\/\/portaltela.pt\/s.01k8rhncp4jt1\/2026\/03\/img_1500x1000uu2021-05-01-13-23-11-1035011.jpg\",\"width\":796,\"height\":448,\"caption\":\"Ilha do Pico, A\u00e7ores\"},{\"@type\":\"BreadcrumbList\",\"@id\":\"https:\/\/portaltela.pt\/noticias\/2026\/03\/18\/acores-com-varios-episodios-de-granizo-e-neve-em-zonas-altas\/#breadcrumb\",\"itemListElement\":[{\"@type\":\"ListItem\",\"position\":1,\"name\":\"In\u00edcio\",\"item\":\"https:\/\/portaltela.pt\/\"},{\"@type\":\"ListItem\",\"position\":2,\"name\":\"A\u00e7ores com v\u00e1rios epis\u00f3dios de granizo e neve em zonas altas\"}]},{\"@type\":\"WebSite\",\"@id\":\"https:\/\/portaltela.pt\/#website\",\"url\":\"https:\/\/portaltela.pt\/\",\"name\":\"Portal Tela Portugal\",\"description\":\"\",\"potentialAction\":[{\"@type\":\"SearchAction\",\"target\":{\"@type\":\"EntryPoint\",\"urlTemplate\":\"https:\/\/portaltela.pt\/?s={search_term_string}\"},\"query-input\":{\"@type\":\"PropertyValueSpecification\",\"valueRequired\":true,\"valueName\":\"search_term_string\"}}],\"inLanguage\":\"pt-PT\"},{\"@type\":\"Person\",\"@id\":\"https:\/\/portaltela.pt\/#\/schema\/person\/c4278d4a6028830caff9ee44b42d32ed\",\"name\":\"Telinha\",\"image\":{\"@type\":\"ImageObject\",\"inLanguage\":\"pt-PT\",\"@id\":\"https:\/\/portaltela.pt\/s.01k8rhncp4jt1\/2025\/11\/talking-bot-125x125.png\",\"url\":\"https:\/\/portaltela.pt\/s.01k8rhncp4jt1\/2025\/11\/talking-bot-125x125.png\",\"contentUrl\":\"https:\/\/portaltela.pt\/s.01k8rhncp4jt1\/2025\/11\/talking-bot-125x125.png\",\"caption\":\"Telinha\"},\"sameAs\":[\"https:\/\/portaltela.pt\/\"],\"url\":\"https:\/\/portaltela.pt\/por\/367410592786\/\"}]}<\/script>\n<!-- \/ Yoast SEO plugin. -->","yoast_head_json":{"title":"A\u00e7ores com v\u00e1rios epis\u00f3dios de granizo e neve em zonas altas - Portal Tela Portugal","robots":{"index":"index","follow":"follow","max-snippet":"max-snippet:-1","max-image-preview":"max-image-preview:large","max-video-preview":"max-video-preview:-1"},"og_locale":"pt_PT","og_type":"article","og_title":"A\u00e7ores com v\u00e1rios epis\u00f3dios de granizo e neve em zonas altas - Portal Tela Portugal","og_description":"O arquip\u00e9lago dos A\u00e7ores regista epis\u00f3dios de granizo persistente e neve em zonas altas desde ter\u00e7a-feira, com impacto em quase todas as ilhas, segundo o IPMA. O IPMA aponta queda de granizo frequente e sugere que a neve ter\u00e1 ocorrido nas zonas de maior altitude, devido \u00e0 descida acentuada das temperaturas. A previs\u00e3o indica neve acima dos 600 metros nos grupos Central e Oriental, associada \u00e0 depress\u00e3o Therese e a um sistema frontal. Em Vila Franca do Campo, S\u00e3o Miguel, foi descrita uma situa\u00e7\u00e3o rara, com ruas cobertas de granizo; a montanha do Pico permanece coberta de neve e gelo. As temperaturas devem oscillarem entre 3 e 9 \u00b0C no m\u00ednimo e entre 8 e 12 \u00b0C no m\u00e1ximo, com aguaceiros que podem incluir granizo e trovoada, sobretudo no Centro e no Leste.","og_url":"https:\/\/portaltela.pt\/noticias\/2026\/03\/18\/acores-com-varios-episodios-de-granizo-e-neve-em-zonas-altas\/","og_site_name":"Portal Tela Portugal","article_published_time":"2026-03-18T14:13:07+00:00","author":"Telinha","twitter_card":"summary_large_image","twitter_misc":{"Escrito por":"Telinha","Tempo estimado de leitura":"1 minuto"},"schema":{"@context":"https:\/\/schema.org","@graph":[{"@type":"Article","@id":"https:\/\/portaltela.pt\/noticias\/2026\/03\/18\/acores-com-varios-episodios-de-granizo-e-neve-em-zonas-altas\/#article","isPartOf":{"@id":"https:\/\/portaltela.pt\/noticias\/2026\/03\/18\/acores-com-varios-episodios-de-granizo-e-neve-em-zonas-altas\/"},"author":{"name":"Telinha","@id":"https:\/\/portaltela.pt\/#\/schema\/person\/c4278d4a6028830caff9ee44b42d32ed"},"headline":"A\u00e7ores com v\u00e1rios epis\u00f3dios de granizo e neve em zonas altas","datePublished":"2026-03-18T14:13:07+00:00","mainEntityOfPage":{"@id":"https:\/\/portaltela.pt\/noticias\/2026\/03\/18\/acores-com-varios-episodios-de-granizo-e-neve-em-zonas-altas\/"},"wordCount":311,"image":{"@id":"https:\/\/portaltela.pt\/noticias\/2026\/03\/18\/acores-com-varios-episodios-de-granizo-e-neve-em-zonas-altas\/#primaryimage"},"thumbnailUrl":"https:\/\/portaltela.pt\/s.01k8rhncp4jt1\/2026\/03\/img_1500x1000uu2021-05-01-13-23-11-1035011.jpg","keywords":["A\u00e7ores","clima","granizo","Pico"],"articleSection":["Tempo"],"inLanguage":"pt-PT"},{"@type":"WebPage","@id":"https:\/\/portaltela.pt\/noticias\/2026\/03\/18\/acores-com-varios-episodios-de-granizo-e-neve-em-zonas-altas\/","url":"https:\/\/portaltela.pt\/noticias\/2026\/03\/18\/acores-com-varios-episodios-de-granizo-e-neve-em-zonas-altas\/","name":"A\u00e7ores com v\u00e1rios epis\u00f3dios de granizo e neve em zonas altas - Portal Tela Portugal","isPartOf":{"@id":"https:\/\/portaltela.pt\/#website"},"primaryImageOfPage":{"@id":"https:\/\/portaltela.pt\/noticias\/2026\/03\/18\/acores-com-varios-episodios-de-granizo-e-neve-em-zonas-altas\/#primaryimage"},"image":{"@id":"https:\/\/portaltela.pt\/noticias\/2026\/03\/18\/acores-com-varios-episodios-de-granizo-e-neve-em-zonas-altas\/#primaryimage"},"thumbnailUrl":"https:\/\/portaltela.pt\/s.01k8rhncp4jt1\/2026\/03\/img_1500x1000uu2021-05-01-13-23-11-1035011.jpg","datePublished":"2026-03-18T14:13:07+00:00","author":{"@id":"https:\/\/portaltela.pt\/#\/schema\/person\/c4278d4a6028830caff9ee44b42d32ed"},"breadcrumb":{"@id":"https:\/\/portaltela.pt\/noticias\/2026\/03\/18\/acores-com-varios-episodios-de-granizo-e-neve-em-zonas-altas\/#breadcrumb"},"inLanguage":"pt-PT","potentialAction":[{"@type":"ReadAction","target":["https:\/\/portaltela.pt\/noticias\/2026\/03\/18\/acores-com-varios-episodios-de-granizo-e-neve-em-zonas-altas\/"]}]},{"@type":"ImageObject","inLanguage":"pt-PT","@id":"https:\/\/portaltela.pt\/noticias\/2026\/03\/18\/acores-com-varios-episodios-de-granizo-e-neve-em-zonas-altas\/#primaryimage","url":"https:\/\/portaltela.pt\/s.01k8rhncp4jt1\/2026\/03\/img_1500x1000uu2021-05-01-13-23-11-1035011.jpg","contentUrl":"https:\/\/portaltela.pt\/s.01k8rhncp4jt1\/2026\/03\/img_1500x1000uu2021-05-01-13-23-11-1035011.jpg","width":796,"height":448,"caption":"Ilha do Pico, A\u00e7ores"},{"@type":"BreadcrumbList","@id":"https:\/\/portaltela.pt\/noticias\/2026\/03\/18\/acores-com-varios-episodios-de-granizo-e-neve-em-zonas-altas\/#breadcrumb","itemListElement":[{"@type":"ListItem","position":1,"name":"In\u00edcio","item":"https:\/\/portaltela.pt\/"},{"@type":"ListItem","position":2,"name":"A\u00e7ores com v\u00e1rios epis\u00f3dios de granizo e neve em zonas altas"}]},{"@type":"WebSite","@id":"https:\/\/portaltela.pt\/#website","url":"https:\/\/portaltela.pt\/","name":"Portal Tela Portugal","description":"","potentialAction":[{"@type":"SearchAction","target":{"@type":"EntryPoint","urlTemplate":"https:\/\/portaltela.pt\/?s={search_term_string}"},"query-input":{"@type":"PropertyValueSpecification","valueRequired":true,"valueName":"search_term_string"}}],"inLanguage":"pt-PT"},{"@type":"Person","@id":"https:\/\/portaltela.pt\/#\/schema\/person\/c4278d4a6028830caff9ee44b42d32ed","name":"Telinha","image":{"@type":"ImageObject","inLanguage":"pt-PT","@id":"https:\/\/portaltela.pt\/s.01k8rhncp4jt1\/2025\/11\/talking-bot-125x125.png","url":"https:\/\/portaltela.pt\/s.01k8rhncp4jt1\/2025\/11\/talking-bot-125x125.png","contentUrl":"https:\/\/portaltela.pt\/s.01k8rhncp4jt1\/2025\/11\/talking-bot-125x125.png","caption":"Telinha"},"sameAs":["https:\/\/portaltela.pt\/"],"url":"https:\/\/portaltela.pt\/por\/367410592786\/"}]}},"_links":{"self":[{"href":"https:\/\/portaltela.pt\/api\/wp\/v2\/posts\/414602","targetHints":{"allow":["GET"]}}],"collection":[{"href":"https:\/\/portaltela.pt\/api\/wp\/v2\/posts"}],"about":[{"href":"https:\/\/portaltela.pt\/api\/wp\/v2\/types\/post"}],"author":[{"embeddable":true,"href":"https:\/\/portaltela.pt\/api\/wp\/v2\/users\/2"}],"replies":[{"embeddable":true,"href":"https:\/\/portaltela.pt\/api\/wp\/v2\/comments?post=414602"}],"version-history":[{"count":0,"href":"https:\/\/portaltela.pt\/api\/wp\/v2\/posts\/414602\/revisions"}],"wp:featuredmedia":[{"embeddable":true,"href":"https:\/\/portaltela.pt\/api\/wp\/v2\/media\/414603"}],"wp:attachment":[{"href":"https:\/\/portaltela.pt\/api\/wp\/v2\/media?parent=414602"}],"wp:term":[{"taxonomy":"category","embeddable":true,"href":"https:\/\/portaltela.pt\/api\/wp\/v2\/categories?post=414602"},{"taxonomy":"post_tag","embeddable":true,"href":"https:\/\/portaltela.pt\/api\/wp\/v2\/tags?post=414602"}],"curies":[{"name":"wp","href":"https:\/\/api.w.org\/{rel}","templated":true}]}}