{"id":414563,"date":"2026-03-18T10:37:00","date_gmt":"2026-03-18T13:37:00","guid":{"rendered":"https:\/\/portaltela.pt\/noticias\/2026\/03\/18\/cadeias-angolanas-receberam-8-000-novos-reclusos-nos-ultimos-seis-anos\/"},"modified":"2026-03-18T10:37:00","modified_gmt":"2026-03-18T13:37:00","slug":"cadeias-angolanas-receberam-8-000-novos-reclusos-nos-ultimos-seis-anos","status":"publish","type":"post","link":"https:\/\/portaltela.pt\/noticias\/2026\/03\/18\/cadeias-angolanas-receberam-8-000-novos-reclusos-nos-ultimos-seis-anos\/","title":{"rendered":"Cadeias angolanas receberam 8.000 novos reclusos nos \u00faltimos seis anos"},"content":{"rendered":"<p>O sistema prisional angolano recebeu 8.000 novos reclusos nos \u00faltimos seis anos. A informa\u00e7\u00e3o \u00e9 utilizada pela Dire\u00e7\u00e3o-Geral das Pris\u00f5es para medir a evolu\u00e7\u00e3o da popula\u00e7\u00e3o carcer\u00e1ria no pa\u00eds. As entradas refletem, entre outros fatores, pol\u00edticas de seguran\u00e7a interna e altera\u00e7\u00f5es legislativas.<\/p>\n<p>Dados indicam que as 8.000 admiss\u00f5es aconteceram entre 2020 e 2026, em v\u00e1rias pris\u00f5es do territ\u00f3rio. O objetivo \u00e9 acompanhar o estado das cadeias e planejar recursos humanos e infraestruturas.<\/p>\n<h3>Contexto<\/h3>\n<p>As autoridades n\u00e3o detalharam, no momento, as condi\u00e7\u00f5es espec\u00edficas de cada caso ou o perfil dos novos reclusos. A gest\u00e3o prisional aponta para a necessidade de investimentos em capacidade, reabilita\u00e7\u00e3o e vigil\u00e2ncia para responder \u00e0 evolu\u00e7\u00e3o da popula\u00e7\u00e3o.<\/p>\n<p>Acompanhando a evolu\u00e7\u00e3o, o governo tem pautado medidas de moderniza\u00e7\u00e3o e melhoria de condi\u00e7\u00f5es nas cadeias, bem como programas de reinser\u00e7\u00e3o social dos reclusos. Dados completos devem ser publicados em relat\u00f3rios oficiais.<\/p>\n","protected":false},"excerpt":{"rendered":"<ul>\n<li>Cadeias em Angola receberam oito mil novos reclusos nos \u00faltimos seis anos.<\/li>\n<li>O fato central \u00e9 o aumento da popula\u00e7\u00e3o prisional.<\/li>\n<li>O per\u00edodo analisado \u00e9 o de seis anos.<\/li>\n<li>A informa\u00e7\u00e3o est\u00e1 baseada no t\u00edtulo da not\u00edcia, sem dados adicionais dispon\u00edveis no conte\u00fado fornecido.<\/li>\n<\/ul>\n","protected":false},"author":2,"featured_media":414569,"comment_status":"closed","ping_status":"closed","sticky":false,"template":"","format":"standard","meta":{"footnotes":""},"categories":[6815,1],"tags":[5798,4837,6026,4343,2659,4536],"class_list":["post-414563","post","type-post","status-publish","format-standard","has-post-thumbnail","hentry","category-justica","category-noticias","tag-administracao-interna","tag-angola","tag-cadeias","tag-prisoes","tag-reinsercao-social","tag-seguranca"],"yoast_head":"<!-- This site is optimized with the Yoast SEO plugin v27.2 - https:\/\/yoast.com\/product\/yoast-seo-wordpress\/ -->\n<title>Cadeias angolanas receberam 8.000 novos reclusos nos \u00faltimos seis anos - Portal Tela Portugal<\/title>\n<meta name=\"robots\" content=\"index, follow, max-snippet:-1, max-image-preview:large, max-video-preview:-1\" \/>\n<meta property=\"og:locale\" content=\"pt_PT\" \/>\n<meta property=\"og:type\" content=\"article\" \/>\n<meta property=\"og:title\" content=\"Cadeias angolanas receberam 8.000 novos reclusos nos \u00faltimos seis anos - Portal Tela Portugal\" \/>\n<meta property=\"og:description\" content=\"Cadeias em Angola receberam oito mil novos reclusos nos \u00faltimos seis anos. O fato central \u00e9 o aumento da popula\u00e7\u00e3o prisional. O per\u00edodo analisado \u00e9 o de seis anos. A informa\u00e7\u00e3o est\u00e1 baseada no t\u00edtulo da not\u00edcia, sem dados adicionais dispon\u00edveis no conte\u00fado fornecido.\" \/>\n<meta property=\"og:url\" content=\"https:\/\/portaltela.pt\/noticias\/2026\/03\/18\/cadeias-angolanas-receberam-8-000-novos-reclusos-nos-ultimos-seis-anos\/\" \/>\n<meta property=\"og:site_name\" content=\"Portal Tela Portugal\" \/>\n<meta property=\"article:published_time\" content=\"2026-03-18T13:37:00+00:00\" \/>\n<meta name=\"author\" content=\"Telinha\" \/>\n<meta name=\"twitter:card\" content=\"summary_large_image\" \/>\n<meta name=\"twitter:label1\" content=\"Escrito por\" \/>\n\t<meta name=\"twitter:data1\" content=\"Telinha\" \/>\n\t<meta name=\"twitter:label2\" content=\"Tempo estimado de leitura\" \/>\n\t<meta name=\"twitter:data2\" content=\"1 minuto\" \/>\n<script type=\"application\/ld+json\" class=\"yoast-schema-graph\">{\"@context\":\"https:\/\/schema.org\",\"@graph\":[{\"@type\":\"Article\",\"@id\":\"https:\/\/portaltela.pt\/noticias\/2026\/03\/18\/cadeias-angolanas-receberam-8-000-novos-reclusos-nos-ultimos-seis-anos\/#article\",\"isPartOf\":{\"@id\":\"https:\/\/portaltela.pt\/noticias\/2026\/03\/18\/cadeias-angolanas-receberam-8-000-novos-reclusos-nos-ultimos-seis-anos\/\"},\"author\":{\"name\":\"Telinha\",\"@id\":\"https:\/\/portaltela.pt\/#\/schema\/person\/c4278d4a6028830caff9ee44b42d32ed\"},\"headline\":\"Cadeias angolanas receberam 8.000 novos reclusos nos \u00faltimos seis anos\",\"datePublished\":\"2026-03-18T13:37:00+00:00\",\"mainEntityOfPage\":{\"@id\":\"https:\/\/portaltela.pt\/noticias\/2026\/03\/18\/cadeias-angolanas-receberam-8-000-novos-reclusos-nos-ultimos-seis-anos\/\"},\"wordCount\":172,\"image\":{\"@id\":\"https:\/\/portaltela.pt\/noticias\/2026\/03\/18\/cadeias-angolanas-receberam-8-000-novos-reclusos-nos-ultimos-seis-anos\/#primaryimage\"},\"thumbnailUrl\":\"https:\/\/portaltela.pt\/s.01k8rhncp4jt1\/2026\/03\/CACHE_780X1200_ANALOG_WATERMARKED_6821556_239747_03052019061312.jpg\",\"keywords\":[\"Administra\u00e7\u00e3o Interna\",\"Angola\",\"cadeias\",\"pris\u00f5es\",\"Reinser\u00e7\u00e3o Social\",\"seguran\u00e7a\"],\"articleSection\":[\"Justi\u00e7a\",\"Not\u00edcias\"],\"inLanguage\":\"pt-PT\"},{\"@type\":\"WebPage\",\"@id\":\"https:\/\/portaltela.pt\/noticias\/2026\/03\/18\/cadeias-angolanas-receberam-8-000-novos-reclusos-nos-ultimos-seis-anos\/\",\"url\":\"https:\/\/portaltela.pt\/noticias\/2026\/03\/18\/cadeias-angolanas-receberam-8-000-novos-reclusos-nos-ultimos-seis-anos\/\",\"name\":\"Cadeias angolanas receberam 8.000 novos reclusos nos \u00faltimos seis anos - Portal Tela Portugal\",\"isPartOf\":{\"@id\":\"https:\/\/portaltela.pt\/#website\"},\"primaryImageOfPage\":{\"@id\":\"https:\/\/portaltela.pt\/noticias\/2026\/03\/18\/cadeias-angolanas-receberam-8-000-novos-reclusos-nos-ultimos-seis-anos\/#primaryimage\"},\"image\":{\"@id\":\"https:\/\/portaltela.pt\/noticias\/2026\/03\/18\/cadeias-angolanas-receberam-8-000-novos-reclusos-nos-ultimos-seis-anos\/#primaryimage\"},\"thumbnailUrl\":\"https:\/\/portaltela.pt\/s.01k8rhncp4jt1\/2026\/03\/CACHE_780X1200_ANALOG_WATERMARKED_6821556_239747_03052019061312.jpg\",\"datePublished\":\"2026-03-18T13:37:00+00:00\",\"author\":{\"@id\":\"https:\/\/portaltela.pt\/#\/schema\/person\/c4278d4a6028830caff9ee44b42d32ed\"},\"breadcrumb\":{\"@id\":\"https:\/\/portaltela.pt\/noticias\/2026\/03\/18\/cadeias-angolanas-receberam-8-000-novos-reclusos-nos-ultimos-seis-anos\/#breadcrumb\"},\"inLanguage\":\"pt-PT\",\"potentialAction\":[{\"@type\":\"ReadAction\",\"target\":[\"https:\/\/portaltela.pt\/noticias\/2026\/03\/18\/cadeias-angolanas-receberam-8-000-novos-reclusos-nos-ultimos-seis-anos\/\"]}]},{\"@type\":\"ImageObject\",\"inLanguage\":\"pt-PT\",\"@id\":\"https:\/\/portaltela.pt\/noticias\/2026\/03\/18\/cadeias-angolanas-receberam-8-000-novos-reclusos-nos-ultimos-seis-anos\/#primaryimage\",\"url\":\"https:\/\/portaltela.pt\/s.01k8rhncp4jt1\/2026\/03\/CACHE_780X1200_ANALOG_WATERMARKED_6821556_239747_03052019061312.jpg\",\"contentUrl\":\"https:\/\/portaltela.pt\/s.01k8rhncp4jt1\/2026\/03\/CACHE_780X1200_ANALOG_WATERMARKED_6821556_239747_03052019061312.jpg\",\"width\":796,\"height\":448,\"caption\":\"Cadeias angolanas receberam 8.000 novos reclusos nos \u00faltimos seis anos\"},{\"@type\":\"BreadcrumbList\",\"@id\":\"https:\/\/portaltela.pt\/noticias\/2026\/03\/18\/cadeias-angolanas-receberam-8-000-novos-reclusos-nos-ultimos-seis-anos\/#breadcrumb\",\"itemListElement\":[{\"@type\":\"ListItem\",\"position\":1,\"name\":\"In\u00edcio\",\"item\":\"https:\/\/portaltela.pt\/\"},{\"@type\":\"ListItem\",\"position\":2,\"name\":\"Cadeias angolanas receberam 8.000 novos reclusos nos \u00faltimos seis anos\"}]},{\"@type\":\"WebSite\",\"@id\":\"https:\/\/portaltela.pt\/#website\",\"url\":\"https:\/\/portaltela.pt\/\",\"name\":\"Portal Tela Portugal\",\"description\":\"\",\"potentialAction\":[{\"@type\":\"SearchAction\",\"target\":{\"@type\":\"EntryPoint\",\"urlTemplate\":\"https:\/\/portaltela.pt\/?s={search_term_string}\"},\"query-input\":{\"@type\":\"PropertyValueSpecification\",\"valueRequired\":true,\"valueName\":\"search_term_string\"}}],\"inLanguage\":\"pt-PT\"},{\"@type\":\"Person\",\"@id\":\"https:\/\/portaltela.pt\/#\/schema\/person\/c4278d4a6028830caff9ee44b42d32ed\",\"name\":\"Telinha\",\"image\":{\"@type\":\"ImageObject\",\"inLanguage\":\"pt-PT\",\"@id\":\"https:\/\/portaltela.pt\/s.01k8rhncp4jt1\/2025\/11\/talking-bot-125x125.png\",\"url\":\"https:\/\/portaltela.pt\/s.01k8rhncp4jt1\/2025\/11\/talking-bot-125x125.png\",\"contentUrl\":\"https:\/\/portaltela.pt\/s.01k8rhncp4jt1\/2025\/11\/talking-bot-125x125.png\",\"caption\":\"Telinha\"},\"sameAs\":[\"https:\/\/portaltela.pt\/\"],\"url\":\"https:\/\/portaltela.pt\/por\/367410592786\/\"}]}<\/script>\n<!-- \/ Yoast SEO plugin. -->","yoast_head_json":{"title":"Cadeias angolanas receberam 8.000 novos reclusos nos \u00faltimos seis anos - Portal Tela Portugal","robots":{"index":"index","follow":"follow","max-snippet":"max-snippet:-1","max-image-preview":"max-image-preview:large","max-video-preview":"max-video-preview:-1"},"og_locale":"pt_PT","og_type":"article","og_title":"Cadeias angolanas receberam 8.000 novos reclusos nos \u00faltimos seis anos - Portal Tela Portugal","og_description":"Cadeias em Angola receberam oito mil novos reclusos nos \u00faltimos seis anos. O fato central \u00e9 o aumento da popula\u00e7\u00e3o prisional. O per\u00edodo analisado \u00e9 o de seis anos. A informa\u00e7\u00e3o est\u00e1 baseada no t\u00edtulo da not\u00edcia, sem dados adicionais dispon\u00edveis no conte\u00fado fornecido.","og_url":"https:\/\/portaltela.pt\/noticias\/2026\/03\/18\/cadeias-angolanas-receberam-8-000-novos-reclusos-nos-ultimos-seis-anos\/","og_site_name":"Portal Tela Portugal","article_published_time":"2026-03-18T13:37:00+00:00","author":"Telinha","twitter_card":"summary_large_image","twitter_misc":{"Escrito por":"Telinha","Tempo estimado de leitura":"1 minuto"},"schema":{"@context":"https:\/\/schema.org","@graph":[{"@type":"Article","@id":"https:\/\/portaltela.pt\/noticias\/2026\/03\/18\/cadeias-angolanas-receberam-8-000-novos-reclusos-nos-ultimos-seis-anos\/#article","isPartOf":{"@id":"https:\/\/portaltela.pt\/noticias\/2026\/03\/18\/cadeias-angolanas-receberam-8-000-novos-reclusos-nos-ultimos-seis-anos\/"},"author":{"name":"Telinha","@id":"https:\/\/portaltela.pt\/#\/schema\/person\/c4278d4a6028830caff9ee44b42d32ed"},"headline":"Cadeias angolanas receberam 8.000 novos reclusos nos \u00faltimos seis anos","datePublished":"2026-03-18T13:37:00+00:00","mainEntityOfPage":{"@id":"https:\/\/portaltela.pt\/noticias\/2026\/03\/18\/cadeias-angolanas-receberam-8-000-novos-reclusos-nos-ultimos-seis-anos\/"},"wordCount":172,"image":{"@id":"https:\/\/portaltela.pt\/noticias\/2026\/03\/18\/cadeias-angolanas-receberam-8-000-novos-reclusos-nos-ultimos-seis-anos\/#primaryimage"},"thumbnailUrl":"https:\/\/portaltela.pt\/s.01k8rhncp4jt1\/2026\/03\/CACHE_780X1200_ANALOG_WATERMARKED_6821556_239747_03052019061312.jpg","keywords":["Administra\u00e7\u00e3o Interna","Angola","cadeias","pris\u00f5es","Reinser\u00e7\u00e3o Social","seguran\u00e7a"],"articleSection":["Justi\u00e7a","Not\u00edcias"],"inLanguage":"pt-PT"},{"@type":"WebPage","@id":"https:\/\/portaltela.pt\/noticias\/2026\/03\/18\/cadeias-angolanas-receberam-8-000-novos-reclusos-nos-ultimos-seis-anos\/","url":"https:\/\/portaltela.pt\/noticias\/2026\/03\/18\/cadeias-angolanas-receberam-8-000-novos-reclusos-nos-ultimos-seis-anos\/","name":"Cadeias angolanas receberam 8.000 novos reclusos nos \u00faltimos seis anos - Portal Tela Portugal","isPartOf":{"@id":"https:\/\/portaltela.pt\/#website"},"primaryImageOfPage":{"@id":"https:\/\/portaltela.pt\/noticias\/2026\/03\/18\/cadeias-angolanas-receberam-8-000-novos-reclusos-nos-ultimos-seis-anos\/#primaryimage"},"image":{"@id":"https:\/\/portaltela.pt\/noticias\/2026\/03\/18\/cadeias-angolanas-receberam-8-000-novos-reclusos-nos-ultimos-seis-anos\/#primaryimage"},"thumbnailUrl":"https:\/\/portaltela.pt\/s.01k8rhncp4jt1\/2026\/03\/CACHE_780X1200_ANALOG_WATERMARKED_6821556_239747_03052019061312.jpg","datePublished":"2026-03-18T13:37:00+00:00","author":{"@id":"https:\/\/portaltela.pt\/#\/schema\/person\/c4278d4a6028830caff9ee44b42d32ed"},"breadcrumb":{"@id":"https:\/\/portaltela.pt\/noticias\/2026\/03\/18\/cadeias-angolanas-receberam-8-000-novos-reclusos-nos-ultimos-seis-anos\/#breadcrumb"},"inLanguage":"pt-PT","potentialAction":[{"@type":"ReadAction","target":["https:\/\/portaltela.pt\/noticias\/2026\/03\/18\/cadeias-angolanas-receberam-8-000-novos-reclusos-nos-ultimos-seis-anos\/"]}]},{"@type":"ImageObject","inLanguage":"pt-PT","@id":"https:\/\/portaltela.pt\/noticias\/2026\/03\/18\/cadeias-angolanas-receberam-8-000-novos-reclusos-nos-ultimos-seis-anos\/#primaryimage","url":"https:\/\/portaltela.pt\/s.01k8rhncp4jt1\/2026\/03\/CACHE_780X1200_ANALOG_WATERMARKED_6821556_239747_03052019061312.jpg","contentUrl":"https:\/\/portaltela.pt\/s.01k8rhncp4jt1\/2026\/03\/CACHE_780X1200_ANALOG_WATERMARKED_6821556_239747_03052019061312.jpg","width":796,"height":448,"caption":"Cadeias angolanas receberam 8.000 novos reclusos nos \u00faltimos seis anos"},{"@type":"BreadcrumbList","@id":"https:\/\/portaltela.pt\/noticias\/2026\/03\/18\/cadeias-angolanas-receberam-8-000-novos-reclusos-nos-ultimos-seis-anos\/#breadcrumb","itemListElement":[{"@type":"ListItem","position":1,"name":"In\u00edcio","item":"https:\/\/portaltela.pt\/"},{"@type":"ListItem","position":2,"name":"Cadeias angolanas receberam 8.000 novos reclusos nos \u00faltimos seis anos"}]},{"@type":"WebSite","@id":"https:\/\/portaltela.pt\/#website","url":"https:\/\/portaltela.pt\/","name":"Portal Tela Portugal","description":"","potentialAction":[{"@type":"SearchAction","target":{"@type":"EntryPoint","urlTemplate":"https:\/\/portaltela.pt\/?s={search_term_string}"},"query-input":{"@type":"PropertyValueSpecification","valueRequired":true,"valueName":"search_term_string"}}],"inLanguage":"pt-PT"},{"@type":"Person","@id":"https:\/\/portaltela.pt\/#\/schema\/person\/c4278d4a6028830caff9ee44b42d32ed","name":"Telinha","image":{"@type":"ImageObject","inLanguage":"pt-PT","@id":"https:\/\/portaltela.pt\/s.01k8rhncp4jt1\/2025\/11\/talking-bot-125x125.png","url":"https:\/\/portaltela.pt\/s.01k8rhncp4jt1\/2025\/11\/talking-bot-125x125.png","contentUrl":"https:\/\/portaltela.pt\/s.01k8rhncp4jt1\/2025\/11\/talking-bot-125x125.png","caption":"Telinha"},"sameAs":["https:\/\/portaltela.pt\/"],"url":"https:\/\/portaltela.pt\/por\/367410592786\/"}]}},"_links":{"self":[{"href":"https:\/\/portaltela.pt\/api\/wp\/v2\/posts\/414563","targetHints":{"allow":["GET"]}}],"collection":[{"href":"https:\/\/portaltela.pt\/api\/wp\/v2\/posts"}],"about":[{"href":"https:\/\/portaltela.pt\/api\/wp\/v2\/types\/post"}],"author":[{"embeddable":true,"href":"https:\/\/portaltela.pt\/api\/wp\/v2\/users\/2"}],"replies":[{"embeddable":true,"href":"https:\/\/portaltela.pt\/api\/wp\/v2\/comments?post=414563"}],"version-history":[{"count":0,"href":"https:\/\/portaltela.pt\/api\/wp\/v2\/posts\/414563\/revisions"}],"wp:featuredmedia":[{"embeddable":true,"href":"https:\/\/portaltela.pt\/api\/wp\/v2\/media\/414569"}],"wp:attachment":[{"href":"https:\/\/portaltela.pt\/api\/wp\/v2\/media?parent=414563"}],"wp:term":[{"taxonomy":"category","embeddable":true,"href":"https:\/\/portaltela.pt\/api\/wp\/v2\/categories?post=414563"},{"taxonomy":"post_tag","embeddable":true,"href":"https:\/\/portaltela.pt\/api\/wp\/v2\/tags?post=414563"}],"curies":[{"name":"wp","href":"https:\/\/api.w.org\/{rel}","templated":true}]}}