{"id":414560,"date":"2026-03-18T10:42:00","date_gmt":"2026-03-18T13:42:00","guid":{"rendered":"https:\/\/portaltela.pt\/noticias\/2026\/03\/18\/bmw-revela-novo-i3-com-autonomia-ate-900-km-e-carga-de-400-km-em-10-minutos\/"},"modified":"2026-03-18T10:42:00","modified_gmt":"2026-03-18T13:42:00","slug":"bmw-revela-novo-i3-com-autonomia-ate-900-km-e-carga-de-400-km-em-10-minutos","status":"publish","type":"post","link":"https:\/\/portaltela.pt\/noticias\/2026\/03\/18\/bmw-revela-novo-i3-com-autonomia-ate-900-km-e-carga-de-400-km-em-10-minutos\/","title":{"rendered":"BMW revela novo i3 com autonomia at\u00e9 900 km e carga de 400 km em 10 minutos"},"content":{"rendered":"<p>O BMW i3 foi apresentado em Munique, diante de cerca de quatro mil colaboradores, marcando a nova gera\u00e7\u00e3o da berlina compacta da marca. O evento revelou que o modelo n\u00e3o substitui o i3 original, mas sim encarna a evolu\u00e7\u00e3o do S\u00e9rie 3 na sua vertente sedan.<\/p>\n<p>O presidente executivo da BMW, Oliver Zipse, afirmou tratar-se da \u201cultimate driving machine\u201d e destacou o ganho tecnol\u00f3gico que permitiu saltar uma gera\u00e7\u00e3o. O diretor de design, Adrian van Hooydonk, sublinhou a continuidade do legado iniciado em 1975.<\/p>\n<p>A frente destaca a grelha com rins revisitados, integrada em far\u00f3is de assinatura luminosa. Pelas suas dimens\u00f5es, o design transmite agressividade com rodas grandes, sugerindo movimento mesmo quando o ve\u00edculo est\u00e1 parado.<\/p>\n<h3>Pot\u00eancia, autonomia e carregamento<\/h3>\n<p>O i3 50 xDrive funciona com o motor Gen 6 E-Drive e sistema de 800 volts, entregando 469 cv e 645 Nm debin\u00e1rio. A autonomia no ciclo WLTP alcan\u00e7a at\u00e9 900 km. O carregamento r\u00e1pido de 400 kW permite recuperar 400 km em dez minutos.<\/p>\n<p>O centro de controlo, o Heart of Joy, \u00e9 dez vezes mais r\u00e1pido que os anteriores e gere a pot\u00eancia para elevar a condu\u00e7\u00e3o a novos patamares. O interior utiliza o BMW Panoramic Vision, com informa\u00e7\u00f5es em toda a largura do para-brisas.<\/p>\n<h3>Interior e sustentabilidade<\/h3>\n<p>No habit\u00e1culo, um ecr\u00e3 central de 17,9 polegadas cruza design de corte livre, mantendo o condutor centrado na estrada. A plataforma digital deriva do iX3, com foco na interface e na condu\u00e7\u00e3o.<\/p>\n<p>O desenvolvimento aponta para a produ\u00e7\u00e3o com baterias de catodo por CATL, mas com a BMW a desenhar e fabricar os seus packs e o software de gest\u00e3o de energia. A circularidade passa por usar 30% de materiais secund\u00e1rios.<\/p>\n<h3>Perspectivas de mercado e produ\u00e7\u00e3o<\/h3>\n<p>A f\u00e1brica principal de Munique ser\u00e1 modernizada para acolher a Neue Klasse, com in\u00edcio de produ\u00e7\u00e3o previsto para agosto. As primeiras unidades dever\u00e3o chegar aos clientes no outono de 2026. Uma vers\u00e3o carrinha est\u00e1 j\u00e1 prevista.<\/p>\n<p>Este lan\u00e7amento integra uma ofensiva da BMW com cerca de 40 novidades at\u00e9 ao final de 2027, todas baseadas nesta nova arquitetura tecnol\u00f3gica. A BMW mant\u00eam o foco na eletrifica\u00e7\u00e3o e no desempenho, sem indicar pre\u00e7os.<\/p>\n","protected":false},"excerpt":{"rendered":"<ul>\n<li>A BMW revelou em Munique o novo i3, apresentado perante quatro mil funcion\u00e1rios, marcando a nova gera\u00e7\u00e3o do S\u00e9rie 3 e n\u00e3o pretendendo substituir o i3 original.<\/li>\n<li>O modelo usa motor Gen 6 E-Drive, sistema de 800 volts, com 469 cv (345 kW) e 645 Nm de bin\u00e1rio, oferecendo at\u00e9 900 km de autonomia no ciclo WLTP e recarga de 400 km em dez minutos com carregamento de 400 kW.<\/li>\n<li>O interior destaca o BMW Panoramic Vision e um ecr\u00e3 central de 17,9 polegadas, mantendo o condutor centrado na estrada.<\/li>\n<li>A BMW fabrica os packs de bateria e todo o hardware\/software de gest\u00e3o, continua a trabalhar com c\u00e9lulas da CATL, e utiliza cerca de 30% de materiais secund\u00e1rios para sustentabilidade.<\/li>\n<li>A produ\u00e7\u00e3o arranca em agosto na f\u00e1brica de Munique, com entregas previstas j\u00e1 a partir do outono de 2026; h\u00e1 uma vers\u00e3o carrinha prevista e a BMW planeia apresentar quarenta novidades at\u00e9 2027.<\/li>\n<\/ul>\n","protected":false},"author":2,"featured_media":414568,"comment_status":"closed","ping_status":"closed","sticky":false,"template":"","format":"standard","meta":{"footnotes":""},"categories":[1],"tags":[2371,4405,4542,33,3263,153],"class_list":["post-414560","post","type-post","status-publish","format-standard","has-post-thumbnail","hentry","category-noticias","tag-automoveis","tag-eletrico","tag-energia-electrica","tag-inovacao","tag-mobilidade-urbana","tag-tecnologia"],"yoast_head":"<!-- This site is optimized with the Yoast SEO plugin v27.2 - https:\/\/yoast.com\/product\/yoast-seo-wordpress\/ -->\n<title>BMW revela novo i3 com autonomia at\u00e9 900 km e carga de 400 km em 10 minutos - Portal Tela Portugal<\/title>\n<meta name=\"robots\" content=\"index, follow, max-snippet:-1, max-image-preview:large, max-video-preview:-1\" \/>\n<meta property=\"og:locale\" content=\"pt_PT\" \/>\n<meta property=\"og:type\" content=\"article\" \/>\n<meta property=\"og:title\" content=\"BMW revela novo i3 com autonomia at\u00e9 900 km e carga de 400 km em 10 minutos - Portal Tela Portugal\" \/>\n<meta property=\"og:description\" content=\"A BMW revelou em Munique o novo i3, apresentado perante quatro mil funcion\u00e1rios, marcando a nova gera\u00e7\u00e3o do S\u00e9rie 3 e n\u00e3o pretendendo substituir o i3 original. O modelo usa motor Gen 6 E-Drive, sistema de 800 volts, com 469 cv (345 kW) e 645 Nm de bin\u00e1rio, oferecendo at\u00e9 900 km de autonomia no ciclo WLTP e recarga de 400 km em dez minutos com carregamento de 400 kW. O interior destaca o BMW Panoramic Vision e um ecr\u00e3 central de 17,9 polegadas, mantendo o condutor centrado na estrada. A BMW fabrica os packs de bateria e todo o hardware\/software de gest\u00e3o, continua a trabalhar com c\u00e9lulas da CATL, e utiliza cerca de 30% de materiais secund\u00e1rios para sustentabilidade. A produ\u00e7\u00e3o arranca em agosto na f\u00e1brica de Munique, com entregas previstas j\u00e1 a partir do outono de 2026; h\u00e1 uma vers\u00e3o carrinha prevista e a BMW planeia apresentar quarenta novidades at\u00e9 2027.\" \/>\n<meta property=\"og:url\" content=\"https:\/\/portaltela.pt\/noticias\/2026\/03\/18\/bmw-revela-novo-i3-com-autonomia-ate-900-km-e-carga-de-400-km-em-10-minutos\/\" \/>\n<meta property=\"og:site_name\" content=\"Portal Tela Portugal\" \/>\n<meta property=\"article:published_time\" content=\"2026-03-18T13:42:00+00:00\" \/>\n<meta name=\"author\" content=\"Telinha\" \/>\n<meta name=\"twitter:card\" content=\"summary_large_image\" \/>\n<meta name=\"twitter:label1\" content=\"Escrito por\" \/>\n\t<meta name=\"twitter:data1\" content=\"Telinha\" \/>\n\t<meta name=\"twitter:label2\" content=\"Tempo estimado de leitura\" \/>\n\t<meta name=\"twitter:data2\" content=\"2 minutos\" \/>\n<script type=\"application\/ld+json\" class=\"yoast-schema-graph\">{\"@context\":\"https:\/\/schema.org\",\"@graph\":[{\"@type\":\"Article\",\"@id\":\"https:\/\/portaltela.pt\/noticias\/2026\/03\/18\/bmw-revela-novo-i3-com-autonomia-ate-900-km-e-carga-de-400-km-em-10-minutos\/#article\",\"isPartOf\":{\"@id\":\"https:\/\/portaltela.pt\/noticias\/2026\/03\/18\/bmw-revela-novo-i3-com-autonomia-ate-900-km-e-carga-de-400-km-em-10-minutos\/\"},\"author\":{\"name\":\"Telinha\",\"@id\":\"https:\/\/portaltela.pt\/#\/schema\/person\/c4278d4a6028830caff9ee44b42d32ed\"},\"headline\":\"BMW revela novo i3 com autonomia at\u00e9 900 km e carga de 400 km em 10 minutos\",\"datePublished\":\"2026-03-18T13:42:00+00:00\",\"mainEntityOfPage\":{\"@id\":\"https:\/\/portaltela.pt\/noticias\/2026\/03\/18\/bmw-revela-novo-i3-com-autonomia-ate-900-km-e-carga-de-400-km-em-10-minutos\/\"},\"wordCount\":389,\"image\":{\"@id\":\"https:\/\/portaltela.pt\/noticias\/2026\/03\/18\/bmw-revela-novo-i3-com-autonomia-ate-900-km-e-carga-de-400-km-em-10-minutos\/#primaryimage\"},\"thumbnailUrl\":\"https:\/\/portaltela.pt\/s.01k8rhncp4jt1\/2026\/03\/2075194.jpg\",\"keywords\":[\"Autom\u00f3veis\",\"El\u00e9trico\",\"energia el\u00e9ctrica\",\"inova\u00e7\u00e3o\",\"mobilidade urbana\",\"tecnologia\"],\"articleSection\":[\"Not\u00edcias\"],\"inLanguage\":\"pt-PT\"},{\"@type\":\"WebPage\",\"@id\":\"https:\/\/portaltela.pt\/noticias\/2026\/03\/18\/bmw-revela-novo-i3-com-autonomia-ate-900-km-e-carga-de-400-km-em-10-minutos\/\",\"url\":\"https:\/\/portaltela.pt\/noticias\/2026\/03\/18\/bmw-revela-novo-i3-com-autonomia-ate-900-km-e-carga-de-400-km-em-10-minutos\/\",\"name\":\"BMW revela novo i3 com autonomia at\u00e9 900 km e carga de 400 km em 10 minutos - Portal Tela Portugal\",\"isPartOf\":{\"@id\":\"https:\/\/portaltela.pt\/#website\"},\"primaryImageOfPage\":{\"@id\":\"https:\/\/portaltela.pt\/noticias\/2026\/03\/18\/bmw-revela-novo-i3-com-autonomia-ate-900-km-e-carga-de-400-km-em-10-minutos\/#primaryimage\"},\"image\":{\"@id\":\"https:\/\/portaltela.pt\/noticias\/2026\/03\/18\/bmw-revela-novo-i3-com-autonomia-ate-900-km-e-carga-de-400-km-em-10-minutos\/#primaryimage\"},\"thumbnailUrl\":\"https:\/\/portaltela.pt\/s.01k8rhncp4jt1\/2026\/03\/2075194.jpg\",\"datePublished\":\"2026-03-18T13:42:00+00:00\",\"author\":{\"@id\":\"https:\/\/portaltela.pt\/#\/schema\/person\/c4278d4a6028830caff9ee44b42d32ed\"},\"breadcrumb\":{\"@id\":\"https:\/\/portaltela.pt\/noticias\/2026\/03\/18\/bmw-revela-novo-i3-com-autonomia-ate-900-km-e-carga-de-400-km-em-10-minutos\/#breadcrumb\"},\"inLanguage\":\"pt-PT\",\"potentialAction\":[{\"@type\":\"ReadAction\",\"target\":[\"https:\/\/portaltela.pt\/noticias\/2026\/03\/18\/bmw-revela-novo-i3-com-autonomia-ate-900-km-e-carga-de-400-km-em-10-minutos\/\"]}]},{\"@type\":\"ImageObject\",\"inLanguage\":\"pt-PT\",\"@id\":\"https:\/\/portaltela.pt\/noticias\/2026\/03\/18\/bmw-revela-novo-i3-com-autonomia-ate-900-km-e-carga-de-400-km-em-10-minutos\/#primaryimage\",\"url\":\"https:\/\/portaltela.pt\/s.01k8rhncp4jt1\/2026\/03\/2075194.jpg\",\"contentUrl\":\"https:\/\/portaltela.pt\/s.01k8rhncp4jt1\/2026\/03\/2075194.jpg\",\"width\":796,\"height\":448,\"caption\":\"O novo S\u00e9rie 3 da BMW \u00e9 100% el\u00e9ctrico e marca uma revolu\u00e7\u00e3o no design e na tecnologia\"},{\"@type\":\"BreadcrumbList\",\"@id\":\"https:\/\/portaltela.pt\/noticias\/2026\/03\/18\/bmw-revela-novo-i3-com-autonomia-ate-900-km-e-carga-de-400-km-em-10-minutos\/#breadcrumb\",\"itemListElement\":[{\"@type\":\"ListItem\",\"position\":1,\"name\":\"In\u00edcio\",\"item\":\"https:\/\/portaltela.pt\/\"},{\"@type\":\"ListItem\",\"position\":2,\"name\":\"BMW revela novo i3 com autonomia at\u00e9 900 km e carga de 400 km em 10 minutos\"}]},{\"@type\":\"WebSite\",\"@id\":\"https:\/\/portaltela.pt\/#website\",\"url\":\"https:\/\/portaltela.pt\/\",\"name\":\"Portal Tela Portugal\",\"description\":\"\",\"potentialAction\":[{\"@type\":\"SearchAction\",\"target\":{\"@type\":\"EntryPoint\",\"urlTemplate\":\"https:\/\/portaltela.pt\/?s={search_term_string}\"},\"query-input\":{\"@type\":\"PropertyValueSpecification\",\"valueRequired\":true,\"valueName\":\"search_term_string\"}}],\"inLanguage\":\"pt-PT\"},{\"@type\":\"Person\",\"@id\":\"https:\/\/portaltela.pt\/#\/schema\/person\/c4278d4a6028830caff9ee44b42d32ed\",\"name\":\"Telinha\",\"image\":{\"@type\":\"ImageObject\",\"inLanguage\":\"pt-PT\",\"@id\":\"https:\/\/portaltela.pt\/s.01k8rhncp4jt1\/2025\/11\/talking-bot-125x125.png\",\"url\":\"https:\/\/portaltela.pt\/s.01k8rhncp4jt1\/2025\/11\/talking-bot-125x125.png\",\"contentUrl\":\"https:\/\/portaltela.pt\/s.01k8rhncp4jt1\/2025\/11\/talking-bot-125x125.png\",\"caption\":\"Telinha\"},\"sameAs\":[\"https:\/\/portaltela.pt\/\"],\"url\":\"https:\/\/portaltela.pt\/por\/367410592786\/\"}]}<\/script>\n<!-- \/ Yoast SEO plugin. -->","yoast_head_json":{"title":"BMW revela novo i3 com autonomia at\u00e9 900 km e carga de 400 km em 10 minutos - Portal Tela Portugal","robots":{"index":"index","follow":"follow","max-snippet":"max-snippet:-1","max-image-preview":"max-image-preview:large","max-video-preview":"max-video-preview:-1"},"og_locale":"pt_PT","og_type":"article","og_title":"BMW revela novo i3 com autonomia at\u00e9 900 km e carga de 400 km em 10 minutos - Portal Tela Portugal","og_description":"A BMW revelou em Munique o novo i3, apresentado perante quatro mil funcion\u00e1rios, marcando a nova gera\u00e7\u00e3o do S\u00e9rie 3 e n\u00e3o pretendendo substituir o i3 original. O modelo usa motor Gen 6 E-Drive, sistema de 800 volts, com 469 cv (345 kW) e 645 Nm de bin\u00e1rio, oferecendo at\u00e9 900 km de autonomia no ciclo WLTP e recarga de 400 km em dez minutos com carregamento de 400 kW. O interior destaca o BMW Panoramic Vision e um ecr\u00e3 central de 17,9 polegadas, mantendo o condutor centrado na estrada. A BMW fabrica os packs de bateria e todo o hardware\/software de gest\u00e3o, continua a trabalhar com c\u00e9lulas da CATL, e utiliza cerca de 30% de materiais secund\u00e1rios para sustentabilidade. A produ\u00e7\u00e3o arranca em agosto na f\u00e1brica de Munique, com entregas previstas j\u00e1 a partir do outono de 2026; h\u00e1 uma vers\u00e3o carrinha prevista e a BMW planeia apresentar quarenta novidades at\u00e9 2027.","og_url":"https:\/\/portaltela.pt\/noticias\/2026\/03\/18\/bmw-revela-novo-i3-com-autonomia-ate-900-km-e-carga-de-400-km-em-10-minutos\/","og_site_name":"Portal Tela Portugal","article_published_time":"2026-03-18T13:42:00+00:00","author":"Telinha","twitter_card":"summary_large_image","twitter_misc":{"Escrito por":"Telinha","Tempo estimado de leitura":"2 minutos"},"schema":{"@context":"https:\/\/schema.org","@graph":[{"@type":"Article","@id":"https:\/\/portaltela.pt\/noticias\/2026\/03\/18\/bmw-revela-novo-i3-com-autonomia-ate-900-km-e-carga-de-400-km-em-10-minutos\/#article","isPartOf":{"@id":"https:\/\/portaltela.pt\/noticias\/2026\/03\/18\/bmw-revela-novo-i3-com-autonomia-ate-900-km-e-carga-de-400-km-em-10-minutos\/"},"author":{"name":"Telinha","@id":"https:\/\/portaltela.pt\/#\/schema\/person\/c4278d4a6028830caff9ee44b42d32ed"},"headline":"BMW revela novo i3 com autonomia at\u00e9 900 km e carga de 400 km em 10 minutos","datePublished":"2026-03-18T13:42:00+00:00","mainEntityOfPage":{"@id":"https:\/\/portaltela.pt\/noticias\/2026\/03\/18\/bmw-revela-novo-i3-com-autonomia-ate-900-km-e-carga-de-400-km-em-10-minutos\/"},"wordCount":389,"image":{"@id":"https:\/\/portaltela.pt\/noticias\/2026\/03\/18\/bmw-revela-novo-i3-com-autonomia-ate-900-km-e-carga-de-400-km-em-10-minutos\/#primaryimage"},"thumbnailUrl":"https:\/\/portaltela.pt\/s.01k8rhncp4jt1\/2026\/03\/2075194.jpg","keywords":["Autom\u00f3veis","El\u00e9trico","energia el\u00e9ctrica","inova\u00e7\u00e3o","mobilidade urbana","tecnologia"],"articleSection":["Not\u00edcias"],"inLanguage":"pt-PT"},{"@type":"WebPage","@id":"https:\/\/portaltela.pt\/noticias\/2026\/03\/18\/bmw-revela-novo-i3-com-autonomia-ate-900-km-e-carga-de-400-km-em-10-minutos\/","url":"https:\/\/portaltela.pt\/noticias\/2026\/03\/18\/bmw-revela-novo-i3-com-autonomia-ate-900-km-e-carga-de-400-km-em-10-minutos\/","name":"BMW revela novo i3 com autonomia at\u00e9 900 km e carga de 400 km em 10 minutos - Portal Tela Portugal","isPartOf":{"@id":"https:\/\/portaltela.pt\/#website"},"primaryImageOfPage":{"@id":"https:\/\/portaltela.pt\/noticias\/2026\/03\/18\/bmw-revela-novo-i3-com-autonomia-ate-900-km-e-carga-de-400-km-em-10-minutos\/#primaryimage"},"image":{"@id":"https:\/\/portaltela.pt\/noticias\/2026\/03\/18\/bmw-revela-novo-i3-com-autonomia-ate-900-km-e-carga-de-400-km-em-10-minutos\/#primaryimage"},"thumbnailUrl":"https:\/\/portaltela.pt\/s.01k8rhncp4jt1\/2026\/03\/2075194.jpg","datePublished":"2026-03-18T13:42:00+00:00","author":{"@id":"https:\/\/portaltela.pt\/#\/schema\/person\/c4278d4a6028830caff9ee44b42d32ed"},"breadcrumb":{"@id":"https:\/\/portaltela.pt\/noticias\/2026\/03\/18\/bmw-revela-novo-i3-com-autonomia-ate-900-km-e-carga-de-400-km-em-10-minutos\/#breadcrumb"},"inLanguage":"pt-PT","potentialAction":[{"@type":"ReadAction","target":["https:\/\/portaltela.pt\/noticias\/2026\/03\/18\/bmw-revela-novo-i3-com-autonomia-ate-900-km-e-carga-de-400-km-em-10-minutos\/"]}]},{"@type":"ImageObject","inLanguage":"pt-PT","@id":"https:\/\/portaltela.pt\/noticias\/2026\/03\/18\/bmw-revela-novo-i3-com-autonomia-ate-900-km-e-carga-de-400-km-em-10-minutos\/#primaryimage","url":"https:\/\/portaltela.pt\/s.01k8rhncp4jt1\/2026\/03\/2075194.jpg","contentUrl":"https:\/\/portaltela.pt\/s.01k8rhncp4jt1\/2026\/03\/2075194.jpg","width":796,"height":448,"caption":"O novo S\u00e9rie 3 da BMW \u00e9 100% el\u00e9ctrico e marca uma revolu\u00e7\u00e3o no design e na tecnologia"},{"@type":"BreadcrumbList","@id":"https:\/\/portaltela.pt\/noticias\/2026\/03\/18\/bmw-revela-novo-i3-com-autonomia-ate-900-km-e-carga-de-400-km-em-10-minutos\/#breadcrumb","itemListElement":[{"@type":"ListItem","position":1,"name":"In\u00edcio","item":"https:\/\/portaltela.pt\/"},{"@type":"ListItem","position":2,"name":"BMW revela novo i3 com autonomia at\u00e9 900 km e carga de 400 km em 10 minutos"}]},{"@type":"WebSite","@id":"https:\/\/portaltela.pt\/#website","url":"https:\/\/portaltela.pt\/","name":"Portal Tela Portugal","description":"","potentialAction":[{"@type":"SearchAction","target":{"@type":"EntryPoint","urlTemplate":"https:\/\/portaltela.pt\/?s={search_term_string}"},"query-input":{"@type":"PropertyValueSpecification","valueRequired":true,"valueName":"search_term_string"}}],"inLanguage":"pt-PT"},{"@type":"Person","@id":"https:\/\/portaltela.pt\/#\/schema\/person\/c4278d4a6028830caff9ee44b42d32ed","name":"Telinha","image":{"@type":"ImageObject","inLanguage":"pt-PT","@id":"https:\/\/portaltela.pt\/s.01k8rhncp4jt1\/2025\/11\/talking-bot-125x125.png","url":"https:\/\/portaltela.pt\/s.01k8rhncp4jt1\/2025\/11\/talking-bot-125x125.png","contentUrl":"https:\/\/portaltela.pt\/s.01k8rhncp4jt1\/2025\/11\/talking-bot-125x125.png","caption":"Telinha"},"sameAs":["https:\/\/portaltela.pt\/"],"url":"https:\/\/portaltela.pt\/por\/367410592786\/"}]}},"_links":{"self":[{"href":"https:\/\/portaltela.pt\/api\/wp\/v2\/posts\/414560","targetHints":{"allow":["GET"]}}],"collection":[{"href":"https:\/\/portaltela.pt\/api\/wp\/v2\/posts"}],"about":[{"href":"https:\/\/portaltela.pt\/api\/wp\/v2\/types\/post"}],"author":[{"embeddable":true,"href":"https:\/\/portaltela.pt\/api\/wp\/v2\/users\/2"}],"replies":[{"embeddable":true,"href":"https:\/\/portaltela.pt\/api\/wp\/v2\/comments?post=414560"}],"version-history":[{"count":0,"href":"https:\/\/portaltela.pt\/api\/wp\/v2\/posts\/414560\/revisions"}],"wp:featuredmedia":[{"embeddable":true,"href":"https:\/\/portaltela.pt\/api\/wp\/v2\/media\/414568"}],"wp:attachment":[{"href":"https:\/\/portaltela.pt\/api\/wp\/v2\/media?parent=414560"}],"wp:term":[{"taxonomy":"category","embeddable":true,"href":"https:\/\/portaltela.pt\/api\/wp\/v2\/categories?post=414560"},{"taxonomy":"post_tag","embeddable":true,"href":"https:\/\/portaltela.pt\/api\/wp\/v2\/tags?post=414560"}],"curies":[{"name":"wp","href":"https:\/\/api.w.org\/{rel}","templated":true}]}}