{"id":414559,"date":"2026-03-18T10:10:00","date_gmt":"2026-03-18T13:10:00","guid":{"rendered":"https:\/\/portaltela.pt\/noticias\/2026\/03\/18\/borja-sainz-fizemos-bem-na-alemanha-mas-ha-vontade-de-dar-a-volta\/"},"modified":"2026-03-18T10:10:00","modified_gmt":"2026-03-18T13:10:00","slug":"borja-sainz-fizemos-bem-na-alemanha-mas-ha-vontade-de-dar-a-volta","status":"publish","type":"post","link":"https:\/\/portaltela.pt\/desporto\/futebol\/2026\/03\/18\/borja-sainz-fizemos-bem-na-alemanha-mas-ha-vontade-de-dar-a-volta\/","title":{"rendered":"Borja Sainz: fizemos bem na Alemanha, mas h\u00e1 vontade de dar a volta"},"content":{"rendered":"<p>Na confer\u00eancia de antevis\u00e3o ao duelo entre FC Porto e Estugarda, para a segunda m\u00e3o dos oitavos de final da Liga Europa, Borja Sainz acompanhou Francesco Farioli na bancada de jornalistas. O extremo espanhol mostrou confian\u00e7a na rea\u00e7\u00e3o do advers\u00e1rio, apesar da vantagem obtida pelo Porto no jogo anterior.<\/p>\n<p>Sainz avaliou a atua\u00e7\u00e3o na Alemanha como s\u00f3lida, dizendo que a equipa fez o essencial e que precisa manter a imagem amanh\u00e3. Ressalvou que o Estugarda chega determinado a dar a volta, como j\u00e1 demonstrou na Bundesliga.<\/p>\n<p>O jogador mencionou tamb\u00e9m a aus\u00eancia moment\u00e2nea de marcas, assegurando que isso n\u00e3o o preocupa, pois o foco est\u00e1 na performance coletiva. Referiu ainda a dificuldade de o Estugarda, terceiro na liga alem\u00e3, oferecer resist\u00eancia.<\/p>\n<h3>Contribui\u00e7\u00e3o de Thiago Silva e din\u00e2mica de equipa<\/h3>\n<p>Sainz elogiou a experi\u00eancia de Thiago Silva, destacando o impacto positivo dentro e fora do relvado. Enviou sentimentos \u00e0 fam\u00edlia do defesa brasileiro, reconhecendo a dificuldade da situa\u00e7\u00e3o.<\/p>\n<p>Sobre o regresso de forma na ponta final da \u00e9poca, afirmou que o objetivo \u00e9 ajudar a equipa a cumprir os objectivos, independentemente da opini\u00e3o externa. O foco permanece no que o staff e o grupo t\u00eam trabalhado.<\/p>\n<p>Quanto \u00e0 ambi\u00e7\u00e3o de lutar pelo t\u00edtulo nacional e pela ta\u00e7a europeia, o atleta ressalvou que ainda \u00e9 cedo para grandes compromissos e que o objetivo \u00e9 avan\u00e7ar passo a passo, come\u00e7ando pelo jogo de amanh\u00e3.<\/p>\n<p>Sainz tamb\u00e9m falou sobre a competitividade interna, referindo que continua entre os jogadores com mais minutos e mantendo boa rela\u00e7\u00e3o com Oskar Pietuszewski, a quem reconheceu qualidade e maturidade para a idade.<\/p>\n","protected":false},"excerpt":{"rendered":"<ul>\n<li>O Porto enfrenta o Estugarda na segunda m\u00e3o dos oitavos de final da Liga Europa; Borja Sainz disse que o jogo ser\u00e1 diferente e que o advers\u00e1rio vem \u201ccom vontade de dar a volta\u201d.<\/li>\n<li>O extremo espanhol reconheceu que os alem\u00e3es ficaram em terceiro lugar na Bundesliga e ser\u00e3o um advers\u00e1rio dif\u00edcil, mas afirmou que a equipa tem feito as coisas bem.<\/li>\n<li>Sobre a seca de golos, Sainz explicou que n\u00e3o \u00e9 preocupa\u00e7\u00e3o e que o foco est\u00e1 no desempenho coletivo.<\/li>\n<li>Sainz elogiou a experi\u00eancia de Thiago Silva, desejando votos de for\u00e7a \u00e0 fam\u00edlia do jogador e comentando a possibilidade de dedicar um golo \u00e0 m\u00e3e de Thiago Silva caso aconte\u00e7a.<\/li>\n<li>O jogador acrescentou que continua entre os que t\u00eam mais minutos, mantendo boa rela\u00e7\u00e3o com Oskar Pietuszewski e destacando que o objetivo \u00e9 ajudar a equipa, passo a passo.<\/li>\n<\/ul>\n","protected":false},"author":2,"featured_media":414567,"comment_status":"closed","ping_status":"closed","sticky":false,"template":"","format":"standard","meta":{"footnotes":""},"categories":[21,24],"tags":[5180,5544,32,7363,982,3037],"class_list":["post-414559","post","type-post","status-publish","format-standard","has-post-thumbnail","hentry","category-desporto","category-futebol","tag-borja-sainz","tag-europa-league","tag-futebol","tag-oskar-pietuszewski","tag-porto","tag-thiago-silva"],"yoast_head":"<!-- This site is optimized with the Yoast SEO plugin v27.2 - https:\/\/yoast.com\/product\/yoast-seo-wordpress\/ -->\n<title>Borja Sainz: fizemos bem na Alemanha, mas h\u00e1 vontade de dar a volta - Portal Tela Portugal<\/title>\n<meta name=\"robots\" content=\"index, follow, max-snippet:-1, max-image-preview:large, max-video-preview:-1\" \/>\n<meta property=\"og:locale\" content=\"pt_PT\" \/>\n<meta property=\"og:type\" content=\"article\" \/>\n<meta property=\"og:title\" content=\"Borja Sainz: fizemos bem na Alemanha, mas h\u00e1 vontade de dar a volta - Portal Tela Portugal\" \/>\n<meta property=\"og:description\" content=\"O Porto enfrenta o Estugarda na segunda m\u00e3o dos oitavos de final da Liga Europa; Borja Sainz disse que o jogo ser\u00e1 diferente e que o advers\u00e1rio vem \u201ccom vontade de dar a volta\u201d. O extremo espanhol reconheceu que os alem\u00e3es ficaram em terceiro lugar na Bundesliga e ser\u00e3o um advers\u00e1rio dif\u00edcil, mas afirmou que a equipa tem feito as coisas bem. Sobre a seca de golos, Sainz explicou que n\u00e3o \u00e9 preocupa\u00e7\u00e3o e que o foco est\u00e1 no desempenho coletivo. Sainz elogiou a experi\u00eancia de Thiago Silva, desejando votos de for\u00e7a \u00e0 fam\u00edlia do jogador e comentando a possibilidade de dedicar um golo \u00e0 m\u00e3e de Thiago Silva caso aconte\u00e7a. O jogador acrescentou que continua entre os que t\u00eam mais minutos, mantendo boa rela\u00e7\u00e3o com Oskar Pietuszewski e destacando que o objetivo \u00e9 ajudar a equipa, passo a passo.\" \/>\n<meta property=\"og:url\" content=\"https:\/\/portaltela.pt\/noticias\/2026\/03\/18\/borja-sainz-fizemos-bem-na-alemanha-mas-ha-vontade-de-dar-a-volta\/\" \/>\n<meta property=\"og:site_name\" content=\"Portal Tela Portugal\" \/>\n<meta property=\"article:published_time\" content=\"2026-03-18T13:10:00+00:00\" \/>\n<meta name=\"author\" content=\"Telinha\" \/>\n<meta name=\"twitter:card\" content=\"summary_large_image\" \/>\n<meta name=\"twitter:label1\" content=\"Escrito por\" \/>\n\t<meta name=\"twitter:data1\" content=\"Telinha\" \/>\n\t<meta name=\"twitter:label2\" content=\"Tempo estimado de leitura\" \/>\n\t<meta name=\"twitter:data2\" content=\"1 minuto\" \/>\n<script type=\"application\/ld+json\" class=\"yoast-schema-graph\">{\"@context\":\"https:\/\/schema.org\",\"@graph\":[{\"@type\":\"Article\",\"@id\":\"https:\/\/portaltela.pt\/noticias\/2026\/03\/18\/borja-sainz-fizemos-bem-na-alemanha-mas-ha-vontade-de-dar-a-volta\/#article\",\"isPartOf\":{\"@id\":\"https:\/\/portaltela.pt\/noticias\/2026\/03\/18\/borja-sainz-fizemos-bem-na-alemanha-mas-ha-vontade-de-dar-a-volta\/\"},\"author\":{\"name\":\"Telinha\",\"@id\":\"https:\/\/portaltela.pt\/#\/schema\/person\/c4278d4a6028830caff9ee44b42d32ed\"},\"headline\":\"Borja Sainz: fizemos bem na Alemanha, mas h\u00e1 vontade de dar a volta\",\"datePublished\":\"2026-03-18T13:10:00+00:00\",\"mainEntityOfPage\":{\"@id\":\"https:\/\/portaltela.pt\/noticias\/2026\/03\/18\/borja-sainz-fizemos-bem-na-alemanha-mas-ha-vontade-de-dar-a-volta\/\"},\"wordCount\":298,\"image\":{\"@id\":\"https:\/\/portaltela.pt\/noticias\/2026\/03\/18\/borja-sainz-fizemos-bem-na-alemanha-mas-ha-vontade-de-dar-a-volta\/#primaryimage\"},\"thumbnailUrl\":\"https:\/\/portaltela.pt\/s.01k8rhncp4jt1\/2026\/03\/img_920x518uu2026-03-18-13-39-21-2427815-im-639094379825163855.jpg\",\"keywords\":[\"Borja Sainz\",\"Europa League\",\"futebol\",\"Oskar Pietuszewski\",\"Porto\",\"Thiago Silva\"],\"articleSection\":[\"Desporto\",\"Futebol\"],\"inLanguage\":\"pt-PT\"},{\"@type\":\"WebPage\",\"@id\":\"https:\/\/portaltela.pt\/noticias\/2026\/03\/18\/borja-sainz-fizemos-bem-na-alemanha-mas-ha-vontade-de-dar-a-volta\/\",\"url\":\"https:\/\/portaltela.pt\/noticias\/2026\/03\/18\/borja-sainz-fizemos-bem-na-alemanha-mas-ha-vontade-de-dar-a-volta\/\",\"name\":\"Borja Sainz: fizemos bem na Alemanha, mas h\u00e1 vontade de dar a volta - Portal Tela Portugal\",\"isPartOf\":{\"@id\":\"https:\/\/portaltela.pt\/#website\"},\"primaryImageOfPage\":{\"@id\":\"https:\/\/portaltela.pt\/noticias\/2026\/03\/18\/borja-sainz-fizemos-bem-na-alemanha-mas-ha-vontade-de-dar-a-volta\/#primaryimage\"},\"image\":{\"@id\":\"https:\/\/portaltela.pt\/noticias\/2026\/03\/18\/borja-sainz-fizemos-bem-na-alemanha-mas-ha-vontade-de-dar-a-volta\/#primaryimage\"},\"thumbnailUrl\":\"https:\/\/portaltela.pt\/s.01k8rhncp4jt1\/2026\/03\/img_920x518uu2026-03-18-13-39-21-2427815-im-639094379825163855.jpg\",\"datePublished\":\"2026-03-18T13:10:00+00:00\",\"author\":{\"@id\":\"https:\/\/portaltela.pt\/#\/schema\/person\/c4278d4a6028830caff9ee44b42d32ed\"},\"breadcrumb\":{\"@id\":\"https:\/\/portaltela.pt\/noticias\/2026\/03\/18\/borja-sainz-fizemos-bem-na-alemanha-mas-ha-vontade-de-dar-a-volta\/#breadcrumb\"},\"inLanguage\":\"pt-PT\",\"potentialAction\":[{\"@type\":\"ReadAction\",\"target\":[\"https:\/\/portaltela.pt\/noticias\/2026\/03\/18\/borja-sainz-fizemos-bem-na-alemanha-mas-ha-vontade-de-dar-a-volta\/\"]}]},{\"@type\":\"ImageObject\",\"inLanguage\":\"pt-PT\",\"@id\":\"https:\/\/portaltela.pt\/noticias\/2026\/03\/18\/borja-sainz-fizemos-bem-na-alemanha-mas-ha-vontade-de-dar-a-volta\/#primaryimage\",\"url\":\"https:\/\/portaltela.pt\/s.01k8rhncp4jt1\/2026\/03\/img_920x518uu2026-03-18-13-39-21-2427815-im-639094379825163855.jpg\",\"contentUrl\":\"https:\/\/portaltela.pt\/s.01k8rhncp4jt1\/2026\/03\/img_920x518uu2026-03-18-13-39-21-2427815-im-639094379825163855.jpg\",\"width\":796,\"height\":448,\"caption\":\"Borja Sainz em confer\u00eancia\"},{\"@type\":\"BreadcrumbList\",\"@id\":\"https:\/\/portaltela.pt\/noticias\/2026\/03\/18\/borja-sainz-fizemos-bem-na-alemanha-mas-ha-vontade-de-dar-a-volta\/#breadcrumb\",\"itemListElement\":[{\"@type\":\"ListItem\",\"position\":1,\"name\":\"In\u00edcio\",\"item\":\"https:\/\/portaltela.pt\/\"},{\"@type\":\"ListItem\",\"position\":2,\"name\":\"Borja Sainz: fizemos bem na Alemanha, mas h\u00e1 vontade de dar a volta\"}]},{\"@type\":\"WebSite\",\"@id\":\"https:\/\/portaltela.pt\/#website\",\"url\":\"https:\/\/portaltela.pt\/\",\"name\":\"Portal Tela Portugal\",\"description\":\"\",\"potentialAction\":[{\"@type\":\"SearchAction\",\"target\":{\"@type\":\"EntryPoint\",\"urlTemplate\":\"https:\/\/portaltela.pt\/?s={search_term_string}\"},\"query-input\":{\"@type\":\"PropertyValueSpecification\",\"valueRequired\":true,\"valueName\":\"search_term_string\"}}],\"inLanguage\":\"pt-PT\"},{\"@type\":\"Person\",\"@id\":\"https:\/\/portaltela.pt\/#\/schema\/person\/c4278d4a6028830caff9ee44b42d32ed\",\"name\":\"Telinha\",\"image\":{\"@type\":\"ImageObject\",\"inLanguage\":\"pt-PT\",\"@id\":\"https:\/\/portaltela.pt\/s.01k8rhncp4jt1\/2025\/11\/talking-bot-125x125.png\",\"url\":\"https:\/\/portaltela.pt\/s.01k8rhncp4jt1\/2025\/11\/talking-bot-125x125.png\",\"contentUrl\":\"https:\/\/portaltela.pt\/s.01k8rhncp4jt1\/2025\/11\/talking-bot-125x125.png\",\"caption\":\"Telinha\"},\"sameAs\":[\"https:\/\/portaltela.pt\/\"],\"url\":\"https:\/\/portaltela.pt\/por\/367410592786\/\"}]}<\/script>\n<!-- \/ Yoast SEO plugin. -->","yoast_head_json":{"title":"Borja Sainz: fizemos bem na Alemanha, mas h\u00e1 vontade de dar a volta - Portal Tela Portugal","robots":{"index":"index","follow":"follow","max-snippet":"max-snippet:-1","max-image-preview":"max-image-preview:large","max-video-preview":"max-video-preview:-1"},"og_locale":"pt_PT","og_type":"article","og_title":"Borja Sainz: fizemos bem na Alemanha, mas h\u00e1 vontade de dar a volta - Portal Tela Portugal","og_description":"O Porto enfrenta o Estugarda na segunda m\u00e3o dos oitavos de final da Liga Europa; Borja Sainz disse que o jogo ser\u00e1 diferente e que o advers\u00e1rio vem \u201ccom vontade de dar a volta\u201d. O extremo espanhol reconheceu que os alem\u00e3es ficaram em terceiro lugar na Bundesliga e ser\u00e3o um advers\u00e1rio dif\u00edcil, mas afirmou que a equipa tem feito as coisas bem. Sobre a seca de golos, Sainz explicou que n\u00e3o \u00e9 preocupa\u00e7\u00e3o e que o foco est\u00e1 no desempenho coletivo. Sainz elogiou a experi\u00eancia de Thiago Silva, desejando votos de for\u00e7a \u00e0 fam\u00edlia do jogador e comentando a possibilidade de dedicar um golo \u00e0 m\u00e3e de Thiago Silva caso aconte\u00e7a. O jogador acrescentou que continua entre os que t\u00eam mais minutos, mantendo boa rela\u00e7\u00e3o com Oskar Pietuszewski e destacando que o objetivo \u00e9 ajudar a equipa, passo a passo.","og_url":"https:\/\/portaltela.pt\/noticias\/2026\/03\/18\/borja-sainz-fizemos-bem-na-alemanha-mas-ha-vontade-de-dar-a-volta\/","og_site_name":"Portal Tela Portugal","article_published_time":"2026-03-18T13:10:00+00:00","author":"Telinha","twitter_card":"summary_large_image","twitter_misc":{"Escrito por":"Telinha","Tempo estimado de leitura":"1 minuto"},"schema":{"@context":"https:\/\/schema.org","@graph":[{"@type":"Article","@id":"https:\/\/portaltela.pt\/noticias\/2026\/03\/18\/borja-sainz-fizemos-bem-na-alemanha-mas-ha-vontade-de-dar-a-volta\/#article","isPartOf":{"@id":"https:\/\/portaltela.pt\/noticias\/2026\/03\/18\/borja-sainz-fizemos-bem-na-alemanha-mas-ha-vontade-de-dar-a-volta\/"},"author":{"name":"Telinha","@id":"https:\/\/portaltela.pt\/#\/schema\/person\/c4278d4a6028830caff9ee44b42d32ed"},"headline":"Borja Sainz: fizemos bem na Alemanha, mas h\u00e1 vontade de dar a volta","datePublished":"2026-03-18T13:10:00+00:00","mainEntityOfPage":{"@id":"https:\/\/portaltela.pt\/noticias\/2026\/03\/18\/borja-sainz-fizemos-bem-na-alemanha-mas-ha-vontade-de-dar-a-volta\/"},"wordCount":298,"image":{"@id":"https:\/\/portaltela.pt\/noticias\/2026\/03\/18\/borja-sainz-fizemos-bem-na-alemanha-mas-ha-vontade-de-dar-a-volta\/#primaryimage"},"thumbnailUrl":"https:\/\/portaltela.pt\/s.01k8rhncp4jt1\/2026\/03\/img_920x518uu2026-03-18-13-39-21-2427815-im-639094379825163855.jpg","keywords":["Borja Sainz","Europa League","futebol","Oskar Pietuszewski","Porto","Thiago Silva"],"articleSection":["Desporto","Futebol"],"inLanguage":"pt-PT"},{"@type":"WebPage","@id":"https:\/\/portaltela.pt\/noticias\/2026\/03\/18\/borja-sainz-fizemos-bem-na-alemanha-mas-ha-vontade-de-dar-a-volta\/","url":"https:\/\/portaltela.pt\/noticias\/2026\/03\/18\/borja-sainz-fizemos-bem-na-alemanha-mas-ha-vontade-de-dar-a-volta\/","name":"Borja Sainz: fizemos bem na Alemanha, mas h\u00e1 vontade de dar a volta - Portal Tela Portugal","isPartOf":{"@id":"https:\/\/portaltela.pt\/#website"},"primaryImageOfPage":{"@id":"https:\/\/portaltela.pt\/noticias\/2026\/03\/18\/borja-sainz-fizemos-bem-na-alemanha-mas-ha-vontade-de-dar-a-volta\/#primaryimage"},"image":{"@id":"https:\/\/portaltela.pt\/noticias\/2026\/03\/18\/borja-sainz-fizemos-bem-na-alemanha-mas-ha-vontade-de-dar-a-volta\/#primaryimage"},"thumbnailUrl":"https:\/\/portaltela.pt\/s.01k8rhncp4jt1\/2026\/03\/img_920x518uu2026-03-18-13-39-21-2427815-im-639094379825163855.jpg","datePublished":"2026-03-18T13:10:00+00:00","author":{"@id":"https:\/\/portaltela.pt\/#\/schema\/person\/c4278d4a6028830caff9ee44b42d32ed"},"breadcrumb":{"@id":"https:\/\/portaltela.pt\/noticias\/2026\/03\/18\/borja-sainz-fizemos-bem-na-alemanha-mas-ha-vontade-de-dar-a-volta\/#breadcrumb"},"inLanguage":"pt-PT","potentialAction":[{"@type":"ReadAction","target":["https:\/\/portaltela.pt\/noticias\/2026\/03\/18\/borja-sainz-fizemos-bem-na-alemanha-mas-ha-vontade-de-dar-a-volta\/"]}]},{"@type":"ImageObject","inLanguage":"pt-PT","@id":"https:\/\/portaltela.pt\/noticias\/2026\/03\/18\/borja-sainz-fizemos-bem-na-alemanha-mas-ha-vontade-de-dar-a-volta\/#primaryimage","url":"https:\/\/portaltela.pt\/s.01k8rhncp4jt1\/2026\/03\/img_920x518uu2026-03-18-13-39-21-2427815-im-639094379825163855.jpg","contentUrl":"https:\/\/portaltela.pt\/s.01k8rhncp4jt1\/2026\/03\/img_920x518uu2026-03-18-13-39-21-2427815-im-639094379825163855.jpg","width":796,"height":448,"caption":"Borja Sainz em confer\u00eancia"},{"@type":"BreadcrumbList","@id":"https:\/\/portaltela.pt\/noticias\/2026\/03\/18\/borja-sainz-fizemos-bem-na-alemanha-mas-ha-vontade-de-dar-a-volta\/#breadcrumb","itemListElement":[{"@type":"ListItem","position":1,"name":"In\u00edcio","item":"https:\/\/portaltela.pt\/"},{"@type":"ListItem","position":2,"name":"Borja Sainz: fizemos bem na Alemanha, mas h\u00e1 vontade de dar a volta"}]},{"@type":"WebSite","@id":"https:\/\/portaltela.pt\/#website","url":"https:\/\/portaltela.pt\/","name":"Portal Tela Portugal","description":"","potentialAction":[{"@type":"SearchAction","target":{"@type":"EntryPoint","urlTemplate":"https:\/\/portaltela.pt\/?s={search_term_string}"},"query-input":{"@type":"PropertyValueSpecification","valueRequired":true,"valueName":"search_term_string"}}],"inLanguage":"pt-PT"},{"@type":"Person","@id":"https:\/\/portaltela.pt\/#\/schema\/person\/c4278d4a6028830caff9ee44b42d32ed","name":"Telinha","image":{"@type":"ImageObject","inLanguage":"pt-PT","@id":"https:\/\/portaltela.pt\/s.01k8rhncp4jt1\/2025\/11\/talking-bot-125x125.png","url":"https:\/\/portaltela.pt\/s.01k8rhncp4jt1\/2025\/11\/talking-bot-125x125.png","contentUrl":"https:\/\/portaltela.pt\/s.01k8rhncp4jt1\/2025\/11\/talking-bot-125x125.png","caption":"Telinha"},"sameAs":["https:\/\/portaltela.pt\/"],"url":"https:\/\/portaltela.pt\/por\/367410592786\/"}]}},"_links":{"self":[{"href":"https:\/\/portaltela.pt\/api\/wp\/v2\/posts\/414559","targetHints":{"allow":["GET"]}}],"collection":[{"href":"https:\/\/portaltela.pt\/api\/wp\/v2\/posts"}],"about":[{"href":"https:\/\/portaltela.pt\/api\/wp\/v2\/types\/post"}],"author":[{"embeddable":true,"href":"https:\/\/portaltela.pt\/api\/wp\/v2\/users\/2"}],"replies":[{"embeddable":true,"href":"https:\/\/portaltela.pt\/api\/wp\/v2\/comments?post=414559"}],"version-history":[{"count":0,"href":"https:\/\/portaltela.pt\/api\/wp\/v2\/posts\/414559\/revisions"}],"wp:featuredmedia":[{"embeddable":true,"href":"https:\/\/portaltela.pt\/api\/wp\/v2\/media\/414567"}],"wp:attachment":[{"href":"https:\/\/portaltela.pt\/api\/wp\/v2\/media?parent=414559"}],"wp:term":[{"taxonomy":"category","embeddable":true,"href":"https:\/\/portaltela.pt\/api\/wp\/v2\/categories?post=414559"},{"taxonomy":"post_tag","embeddable":true,"href":"https:\/\/portaltela.pt\/api\/wp\/v2\/tags?post=414559"}],"curies":[{"name":"wp","href":"https:\/\/api.w.org\/{rel}","templated":true}]}}