{"id":414558,"date":"2026-03-18T10:41:17","date_gmt":"2026-03-18T13:41:17","guid":{"rendered":"https:\/\/portaltela.pt\/noticias\/2026\/03\/18\/cadeia-para-homem-por-roubo-de-telemovel-numa-paragem-de-autocarros\/"},"modified":"2026-03-18T10:41:17","modified_gmt":"2026-03-18T13:41:17","slug":"cadeia-para-homem-por-roubo-de-telemovel-numa-paragem-de-autocarros","status":"publish","type":"post","link":"https:\/\/portaltela.pt\/seguranca\/2026\/03\/18\/cadeia-para-homem-por-roubo-de-telemovel-numa-paragem-de-autocarros\/","title":{"rendered":"Cadeia para homem por roubo de telem\u00f3vel numa paragem de autocarros"},"content":{"rendered":"<p>Um homem de 37 anos foi detido por um agente da PSP que, de sa\u00edda de servi\u00e7o, testemunhou o roubo na Baixa de Lisboa. O incidente ocorreu na paragem de autocarros, junto a uma mulher.<\/p>\n<p>A v\u00edtima informou que o suspeito lhe retirou de forma violenta um telem\u00f3vel, avaliado em 270 euros, enquanto a mulher aguardava pelo autocarro. O assalto ocorreu durante a noite.<\/p>\n<p>O agente, que seguia em posi\u00e7\u00e3o de civil, perseguiu o ladr\u00e3o e conseguiu recuperar o telem\u00f3vel. A deten\u00e7\u00e3o aconteceu \u00e0s 00h16 de s\u00e1bado, no centro de Lisboa, processo que corre sob a esfera da PSP.<\/p>\n<p>O homem de 37 anos ficou em pris\u00e3o preventiva ap\u00f3s o epis\u00f3dio. A PSP confirmou a atua\u00e7\u00e3o do agente em servi\u00e7o n\u00e3o oficial e a recupera\u00e7\u00e3o do telem\u00f3vel roubado.<\/p>\n","protected":false},"excerpt":{"rendered":"<ul>\n<li>Um homem de 37 anos foi detido na Baixa de Lisboa por um agente da PSP que tinha sa\u00eddo de servi\u00e7o.<\/li>\n<li>O pol\u00edcia viu a v\u00edtima a gritar que lhe tinham roubado o telem\u00f3vel, avaliado em 270 euros.<\/li>\n<li>A deten\u00e7\u00e3o ocorreu \u00e0s 00h16 de s\u00e1bado, quando o pol\u00edcia em civil correu atr\u00e1s do suspeito.<\/li>\n<li>O ladr\u00e3o foi apanhado e o telem\u00f3vel recuperado.<\/li>\n<li>O suspeito ficou em pris\u00e3o preventiva.<\/li>\n<\/ul>\n","protected":false},"author":2,"featured_media":414564,"comment_status":"closed","ping_status":"closed","sticky":false,"template":"","format":"standard","meta":{"footnotes":""},"categories":[6907,6779],"tags":[147,4139,981,3418,203,1852],"class_list":["post-414558","post","type-post","status-publish","format-standard","has-post-thumbnail","hentry","category-crime","category-seguranca","tag-crime","tag-detencao","tag-lisboa","tag-policia-de-seguranca-publica","tag-roubo","tag-telemovel"],"yoast_head":"<!-- This site is optimized with the Yoast SEO plugin v27.2 - https:\/\/yoast.com\/product\/yoast-seo-wordpress\/ -->\n<title>Cadeia para homem por roubo de telem\u00f3vel numa paragem de autocarros - Portal Tela Portugal<\/title>\n<meta name=\"robots\" content=\"index, follow, max-snippet:-1, max-image-preview:large, max-video-preview:-1\" \/>\n<meta property=\"og:locale\" content=\"pt_PT\" \/>\n<meta property=\"og:type\" content=\"article\" \/>\n<meta property=\"og:title\" content=\"Cadeia para homem por roubo de telem\u00f3vel numa paragem de autocarros - Portal Tela Portugal\" \/>\n<meta property=\"og:description\" content=\"Um homem de 37 anos foi detido na Baixa de Lisboa por um agente da PSP que tinha sa\u00eddo de servi\u00e7o. O pol\u00edcia viu a v\u00edtima a gritar que lhe tinham roubado o telem\u00f3vel, avaliado em 270 euros. A deten\u00e7\u00e3o ocorreu \u00e0s 00h16 de s\u00e1bado, quando o pol\u00edcia em civil correu atr\u00e1s do suspeito. O ladr\u00e3o foi apanhado e o telem\u00f3vel recuperado. O suspeito ficou em pris\u00e3o preventiva.\" \/>\n<meta property=\"og:url\" content=\"https:\/\/portaltela.pt\/noticias\/2026\/03\/18\/cadeia-para-homem-por-roubo-de-telemovel-numa-paragem-de-autocarros\/\" \/>\n<meta property=\"og:site_name\" content=\"Portal Tela Portugal\" \/>\n<meta property=\"article:published_time\" content=\"2026-03-18T13:41:17+00:00\" \/>\n<meta name=\"author\" content=\"Telinha\" \/>\n<meta name=\"twitter:card\" content=\"summary_large_image\" \/>\n<meta name=\"twitter:label1\" content=\"Escrito por\" \/>\n\t<meta name=\"twitter:data1\" content=\"Telinha\" \/>\n\t<meta name=\"twitter:label2\" content=\"Tempo estimado de leitura\" \/>\n\t<meta name=\"twitter:data2\" content=\"1 minuto\" \/>\n<script type=\"application\/ld+json\" class=\"yoast-schema-graph\">{\"@context\":\"https:\/\/schema.org\",\"@graph\":[{\"@type\":\"Article\",\"@id\":\"https:\/\/portaltela.pt\/noticias\/2026\/03\/18\/cadeia-para-homem-por-roubo-de-telemovel-numa-paragem-de-autocarros\/#article\",\"isPartOf\":{\"@id\":\"https:\/\/portaltela.pt\/noticias\/2026\/03\/18\/cadeia-para-homem-por-roubo-de-telemovel-numa-paragem-de-autocarros\/\"},\"author\":{\"name\":\"Telinha\",\"@id\":\"https:\/\/portaltela.pt\/#\/schema\/person\/c4278d4a6028830caff9ee44b42d32ed\"},\"headline\":\"Cadeia para homem por roubo de telem\u00f3vel numa paragem de autocarros\",\"datePublished\":\"2026-03-18T13:41:17+00:00\",\"mainEntityOfPage\":{\"@id\":\"https:\/\/portaltela.pt\/noticias\/2026\/03\/18\/cadeia-para-homem-por-roubo-de-telemovel-numa-paragem-de-autocarros\/\"},\"wordCount\":154,\"image\":{\"@id\":\"https:\/\/portaltela.pt\/noticias\/2026\/03\/18\/cadeia-para-homem-por-roubo-de-telemovel-numa-paragem-de-autocarros\/#primaryimage\"},\"thumbnailUrl\":\"https:\/\/portaltela.pt\/s.01k8rhncp4jt1\/2026\/03\/img_1500x1000uu2025-11-15-16-38-52-2248463-im-639094349985676959.jpg\",\"keywords\":[\"crime\",\"deten\u00e7\u00e3o\",\"Lisboa\",\"Pol\u00edcia de Seguran\u00e7a P\u00fablica\",\"roubo\",\"telem\u00f3vel\"],\"articleSection\":[\"Crime\",\"Seguran\u00e7a\"],\"inLanguage\":\"pt-PT\"},{\"@type\":\"WebPage\",\"@id\":\"https:\/\/portaltela.pt\/noticias\/2026\/03\/18\/cadeia-para-homem-por-roubo-de-telemovel-numa-paragem-de-autocarros\/\",\"url\":\"https:\/\/portaltela.pt\/noticias\/2026\/03\/18\/cadeia-para-homem-por-roubo-de-telemovel-numa-paragem-de-autocarros\/\",\"name\":\"Cadeia para homem por roubo de telem\u00f3vel numa paragem de autocarros - Portal Tela Portugal\",\"isPartOf\":{\"@id\":\"https:\/\/portaltela.pt\/#website\"},\"primaryImageOfPage\":{\"@id\":\"https:\/\/portaltela.pt\/noticias\/2026\/03\/18\/cadeia-para-homem-por-roubo-de-telemovel-numa-paragem-de-autocarros\/#primaryimage\"},\"image\":{\"@id\":\"https:\/\/portaltela.pt\/noticias\/2026\/03\/18\/cadeia-para-homem-por-roubo-de-telemovel-numa-paragem-de-autocarros\/#primaryimage\"},\"thumbnailUrl\":\"https:\/\/portaltela.pt\/s.01k8rhncp4jt1\/2026\/03\/img_1500x1000uu2025-11-15-16-38-52-2248463-im-639094349985676959.jpg\",\"datePublished\":\"2026-03-18T13:41:17+00:00\",\"author\":{\"@id\":\"https:\/\/portaltela.pt\/#\/schema\/person\/c4278d4a6028830caff9ee44b42d32ed\"},\"breadcrumb\":{\"@id\":\"https:\/\/portaltela.pt\/noticias\/2026\/03\/18\/cadeia-para-homem-por-roubo-de-telemovel-numa-paragem-de-autocarros\/#breadcrumb\"},\"inLanguage\":\"pt-PT\",\"potentialAction\":[{\"@type\":\"ReadAction\",\"target\":[\"https:\/\/portaltela.pt\/noticias\/2026\/03\/18\/cadeia-para-homem-por-roubo-de-telemovel-numa-paragem-de-autocarros\/\"]}]},{\"@type\":\"ImageObject\",\"inLanguage\":\"pt-PT\",\"@id\":\"https:\/\/portaltela.pt\/noticias\/2026\/03\/18\/cadeia-para-homem-por-roubo-de-telemovel-numa-paragem-de-autocarros\/#primaryimage\",\"url\":\"https:\/\/portaltela.pt\/s.01k8rhncp4jt1\/2026\/03\/img_1500x1000uu2025-11-15-16-38-52-2248463-im-639094349985676959.jpg\",\"contentUrl\":\"https:\/\/portaltela.pt\/s.01k8rhncp4jt1\/2026\/03\/img_1500x1000uu2025-11-15-16-38-52-2248463-im-639094349985676959.jpg\",\"width\":796,\"height\":448,\"caption\":\"Agente da PSP 'ca\u00e7ou' o ladr\u00e3o ap\u00f3s sair de servi\u00e7o em Lisboa\"},{\"@type\":\"BreadcrumbList\",\"@id\":\"https:\/\/portaltela.pt\/noticias\/2026\/03\/18\/cadeia-para-homem-por-roubo-de-telemovel-numa-paragem-de-autocarros\/#breadcrumb\",\"itemListElement\":[{\"@type\":\"ListItem\",\"position\":1,\"name\":\"In\u00edcio\",\"item\":\"https:\/\/portaltela.pt\/\"},{\"@type\":\"ListItem\",\"position\":2,\"name\":\"Cadeia para homem por roubo de telem\u00f3vel numa paragem de autocarros\"}]},{\"@type\":\"WebSite\",\"@id\":\"https:\/\/portaltela.pt\/#website\",\"url\":\"https:\/\/portaltela.pt\/\",\"name\":\"Portal Tela Portugal\",\"description\":\"\",\"potentialAction\":[{\"@type\":\"SearchAction\",\"target\":{\"@type\":\"EntryPoint\",\"urlTemplate\":\"https:\/\/portaltela.pt\/?s={search_term_string}\"},\"query-input\":{\"@type\":\"PropertyValueSpecification\",\"valueRequired\":true,\"valueName\":\"search_term_string\"}}],\"inLanguage\":\"pt-PT\"},{\"@type\":\"Person\",\"@id\":\"https:\/\/portaltela.pt\/#\/schema\/person\/c4278d4a6028830caff9ee44b42d32ed\",\"name\":\"Telinha\",\"image\":{\"@type\":\"ImageObject\",\"inLanguage\":\"pt-PT\",\"@id\":\"https:\/\/portaltela.pt\/s.01k8rhncp4jt1\/2025\/11\/talking-bot-125x125.png\",\"url\":\"https:\/\/portaltela.pt\/s.01k8rhncp4jt1\/2025\/11\/talking-bot-125x125.png\",\"contentUrl\":\"https:\/\/portaltela.pt\/s.01k8rhncp4jt1\/2025\/11\/talking-bot-125x125.png\",\"caption\":\"Telinha\"},\"sameAs\":[\"https:\/\/portaltela.pt\/\"],\"url\":\"https:\/\/portaltela.pt\/por\/367410592786\/\"}]}<\/script>\n<!-- \/ Yoast SEO plugin. -->","yoast_head_json":{"title":"Cadeia para homem por roubo de telem\u00f3vel numa paragem de autocarros - Portal Tela Portugal","robots":{"index":"index","follow":"follow","max-snippet":"max-snippet:-1","max-image-preview":"max-image-preview:large","max-video-preview":"max-video-preview:-1"},"og_locale":"pt_PT","og_type":"article","og_title":"Cadeia para homem por roubo de telem\u00f3vel numa paragem de autocarros - Portal Tela Portugal","og_description":"Um homem de 37 anos foi detido na Baixa de Lisboa por um agente da PSP que tinha sa\u00eddo de servi\u00e7o. O pol\u00edcia viu a v\u00edtima a gritar que lhe tinham roubado o telem\u00f3vel, avaliado em 270 euros. A deten\u00e7\u00e3o ocorreu \u00e0s 00h16 de s\u00e1bado, quando o pol\u00edcia em civil correu atr\u00e1s do suspeito. O ladr\u00e3o foi apanhado e o telem\u00f3vel recuperado. O suspeito ficou em pris\u00e3o preventiva.","og_url":"https:\/\/portaltela.pt\/noticias\/2026\/03\/18\/cadeia-para-homem-por-roubo-de-telemovel-numa-paragem-de-autocarros\/","og_site_name":"Portal Tela Portugal","article_published_time":"2026-03-18T13:41:17+00:00","author":"Telinha","twitter_card":"summary_large_image","twitter_misc":{"Escrito por":"Telinha","Tempo estimado de leitura":"1 minuto"},"schema":{"@context":"https:\/\/schema.org","@graph":[{"@type":"Article","@id":"https:\/\/portaltela.pt\/noticias\/2026\/03\/18\/cadeia-para-homem-por-roubo-de-telemovel-numa-paragem-de-autocarros\/#article","isPartOf":{"@id":"https:\/\/portaltela.pt\/noticias\/2026\/03\/18\/cadeia-para-homem-por-roubo-de-telemovel-numa-paragem-de-autocarros\/"},"author":{"name":"Telinha","@id":"https:\/\/portaltela.pt\/#\/schema\/person\/c4278d4a6028830caff9ee44b42d32ed"},"headline":"Cadeia para homem por roubo de telem\u00f3vel numa paragem de autocarros","datePublished":"2026-03-18T13:41:17+00:00","mainEntityOfPage":{"@id":"https:\/\/portaltela.pt\/noticias\/2026\/03\/18\/cadeia-para-homem-por-roubo-de-telemovel-numa-paragem-de-autocarros\/"},"wordCount":154,"image":{"@id":"https:\/\/portaltela.pt\/noticias\/2026\/03\/18\/cadeia-para-homem-por-roubo-de-telemovel-numa-paragem-de-autocarros\/#primaryimage"},"thumbnailUrl":"https:\/\/portaltela.pt\/s.01k8rhncp4jt1\/2026\/03\/img_1500x1000uu2025-11-15-16-38-52-2248463-im-639094349985676959.jpg","keywords":["crime","deten\u00e7\u00e3o","Lisboa","Pol\u00edcia de Seguran\u00e7a P\u00fablica","roubo","telem\u00f3vel"],"articleSection":["Crime","Seguran\u00e7a"],"inLanguage":"pt-PT"},{"@type":"WebPage","@id":"https:\/\/portaltela.pt\/noticias\/2026\/03\/18\/cadeia-para-homem-por-roubo-de-telemovel-numa-paragem-de-autocarros\/","url":"https:\/\/portaltela.pt\/noticias\/2026\/03\/18\/cadeia-para-homem-por-roubo-de-telemovel-numa-paragem-de-autocarros\/","name":"Cadeia para homem por roubo de telem\u00f3vel numa paragem de autocarros - Portal Tela Portugal","isPartOf":{"@id":"https:\/\/portaltela.pt\/#website"},"primaryImageOfPage":{"@id":"https:\/\/portaltela.pt\/noticias\/2026\/03\/18\/cadeia-para-homem-por-roubo-de-telemovel-numa-paragem-de-autocarros\/#primaryimage"},"image":{"@id":"https:\/\/portaltela.pt\/noticias\/2026\/03\/18\/cadeia-para-homem-por-roubo-de-telemovel-numa-paragem-de-autocarros\/#primaryimage"},"thumbnailUrl":"https:\/\/portaltela.pt\/s.01k8rhncp4jt1\/2026\/03\/img_1500x1000uu2025-11-15-16-38-52-2248463-im-639094349985676959.jpg","datePublished":"2026-03-18T13:41:17+00:00","author":{"@id":"https:\/\/portaltela.pt\/#\/schema\/person\/c4278d4a6028830caff9ee44b42d32ed"},"breadcrumb":{"@id":"https:\/\/portaltela.pt\/noticias\/2026\/03\/18\/cadeia-para-homem-por-roubo-de-telemovel-numa-paragem-de-autocarros\/#breadcrumb"},"inLanguage":"pt-PT","potentialAction":[{"@type":"ReadAction","target":["https:\/\/portaltela.pt\/noticias\/2026\/03\/18\/cadeia-para-homem-por-roubo-de-telemovel-numa-paragem-de-autocarros\/"]}]},{"@type":"ImageObject","inLanguage":"pt-PT","@id":"https:\/\/portaltela.pt\/noticias\/2026\/03\/18\/cadeia-para-homem-por-roubo-de-telemovel-numa-paragem-de-autocarros\/#primaryimage","url":"https:\/\/portaltela.pt\/s.01k8rhncp4jt1\/2026\/03\/img_1500x1000uu2025-11-15-16-38-52-2248463-im-639094349985676959.jpg","contentUrl":"https:\/\/portaltela.pt\/s.01k8rhncp4jt1\/2026\/03\/img_1500x1000uu2025-11-15-16-38-52-2248463-im-639094349985676959.jpg","width":796,"height":448,"caption":"Agente da PSP 'ca\u00e7ou' o ladr\u00e3o ap\u00f3s sair de servi\u00e7o em Lisboa"},{"@type":"BreadcrumbList","@id":"https:\/\/portaltela.pt\/noticias\/2026\/03\/18\/cadeia-para-homem-por-roubo-de-telemovel-numa-paragem-de-autocarros\/#breadcrumb","itemListElement":[{"@type":"ListItem","position":1,"name":"In\u00edcio","item":"https:\/\/portaltela.pt\/"},{"@type":"ListItem","position":2,"name":"Cadeia para homem por roubo de telem\u00f3vel numa paragem de autocarros"}]},{"@type":"WebSite","@id":"https:\/\/portaltela.pt\/#website","url":"https:\/\/portaltela.pt\/","name":"Portal Tela Portugal","description":"","potentialAction":[{"@type":"SearchAction","target":{"@type":"EntryPoint","urlTemplate":"https:\/\/portaltela.pt\/?s={search_term_string}"},"query-input":{"@type":"PropertyValueSpecification","valueRequired":true,"valueName":"search_term_string"}}],"inLanguage":"pt-PT"},{"@type":"Person","@id":"https:\/\/portaltela.pt\/#\/schema\/person\/c4278d4a6028830caff9ee44b42d32ed","name":"Telinha","image":{"@type":"ImageObject","inLanguage":"pt-PT","@id":"https:\/\/portaltela.pt\/s.01k8rhncp4jt1\/2025\/11\/talking-bot-125x125.png","url":"https:\/\/portaltela.pt\/s.01k8rhncp4jt1\/2025\/11\/talking-bot-125x125.png","contentUrl":"https:\/\/portaltela.pt\/s.01k8rhncp4jt1\/2025\/11\/talking-bot-125x125.png","caption":"Telinha"},"sameAs":["https:\/\/portaltela.pt\/"],"url":"https:\/\/portaltela.pt\/por\/367410592786\/"}]}},"_links":{"self":[{"href":"https:\/\/portaltela.pt\/api\/wp\/v2\/posts\/414558","targetHints":{"allow":["GET"]}}],"collection":[{"href":"https:\/\/portaltela.pt\/api\/wp\/v2\/posts"}],"about":[{"href":"https:\/\/portaltela.pt\/api\/wp\/v2\/types\/post"}],"author":[{"embeddable":true,"href":"https:\/\/portaltela.pt\/api\/wp\/v2\/users\/2"}],"replies":[{"embeddable":true,"href":"https:\/\/portaltela.pt\/api\/wp\/v2\/comments?post=414558"}],"version-history":[{"count":0,"href":"https:\/\/portaltela.pt\/api\/wp\/v2\/posts\/414558\/revisions"}],"wp:featuredmedia":[{"embeddable":true,"href":"https:\/\/portaltela.pt\/api\/wp\/v2\/media\/414564"}],"wp:attachment":[{"href":"https:\/\/portaltela.pt\/api\/wp\/v2\/media?parent=414558"}],"wp:term":[{"taxonomy":"category","embeddable":true,"href":"https:\/\/portaltela.pt\/api\/wp\/v2\/categories?post=414558"},{"taxonomy":"post_tag","embeddable":true,"href":"https:\/\/portaltela.pt\/api\/wp\/v2\/tags?post=414558"}],"curies":[{"name":"wp","href":"https:\/\/api.w.org\/{rel}","templated":true}]}}