{"id":414557,"date":"2026-03-18T10:30:00","date_gmt":"2026-03-18T13:30:00","guid":{"rendered":"https:\/\/portaltela.pt\/noticias\/2026\/03\/18\/thiago-silva-comenta-o-luto-relacionado-a-borja-e-afirma-que-e-muito-duro\/"},"modified":"2026-03-18T10:30:00","modified_gmt":"2026-03-18T13:30:00","slug":"thiago-silva-comenta-o-luto-relacionado-a-borja-e-afirma-que-e-muito-duro","status":"publish","type":"post","link":"https:\/\/portaltela.pt\/desporto\/futebol\/2026\/03\/18\/thiago-silva-comenta-o-luto-relacionado-a-borja-e-afirma-que-e-muito-duro\/","title":{"rendered":"Thiago Silva comenta o luto relacionado a Borja e afirma que \u00e9 muito duro"},"content":{"rendered":"<p>Borja Sainz analisou a segunda m\u00e3o dos oitavos de final da Liga Europa, frente ao Estugarda. O extremo espanhol chega tranquilo, mesmo a atravessar um periodo sem tantos golos como no in\u00edcio da \u00e9poca. O foco permanece em fazer as coisas certas no jogo de amanh\u00e3.<\/p>\n<p>O jogador refor\u00e7ou que o confronto ser\u00e1 diferente da primeira m\u00e3o, com o Estugarda a entrar em busca de vit\u00f3ria. Apesar de menos minutos a titular, mant\u00e9m a confian\u00e7a no grupo e admite que marcar \u00e9 sempre positivo, mas o essencial \u00e9 contribuir para a equipa.<\/p>\n<p>Borja tamb\u00e9m comentou a chegada de Oskar Pietuszewski ao plantel, visto como concorrente para a posi\u00e7\u00e3o de extremo esquerdo. Diz manter boa rela\u00e7\u00e3o com o rec\u00e9m-chegado e elogia o seu talento e maturidade.<\/p>\n<h3>Emocional no grupo e apoio a Thiago Silva<\/h3>\n<p>O apontador destacou a import\u00e2ncia de Thiago Silva, que recentemente sofreu a perda da m\u00e3e. O defesa-central tem a ajuda dos colegas e o plantel est\u00e1 unido neste momento dif\u00edcil, segundo Borja.<\/p>\n<p>O jogador portugu\u00eas indicou que entende o peso da situa\u00e7\u00e3o, tendo passado por algo semelhante. Desejou for\u00e7a \u00e0 fam\u00edlia de Thiago e manifestou a convic\u00e7\u00e3o de que o central ter\u00e1 uma boa exibi\u00e7\u00e3o e poder\u00e1 dedicar um golo \u00e0 mem\u00f3ria da m\u00e3e.<\/p>\n","protected":false},"excerpt":{"rendered":"<ul>\n<li>Borja Sainz antecipa o jogo com Estugarda, na segunda m\u00e3o dos oitavos de final da Liga Europa, e diz que o encontro ser\u00e1 diferente da primeira m\u00e3o, mantendo a equipa preparada para entrar com tudo.<\/li>\n<li>O extremo espanhol afirma que n\u00e3o o preocupa marcar menos golos recentemente, o foco \u00e9 ajudar a equipa e manter a tranquilidade no desempenho.<\/li>\n<li>Refere a chegada de Oskar Pietuszewski ao plantel, elogiando o colega e dizendo que tem rela\u00e7\u00e3o boa com ele e um futuro promissor.<\/li>\n<li>Fala do papel de Thiago Silva no grupo, ap\u00f3s o central de 41 anos perder a m\u00e3e, oferecendo as condol\u00eancias \u00e0 fam\u00edlia.<\/li>\n<li>Deseja que Thiago tenha uma grande exibi\u00e7\u00e3o na pr\u00f3xima ronda e que possa marcar para dedicar o golo \u00e0 m\u00e3e, sublinhando que a equipa \u00e9 uma fam\u00edlia.<\/li>\n<\/ul>\n","protected":false},"author":2,"featured_media":414565,"comment_status":"closed","ping_status":"closed","sticky":false,"template":"","format":"standard","meta":{"footnotes":""},"categories":[21,24],"tags":[5180,1229,5544,32,242,3037],"class_list":["post-414557","post","type-post","status-publish","format-standard","has-post-thumbnail","hentry","category-desporto","category-futebol","tag-borja-sainz","tag-estugarda","tag-europa-league","tag-futebol","tag-jogadores","tag-thiago-silva"],"yoast_head":"<!-- This site is optimized with the Yoast SEO plugin v27.2 - https:\/\/yoast.com\/product\/yoast-seo-wordpress\/ -->\n<title>Thiago Silva comenta o luto relacionado a Borja e afirma que \u00e9 muito duro - Portal Tela Portugal<\/title>\n<meta name=\"robots\" content=\"index, follow, max-snippet:-1, max-image-preview:large, max-video-preview:-1\" \/>\n<meta property=\"og:locale\" content=\"pt_PT\" \/>\n<meta property=\"og:type\" content=\"article\" \/>\n<meta property=\"og:title\" content=\"Thiago Silva comenta o luto relacionado a Borja e afirma que \u00e9 muito duro - Portal Tela Portugal\" \/>\n<meta property=\"og:description\" content=\"Borja Sainz antecipa o jogo com Estugarda, na segunda m\u00e3o dos oitavos de final da Liga Europa, e diz que o encontro ser\u00e1 diferente da primeira m\u00e3o, mantendo a equipa preparada para entrar com tudo. O extremo espanhol afirma que n\u00e3o o preocupa marcar menos golos recentemente, o foco \u00e9 ajudar a equipa e manter a tranquilidade no desempenho. Refere a chegada de Oskar Pietuszewski ao plantel, elogiando o colega e dizendo que tem rela\u00e7\u00e3o boa com ele e um futuro promissor. Fala do papel de Thiago Silva no grupo, ap\u00f3s o central de 41 anos perder a m\u00e3e, oferecendo as condol\u00eancias \u00e0 fam\u00edlia. Deseja que Thiago tenha uma grande exibi\u00e7\u00e3o na pr\u00f3xima ronda e que possa marcar para dedicar o golo \u00e0 m\u00e3e, sublinhando que a equipa \u00e9 uma fam\u00edlia.\" \/>\n<meta property=\"og:url\" content=\"https:\/\/portaltela.pt\/noticias\/2026\/03\/18\/thiago-silva-comenta-o-luto-relacionado-a-borja-e-afirma-que-e-muito-duro\/\" \/>\n<meta property=\"og:site_name\" content=\"Portal Tela Portugal\" \/>\n<meta property=\"article:published_time\" content=\"2026-03-18T13:30:00+00:00\" \/>\n<meta name=\"author\" content=\"Telinha\" \/>\n<meta name=\"twitter:card\" content=\"summary_large_image\" \/>\n<meta name=\"twitter:label1\" content=\"Escrito por\" \/>\n\t<meta name=\"twitter:data1\" content=\"Telinha\" \/>\n\t<meta name=\"twitter:label2\" content=\"Tempo estimado de leitura\" \/>\n\t<meta name=\"twitter:data2\" content=\"1 minuto\" \/>\n<script type=\"application\/ld+json\" class=\"yoast-schema-graph\">{\"@context\":\"https:\/\/schema.org\",\"@graph\":[{\"@type\":\"Article\",\"@id\":\"https:\/\/portaltela.pt\/noticias\/2026\/03\/18\/thiago-silva-comenta-o-luto-relacionado-a-borja-e-afirma-que-e-muito-duro\/#article\",\"isPartOf\":{\"@id\":\"https:\/\/portaltela.pt\/noticias\/2026\/03\/18\/thiago-silva-comenta-o-luto-relacionado-a-borja-e-afirma-que-e-muito-duro\/\"},\"author\":{\"name\":\"Telinha\",\"@id\":\"https:\/\/portaltela.pt\/#\/schema\/person\/c4278d4a6028830caff9ee44b42d32ed\"},\"headline\":\"Thiago Silva comenta o luto relacionado a Borja e afirma que \u00e9 muito duro\",\"datePublished\":\"2026-03-18T13:30:00+00:00\",\"mainEntityOfPage\":{\"@id\":\"https:\/\/portaltela.pt\/noticias\/2026\/03\/18\/thiago-silva-comenta-o-luto-relacionado-a-borja-e-afirma-que-e-muito-duro\/\"},\"wordCount\":238,\"image\":{\"@id\":\"https:\/\/portaltela.pt\/noticias\/2026\/03\/18\/thiago-silva-comenta-o-luto-relacionado-a-borja-e-afirma-que-e-muito-duro\/#primaryimage\"},\"thumbnailUrl\":\"https:\/\/portaltela.pt\/s.01k8rhncp4jt1\/2026\/03\/image-1191.jpg\",\"keywords\":[\"Borja Sainz\",\"Estugarda\",\"Europa League\",\"futebol\",\"jogadores\",\"Thiago Silva\"],\"articleSection\":[\"Desporto\",\"Futebol\"],\"inLanguage\":\"pt-PT\"},{\"@type\":\"WebPage\",\"@id\":\"https:\/\/portaltela.pt\/noticias\/2026\/03\/18\/thiago-silva-comenta-o-luto-relacionado-a-borja-e-afirma-que-e-muito-duro\/\",\"url\":\"https:\/\/portaltela.pt\/noticias\/2026\/03\/18\/thiago-silva-comenta-o-luto-relacionado-a-borja-e-afirma-que-e-muito-duro\/\",\"name\":\"Thiago Silva comenta o luto relacionado a Borja e afirma que \u00e9 muito duro - Portal Tela Portugal\",\"isPartOf\":{\"@id\":\"https:\/\/portaltela.pt\/#website\"},\"primaryImageOfPage\":{\"@id\":\"https:\/\/portaltela.pt\/noticias\/2026\/03\/18\/thiago-silva-comenta-o-luto-relacionado-a-borja-e-afirma-que-e-muito-duro\/#primaryimage\"},\"image\":{\"@id\":\"https:\/\/portaltela.pt\/noticias\/2026\/03\/18\/thiago-silva-comenta-o-luto-relacionado-a-borja-e-afirma-que-e-muito-duro\/#primaryimage\"},\"thumbnailUrl\":\"https:\/\/portaltela.pt\/s.01k8rhncp4jt1\/2026\/03\/image-1191.jpg\",\"datePublished\":\"2026-03-18T13:30:00+00:00\",\"author\":{\"@id\":\"https:\/\/portaltela.pt\/#\/schema\/person\/c4278d4a6028830caff9ee44b42d32ed\"},\"breadcrumb\":{\"@id\":\"https:\/\/portaltela.pt\/noticias\/2026\/03\/18\/thiago-silva-comenta-o-luto-relacionado-a-borja-e-afirma-que-e-muito-duro\/#breadcrumb\"},\"inLanguage\":\"pt-PT\",\"potentialAction\":[{\"@type\":\"ReadAction\",\"target\":[\"https:\/\/portaltela.pt\/noticias\/2026\/03\/18\/thiago-silva-comenta-o-luto-relacionado-a-borja-e-afirma-que-e-muito-duro\/\"]}]},{\"@type\":\"ImageObject\",\"inLanguage\":\"pt-PT\",\"@id\":\"https:\/\/portaltela.pt\/noticias\/2026\/03\/18\/thiago-silva-comenta-o-luto-relacionado-a-borja-e-afirma-que-e-muito-duro\/#primaryimage\",\"url\":\"https:\/\/portaltela.pt\/s.01k8rhncp4jt1\/2026\/03\/image-1191.jpg\",\"contentUrl\":\"https:\/\/portaltela.pt\/s.01k8rhncp4jt1\/2026\/03\/image-1191.jpg\",\"width\":796,\"height\":448,\"caption\":\"Borja Sainz com Farioli durante a confer\u00eancia de imprensa de antevis\u00e3o do duelo com o Estugarda\"},{\"@type\":\"BreadcrumbList\",\"@id\":\"https:\/\/portaltela.pt\/noticias\/2026\/03\/18\/thiago-silva-comenta-o-luto-relacionado-a-borja-e-afirma-que-e-muito-duro\/#breadcrumb\",\"itemListElement\":[{\"@type\":\"ListItem\",\"position\":1,\"name\":\"In\u00edcio\",\"item\":\"https:\/\/portaltela.pt\/\"},{\"@type\":\"ListItem\",\"position\":2,\"name\":\"Thiago Silva comenta o luto relacionado a Borja e afirma que \u00e9 muito duro\"}]},{\"@type\":\"WebSite\",\"@id\":\"https:\/\/portaltela.pt\/#website\",\"url\":\"https:\/\/portaltela.pt\/\",\"name\":\"Portal Tela Portugal\",\"description\":\"\",\"potentialAction\":[{\"@type\":\"SearchAction\",\"target\":{\"@type\":\"EntryPoint\",\"urlTemplate\":\"https:\/\/portaltela.pt\/?s={search_term_string}\"},\"query-input\":{\"@type\":\"PropertyValueSpecification\",\"valueRequired\":true,\"valueName\":\"search_term_string\"}}],\"inLanguage\":\"pt-PT\"},{\"@type\":\"Person\",\"@id\":\"https:\/\/portaltela.pt\/#\/schema\/person\/c4278d4a6028830caff9ee44b42d32ed\",\"name\":\"Telinha\",\"image\":{\"@type\":\"ImageObject\",\"inLanguage\":\"pt-PT\",\"@id\":\"https:\/\/portaltela.pt\/s.01k8rhncp4jt1\/2025\/11\/talking-bot-125x125.png\",\"url\":\"https:\/\/portaltela.pt\/s.01k8rhncp4jt1\/2025\/11\/talking-bot-125x125.png\",\"contentUrl\":\"https:\/\/portaltela.pt\/s.01k8rhncp4jt1\/2025\/11\/talking-bot-125x125.png\",\"caption\":\"Telinha\"},\"sameAs\":[\"https:\/\/portaltela.pt\/\"],\"url\":\"https:\/\/portaltela.pt\/por\/367410592786\/\"}]}<\/script>\n<!-- \/ Yoast SEO plugin. -->","yoast_head_json":{"title":"Thiago Silva comenta o luto relacionado a Borja e afirma que \u00e9 muito duro - Portal Tela Portugal","robots":{"index":"index","follow":"follow","max-snippet":"max-snippet:-1","max-image-preview":"max-image-preview:large","max-video-preview":"max-video-preview:-1"},"og_locale":"pt_PT","og_type":"article","og_title":"Thiago Silva comenta o luto relacionado a Borja e afirma que \u00e9 muito duro - Portal Tela Portugal","og_description":"Borja Sainz antecipa o jogo com Estugarda, na segunda m\u00e3o dos oitavos de final da Liga Europa, e diz que o encontro ser\u00e1 diferente da primeira m\u00e3o, mantendo a equipa preparada para entrar com tudo. O extremo espanhol afirma que n\u00e3o o preocupa marcar menos golos recentemente, o foco \u00e9 ajudar a equipa e manter a tranquilidade no desempenho. Refere a chegada de Oskar Pietuszewski ao plantel, elogiando o colega e dizendo que tem rela\u00e7\u00e3o boa com ele e um futuro promissor. Fala do papel de Thiago Silva no grupo, ap\u00f3s o central de 41 anos perder a m\u00e3e, oferecendo as condol\u00eancias \u00e0 fam\u00edlia. Deseja que Thiago tenha uma grande exibi\u00e7\u00e3o na pr\u00f3xima ronda e que possa marcar para dedicar o golo \u00e0 m\u00e3e, sublinhando que a equipa \u00e9 uma fam\u00edlia.","og_url":"https:\/\/portaltela.pt\/noticias\/2026\/03\/18\/thiago-silva-comenta-o-luto-relacionado-a-borja-e-afirma-que-e-muito-duro\/","og_site_name":"Portal Tela Portugal","article_published_time":"2026-03-18T13:30:00+00:00","author":"Telinha","twitter_card":"summary_large_image","twitter_misc":{"Escrito por":"Telinha","Tempo estimado de leitura":"1 minuto"},"schema":{"@context":"https:\/\/schema.org","@graph":[{"@type":"Article","@id":"https:\/\/portaltela.pt\/noticias\/2026\/03\/18\/thiago-silva-comenta-o-luto-relacionado-a-borja-e-afirma-que-e-muito-duro\/#article","isPartOf":{"@id":"https:\/\/portaltela.pt\/noticias\/2026\/03\/18\/thiago-silva-comenta-o-luto-relacionado-a-borja-e-afirma-que-e-muito-duro\/"},"author":{"name":"Telinha","@id":"https:\/\/portaltela.pt\/#\/schema\/person\/c4278d4a6028830caff9ee44b42d32ed"},"headline":"Thiago Silva comenta o luto relacionado a Borja e afirma que \u00e9 muito duro","datePublished":"2026-03-18T13:30:00+00:00","mainEntityOfPage":{"@id":"https:\/\/portaltela.pt\/noticias\/2026\/03\/18\/thiago-silva-comenta-o-luto-relacionado-a-borja-e-afirma-que-e-muito-duro\/"},"wordCount":238,"image":{"@id":"https:\/\/portaltela.pt\/noticias\/2026\/03\/18\/thiago-silva-comenta-o-luto-relacionado-a-borja-e-afirma-que-e-muito-duro\/#primaryimage"},"thumbnailUrl":"https:\/\/portaltela.pt\/s.01k8rhncp4jt1\/2026\/03\/image-1191.jpg","keywords":["Borja Sainz","Estugarda","Europa League","futebol","jogadores","Thiago Silva"],"articleSection":["Desporto","Futebol"],"inLanguage":"pt-PT"},{"@type":"WebPage","@id":"https:\/\/portaltela.pt\/noticias\/2026\/03\/18\/thiago-silva-comenta-o-luto-relacionado-a-borja-e-afirma-que-e-muito-duro\/","url":"https:\/\/portaltela.pt\/noticias\/2026\/03\/18\/thiago-silva-comenta-o-luto-relacionado-a-borja-e-afirma-que-e-muito-duro\/","name":"Thiago Silva comenta o luto relacionado a Borja e afirma que \u00e9 muito duro - Portal Tela Portugal","isPartOf":{"@id":"https:\/\/portaltela.pt\/#website"},"primaryImageOfPage":{"@id":"https:\/\/portaltela.pt\/noticias\/2026\/03\/18\/thiago-silva-comenta-o-luto-relacionado-a-borja-e-afirma-que-e-muito-duro\/#primaryimage"},"image":{"@id":"https:\/\/portaltela.pt\/noticias\/2026\/03\/18\/thiago-silva-comenta-o-luto-relacionado-a-borja-e-afirma-que-e-muito-duro\/#primaryimage"},"thumbnailUrl":"https:\/\/portaltela.pt\/s.01k8rhncp4jt1\/2026\/03\/image-1191.jpg","datePublished":"2026-03-18T13:30:00+00:00","author":{"@id":"https:\/\/portaltela.pt\/#\/schema\/person\/c4278d4a6028830caff9ee44b42d32ed"},"breadcrumb":{"@id":"https:\/\/portaltela.pt\/noticias\/2026\/03\/18\/thiago-silva-comenta-o-luto-relacionado-a-borja-e-afirma-que-e-muito-duro\/#breadcrumb"},"inLanguage":"pt-PT","potentialAction":[{"@type":"ReadAction","target":["https:\/\/portaltela.pt\/noticias\/2026\/03\/18\/thiago-silva-comenta-o-luto-relacionado-a-borja-e-afirma-que-e-muito-duro\/"]}]},{"@type":"ImageObject","inLanguage":"pt-PT","@id":"https:\/\/portaltela.pt\/noticias\/2026\/03\/18\/thiago-silva-comenta-o-luto-relacionado-a-borja-e-afirma-que-e-muito-duro\/#primaryimage","url":"https:\/\/portaltela.pt\/s.01k8rhncp4jt1\/2026\/03\/image-1191.jpg","contentUrl":"https:\/\/portaltela.pt\/s.01k8rhncp4jt1\/2026\/03\/image-1191.jpg","width":796,"height":448,"caption":"Borja Sainz com Farioli durante a confer\u00eancia de imprensa de antevis\u00e3o do duelo com o Estugarda"},{"@type":"BreadcrumbList","@id":"https:\/\/portaltela.pt\/noticias\/2026\/03\/18\/thiago-silva-comenta-o-luto-relacionado-a-borja-e-afirma-que-e-muito-duro\/#breadcrumb","itemListElement":[{"@type":"ListItem","position":1,"name":"In\u00edcio","item":"https:\/\/portaltela.pt\/"},{"@type":"ListItem","position":2,"name":"Thiago Silva comenta o luto relacionado a Borja e afirma que \u00e9 muito duro"}]},{"@type":"WebSite","@id":"https:\/\/portaltela.pt\/#website","url":"https:\/\/portaltela.pt\/","name":"Portal Tela Portugal","description":"","potentialAction":[{"@type":"SearchAction","target":{"@type":"EntryPoint","urlTemplate":"https:\/\/portaltela.pt\/?s={search_term_string}"},"query-input":{"@type":"PropertyValueSpecification","valueRequired":true,"valueName":"search_term_string"}}],"inLanguage":"pt-PT"},{"@type":"Person","@id":"https:\/\/portaltela.pt\/#\/schema\/person\/c4278d4a6028830caff9ee44b42d32ed","name":"Telinha","image":{"@type":"ImageObject","inLanguage":"pt-PT","@id":"https:\/\/portaltela.pt\/s.01k8rhncp4jt1\/2025\/11\/talking-bot-125x125.png","url":"https:\/\/portaltela.pt\/s.01k8rhncp4jt1\/2025\/11\/talking-bot-125x125.png","contentUrl":"https:\/\/portaltela.pt\/s.01k8rhncp4jt1\/2025\/11\/talking-bot-125x125.png","caption":"Telinha"},"sameAs":["https:\/\/portaltela.pt\/"],"url":"https:\/\/portaltela.pt\/por\/367410592786\/"}]}},"_links":{"self":[{"href":"https:\/\/portaltela.pt\/api\/wp\/v2\/posts\/414557","targetHints":{"allow":["GET"]}}],"collection":[{"href":"https:\/\/portaltela.pt\/api\/wp\/v2\/posts"}],"about":[{"href":"https:\/\/portaltela.pt\/api\/wp\/v2\/types\/post"}],"author":[{"embeddable":true,"href":"https:\/\/portaltela.pt\/api\/wp\/v2\/users\/2"}],"replies":[{"embeddable":true,"href":"https:\/\/portaltela.pt\/api\/wp\/v2\/comments?post=414557"}],"version-history":[{"count":0,"href":"https:\/\/portaltela.pt\/api\/wp\/v2\/posts\/414557\/revisions"}],"wp:featuredmedia":[{"embeddable":true,"href":"https:\/\/portaltela.pt\/api\/wp\/v2\/media\/414565"}],"wp:attachment":[{"href":"https:\/\/portaltela.pt\/api\/wp\/v2\/media?parent=414557"}],"wp:term":[{"taxonomy":"category","embeddable":true,"href":"https:\/\/portaltela.pt\/api\/wp\/v2\/categories?post=414557"},{"taxonomy":"post_tag","embeddable":true,"href":"https:\/\/portaltela.pt\/api\/wp\/v2\/tags?post=414557"}],"curies":[{"name":"wp","href":"https:\/\/api.w.org\/{rel}","templated":true}]}}