{"id":414542,"date":"2026-03-18T08:21:00","date_gmt":"2026-03-18T11:21:00","guid":{"rendered":"https:\/\/portaltela.pt\/noticias\/2026\/03\/18\/renovaveis-geram-79-da-eletricidade-ate-fevereiro-3o-melhor-registo-europeu\/"},"modified":"2026-03-18T08:21:00","modified_gmt":"2026-03-18T11:21:00","slug":"renovaveis-geram-79-da-eletricidade-ate-fevereiro-3o-melhor-registo-europeu","status":"publish","type":"post","link":"https:\/\/portaltela.pt\/noticias\/2026\/03\/18\/renovaveis-geram-79-da-eletricidade-ate-fevereiro-3o-melhor-registo-europeu\/","title":{"rendered":"Renov\u00e1veis geram 79% da eletricidade at\u00e9 fevereiro, 3\u00ba melhor registo europeu"},"content":{"rendered":"<p>Nos dois primeiros meses do ano, as energias renov\u00e1veis garantiram 79,0% da eletricidade produzida em Portugal continental. O dado situa o pa\u00eds no terceiro lugar entre as na\u00e7\u00f5es europeias em termos de incorpora\u00e7\u00e3o renov\u00e1vel, segundo a APR\u00caN.<\/p>\n<p>A entidade APR\u00caN revela que a participa\u00e7\u00e3o das renov\u00e1veis manteve-se acima de quatro quintos da oferta el\u00e9ctrica registada no per\u00edodo, refletindo a matura\u00e7\u00e3o do parque gera\u00e7\u00e3o e a variabilidade clim\u00e1tica.<\/p>\n<p>O relat\u00f3rio divulgado pela APR\u00caN n\u00e3o detalha, para j\u00e1, fatores espec\u00edficos que explicam o desempenho neste in\u00edcio de ano, mas refor\u00e7a a tend\u00eancia de crescimento da produ\u00e7\u00e3o com fontes limpas na rede nacional.<\/p>\n","protected":false},"excerpt":{"rendered":"<ul>\n<li>As energias renov\u00e1veis geraram 79,0% da eletricidade produzida em Portugal continental nos dois primeiros meses do ano.<\/li>\n<li>O registo \u00e9 o terceiro melhor da Europa em termos de incorpora\u00e7\u00e3o renov\u00e1vel.<\/li>\n<li>A informa\u00e7\u00e3o foi revelada pela Associa\u00e7\u00e3o Portuguesa de Energias Renov\u00e1veis (APREN).<\/li>\n<li>O desempenho posiciona Portugal entre os pa\u00edses europeus com maior participa\u00e7\u00e3o de renov\u00e1veis na eletricidade produzida.<\/li>\n<\/ul>\n","protected":false},"author":2,"featured_media":414548,"comment_status":"closed","ping_status":"closed","sticky":false,"template":"","format":"standard","meta":{"footnotes":""},"categories":[6806,1],"tags":[174,3603,1014,5022,4635],"class_list":["post-414542","post","type-post","status-publish","format-standard","has-post-thumbnail","hentry","category-energia","category-noticias","tag-energia","tag-energias-renovaveis","tag-portugal","tag-portugal-continental","tag-producao-energetica-verde"],"yoast_head":"<!-- This site is optimized with the Yoast SEO plugin v27.2 - https:\/\/yoast.com\/product\/yoast-seo-wordpress\/ -->\n<title>Renov\u00e1veis geram 79% da eletricidade at\u00e9 fevereiro, 3\u00ba melhor registo europeu - Portal Tela Portugal<\/title>\n<meta name=\"robots\" content=\"index, follow, max-snippet:-1, max-image-preview:large, max-video-preview:-1\" \/>\n<meta property=\"og:locale\" content=\"pt_PT\" \/>\n<meta property=\"og:type\" content=\"article\" \/>\n<meta property=\"og:title\" content=\"Renov\u00e1veis geram 79% da eletricidade at\u00e9 fevereiro, 3\u00ba melhor registo europeu - Portal Tela Portugal\" \/>\n<meta property=\"og:description\" content=\"As energias renov\u00e1veis geraram 79,0% da eletricidade produzida em Portugal continental nos dois primeiros meses do ano. O registo \u00e9 o terceiro melhor da Europa em termos de incorpora\u00e7\u00e3o renov\u00e1vel. A informa\u00e7\u00e3o foi revelada pela Associa\u00e7\u00e3o Portuguesa de Energias Renov\u00e1veis (APREN). O desempenho posiciona Portugal entre os pa\u00edses europeus com maior participa\u00e7\u00e3o de renov\u00e1veis na eletricidade produzida.\" \/>\n<meta property=\"og:url\" content=\"https:\/\/portaltela.pt\/noticias\/2026\/03\/18\/renovaveis-geram-79-da-eletricidade-ate-fevereiro-3o-melhor-registo-europeu\/\" \/>\n<meta property=\"og:site_name\" content=\"Portal Tela Portugal\" \/>\n<meta property=\"article:published_time\" content=\"2026-03-18T11:21:00+00:00\" \/>\n<meta name=\"author\" content=\"Telinha\" \/>\n<meta name=\"twitter:card\" content=\"summary_large_image\" \/>\n<meta name=\"twitter:label1\" content=\"Escrito por\" \/>\n\t<meta name=\"twitter:data1\" content=\"Telinha\" \/>\n\t<meta name=\"twitter:label2\" content=\"Tempo estimado de leitura\" \/>\n\t<meta name=\"twitter:data2\" content=\"1 minuto\" \/>\n<script type=\"application\/ld+json\" class=\"yoast-schema-graph\">{\"@context\":\"https:\/\/schema.org\",\"@graph\":[{\"@type\":\"Article\",\"@id\":\"https:\/\/portaltela.pt\/noticias\/2026\/03\/18\/renovaveis-geram-79-da-eletricidade-ate-fevereiro-3o-melhor-registo-europeu\/#article\",\"isPartOf\":{\"@id\":\"https:\/\/portaltela.pt\/noticias\/2026\/03\/18\/renovaveis-geram-79-da-eletricidade-ate-fevereiro-3o-melhor-registo-europeu\/\"},\"author\":{\"name\":\"Telinha\",\"@id\":\"https:\/\/portaltela.pt\/#\/schema\/person\/c4278d4a6028830caff9ee44b42d32ed\"},\"headline\":\"Renov\u00e1veis geram 79% da eletricidade at\u00e9 fevereiro, 3\u00ba melhor registo europeu\",\"datePublished\":\"2026-03-18T11:21:00+00:00\",\"mainEntityOfPage\":{\"@id\":\"https:\/\/portaltela.pt\/noticias\/2026\/03\/18\/renovaveis-geram-79-da-eletricidade-ate-fevereiro-3o-melhor-registo-europeu\/\"},\"wordCount\":131,\"image\":{\"@id\":\"https:\/\/portaltela.pt\/noticias\/2026\/03\/18\/renovaveis-geram-79-da-eletricidade-ate-fevereiro-3o-melhor-registo-europeu\/#primaryimage\"},\"thumbnailUrl\":\"https:\/\/portaltela.pt\/s.01k8rhncp4jt1\/2026\/03\/CACHE_780X1200_ANALOG_WATERMARKED_45103056_5632261_05062025045321.jpg\",\"keywords\":[\"energia\",\"energias renov\u00e1veis\",\"Portugal\",\"Portugal Continental\",\"Produ\u00e7\u00e3o Energ\u00e9tica Verde\"],\"articleSection\":[\"Energia\",\"Not\u00edcias\"],\"inLanguage\":\"pt-PT\"},{\"@type\":\"WebPage\",\"@id\":\"https:\/\/portaltela.pt\/noticias\/2026\/03\/18\/renovaveis-geram-79-da-eletricidade-ate-fevereiro-3o-melhor-registo-europeu\/\",\"url\":\"https:\/\/portaltela.pt\/noticias\/2026\/03\/18\/renovaveis-geram-79-da-eletricidade-ate-fevereiro-3o-melhor-registo-europeu\/\",\"name\":\"Renov\u00e1veis geram 79% da eletricidade at\u00e9 fevereiro, 3\u00ba melhor registo europeu - Portal Tela Portugal\",\"isPartOf\":{\"@id\":\"https:\/\/portaltela.pt\/#website\"},\"primaryImageOfPage\":{\"@id\":\"https:\/\/portaltela.pt\/noticias\/2026\/03\/18\/renovaveis-geram-79-da-eletricidade-ate-fevereiro-3o-melhor-registo-europeu\/#primaryimage\"},\"image\":{\"@id\":\"https:\/\/portaltela.pt\/noticias\/2026\/03\/18\/renovaveis-geram-79-da-eletricidade-ate-fevereiro-3o-melhor-registo-europeu\/#primaryimage\"},\"thumbnailUrl\":\"https:\/\/portaltela.pt\/s.01k8rhncp4jt1\/2026\/03\/CACHE_780X1200_ANALOG_WATERMARKED_45103056_5632261_05062025045321.jpg\",\"datePublished\":\"2026-03-18T11:21:00+00:00\",\"author\":{\"@id\":\"https:\/\/portaltela.pt\/#\/schema\/person\/c4278d4a6028830caff9ee44b42d32ed\"},\"breadcrumb\":{\"@id\":\"https:\/\/portaltela.pt\/noticias\/2026\/03\/18\/renovaveis-geram-79-da-eletricidade-ate-fevereiro-3o-melhor-registo-europeu\/#breadcrumb\"},\"inLanguage\":\"pt-PT\",\"potentialAction\":[{\"@type\":\"ReadAction\",\"target\":[\"https:\/\/portaltela.pt\/noticias\/2026\/03\/18\/renovaveis-geram-79-da-eletricidade-ate-fevereiro-3o-melhor-registo-europeu\/\"]}]},{\"@type\":\"ImageObject\",\"inLanguage\":\"pt-PT\",\"@id\":\"https:\/\/portaltela.pt\/noticias\/2026\/03\/18\/renovaveis-geram-79-da-eletricidade-ate-fevereiro-3o-melhor-registo-europeu\/#primaryimage\",\"url\":\"https:\/\/portaltela.pt\/s.01k8rhncp4jt1\/2026\/03\/CACHE_780X1200_ANALOG_WATERMARKED_45103056_5632261_05062025045321.jpg\",\"contentUrl\":\"https:\/\/portaltela.pt\/s.01k8rhncp4jt1\/2026\/03\/CACHE_780X1200_ANALOG_WATERMARKED_45103056_5632261_05062025045321.jpg\",\"width\":796,\"height\":448,\"caption\":\"Renov\u00e1veis geram 79% da eletricidade at\u00e9 fevereiro, o 3.\u00ba melhor registo europeu\"},{\"@type\":\"BreadcrumbList\",\"@id\":\"https:\/\/portaltela.pt\/noticias\/2026\/03\/18\/renovaveis-geram-79-da-eletricidade-ate-fevereiro-3o-melhor-registo-europeu\/#breadcrumb\",\"itemListElement\":[{\"@type\":\"ListItem\",\"position\":1,\"name\":\"In\u00edcio\",\"item\":\"https:\/\/portaltela.pt\/\"},{\"@type\":\"ListItem\",\"position\":2,\"name\":\"Renov\u00e1veis geram 79% da eletricidade at\u00e9 fevereiro, 3\u00ba melhor registo europeu\"}]},{\"@type\":\"WebSite\",\"@id\":\"https:\/\/portaltela.pt\/#website\",\"url\":\"https:\/\/portaltela.pt\/\",\"name\":\"Portal Tela Portugal\",\"description\":\"\",\"potentialAction\":[{\"@type\":\"SearchAction\",\"target\":{\"@type\":\"EntryPoint\",\"urlTemplate\":\"https:\/\/portaltela.pt\/?s={search_term_string}\"},\"query-input\":{\"@type\":\"PropertyValueSpecification\",\"valueRequired\":true,\"valueName\":\"search_term_string\"}}],\"inLanguage\":\"pt-PT\"},{\"@type\":\"Person\",\"@id\":\"https:\/\/portaltela.pt\/#\/schema\/person\/c4278d4a6028830caff9ee44b42d32ed\",\"name\":\"Telinha\",\"image\":{\"@type\":\"ImageObject\",\"inLanguage\":\"pt-PT\",\"@id\":\"https:\/\/portaltela.pt\/s.01k8rhncp4jt1\/2025\/11\/talking-bot-125x125.png\",\"url\":\"https:\/\/portaltela.pt\/s.01k8rhncp4jt1\/2025\/11\/talking-bot-125x125.png\",\"contentUrl\":\"https:\/\/portaltela.pt\/s.01k8rhncp4jt1\/2025\/11\/talking-bot-125x125.png\",\"caption\":\"Telinha\"},\"sameAs\":[\"https:\/\/portaltela.pt\/\"],\"url\":\"https:\/\/portaltela.pt\/por\/367410592786\/\"}]}<\/script>\n<!-- \/ Yoast SEO plugin. -->","yoast_head_json":{"title":"Renov\u00e1veis geram 79% da eletricidade at\u00e9 fevereiro, 3\u00ba melhor registo europeu - Portal Tela Portugal","robots":{"index":"index","follow":"follow","max-snippet":"max-snippet:-1","max-image-preview":"max-image-preview:large","max-video-preview":"max-video-preview:-1"},"og_locale":"pt_PT","og_type":"article","og_title":"Renov\u00e1veis geram 79% da eletricidade at\u00e9 fevereiro, 3\u00ba melhor registo europeu - Portal Tela Portugal","og_description":"As energias renov\u00e1veis geraram 79,0% da eletricidade produzida em Portugal continental nos dois primeiros meses do ano. O registo \u00e9 o terceiro melhor da Europa em termos de incorpora\u00e7\u00e3o renov\u00e1vel. A informa\u00e7\u00e3o foi revelada pela Associa\u00e7\u00e3o Portuguesa de Energias Renov\u00e1veis (APREN). O desempenho posiciona Portugal entre os pa\u00edses europeus com maior participa\u00e7\u00e3o de renov\u00e1veis na eletricidade produzida.","og_url":"https:\/\/portaltela.pt\/noticias\/2026\/03\/18\/renovaveis-geram-79-da-eletricidade-ate-fevereiro-3o-melhor-registo-europeu\/","og_site_name":"Portal Tela Portugal","article_published_time":"2026-03-18T11:21:00+00:00","author":"Telinha","twitter_card":"summary_large_image","twitter_misc":{"Escrito por":"Telinha","Tempo estimado de leitura":"1 minuto"},"schema":{"@context":"https:\/\/schema.org","@graph":[{"@type":"Article","@id":"https:\/\/portaltela.pt\/noticias\/2026\/03\/18\/renovaveis-geram-79-da-eletricidade-ate-fevereiro-3o-melhor-registo-europeu\/#article","isPartOf":{"@id":"https:\/\/portaltela.pt\/noticias\/2026\/03\/18\/renovaveis-geram-79-da-eletricidade-ate-fevereiro-3o-melhor-registo-europeu\/"},"author":{"name":"Telinha","@id":"https:\/\/portaltela.pt\/#\/schema\/person\/c4278d4a6028830caff9ee44b42d32ed"},"headline":"Renov\u00e1veis geram 79% da eletricidade at\u00e9 fevereiro, 3\u00ba melhor registo europeu","datePublished":"2026-03-18T11:21:00+00:00","mainEntityOfPage":{"@id":"https:\/\/portaltela.pt\/noticias\/2026\/03\/18\/renovaveis-geram-79-da-eletricidade-ate-fevereiro-3o-melhor-registo-europeu\/"},"wordCount":131,"image":{"@id":"https:\/\/portaltela.pt\/noticias\/2026\/03\/18\/renovaveis-geram-79-da-eletricidade-ate-fevereiro-3o-melhor-registo-europeu\/#primaryimage"},"thumbnailUrl":"https:\/\/portaltela.pt\/s.01k8rhncp4jt1\/2026\/03\/CACHE_780X1200_ANALOG_WATERMARKED_45103056_5632261_05062025045321.jpg","keywords":["energia","energias renov\u00e1veis","Portugal","Portugal Continental","Produ\u00e7\u00e3o Energ\u00e9tica Verde"],"articleSection":["Energia","Not\u00edcias"],"inLanguage":"pt-PT"},{"@type":"WebPage","@id":"https:\/\/portaltela.pt\/noticias\/2026\/03\/18\/renovaveis-geram-79-da-eletricidade-ate-fevereiro-3o-melhor-registo-europeu\/","url":"https:\/\/portaltela.pt\/noticias\/2026\/03\/18\/renovaveis-geram-79-da-eletricidade-ate-fevereiro-3o-melhor-registo-europeu\/","name":"Renov\u00e1veis geram 79% da eletricidade at\u00e9 fevereiro, 3\u00ba melhor registo europeu - Portal Tela Portugal","isPartOf":{"@id":"https:\/\/portaltela.pt\/#website"},"primaryImageOfPage":{"@id":"https:\/\/portaltela.pt\/noticias\/2026\/03\/18\/renovaveis-geram-79-da-eletricidade-ate-fevereiro-3o-melhor-registo-europeu\/#primaryimage"},"image":{"@id":"https:\/\/portaltela.pt\/noticias\/2026\/03\/18\/renovaveis-geram-79-da-eletricidade-ate-fevereiro-3o-melhor-registo-europeu\/#primaryimage"},"thumbnailUrl":"https:\/\/portaltela.pt\/s.01k8rhncp4jt1\/2026\/03\/CACHE_780X1200_ANALOG_WATERMARKED_45103056_5632261_05062025045321.jpg","datePublished":"2026-03-18T11:21:00+00:00","author":{"@id":"https:\/\/portaltela.pt\/#\/schema\/person\/c4278d4a6028830caff9ee44b42d32ed"},"breadcrumb":{"@id":"https:\/\/portaltela.pt\/noticias\/2026\/03\/18\/renovaveis-geram-79-da-eletricidade-ate-fevereiro-3o-melhor-registo-europeu\/#breadcrumb"},"inLanguage":"pt-PT","potentialAction":[{"@type":"ReadAction","target":["https:\/\/portaltela.pt\/noticias\/2026\/03\/18\/renovaveis-geram-79-da-eletricidade-ate-fevereiro-3o-melhor-registo-europeu\/"]}]},{"@type":"ImageObject","inLanguage":"pt-PT","@id":"https:\/\/portaltela.pt\/noticias\/2026\/03\/18\/renovaveis-geram-79-da-eletricidade-ate-fevereiro-3o-melhor-registo-europeu\/#primaryimage","url":"https:\/\/portaltela.pt\/s.01k8rhncp4jt1\/2026\/03\/CACHE_780X1200_ANALOG_WATERMARKED_45103056_5632261_05062025045321.jpg","contentUrl":"https:\/\/portaltela.pt\/s.01k8rhncp4jt1\/2026\/03\/CACHE_780X1200_ANALOG_WATERMARKED_45103056_5632261_05062025045321.jpg","width":796,"height":448,"caption":"Renov\u00e1veis geram 79% da eletricidade at\u00e9 fevereiro, o 3.\u00ba melhor registo europeu"},{"@type":"BreadcrumbList","@id":"https:\/\/portaltela.pt\/noticias\/2026\/03\/18\/renovaveis-geram-79-da-eletricidade-ate-fevereiro-3o-melhor-registo-europeu\/#breadcrumb","itemListElement":[{"@type":"ListItem","position":1,"name":"In\u00edcio","item":"https:\/\/portaltela.pt\/"},{"@type":"ListItem","position":2,"name":"Renov\u00e1veis geram 79% da eletricidade at\u00e9 fevereiro, 3\u00ba melhor registo europeu"}]},{"@type":"WebSite","@id":"https:\/\/portaltela.pt\/#website","url":"https:\/\/portaltela.pt\/","name":"Portal Tela Portugal","description":"","potentialAction":[{"@type":"SearchAction","target":{"@type":"EntryPoint","urlTemplate":"https:\/\/portaltela.pt\/?s={search_term_string}"},"query-input":{"@type":"PropertyValueSpecification","valueRequired":true,"valueName":"search_term_string"}}],"inLanguage":"pt-PT"},{"@type":"Person","@id":"https:\/\/portaltela.pt\/#\/schema\/person\/c4278d4a6028830caff9ee44b42d32ed","name":"Telinha","image":{"@type":"ImageObject","inLanguage":"pt-PT","@id":"https:\/\/portaltela.pt\/s.01k8rhncp4jt1\/2025\/11\/talking-bot-125x125.png","url":"https:\/\/portaltela.pt\/s.01k8rhncp4jt1\/2025\/11\/talking-bot-125x125.png","contentUrl":"https:\/\/portaltela.pt\/s.01k8rhncp4jt1\/2025\/11\/talking-bot-125x125.png","caption":"Telinha"},"sameAs":["https:\/\/portaltela.pt\/"],"url":"https:\/\/portaltela.pt\/por\/367410592786\/"}]}},"_links":{"self":[{"href":"https:\/\/portaltela.pt\/api\/wp\/v2\/posts\/414542","targetHints":{"allow":["GET"]}}],"collection":[{"href":"https:\/\/portaltela.pt\/api\/wp\/v2\/posts"}],"about":[{"href":"https:\/\/portaltela.pt\/api\/wp\/v2\/types\/post"}],"author":[{"embeddable":true,"href":"https:\/\/portaltela.pt\/api\/wp\/v2\/users\/2"}],"replies":[{"embeddable":true,"href":"https:\/\/portaltela.pt\/api\/wp\/v2\/comments?post=414542"}],"version-history":[{"count":0,"href":"https:\/\/portaltela.pt\/api\/wp\/v2\/posts\/414542\/revisions"}],"wp:featuredmedia":[{"embeddable":true,"href":"https:\/\/portaltela.pt\/api\/wp\/v2\/media\/414548"}],"wp:attachment":[{"href":"https:\/\/portaltela.pt\/api\/wp\/v2\/media?parent=414542"}],"wp:term":[{"taxonomy":"category","embeddable":true,"href":"https:\/\/portaltela.pt\/api\/wp\/v2\/categories?post=414542"},{"taxonomy":"post_tag","embeddable":true,"href":"https:\/\/portaltela.pt\/api\/wp\/v2\/tags?post=414542"}],"curies":[{"name":"wp","href":"https:\/\/api.w.org\/{rel}","templated":true}]}}