{"id":414524,"date":"2026-03-18T10:09:20","date_gmt":"2026-03-18T13:09:20","guid":{"rendered":"https:\/\/portaltela.pt\/noticias\/2026\/03\/18\/mulher-e-dois-homens-detidos-por-incendio\/"},"modified":"2026-03-18T10:09:20","modified_gmt":"2026-03-18T13:09:20","slug":"mulher-e-dois-homens-detidos-por-incendio","status":"publish","type":"post","link":"https:\/\/portaltela.pt\/noticias\/2026\/03\/18\/mulher-e-dois-homens-detidos-por-incendio\/","title":{"rendered":"Mulher e dois homens detidos por inc\u00eandio"},"content":{"rendered":"<p>Uma mulher de 49 anos e dois homens, de 39 e 44, foram detidos pela GNR de Fafe nesta ter\u00e7a-feira por atearem inc\u00eandios florestais em Celorico de Basto e em Cabeceiras de Basto. O fogo resultou da queima de sobrantes, alegadamente realizada de forma negligente.<\/p>\n<p>Os crimes foram comunicados ao Tribunal, e os tr\u00eas detidos acabaram libertados. A GNR explica que os inc\u00eandios ocorreram na sequ\u00eancia da pr\u00e1tica de queima de sobrantes sem cumprir os requisitos de seguran\u00e7a operacional exigidos. Um dos focos ganhou dimens\u00e3o significativa.<\/p>\n<p>A Guarda recorda que a queima de sobrantes e queimadas est\u00e1 sujeita a comunica\u00e7\u00e3o pr\u00e9via ou a autoriza\u00e7\u00e3o formal. O objetivo \u00e9 evitar inc\u00eandios de grandes dimens\u00f5es e assegurar condi\u00e7\u00f5es de seguran\u00e7a para atividades agr\u00edcolas e florestais.<\/p>\n<h3>Regras de queima<\/h3>\n<ul>\n<li>A queima de sobrantes exige comunica\u00e7\u00e3o pr\u00e9via ou autoriza\u00e7\u00e3o.<\/li>\n<li>O incumprimento determina consequ\u00eancias legais e poss\u00edveis medidas de inspe\u00e7\u00e3o.<\/li>\n<li>A GNR mant\u00e9m vigil\u00e2ncia para prevenir ocorr\u00eancias similares e refor\u00e7ar as regras de seguran\u00e7a.<\/li>\n<\/ul>\n","protected":false},"excerpt":{"rendered":"<ul>\n<li>A mulher de 49 anos e dois homens, de 39 e 44 anos, foram detidos pela GNR de Fafe na ter\u00e7a-feira por atearem inc\u00eandios florestais em Celorico de Basto e Cabeceiras de Basto.<\/li>\n<li>Os inc\u00eandios resultaram de queimas de sobrantes feitas de forma negligente, segundo a GNR.<\/li>\n<li>Um dos focos deu origem a um inc\u00eandio de grandes dimens\u00f5es.<\/li>\n<li>Os crimes foram comunicados ao Tribunal e os tr\u00eas detidos ficaram libertados.<\/li>\n<li>A GNR refor\u00e7a que a queima de sobrantes e queimadas est\u00e1 sujeita a comunica\u00e7\u00e3o pr\u00e9via ou pedido de autoriza\u00e7\u00e3o.<\/li>\n<\/ul>\n","protected":false},"author":2,"featured_media":414535,"comment_status":"closed","ping_status":"closed","sticky":false,"template":"","format":"standard","meta":{"footnotes":""},"categories":[1],"tags":[179,1370,4576,1438,2617,4536],"class_list":["post-414524","post","type-post","status-publish","format-standard","has-post-thumbnail","hentry","category-noticias","tag-agricultura","tag-celorico-de-basto","tag-florestal","tag-incendio","tag-incendios","tag-seguranca"],"yoast_head":"<!-- This site is optimized with the Yoast SEO plugin v27.2 - https:\/\/yoast.com\/product\/yoast-seo-wordpress\/ -->\n<title>Mulher e dois homens detidos por inc\u00eandio - Portal Tela Portugal<\/title>\n<meta name=\"robots\" content=\"index, follow, max-snippet:-1, max-image-preview:large, max-video-preview:-1\" \/>\n<meta property=\"og:locale\" content=\"pt_PT\" \/>\n<meta property=\"og:type\" content=\"article\" \/>\n<meta property=\"og:title\" content=\"Mulher e dois homens detidos por inc\u00eandio - Portal Tela Portugal\" \/>\n<meta property=\"og:description\" content=\"A mulher de 49 anos e dois homens, de 39 e 44 anos, foram detidos pela GNR de Fafe na ter\u00e7a-feira por atearem inc\u00eandios florestais em Celorico de Basto e Cabeceiras de Basto. Os inc\u00eandios resultaram de queimas de sobrantes feitas de forma negligente, segundo a GNR. Um dos focos deu origem a um inc\u00eandio de grandes dimens\u00f5es. Os crimes foram comunicados ao Tribunal e os tr\u00eas detidos ficaram libertados. A GNR refor\u00e7a que a queima de sobrantes e queimadas est\u00e1 sujeita a comunica\u00e7\u00e3o pr\u00e9via ou pedido de autoriza\u00e7\u00e3o.\" \/>\n<meta property=\"og:url\" content=\"https:\/\/portaltela.pt\/noticias\/2026\/03\/18\/mulher-e-dois-homens-detidos-por-incendio\/\" \/>\n<meta property=\"og:site_name\" content=\"Portal Tela Portugal\" \/>\n<meta property=\"article:published_time\" content=\"2026-03-18T13:09:20+00:00\" \/>\n<meta name=\"author\" content=\"Telinha\" \/>\n<meta name=\"twitter:card\" content=\"summary_large_image\" \/>\n<meta name=\"twitter:label1\" content=\"Escrito por\" \/>\n\t<meta name=\"twitter:data1\" content=\"Telinha\" \/>\n\t<meta name=\"twitter:label2\" content=\"Tempo estimado de leitura\" \/>\n\t<meta name=\"twitter:data2\" content=\"1 minuto\" \/>\n<script type=\"application\/ld+json\" class=\"yoast-schema-graph\">{\"@context\":\"https:\/\/schema.org\",\"@graph\":[{\"@type\":\"Article\",\"@id\":\"https:\/\/portaltela.pt\/noticias\/2026\/03\/18\/mulher-e-dois-homens-detidos-por-incendio\/#article\",\"isPartOf\":{\"@id\":\"https:\/\/portaltela.pt\/noticias\/2026\/03\/18\/mulher-e-dois-homens-detidos-por-incendio\/\"},\"author\":{\"name\":\"Telinha\",\"@id\":\"https:\/\/portaltela.pt\/#\/schema\/person\/c4278d4a6028830caff9ee44b42d32ed\"},\"headline\":\"Mulher e dois homens detidos por inc\u00eandio\",\"datePublished\":\"2026-03-18T13:09:20+00:00\",\"mainEntityOfPage\":{\"@id\":\"https:\/\/portaltela.pt\/noticias\/2026\/03\/18\/mulher-e-dois-homens-detidos-por-incendio\/\"},\"wordCount\":190,\"image\":{\"@id\":\"https:\/\/portaltela.pt\/noticias\/2026\/03\/18\/mulher-e-dois-homens-detidos-por-incendio\/#primaryimage\"},\"thumbnailUrl\":\"https:\/\/portaltela.pt\/s.01k8rhncp4jt1\/2026\/03\/img_1500x1000uu2020-09-19-13-41-58-976970.jpg\",\"keywords\":[\"agricultura\",\"Celorico de Basto\",\"florestal\",\"inc\u00eandio\",\"inc\u00eandios\",\"seguran\u00e7a\"],\"articleSection\":[\"Not\u00edcias\"],\"inLanguage\":\"pt-PT\"},{\"@type\":\"WebPage\",\"@id\":\"https:\/\/portaltela.pt\/noticias\/2026\/03\/18\/mulher-e-dois-homens-detidos-por-incendio\/\",\"url\":\"https:\/\/portaltela.pt\/noticias\/2026\/03\/18\/mulher-e-dois-homens-detidos-por-incendio\/\",\"name\":\"Mulher e dois homens detidos por inc\u00eandio - Portal Tela Portugal\",\"isPartOf\":{\"@id\":\"https:\/\/portaltela.pt\/#website\"},\"primaryImageOfPage\":{\"@id\":\"https:\/\/portaltela.pt\/noticias\/2026\/03\/18\/mulher-e-dois-homens-detidos-por-incendio\/#primaryimage\"},\"image\":{\"@id\":\"https:\/\/portaltela.pt\/noticias\/2026\/03\/18\/mulher-e-dois-homens-detidos-por-incendio\/#primaryimage\"},\"thumbnailUrl\":\"https:\/\/portaltela.pt\/s.01k8rhncp4jt1\/2026\/03\/img_1500x1000uu2020-09-19-13-41-58-976970.jpg\",\"datePublished\":\"2026-03-18T13:09:20+00:00\",\"author\":{\"@id\":\"https:\/\/portaltela.pt\/#\/schema\/person\/c4278d4a6028830caff9ee44b42d32ed\"},\"breadcrumb\":{\"@id\":\"https:\/\/portaltela.pt\/noticias\/2026\/03\/18\/mulher-e-dois-homens-detidos-por-incendio\/#breadcrumb\"},\"inLanguage\":\"pt-PT\",\"potentialAction\":[{\"@type\":\"ReadAction\",\"target\":[\"https:\/\/portaltela.pt\/noticias\/2026\/03\/18\/mulher-e-dois-homens-detidos-por-incendio\/\"]}]},{\"@type\":\"ImageObject\",\"inLanguage\":\"pt-PT\",\"@id\":\"https:\/\/portaltela.pt\/noticias\/2026\/03\/18\/mulher-e-dois-homens-detidos-por-incendio\/#primaryimage\",\"url\":\"https:\/\/portaltela.pt\/s.01k8rhncp4jt1\/2026\/03\/img_1500x1000uu2020-09-19-13-41-58-976970.jpg\",\"contentUrl\":\"https:\/\/portaltela.pt\/s.01k8rhncp4jt1\/2026\/03\/img_1500x1000uu2020-09-19-13-41-58-976970.jpg\",\"width\":796,\"height\":448,\"caption\":\"Deten\u00e7\u00f5es foram feitas por militares da GNR no \u00e2mbito da campanha Floresta Segura\"},{\"@type\":\"BreadcrumbList\",\"@id\":\"https:\/\/portaltela.pt\/noticias\/2026\/03\/18\/mulher-e-dois-homens-detidos-por-incendio\/#breadcrumb\",\"itemListElement\":[{\"@type\":\"ListItem\",\"position\":1,\"name\":\"In\u00edcio\",\"item\":\"https:\/\/portaltela.pt\/\"},{\"@type\":\"ListItem\",\"position\":2,\"name\":\"Mulher e dois homens detidos por inc\u00eandio\"}]},{\"@type\":\"WebSite\",\"@id\":\"https:\/\/portaltela.pt\/#website\",\"url\":\"https:\/\/portaltela.pt\/\",\"name\":\"Portal Tela Portugal\",\"description\":\"\",\"potentialAction\":[{\"@type\":\"SearchAction\",\"target\":{\"@type\":\"EntryPoint\",\"urlTemplate\":\"https:\/\/portaltela.pt\/?s={search_term_string}\"},\"query-input\":{\"@type\":\"PropertyValueSpecification\",\"valueRequired\":true,\"valueName\":\"search_term_string\"}}],\"inLanguage\":\"pt-PT\"},{\"@type\":\"Person\",\"@id\":\"https:\/\/portaltela.pt\/#\/schema\/person\/c4278d4a6028830caff9ee44b42d32ed\",\"name\":\"Telinha\",\"image\":{\"@type\":\"ImageObject\",\"inLanguage\":\"pt-PT\",\"@id\":\"https:\/\/portaltela.pt\/s.01k8rhncp4jt1\/2025\/11\/talking-bot-125x125.png\",\"url\":\"https:\/\/portaltela.pt\/s.01k8rhncp4jt1\/2025\/11\/talking-bot-125x125.png\",\"contentUrl\":\"https:\/\/portaltela.pt\/s.01k8rhncp4jt1\/2025\/11\/talking-bot-125x125.png\",\"caption\":\"Telinha\"},\"sameAs\":[\"https:\/\/portaltela.pt\/\"],\"url\":\"https:\/\/portaltela.pt\/por\/367410592786\/\"}]}<\/script>\n<!-- \/ Yoast SEO plugin. -->","yoast_head_json":{"title":"Mulher e dois homens detidos por inc\u00eandio - Portal Tela Portugal","robots":{"index":"index","follow":"follow","max-snippet":"max-snippet:-1","max-image-preview":"max-image-preview:large","max-video-preview":"max-video-preview:-1"},"og_locale":"pt_PT","og_type":"article","og_title":"Mulher e dois homens detidos por inc\u00eandio - Portal Tela Portugal","og_description":"A mulher de 49 anos e dois homens, de 39 e 44 anos, foram detidos pela GNR de Fafe na ter\u00e7a-feira por atearem inc\u00eandios florestais em Celorico de Basto e Cabeceiras de Basto. Os inc\u00eandios resultaram de queimas de sobrantes feitas de forma negligente, segundo a GNR. Um dos focos deu origem a um inc\u00eandio de grandes dimens\u00f5es. Os crimes foram comunicados ao Tribunal e os tr\u00eas detidos ficaram libertados. A GNR refor\u00e7a que a queima de sobrantes e queimadas est\u00e1 sujeita a comunica\u00e7\u00e3o pr\u00e9via ou pedido de autoriza\u00e7\u00e3o.","og_url":"https:\/\/portaltela.pt\/noticias\/2026\/03\/18\/mulher-e-dois-homens-detidos-por-incendio\/","og_site_name":"Portal Tela Portugal","article_published_time":"2026-03-18T13:09:20+00:00","author":"Telinha","twitter_card":"summary_large_image","twitter_misc":{"Escrito por":"Telinha","Tempo estimado de leitura":"1 minuto"},"schema":{"@context":"https:\/\/schema.org","@graph":[{"@type":"Article","@id":"https:\/\/portaltela.pt\/noticias\/2026\/03\/18\/mulher-e-dois-homens-detidos-por-incendio\/#article","isPartOf":{"@id":"https:\/\/portaltela.pt\/noticias\/2026\/03\/18\/mulher-e-dois-homens-detidos-por-incendio\/"},"author":{"name":"Telinha","@id":"https:\/\/portaltela.pt\/#\/schema\/person\/c4278d4a6028830caff9ee44b42d32ed"},"headline":"Mulher e dois homens detidos por inc\u00eandio","datePublished":"2026-03-18T13:09:20+00:00","mainEntityOfPage":{"@id":"https:\/\/portaltela.pt\/noticias\/2026\/03\/18\/mulher-e-dois-homens-detidos-por-incendio\/"},"wordCount":190,"image":{"@id":"https:\/\/portaltela.pt\/noticias\/2026\/03\/18\/mulher-e-dois-homens-detidos-por-incendio\/#primaryimage"},"thumbnailUrl":"https:\/\/portaltela.pt\/s.01k8rhncp4jt1\/2026\/03\/img_1500x1000uu2020-09-19-13-41-58-976970.jpg","keywords":["agricultura","Celorico de Basto","florestal","inc\u00eandio","inc\u00eandios","seguran\u00e7a"],"articleSection":["Not\u00edcias"],"inLanguage":"pt-PT"},{"@type":"WebPage","@id":"https:\/\/portaltela.pt\/noticias\/2026\/03\/18\/mulher-e-dois-homens-detidos-por-incendio\/","url":"https:\/\/portaltela.pt\/noticias\/2026\/03\/18\/mulher-e-dois-homens-detidos-por-incendio\/","name":"Mulher e dois homens detidos por inc\u00eandio - Portal Tela Portugal","isPartOf":{"@id":"https:\/\/portaltela.pt\/#website"},"primaryImageOfPage":{"@id":"https:\/\/portaltela.pt\/noticias\/2026\/03\/18\/mulher-e-dois-homens-detidos-por-incendio\/#primaryimage"},"image":{"@id":"https:\/\/portaltela.pt\/noticias\/2026\/03\/18\/mulher-e-dois-homens-detidos-por-incendio\/#primaryimage"},"thumbnailUrl":"https:\/\/portaltela.pt\/s.01k8rhncp4jt1\/2026\/03\/img_1500x1000uu2020-09-19-13-41-58-976970.jpg","datePublished":"2026-03-18T13:09:20+00:00","author":{"@id":"https:\/\/portaltela.pt\/#\/schema\/person\/c4278d4a6028830caff9ee44b42d32ed"},"breadcrumb":{"@id":"https:\/\/portaltela.pt\/noticias\/2026\/03\/18\/mulher-e-dois-homens-detidos-por-incendio\/#breadcrumb"},"inLanguage":"pt-PT","potentialAction":[{"@type":"ReadAction","target":["https:\/\/portaltela.pt\/noticias\/2026\/03\/18\/mulher-e-dois-homens-detidos-por-incendio\/"]}]},{"@type":"ImageObject","inLanguage":"pt-PT","@id":"https:\/\/portaltela.pt\/noticias\/2026\/03\/18\/mulher-e-dois-homens-detidos-por-incendio\/#primaryimage","url":"https:\/\/portaltela.pt\/s.01k8rhncp4jt1\/2026\/03\/img_1500x1000uu2020-09-19-13-41-58-976970.jpg","contentUrl":"https:\/\/portaltela.pt\/s.01k8rhncp4jt1\/2026\/03\/img_1500x1000uu2020-09-19-13-41-58-976970.jpg","width":796,"height":448,"caption":"Deten\u00e7\u00f5es foram feitas por militares da GNR no \u00e2mbito da campanha Floresta Segura"},{"@type":"BreadcrumbList","@id":"https:\/\/portaltela.pt\/noticias\/2026\/03\/18\/mulher-e-dois-homens-detidos-por-incendio\/#breadcrumb","itemListElement":[{"@type":"ListItem","position":1,"name":"In\u00edcio","item":"https:\/\/portaltela.pt\/"},{"@type":"ListItem","position":2,"name":"Mulher e dois homens detidos por inc\u00eandio"}]},{"@type":"WebSite","@id":"https:\/\/portaltela.pt\/#website","url":"https:\/\/portaltela.pt\/","name":"Portal Tela Portugal","description":"","potentialAction":[{"@type":"SearchAction","target":{"@type":"EntryPoint","urlTemplate":"https:\/\/portaltela.pt\/?s={search_term_string}"},"query-input":{"@type":"PropertyValueSpecification","valueRequired":true,"valueName":"search_term_string"}}],"inLanguage":"pt-PT"},{"@type":"Person","@id":"https:\/\/portaltela.pt\/#\/schema\/person\/c4278d4a6028830caff9ee44b42d32ed","name":"Telinha","image":{"@type":"ImageObject","inLanguage":"pt-PT","@id":"https:\/\/portaltela.pt\/s.01k8rhncp4jt1\/2025\/11\/talking-bot-125x125.png","url":"https:\/\/portaltela.pt\/s.01k8rhncp4jt1\/2025\/11\/talking-bot-125x125.png","contentUrl":"https:\/\/portaltela.pt\/s.01k8rhncp4jt1\/2025\/11\/talking-bot-125x125.png","caption":"Telinha"},"sameAs":["https:\/\/portaltela.pt\/"],"url":"https:\/\/portaltela.pt\/por\/367410592786\/"}]}},"_links":{"self":[{"href":"https:\/\/portaltela.pt\/api\/wp\/v2\/posts\/414524","targetHints":{"allow":["GET"]}}],"collection":[{"href":"https:\/\/portaltela.pt\/api\/wp\/v2\/posts"}],"about":[{"href":"https:\/\/portaltela.pt\/api\/wp\/v2\/types\/post"}],"author":[{"embeddable":true,"href":"https:\/\/portaltela.pt\/api\/wp\/v2\/users\/2"}],"replies":[{"embeddable":true,"href":"https:\/\/portaltela.pt\/api\/wp\/v2\/comments?post=414524"}],"version-history":[{"count":0,"href":"https:\/\/portaltela.pt\/api\/wp\/v2\/posts\/414524\/revisions"}],"wp:featuredmedia":[{"embeddable":true,"href":"https:\/\/portaltela.pt\/api\/wp\/v2\/media\/414535"}],"wp:attachment":[{"href":"https:\/\/portaltela.pt\/api\/wp\/v2\/media?parent=414524"}],"wp:term":[{"taxonomy":"category","embeddable":true,"href":"https:\/\/portaltela.pt\/api\/wp\/v2\/categories?post=414524"},{"taxonomy":"post_tag","embeddable":true,"href":"https:\/\/portaltela.pt\/api\/wp\/v2\/tags?post=414524"}],"curies":[{"name":"wp","href":"https:\/\/api.w.org\/{rel}","templated":true}]}}