{"id":414520,"date":"2026-03-18T10:05:00","date_gmt":"2026-03-18T13:05:00","guid":{"rendered":"https:\/\/portaltela.pt\/noticias\/2026\/03\/18\/cancro-direito-ao-esquecimento-ja-regulamentado\/"},"modified":"2026-03-18T10:05:00","modified_gmt":"2026-03-18T13:05:00","slug":"cancro-direito-ao-esquecimento-ja-regulamentado","status":"publish","type":"post","link":"https:\/\/portaltela.pt\/saude\/2026\/03\/18\/cancro-direito-ao-esquecimento-ja-regulamentado\/","title":{"rendered":"Cancro: direito ao esquecimento j\u00e1 regulamentado"},"content":{"rendered":"<p>O Governo regulamentou a lei do direito ao esquecimento, impedindo que institui\u00e7\u00f5es de cr\u00e9dito e seguradoras penalizem quem superou doen\u00e7as graves. O decreto-lei, publicado no Di\u00e1rio da Rep\u00fablica, fixa prazos de refer\u00eancia para v\u00e1rias patologias oncol\u00f3gicas, com o limite m\u00e1ximo de cinco anos.<\/p>\n<p>A medida mant\u00e9m a proibi\u00e7\u00e3o de recolher informa\u00e7\u00e3o de sa\u00fade em contexto pr\u00e9-contratual e impede aumentos de pr\u00e9mios de seguros ou exclus\u00f5es de coberturas. A regulamenta\u00e7\u00e3o aplica-se aos contratos de cr\u00e9dito \u00e0 habita\u00e7\u00e3o, de consumo e aos seguros.<\/p>\n<p>O diploma resulta da aprova\u00e7\u00e3o de 2021 que refor\u00e7a o acesso ao cr\u00e9dito para pessoas com risco agravado de sa\u00fade ou defici\u00eancia, proibindo discrimina\u00e7\u00f5es. Mant\u00e9m, no entanto, prazos variados conforme a patologia e a idade, conforme o anexo.<\/p>\n<h3>Grelha de refer\u00eancia por patologia<\/h3>\n<p>Para 22 grupos de cancros, entre leucemias e tumores de mama, tir\u00f3ide, pr\u00f3stata, \u00fatero, rim, c\u00f3lon, pele e sistema nervoso central, h\u00e1 uma grelha com prazos que variam entre 2 e 5 anos. A aplica\u00e7\u00e3o depende da idade e do est\u00e1gio da doen\u00e7a.<\/p>\n<p>Os prazos s\u00e3o definidos no anexo que acompanha o decreto-lei. A consulta deste anexo \u00e9 essencial para casos espec\u00edficos de cada patologia oncol\u00f3gica. A previs\u00e3o \u00e9 de atualiza\u00e7\u00e3o bienal da grelha.<\/p>\n<h3>Repercuss\u00f5es e implementa\u00e7\u00e3o<\/h3>\n<p>A Liga Portuguesa Contra o Cancro salienta que o decreto representa um avan\u00e7o na prote\u00e7\u00e3o de direitos de sobreviventes. O organismo pede implementa\u00e7\u00e3o efetiva, divulga\u00e7\u00e3o aos consumidores e fiscaliza\u00e7\u00e3o junto de entidades credoras e seguradoras.<\/p>\n<p>V\u00edtor Veloso, presidente da LPCC, destaca que a decis\u00e3o combate a discrimina\u00e7\u00e3o e facilita a integra\u00e7\u00e3o econ\u00f3mica e social de quem superou cancro. A LPCC tamb\u00e9m solicita clarifica\u00e7\u00e3o futura dos prazos para patologias n\u00e3o inclu\u00eddas no anexo.<\/p>\n<p>O diploma amplia ainda a defini\u00e7\u00e3o de entidades visadas. Al\u00e9m de institui\u00e7\u00f5es de cr\u00e9dito e seguradoras, passam a estar abrangidas sociedades financeiras, m\u00fauas, institui\u00e7\u00f5es de previd\u00eancia, pagamento, moeda eletr\u00f3nica, bem como distribuidores de seguros.<\/p>\n","protected":false},"excerpt":{"rendered":"<ul>\n<li>O Governo regulamentou a lei do direito ao esquecimento, proibindo institui\u00e7\u00f5es de cr\u00e9dito e seguradoras de penalizar quem superou doen\u00e7as graves, incluindo alguns cancros, com prazos que variam entre dois e cinco anos.<\/li>\n<li>O decreto-lei, publicado no Di\u00e1rio da Rep\u00fablica, mant\u00e9m prazos anteriores para muitos casos, mas introduz uma grelha de refer\u00eancia com prazos espec\u00edficos para 22 grupos de cancros constantes em anexo.<\/li>\n<li>A grelha fixa que, para cada patologia, o prazo pode depender da idade da pessoa ou do est\u00e1dio da doen\u00e7a, com limites entre dois e cinco anos, a ser revista de dois em dois anos.<\/li>\n<li>A Liga Portuguesa Contra o Cancro considera o anexo um avan\u00e7o, pois oferece regras claras para evitar discrimina\u00e7\u00e3o no acesso a cr\u00e9dito, habita\u00e7\u00e3o e seguros ap\u00f3s a cura ou mitiga\u00e7\u00e3o do risco.<\/li>\n<li>O decreto alargou o leque de entidades visadas pelo direito ao esquecimento, incluindo institui\u00e7\u00f5es de cr\u00e9dito, sociedades financeiras, institui\u00e7\u00f5es de previd\u00eancia, pagamento, moeda eletr\u00f3nica, seguros e distribuidores de seguros.<\/li>\n<\/ul>\n","protected":false},"author":2,"featured_media":414530,"comment_status":"closed","ping_status":"closed","sticky":false,"template":"","format":"standard","meta":{"footnotes":""},"categories":[6745],"tags":[5811,1960,6337,5539,2325],"class_list":["post-414520","post","type-post","status-publish","format-standard","has-post-thumbnail","hentry","category-saude","tag-cancro","tag-credito","tag-direito","tag-lei","tag-seguro-habitacao"],"yoast_head":"<!-- This site is optimized with the Yoast SEO plugin v27.2 - https:\/\/yoast.com\/product\/yoast-seo-wordpress\/ -->\n<title>Cancro: direito ao esquecimento j\u00e1 regulamentado - Portal Tela Portugal<\/title>\n<meta name=\"robots\" content=\"index, follow, max-snippet:-1, max-image-preview:large, max-video-preview:-1\" \/>\n<meta property=\"og:locale\" content=\"pt_PT\" \/>\n<meta property=\"og:type\" content=\"article\" \/>\n<meta property=\"og:title\" content=\"Cancro: direito ao esquecimento j\u00e1 regulamentado - Portal Tela Portugal\" \/>\n<meta property=\"og:description\" content=\"O Governo regulamentou a lei do direito ao esquecimento, proibindo institui\u00e7\u00f5es de cr\u00e9dito e seguradoras de penalizar quem superou doen\u00e7as graves, incluindo alguns cancros, com prazos que variam entre dois e cinco anos. O decreto-lei, publicado no Di\u00e1rio da Rep\u00fablica, mant\u00e9m prazos anteriores para muitos casos, mas introduz uma grelha de refer\u00eancia com prazos espec\u00edficos para 22 grupos de cancros constantes em anexo. A grelha fixa que, para cada patologia, o prazo pode depender da idade da pessoa ou do est\u00e1dio da doen\u00e7a, com limites entre dois e cinco anos, a ser revista de dois em dois anos. A Liga Portuguesa Contra o Cancro considera o anexo um avan\u00e7o, pois oferece regras claras para evitar discrimina\u00e7\u00e3o no acesso a cr\u00e9dito, habita\u00e7\u00e3o e seguros ap\u00f3s a cura ou mitiga\u00e7\u00e3o do risco. O decreto alargou o leque de entidades visadas pelo direito ao esquecimento, incluindo institui\u00e7\u00f5es de cr\u00e9dito, sociedades financeiras, institui\u00e7\u00f5es de previd\u00eancia, pagamento, moeda eletr\u00f3nica, seguros e distribuidores de seguros.\" \/>\n<meta property=\"og:url\" content=\"https:\/\/portaltela.pt\/noticias\/2026\/03\/18\/cancro-direito-ao-esquecimento-ja-regulamentado\/\" \/>\n<meta property=\"og:site_name\" content=\"Portal Tela Portugal\" \/>\n<meta property=\"article:published_time\" content=\"2026-03-18T13:05:00+00:00\" \/>\n<meta name=\"author\" content=\"Telinha\" \/>\n<meta name=\"twitter:card\" content=\"summary_large_image\" \/>\n<meta name=\"twitter:label1\" content=\"Escrito por\" \/>\n\t<meta name=\"twitter:data1\" content=\"Telinha\" \/>\n\t<meta name=\"twitter:label2\" content=\"Tempo estimado de leitura\" \/>\n\t<meta name=\"twitter:data2\" content=\"2 minutos\" \/>\n<script type=\"application\/ld+json\" class=\"yoast-schema-graph\">{\"@context\":\"https:\/\/schema.org\",\"@graph\":[{\"@type\":\"Article\",\"@id\":\"https:\/\/portaltela.pt\/noticias\/2026\/03\/18\/cancro-direito-ao-esquecimento-ja-regulamentado\/#article\",\"isPartOf\":{\"@id\":\"https:\/\/portaltela.pt\/noticias\/2026\/03\/18\/cancro-direito-ao-esquecimento-ja-regulamentado\/\"},\"author\":{\"name\":\"Telinha\",\"@id\":\"https:\/\/portaltela.pt\/#\/schema\/person\/c4278d4a6028830caff9ee44b42d32ed\"},\"headline\":\"Cancro: direito ao esquecimento j\u00e1 regulamentado\",\"datePublished\":\"2026-03-18T13:05:00+00:00\",\"mainEntityOfPage\":{\"@id\":\"https:\/\/portaltela.pt\/noticias\/2026\/03\/18\/cancro-direito-ao-esquecimento-ja-regulamentado\/\"},\"wordCount\":368,\"image\":{\"@id\":\"https:\/\/portaltela.pt\/noticias\/2026\/03\/18\/cancro-direito-ao-esquecimento-ja-regulamentado\/#primaryimage\"},\"thumbnailUrl\":\"https:\/\/portaltela.pt\/s.01k8rhncp4jt1\/2026\/03\/2075188.jpg\",\"keywords\":[\"Cancro\",\"cr\u00e9dito\",\"direito\",\"lei\",\"Seguro Habita\u00e7\u00e3o\"],\"articleSection\":[\"Sa\u00fade\"],\"inLanguage\":\"pt-PT\"},{\"@type\":\"WebPage\",\"@id\":\"https:\/\/portaltela.pt\/noticias\/2026\/03\/18\/cancro-direito-ao-esquecimento-ja-regulamentado\/\",\"url\":\"https:\/\/portaltela.pt\/noticias\/2026\/03\/18\/cancro-direito-ao-esquecimento-ja-regulamentado\/\",\"name\":\"Cancro: direito ao esquecimento j\u00e1 regulamentado - Portal Tela Portugal\",\"isPartOf\":{\"@id\":\"https:\/\/portaltela.pt\/#website\"},\"primaryImageOfPage\":{\"@id\":\"https:\/\/portaltela.pt\/noticias\/2026\/03\/18\/cancro-direito-ao-esquecimento-ja-regulamentado\/#primaryimage\"},\"image\":{\"@id\":\"https:\/\/portaltela.pt\/noticias\/2026\/03\/18\/cancro-direito-ao-esquecimento-ja-regulamentado\/#primaryimage\"},\"thumbnailUrl\":\"https:\/\/portaltela.pt\/s.01k8rhncp4jt1\/2026\/03\/2075188.jpg\",\"datePublished\":\"2026-03-18T13:05:00+00:00\",\"author\":{\"@id\":\"https:\/\/portaltela.pt\/#\/schema\/person\/c4278d4a6028830caff9ee44b42d32ed\"},\"breadcrumb\":{\"@id\":\"https:\/\/portaltela.pt\/noticias\/2026\/03\/18\/cancro-direito-ao-esquecimento-ja-regulamentado\/#breadcrumb\"},\"inLanguage\":\"pt-PT\",\"potentialAction\":[{\"@type\":\"ReadAction\",\"target\":[\"https:\/\/portaltela.pt\/noticias\/2026\/03\/18\/cancro-direito-ao-esquecimento-ja-regulamentado\/\"]}]},{\"@type\":\"ImageObject\",\"inLanguage\":\"pt-PT\",\"@id\":\"https:\/\/portaltela.pt\/noticias\/2026\/03\/18\/cancro-direito-ao-esquecimento-ja-regulamentado\/#primaryimage\",\"url\":\"https:\/\/portaltela.pt\/s.01k8rhncp4jt1\/2026\/03\/2075188.jpg\",\"contentUrl\":\"https:\/\/portaltela.pt\/s.01k8rhncp4jt1\/2026\/03\/2075188.jpg\",\"width\":796,\"height\":448,\"caption\":\"A idade em que se supera o cancro \u00e9 um factor a ter em conta, no estabelecimento de prazos a partir dos quais a pessoa tem direito ao esquecimento\"},{\"@type\":\"BreadcrumbList\",\"@id\":\"https:\/\/portaltela.pt\/noticias\/2026\/03\/18\/cancro-direito-ao-esquecimento-ja-regulamentado\/#breadcrumb\",\"itemListElement\":[{\"@type\":\"ListItem\",\"position\":1,\"name\":\"In\u00edcio\",\"item\":\"https:\/\/portaltela.pt\/\"},{\"@type\":\"ListItem\",\"position\":2,\"name\":\"Cancro: direito ao esquecimento j\u00e1 regulamentado\"}]},{\"@type\":\"WebSite\",\"@id\":\"https:\/\/portaltela.pt\/#website\",\"url\":\"https:\/\/portaltela.pt\/\",\"name\":\"Portal Tela Portugal\",\"description\":\"\",\"potentialAction\":[{\"@type\":\"SearchAction\",\"target\":{\"@type\":\"EntryPoint\",\"urlTemplate\":\"https:\/\/portaltela.pt\/?s={search_term_string}\"},\"query-input\":{\"@type\":\"PropertyValueSpecification\",\"valueRequired\":true,\"valueName\":\"search_term_string\"}}],\"inLanguage\":\"pt-PT\"},{\"@type\":\"Person\",\"@id\":\"https:\/\/portaltela.pt\/#\/schema\/person\/c4278d4a6028830caff9ee44b42d32ed\",\"name\":\"Telinha\",\"image\":{\"@type\":\"ImageObject\",\"inLanguage\":\"pt-PT\",\"@id\":\"https:\/\/portaltela.pt\/s.01k8rhncp4jt1\/2025\/11\/talking-bot-125x125.png\",\"url\":\"https:\/\/portaltela.pt\/s.01k8rhncp4jt1\/2025\/11\/talking-bot-125x125.png\",\"contentUrl\":\"https:\/\/portaltela.pt\/s.01k8rhncp4jt1\/2025\/11\/talking-bot-125x125.png\",\"caption\":\"Telinha\"},\"sameAs\":[\"https:\/\/portaltela.pt\/\"],\"url\":\"https:\/\/portaltela.pt\/por\/367410592786\/\"}]}<\/script>\n<!-- \/ Yoast SEO plugin. -->","yoast_head_json":{"title":"Cancro: direito ao esquecimento j\u00e1 regulamentado - Portal Tela Portugal","robots":{"index":"index","follow":"follow","max-snippet":"max-snippet:-1","max-image-preview":"max-image-preview:large","max-video-preview":"max-video-preview:-1"},"og_locale":"pt_PT","og_type":"article","og_title":"Cancro: direito ao esquecimento j\u00e1 regulamentado - Portal Tela Portugal","og_description":"O Governo regulamentou a lei do direito ao esquecimento, proibindo institui\u00e7\u00f5es de cr\u00e9dito e seguradoras de penalizar quem superou doen\u00e7as graves, incluindo alguns cancros, com prazos que variam entre dois e cinco anos. O decreto-lei, publicado no Di\u00e1rio da Rep\u00fablica, mant\u00e9m prazos anteriores para muitos casos, mas introduz uma grelha de refer\u00eancia com prazos espec\u00edficos para 22 grupos de cancros constantes em anexo. A grelha fixa que, para cada patologia, o prazo pode depender da idade da pessoa ou do est\u00e1dio da doen\u00e7a, com limites entre dois e cinco anos, a ser revista de dois em dois anos. A Liga Portuguesa Contra o Cancro considera o anexo um avan\u00e7o, pois oferece regras claras para evitar discrimina\u00e7\u00e3o no acesso a cr\u00e9dito, habita\u00e7\u00e3o e seguros ap\u00f3s a cura ou mitiga\u00e7\u00e3o do risco. O decreto alargou o leque de entidades visadas pelo direito ao esquecimento, incluindo institui\u00e7\u00f5es de cr\u00e9dito, sociedades financeiras, institui\u00e7\u00f5es de previd\u00eancia, pagamento, moeda eletr\u00f3nica, seguros e distribuidores de seguros.","og_url":"https:\/\/portaltela.pt\/noticias\/2026\/03\/18\/cancro-direito-ao-esquecimento-ja-regulamentado\/","og_site_name":"Portal Tela Portugal","article_published_time":"2026-03-18T13:05:00+00:00","author":"Telinha","twitter_card":"summary_large_image","twitter_misc":{"Escrito por":"Telinha","Tempo estimado de leitura":"2 minutos"},"schema":{"@context":"https:\/\/schema.org","@graph":[{"@type":"Article","@id":"https:\/\/portaltela.pt\/noticias\/2026\/03\/18\/cancro-direito-ao-esquecimento-ja-regulamentado\/#article","isPartOf":{"@id":"https:\/\/portaltela.pt\/noticias\/2026\/03\/18\/cancro-direito-ao-esquecimento-ja-regulamentado\/"},"author":{"name":"Telinha","@id":"https:\/\/portaltela.pt\/#\/schema\/person\/c4278d4a6028830caff9ee44b42d32ed"},"headline":"Cancro: direito ao esquecimento j\u00e1 regulamentado","datePublished":"2026-03-18T13:05:00+00:00","mainEntityOfPage":{"@id":"https:\/\/portaltela.pt\/noticias\/2026\/03\/18\/cancro-direito-ao-esquecimento-ja-regulamentado\/"},"wordCount":368,"image":{"@id":"https:\/\/portaltela.pt\/noticias\/2026\/03\/18\/cancro-direito-ao-esquecimento-ja-regulamentado\/#primaryimage"},"thumbnailUrl":"https:\/\/portaltela.pt\/s.01k8rhncp4jt1\/2026\/03\/2075188.jpg","keywords":["Cancro","cr\u00e9dito","direito","lei","Seguro Habita\u00e7\u00e3o"],"articleSection":["Sa\u00fade"],"inLanguage":"pt-PT"},{"@type":"WebPage","@id":"https:\/\/portaltela.pt\/noticias\/2026\/03\/18\/cancro-direito-ao-esquecimento-ja-regulamentado\/","url":"https:\/\/portaltela.pt\/noticias\/2026\/03\/18\/cancro-direito-ao-esquecimento-ja-regulamentado\/","name":"Cancro: direito ao esquecimento j\u00e1 regulamentado - Portal Tela Portugal","isPartOf":{"@id":"https:\/\/portaltela.pt\/#website"},"primaryImageOfPage":{"@id":"https:\/\/portaltela.pt\/noticias\/2026\/03\/18\/cancro-direito-ao-esquecimento-ja-regulamentado\/#primaryimage"},"image":{"@id":"https:\/\/portaltela.pt\/noticias\/2026\/03\/18\/cancro-direito-ao-esquecimento-ja-regulamentado\/#primaryimage"},"thumbnailUrl":"https:\/\/portaltela.pt\/s.01k8rhncp4jt1\/2026\/03\/2075188.jpg","datePublished":"2026-03-18T13:05:00+00:00","author":{"@id":"https:\/\/portaltela.pt\/#\/schema\/person\/c4278d4a6028830caff9ee44b42d32ed"},"breadcrumb":{"@id":"https:\/\/portaltela.pt\/noticias\/2026\/03\/18\/cancro-direito-ao-esquecimento-ja-regulamentado\/#breadcrumb"},"inLanguage":"pt-PT","potentialAction":[{"@type":"ReadAction","target":["https:\/\/portaltela.pt\/noticias\/2026\/03\/18\/cancro-direito-ao-esquecimento-ja-regulamentado\/"]}]},{"@type":"ImageObject","inLanguage":"pt-PT","@id":"https:\/\/portaltela.pt\/noticias\/2026\/03\/18\/cancro-direito-ao-esquecimento-ja-regulamentado\/#primaryimage","url":"https:\/\/portaltela.pt\/s.01k8rhncp4jt1\/2026\/03\/2075188.jpg","contentUrl":"https:\/\/portaltela.pt\/s.01k8rhncp4jt1\/2026\/03\/2075188.jpg","width":796,"height":448,"caption":"A idade em que se supera o cancro \u00e9 um factor a ter em conta, no estabelecimento de prazos a partir dos quais a pessoa tem direito ao esquecimento"},{"@type":"BreadcrumbList","@id":"https:\/\/portaltela.pt\/noticias\/2026\/03\/18\/cancro-direito-ao-esquecimento-ja-regulamentado\/#breadcrumb","itemListElement":[{"@type":"ListItem","position":1,"name":"In\u00edcio","item":"https:\/\/portaltela.pt\/"},{"@type":"ListItem","position":2,"name":"Cancro: direito ao esquecimento j\u00e1 regulamentado"}]},{"@type":"WebSite","@id":"https:\/\/portaltela.pt\/#website","url":"https:\/\/portaltela.pt\/","name":"Portal Tela Portugal","description":"","potentialAction":[{"@type":"SearchAction","target":{"@type":"EntryPoint","urlTemplate":"https:\/\/portaltela.pt\/?s={search_term_string}"},"query-input":{"@type":"PropertyValueSpecification","valueRequired":true,"valueName":"search_term_string"}}],"inLanguage":"pt-PT"},{"@type":"Person","@id":"https:\/\/portaltela.pt\/#\/schema\/person\/c4278d4a6028830caff9ee44b42d32ed","name":"Telinha","image":{"@type":"ImageObject","inLanguage":"pt-PT","@id":"https:\/\/portaltela.pt\/s.01k8rhncp4jt1\/2025\/11\/talking-bot-125x125.png","url":"https:\/\/portaltela.pt\/s.01k8rhncp4jt1\/2025\/11\/talking-bot-125x125.png","contentUrl":"https:\/\/portaltela.pt\/s.01k8rhncp4jt1\/2025\/11\/talking-bot-125x125.png","caption":"Telinha"},"sameAs":["https:\/\/portaltela.pt\/"],"url":"https:\/\/portaltela.pt\/por\/367410592786\/"}]}},"_links":{"self":[{"href":"https:\/\/portaltela.pt\/api\/wp\/v2\/posts\/414520","targetHints":{"allow":["GET"]}}],"collection":[{"href":"https:\/\/portaltela.pt\/api\/wp\/v2\/posts"}],"about":[{"href":"https:\/\/portaltela.pt\/api\/wp\/v2\/types\/post"}],"author":[{"embeddable":true,"href":"https:\/\/portaltela.pt\/api\/wp\/v2\/users\/2"}],"replies":[{"embeddable":true,"href":"https:\/\/portaltela.pt\/api\/wp\/v2\/comments?post=414520"}],"version-history":[{"count":0,"href":"https:\/\/portaltela.pt\/api\/wp\/v2\/posts\/414520\/revisions"}],"wp:featuredmedia":[{"embeddable":true,"href":"https:\/\/portaltela.pt\/api\/wp\/v2\/media\/414530"}],"wp:attachment":[{"href":"https:\/\/portaltela.pt\/api\/wp\/v2\/media?parent=414520"}],"wp:term":[{"taxonomy":"category","embeddable":true,"href":"https:\/\/portaltela.pt\/api\/wp\/v2\/categories?post=414520"},{"taxonomy":"post_tag","embeddable":true,"href":"https:\/\/portaltela.pt\/api\/wp\/v2\/tags?post=414520"}],"curies":[{"name":"wp","href":"https:\/\/api.w.org\/{rel}","templated":true}]}}