{"id":414497,"date":"2026-03-18T09:33:00","date_gmt":"2026-03-18T12:33:00","guid":{"rendered":"https:\/\/portaltela.pt\/noticias\/2026\/03\/18\/riefenstahl-aborda-residuos-toxicos-nos-filmes-de-propaganda-do-iii-reich\/"},"modified":"2026-03-18T09:33:00","modified_gmt":"2026-03-18T12:33:00","slug":"riefenstahl-aborda-residuos-toxicos-nos-filmes-de-propaganda-do-iii-reich","status":"publish","type":"post","link":"https:\/\/portaltela.pt\/noticias\/2026\/03\/18\/riefenstahl-aborda-residuos-toxicos-nos-filmes-de-propaganda-do-iii-reich\/","title":{"rendered":"Riefenstahl aborda res\u00edduos t\u00f3xicos nos filmes de propaganda do III Reich"},"content":{"rendered":"<p>Leni Riefenstahl \u00e9 analisada como pe\u00e7a de exposi\u00e7\u00e3o em uma reflex\u00e3o sobre como o ide\u00e1rio nazista ressurge, mesmo em contextos culturais atuais. O trabalho revisita, sem embelezar a propaganda, os m\u00e9todos de filmagem e de constru\u00e7\u00e3o de imagem usados pelo regime.<\/p>\n<p>O artigo discute o peso hist\u00f3rico da diretora e a forma como a obra pode ser encarada hoje, diante de sinais de reativa\u00e7\u00e3o de conte\u00fados associados ao III Reich. A an\u00e1lise questiona limites entre mem\u00f3ria, biografia e uso pol\u00edtico da imagem.<\/p>\n<p>Outra linha de foco \u00e9 a presen\u00e7a de uma fotografia de Leni Riefenstahl com Adolf Hitler, documentada pela produ\u00e7\u00e3o para sustentar a narrativa do filme. O objetivo \u00e9 entender como tal material \u00e9 utilizado para contextualizar a rela\u00e7\u00e3o entre autora, filme e regime.<\/p>\n<h3>Entrevista com Andres Veiel<\/h3>\n<p>A entrevista com Andres Veiel aborda a fidelidade hist\u00f3rica da figura de Riefenstahl e as controv\u00e9rsias em torno de seus relatos. O filme \u00e9 apresentado como ferramenta para discutir como narrativas podem influenciar o debate p\u00fablico sobre fake news.<\/p>\n","protected":false},"excerpt":{"rendered":"<ul>\n<li>O document\u00e1rio de Andres Veiel sobre Leni Riefenstahl analisa o legado da cineasta e o uso de filmes de propaganda do Terceiro Reich, consideravelmente ainda relevante hoje.<\/li>\n<li>O filme apresenta a obra como uma exposi\u00e7\u00e3o cr\u00edtica sobre como Riefenstahl geriu a imagem do regime e a sua rela\u00e7\u00e3o com a propaganda.<\/li>\n<li>S\u00e3o usados documentos do filme, incluindo uma fotografia de Leni Riefenstahl com Adolf Hitler, para contextualizar o material hist\u00f3rico.<\/li>\n<li>Na entrevista associada, Andres Veiel afirma que Riefenstahl \u201c mentia de forma incontinente\u201d e que o seu trabalho funciona como modelo para not\u00edcias falsas.<\/li>\n<\/ul>\n","protected":false},"author":2,"featured_media":414499,"comment_status":"closed","ping_status":"closed","sticky":false,"template":"","format":"standard","meta":{"footnotes":""},"categories":[1],"tags":[5175,112,196,5242,299],"class_list":["post-414497","post","type-post","status-publish","format-standard","has-post-thumbnail","hentry","category-noticias","tag-biografias-historicas","tag-cinema","tag-documentarios","tag-filmes","tag-historia"],"yoast_head":"<!-- This site is optimized with the Yoast SEO plugin v27.2 - https:\/\/yoast.com\/product\/yoast-seo-wordpress\/ -->\n<title>Riefenstahl aborda res\u00edduos t\u00f3xicos nos filmes de propaganda do III Reich - Portal Tela Portugal<\/title>\n<meta name=\"robots\" content=\"index, follow, max-snippet:-1, max-image-preview:large, max-video-preview:-1\" \/>\n<meta property=\"og:locale\" content=\"pt_PT\" \/>\n<meta property=\"og:type\" content=\"article\" \/>\n<meta property=\"og:title\" content=\"Riefenstahl aborda res\u00edduos t\u00f3xicos nos filmes de propaganda do III Reich - Portal Tela Portugal\" \/>\n<meta property=\"og:description\" content=\"O document\u00e1rio de Andres Veiel sobre Leni Riefenstahl analisa o legado da cineasta e o uso de filmes de propaganda do Terceiro Reich, consideravelmente ainda relevante hoje. O filme apresenta a obra como uma exposi\u00e7\u00e3o cr\u00edtica sobre como Riefenstahl geriu a imagem do regime e a sua rela\u00e7\u00e3o com a propaganda. S\u00e3o usados documentos do filme, incluindo uma fotografia de Leni Riefenstahl com Adolf Hitler, para contextualizar o material hist\u00f3rico. Na entrevista associada, Andres Veiel afirma que Riefenstahl \u201c mentia de forma incontinente\u201d e que o seu trabalho funciona como modelo para not\u00edcias falsas.\" \/>\n<meta property=\"og:url\" content=\"https:\/\/portaltela.pt\/noticias\/2026\/03\/18\/riefenstahl-aborda-residuos-toxicos-nos-filmes-de-propaganda-do-iii-reich\/\" \/>\n<meta property=\"og:site_name\" content=\"Portal Tela Portugal\" \/>\n<meta property=\"article:published_time\" content=\"2026-03-18T12:33:00+00:00\" \/>\n<meta name=\"author\" content=\"Telinha\" \/>\n<meta name=\"twitter:card\" content=\"summary_large_image\" \/>\n<meta name=\"twitter:label1\" content=\"Escrito por\" \/>\n\t<meta name=\"twitter:data1\" content=\"Telinha\" \/>\n\t<meta name=\"twitter:label2\" content=\"Tempo estimado de leitura\" \/>\n\t<meta name=\"twitter:data2\" content=\"1 minuto\" \/>\n<script type=\"application\/ld+json\" class=\"yoast-schema-graph\">{\"@context\":\"https:\/\/schema.org\",\"@graph\":[{\"@type\":\"Article\",\"@id\":\"https:\/\/portaltela.pt\/noticias\/2026\/03\/18\/riefenstahl-aborda-residuos-toxicos-nos-filmes-de-propaganda-do-iii-reich\/#article\",\"isPartOf\":{\"@id\":\"https:\/\/portaltela.pt\/noticias\/2026\/03\/18\/riefenstahl-aborda-residuos-toxicos-nos-filmes-de-propaganda-do-iii-reich\/\"},\"author\":{\"name\":\"Telinha\",\"@id\":\"https:\/\/portaltela.pt\/#\/schema\/person\/c4278d4a6028830caff9ee44b42d32ed\"},\"headline\":\"Riefenstahl aborda res\u00edduos t\u00f3xicos nos filmes de propaganda do III Reich\",\"datePublished\":\"2026-03-18T12:33:00+00:00\",\"mainEntityOfPage\":{\"@id\":\"https:\/\/portaltela.pt\/noticias\/2026\/03\/18\/riefenstahl-aborda-residuos-toxicos-nos-filmes-de-propaganda-do-iii-reich\/\"},\"wordCount\":194,\"image\":{\"@id\":\"https:\/\/portaltela.pt\/noticias\/2026\/03\/18\/riefenstahl-aborda-residuos-toxicos-nos-filmes-de-propaganda-do-iii-reich\/#primaryimage\"},\"thumbnailUrl\":\"https:\/\/portaltela.pt\/s.01k8rhncp4jt1\/2026\/03\/2075142.jpg\",\"keywords\":[\"biografias hist\u00f3ricas\",\"cinema\",\"document\u00e1rios\",\"filmes\",\"hist\u00f3ria\"],\"articleSection\":[\"Not\u00edcias\"],\"inLanguage\":\"pt-PT\"},{\"@type\":\"WebPage\",\"@id\":\"https:\/\/portaltela.pt\/noticias\/2026\/03\/18\/riefenstahl-aborda-residuos-toxicos-nos-filmes-de-propaganda-do-iii-reich\/\",\"url\":\"https:\/\/portaltela.pt\/noticias\/2026\/03\/18\/riefenstahl-aborda-residuos-toxicos-nos-filmes-de-propaganda-do-iii-reich\/\",\"name\":\"Riefenstahl aborda res\u00edduos t\u00f3xicos nos filmes de propaganda do III Reich - Portal Tela Portugal\",\"isPartOf\":{\"@id\":\"https:\/\/portaltela.pt\/#website\"},\"primaryImageOfPage\":{\"@id\":\"https:\/\/portaltela.pt\/noticias\/2026\/03\/18\/riefenstahl-aborda-residuos-toxicos-nos-filmes-de-propaganda-do-iii-reich\/#primaryimage\"},\"image\":{\"@id\":\"https:\/\/portaltela.pt\/noticias\/2026\/03\/18\/riefenstahl-aborda-residuos-toxicos-nos-filmes-de-propaganda-do-iii-reich\/#primaryimage\"},\"thumbnailUrl\":\"https:\/\/portaltela.pt\/s.01k8rhncp4jt1\/2026\/03\/2075142.jpg\",\"datePublished\":\"2026-03-18T12:33:00+00:00\",\"author\":{\"@id\":\"https:\/\/portaltela.pt\/#\/schema\/person\/c4278d4a6028830caff9ee44b42d32ed\"},\"breadcrumb\":{\"@id\":\"https:\/\/portaltela.pt\/noticias\/2026\/03\/18\/riefenstahl-aborda-residuos-toxicos-nos-filmes-de-propaganda-do-iii-reich\/#breadcrumb\"},\"inLanguage\":\"pt-PT\",\"potentialAction\":[{\"@type\":\"ReadAction\",\"target\":[\"https:\/\/portaltela.pt\/noticias\/2026\/03\/18\/riefenstahl-aborda-residuos-toxicos-nos-filmes-de-propaganda-do-iii-reich\/\"]}]},{\"@type\":\"ImageObject\",\"inLanguage\":\"pt-PT\",\"@id\":\"https:\/\/portaltela.pt\/noticias\/2026\/03\/18\/riefenstahl-aborda-residuos-toxicos-nos-filmes-de-propaganda-do-iii-reich\/#primaryimage\",\"url\":\"https:\/\/portaltela.pt\/s.01k8rhncp4jt1\/2026\/03\/2075142.jpg\",\"contentUrl\":\"https:\/\/portaltela.pt\/s.01k8rhncp4jt1\/2026\/03\/2075142.jpg\",\"width\":796,\"height\":448,\"caption\":\"Uma fotografia de Leni Riefenstahl com Adolf Hitler, um dos documentos usados por Andres Veiel no seu filme\"},{\"@type\":\"BreadcrumbList\",\"@id\":\"https:\/\/portaltela.pt\/noticias\/2026\/03\/18\/riefenstahl-aborda-residuos-toxicos-nos-filmes-de-propaganda-do-iii-reich\/#breadcrumb\",\"itemListElement\":[{\"@type\":\"ListItem\",\"position\":1,\"name\":\"In\u00edcio\",\"item\":\"https:\/\/portaltela.pt\/\"},{\"@type\":\"ListItem\",\"position\":2,\"name\":\"Riefenstahl aborda res\u00edduos t\u00f3xicos nos filmes de propaganda do III Reich\"}]},{\"@type\":\"WebSite\",\"@id\":\"https:\/\/portaltela.pt\/#website\",\"url\":\"https:\/\/portaltela.pt\/\",\"name\":\"Portal Tela Portugal\",\"description\":\"\",\"potentialAction\":[{\"@type\":\"SearchAction\",\"target\":{\"@type\":\"EntryPoint\",\"urlTemplate\":\"https:\/\/portaltela.pt\/?s={search_term_string}\"},\"query-input\":{\"@type\":\"PropertyValueSpecification\",\"valueRequired\":true,\"valueName\":\"search_term_string\"}}],\"inLanguage\":\"pt-PT\"},{\"@type\":\"Person\",\"@id\":\"https:\/\/portaltela.pt\/#\/schema\/person\/c4278d4a6028830caff9ee44b42d32ed\",\"name\":\"Telinha\",\"image\":{\"@type\":\"ImageObject\",\"inLanguage\":\"pt-PT\",\"@id\":\"https:\/\/portaltela.pt\/s.01k8rhncp4jt1\/2025\/11\/talking-bot-125x125.png\",\"url\":\"https:\/\/portaltela.pt\/s.01k8rhncp4jt1\/2025\/11\/talking-bot-125x125.png\",\"contentUrl\":\"https:\/\/portaltela.pt\/s.01k8rhncp4jt1\/2025\/11\/talking-bot-125x125.png\",\"caption\":\"Telinha\"},\"sameAs\":[\"https:\/\/portaltela.pt\/\"],\"url\":\"https:\/\/portaltela.pt\/por\/367410592786\/\"}]}<\/script>\n<!-- \/ Yoast SEO plugin. -->","yoast_head_json":{"title":"Riefenstahl aborda res\u00edduos t\u00f3xicos nos filmes de propaganda do III Reich - Portal Tela Portugal","robots":{"index":"index","follow":"follow","max-snippet":"max-snippet:-1","max-image-preview":"max-image-preview:large","max-video-preview":"max-video-preview:-1"},"og_locale":"pt_PT","og_type":"article","og_title":"Riefenstahl aborda res\u00edduos t\u00f3xicos nos filmes de propaganda do III Reich - Portal Tela Portugal","og_description":"O document\u00e1rio de Andres Veiel sobre Leni Riefenstahl analisa o legado da cineasta e o uso de filmes de propaganda do Terceiro Reich, consideravelmente ainda relevante hoje. O filme apresenta a obra como uma exposi\u00e7\u00e3o cr\u00edtica sobre como Riefenstahl geriu a imagem do regime e a sua rela\u00e7\u00e3o com a propaganda. S\u00e3o usados documentos do filme, incluindo uma fotografia de Leni Riefenstahl com Adolf Hitler, para contextualizar o material hist\u00f3rico. Na entrevista associada, Andres Veiel afirma que Riefenstahl \u201c mentia de forma incontinente\u201d e que o seu trabalho funciona como modelo para not\u00edcias falsas.","og_url":"https:\/\/portaltela.pt\/noticias\/2026\/03\/18\/riefenstahl-aborda-residuos-toxicos-nos-filmes-de-propaganda-do-iii-reich\/","og_site_name":"Portal Tela Portugal","article_published_time":"2026-03-18T12:33:00+00:00","author":"Telinha","twitter_card":"summary_large_image","twitter_misc":{"Escrito por":"Telinha","Tempo estimado de leitura":"1 minuto"},"schema":{"@context":"https:\/\/schema.org","@graph":[{"@type":"Article","@id":"https:\/\/portaltela.pt\/noticias\/2026\/03\/18\/riefenstahl-aborda-residuos-toxicos-nos-filmes-de-propaganda-do-iii-reich\/#article","isPartOf":{"@id":"https:\/\/portaltela.pt\/noticias\/2026\/03\/18\/riefenstahl-aborda-residuos-toxicos-nos-filmes-de-propaganda-do-iii-reich\/"},"author":{"name":"Telinha","@id":"https:\/\/portaltela.pt\/#\/schema\/person\/c4278d4a6028830caff9ee44b42d32ed"},"headline":"Riefenstahl aborda res\u00edduos t\u00f3xicos nos filmes de propaganda do III Reich","datePublished":"2026-03-18T12:33:00+00:00","mainEntityOfPage":{"@id":"https:\/\/portaltela.pt\/noticias\/2026\/03\/18\/riefenstahl-aborda-residuos-toxicos-nos-filmes-de-propaganda-do-iii-reich\/"},"wordCount":194,"image":{"@id":"https:\/\/portaltela.pt\/noticias\/2026\/03\/18\/riefenstahl-aborda-residuos-toxicos-nos-filmes-de-propaganda-do-iii-reich\/#primaryimage"},"thumbnailUrl":"https:\/\/portaltela.pt\/s.01k8rhncp4jt1\/2026\/03\/2075142.jpg","keywords":["biografias hist\u00f3ricas","cinema","document\u00e1rios","filmes","hist\u00f3ria"],"articleSection":["Not\u00edcias"],"inLanguage":"pt-PT"},{"@type":"WebPage","@id":"https:\/\/portaltela.pt\/noticias\/2026\/03\/18\/riefenstahl-aborda-residuos-toxicos-nos-filmes-de-propaganda-do-iii-reich\/","url":"https:\/\/portaltela.pt\/noticias\/2026\/03\/18\/riefenstahl-aborda-residuos-toxicos-nos-filmes-de-propaganda-do-iii-reich\/","name":"Riefenstahl aborda res\u00edduos t\u00f3xicos nos filmes de propaganda do III Reich - Portal Tela Portugal","isPartOf":{"@id":"https:\/\/portaltela.pt\/#website"},"primaryImageOfPage":{"@id":"https:\/\/portaltela.pt\/noticias\/2026\/03\/18\/riefenstahl-aborda-residuos-toxicos-nos-filmes-de-propaganda-do-iii-reich\/#primaryimage"},"image":{"@id":"https:\/\/portaltela.pt\/noticias\/2026\/03\/18\/riefenstahl-aborda-residuos-toxicos-nos-filmes-de-propaganda-do-iii-reich\/#primaryimage"},"thumbnailUrl":"https:\/\/portaltela.pt\/s.01k8rhncp4jt1\/2026\/03\/2075142.jpg","datePublished":"2026-03-18T12:33:00+00:00","author":{"@id":"https:\/\/portaltela.pt\/#\/schema\/person\/c4278d4a6028830caff9ee44b42d32ed"},"breadcrumb":{"@id":"https:\/\/portaltela.pt\/noticias\/2026\/03\/18\/riefenstahl-aborda-residuos-toxicos-nos-filmes-de-propaganda-do-iii-reich\/#breadcrumb"},"inLanguage":"pt-PT","potentialAction":[{"@type":"ReadAction","target":["https:\/\/portaltela.pt\/noticias\/2026\/03\/18\/riefenstahl-aborda-residuos-toxicos-nos-filmes-de-propaganda-do-iii-reich\/"]}]},{"@type":"ImageObject","inLanguage":"pt-PT","@id":"https:\/\/portaltela.pt\/noticias\/2026\/03\/18\/riefenstahl-aborda-residuos-toxicos-nos-filmes-de-propaganda-do-iii-reich\/#primaryimage","url":"https:\/\/portaltela.pt\/s.01k8rhncp4jt1\/2026\/03\/2075142.jpg","contentUrl":"https:\/\/portaltela.pt\/s.01k8rhncp4jt1\/2026\/03\/2075142.jpg","width":796,"height":448,"caption":"Uma fotografia de Leni Riefenstahl com Adolf Hitler, um dos documentos usados por Andres Veiel no seu filme"},{"@type":"BreadcrumbList","@id":"https:\/\/portaltela.pt\/noticias\/2026\/03\/18\/riefenstahl-aborda-residuos-toxicos-nos-filmes-de-propaganda-do-iii-reich\/#breadcrumb","itemListElement":[{"@type":"ListItem","position":1,"name":"In\u00edcio","item":"https:\/\/portaltela.pt\/"},{"@type":"ListItem","position":2,"name":"Riefenstahl aborda res\u00edduos t\u00f3xicos nos filmes de propaganda do III Reich"}]},{"@type":"WebSite","@id":"https:\/\/portaltela.pt\/#website","url":"https:\/\/portaltela.pt\/","name":"Portal Tela Portugal","description":"","potentialAction":[{"@type":"SearchAction","target":{"@type":"EntryPoint","urlTemplate":"https:\/\/portaltela.pt\/?s={search_term_string}"},"query-input":{"@type":"PropertyValueSpecification","valueRequired":true,"valueName":"search_term_string"}}],"inLanguage":"pt-PT"},{"@type":"Person","@id":"https:\/\/portaltela.pt\/#\/schema\/person\/c4278d4a6028830caff9ee44b42d32ed","name":"Telinha","image":{"@type":"ImageObject","inLanguage":"pt-PT","@id":"https:\/\/portaltela.pt\/s.01k8rhncp4jt1\/2025\/11\/talking-bot-125x125.png","url":"https:\/\/portaltela.pt\/s.01k8rhncp4jt1\/2025\/11\/talking-bot-125x125.png","contentUrl":"https:\/\/portaltela.pt\/s.01k8rhncp4jt1\/2025\/11\/talking-bot-125x125.png","caption":"Telinha"},"sameAs":["https:\/\/portaltela.pt\/"],"url":"https:\/\/portaltela.pt\/por\/367410592786\/"}]}},"_links":{"self":[{"href":"https:\/\/portaltela.pt\/api\/wp\/v2\/posts\/414497","targetHints":{"allow":["GET"]}}],"collection":[{"href":"https:\/\/portaltela.pt\/api\/wp\/v2\/posts"}],"about":[{"href":"https:\/\/portaltela.pt\/api\/wp\/v2\/types\/post"}],"author":[{"embeddable":true,"href":"https:\/\/portaltela.pt\/api\/wp\/v2\/users\/2"}],"replies":[{"embeddable":true,"href":"https:\/\/portaltela.pt\/api\/wp\/v2\/comments?post=414497"}],"version-history":[{"count":0,"href":"https:\/\/portaltela.pt\/api\/wp\/v2\/posts\/414497\/revisions"}],"wp:featuredmedia":[{"embeddable":true,"href":"https:\/\/portaltela.pt\/api\/wp\/v2\/media\/414499"}],"wp:attachment":[{"href":"https:\/\/portaltela.pt\/api\/wp\/v2\/media?parent=414497"}],"wp:term":[{"taxonomy":"category","embeddable":true,"href":"https:\/\/portaltela.pt\/api\/wp\/v2\/categories?post=414497"},{"taxonomy":"post_tag","embeddable":true,"href":"https:\/\/portaltela.pt\/api\/wp\/v2\/tags?post=414497"}],"curies":[{"name":"wp","href":"https:\/\/api.w.org\/{rel}","templated":true}]}}