{"id":414469,"date":"2026-03-18T09:25:00","date_gmt":"2026-03-18T12:25:00","guid":{"rendered":"https:\/\/portaltela.pt\/noticias\/2026\/03\/18\/operacao-marques-socrates-com-dois-advogados-de-oficio-nomeados-em-separado\/"},"modified":"2026-03-18T09:25:00","modified_gmt":"2026-03-18T12:25:00","slug":"operacao-marques-socrates-com-dois-advogados-de-oficio-nomeados-em-separado","status":"publish","type":"post","link":"https:\/\/portaltela.pt\/noticias\/2026\/03\/18\/operacao-marques-socrates-com-dois-advogados-de-oficio-nomeados-em-separado\/","title":{"rendered":"Opera\u00e7\u00e3o Marqu\u00eas: S\u00f3crates com dois advogados de of\u00edcio nomeados em separado"},"content":{"rendered":"<p>O antigo chefe de Governo Jos\u00e9 S\u00f3crates viu a sua defesa no processo Opera\u00e7\u00e3o Marqu\u00eas evoluir esta quarta-feira, com dois advogados oficiosos presentes na sala desde as 11h10. A nomea\u00e7\u00e3o ocorreu por entidades distintas, num contexto de regulariza\u00e7\u00e3o da representa\u00e7\u00e3o legal.<\/p>\n<p>Pelas 10h30, o tribunal considerou regularizada a atua\u00e7\u00e3o de Lu\u00eds Carlos Esteves, nomeado na v\u00e9spera pelo Conselho Geral da Ordem dos Advogados (OA). A decis\u00e3o veio ap\u00f3s o Conselho Geral ter assumido a compet\u00eancia para designar advogados oficiosos em processos de especial complexidade.<\/p>\n<p>No entanto, Esteves ainda n\u00e3o se encontrava na sala de audi\u00eancias \u00e0s 10h30, o que levou a que S\u00f3crates continuasse a ser representado por Humberto Monteiro, o advogado de escala nomeado pelo tribunal. Esteves chegou \u00e0s 11h10 e assumiu o interrogat\u00f3rio em curso.<\/p>\n<p>Pelas 12h00, ambos os advogados continuavam no tribunal a ouvir a grava\u00e7\u00e3o do interrogat\u00f3rio. A regulariza\u00e7\u00e3o da representa\u00e7\u00e3o de Esteves foi, contudo, alvo de contesta\u00e7\u00e3o por parte de advogados de outros arguidos, levando o colectivo de ju\u00edzas a adiar a decis\u00e3o para o in\u00edcio da tarde.<\/p>\n<p>Jos\u00e9 S\u00f3crates, de 68 anos, \u00e9 acusado de 22 crimes, incluindo tr\u00eas de corrup\u00e7\u00e3o. O Minist\u00e9rio P\u00fablico alega que recebeu dinheiro para favorecer o grupo Lena, o Grupo Esp\u00edrito Santo (GES) e o resort de Vale do Lobo.<\/p>\n<p>O processo envolve 21 arguidos, a quem s\u00e3o imputados, globalmente, 117 crimes econ\u00f3mico-financeiros. Os il\u00edcitos teriam ocorrido entre 2005 e 2014, com previs\u00e3o de prescri\u00e7\u00e3o de crimes de corrup\u00e7\u00e3o antigos no primeiro semestre deste ano, segundo estimativas do tribunal.<\/p>\n<p>O julgamento decorre desde 3 de julho de 2025, no Tribunal Central Criminal de Lisboa, mantendo-se em curso as audi\u00eancias de instru\u00e7\u00e3o e inquiri\u00e7\u00e3o relacionadas com o caso.<\/p>\n","protected":false},"excerpt":{"rendered":"<ul>\n<li>Jos\u00e9 S\u00f3crates tem at\u00e9 hoje para escolher advogado, ap\u00f3s os \u00faltimos tr\u00eas nomes recusarem a defesa.<\/li>\n<li>Nesta sess\u00e3o, \u00e0s 11h10, o ex-primeiro-ministro passou a ser defendido por dois advogados oficiosos, nomeados por entidades distintas.<\/li>\n<li>\u00c0s 10h30, o tribunal regularizou a representa\u00e7\u00e3o de S\u00f3crates por Lu\u00eds Carlos Esteves, indicado pelo Conselho Geral da Ordem dos Advogados.<\/li>\n<li>O advogado Humberto Monteiro, nomeado pelo tribunal para assegurar a continuidade do julgamento, continuava a representar o ex-primeiro-ministro at\u00e9 \u00e0 chegada de Esteves.<\/li>\n<li>O processo Marqu\u00eas envolve 21 arguidos; S\u00f3crates \u00e9 acusado de 22 crimes, incluindo tr\u00eas de corrup\u00e7\u00e3o, em alegados benef\u00edcios a Lena, GES e Vale do Lobo, com crimes remontando a 2005-2014 e poss\u00edvel prescri\u00e7\u00e3o de alguns no primeiro semestre deste ano.<\/li>\n<\/ul>\n","protected":false},"author":2,"featured_media":414479,"comment_status":"closed","ping_status":"closed","sticky":false,"template":"","format":"standard","meta":{"footnotes":""},"categories":[6815,1],"tags":[6618,83,7315,5863,981,6208],"class_list":["post-414469","post","type-post","status-publish","format-standard","has-post-thumbnail","hentry","category-justica","category-noticias","tag-advogados","tag-corrupcao","tag-crimes-economico-financeiros","tag-jose-socrates","tag-lisboa","tag-tribunais"],"yoast_head":"<!-- This site is optimized with the Yoast SEO plugin v27.2 - https:\/\/yoast.com\/product\/yoast-seo-wordpress\/ -->\n<title>Opera\u00e7\u00e3o Marqu\u00eas: S\u00f3crates com dois advogados de of\u00edcio nomeados em separado - Portal Tela Portugal<\/title>\n<meta name=\"robots\" content=\"index, follow, max-snippet:-1, max-image-preview:large, max-video-preview:-1\" \/>\n<meta property=\"og:locale\" content=\"pt_PT\" \/>\n<meta property=\"og:type\" content=\"article\" \/>\n<meta property=\"og:title\" content=\"Opera\u00e7\u00e3o Marqu\u00eas: S\u00f3crates com dois advogados de of\u00edcio nomeados em separado - Portal Tela Portugal\" \/>\n<meta property=\"og:description\" content=\"Jos\u00e9 S\u00f3crates tem at\u00e9 hoje para escolher advogado, ap\u00f3s os \u00faltimos tr\u00eas nomes recusarem a defesa. Nesta sess\u00e3o, \u00e0s 11h10, o ex-primeiro-ministro passou a ser defendido por dois advogados oficiosos, nomeados por entidades distintas. \u00c0s 10h30, o tribunal regularizou a representa\u00e7\u00e3o de S\u00f3crates por Lu\u00eds Carlos Esteves, indicado pelo Conselho Geral da Ordem dos Advogados. O advogado Humberto Monteiro, nomeado pelo tribunal para assegurar a continuidade do julgamento, continuava a representar o ex-primeiro-ministro at\u00e9 \u00e0 chegada de Esteves. O processo Marqu\u00eas envolve 21 arguidos; S\u00f3crates \u00e9 acusado de 22 crimes, incluindo tr\u00eas de corrup\u00e7\u00e3o, em alegados benef\u00edcios a Lena, GES e Vale do Lobo, com crimes remontando a 2005-2014 e poss\u00edvel prescri\u00e7\u00e3o de alguns no primeiro semestre deste ano.\" \/>\n<meta property=\"og:url\" content=\"https:\/\/portaltela.pt\/noticias\/2026\/03\/18\/operacao-marques-socrates-com-dois-advogados-de-oficio-nomeados-em-separado\/\" \/>\n<meta property=\"og:site_name\" content=\"Portal Tela Portugal\" \/>\n<meta property=\"article:published_time\" content=\"2026-03-18T12:25:00+00:00\" \/>\n<meta name=\"author\" content=\"Telinha\" \/>\n<meta name=\"twitter:card\" content=\"summary_large_image\" \/>\n<meta name=\"twitter:label1\" content=\"Escrito por\" \/>\n\t<meta name=\"twitter:data1\" content=\"Telinha\" \/>\n\t<meta name=\"twitter:label2\" content=\"Tempo estimado de leitura\" \/>\n\t<meta name=\"twitter:data2\" content=\"2 minutos\" \/>\n<script type=\"application\/ld+json\" class=\"yoast-schema-graph\">{\"@context\":\"https:\/\/schema.org\",\"@graph\":[{\"@type\":\"Article\",\"@id\":\"https:\/\/portaltela.pt\/noticias\/2026\/03\/18\/operacao-marques-socrates-com-dois-advogados-de-oficio-nomeados-em-separado\/#article\",\"isPartOf\":{\"@id\":\"https:\/\/portaltela.pt\/noticias\/2026\/03\/18\/operacao-marques-socrates-com-dois-advogados-de-oficio-nomeados-em-separado\/\"},\"author\":{\"name\":\"Telinha\",\"@id\":\"https:\/\/portaltela.pt\/#\/schema\/person\/c4278d4a6028830caff9ee44b42d32ed\"},\"headline\":\"Opera\u00e7\u00e3o Marqu\u00eas: S\u00f3crates com dois advogados de of\u00edcio nomeados em separado\",\"datePublished\":\"2026-03-18T12:25:00+00:00\",\"mainEntityOfPage\":{\"@id\":\"https:\/\/portaltela.pt\/noticias\/2026\/03\/18\/operacao-marques-socrates-com-dois-advogados-de-oficio-nomeados-em-separado\/\"},\"wordCount\":323,\"image\":{\"@id\":\"https:\/\/portaltela.pt\/noticias\/2026\/03\/18\/operacao-marques-socrates-com-dois-advogados-de-oficio-nomeados-em-separado\/#primaryimage\"},\"thumbnailUrl\":\"https:\/\/portaltela.pt\/s.01k8rhncp4jt1\/2026\/03\/2075166.jpg\",\"keywords\":[\"Advogados\",\"corrup\u00e7\u00e3o\",\"Crimes econ\u00f3mico-financeiros\",\"Jos\u00e9 S\u00f3crates\",\"Lisboa\",\"Tribunais\"],\"articleSection\":[\"Justi\u00e7a\",\"Not\u00edcias\"],\"inLanguage\":\"pt-PT\"},{\"@type\":\"WebPage\",\"@id\":\"https:\/\/portaltela.pt\/noticias\/2026\/03\/18\/operacao-marques-socrates-com-dois-advogados-de-oficio-nomeados-em-separado\/\",\"url\":\"https:\/\/portaltela.pt\/noticias\/2026\/03\/18\/operacao-marques-socrates-com-dois-advogados-de-oficio-nomeados-em-separado\/\",\"name\":\"Opera\u00e7\u00e3o Marqu\u00eas: S\u00f3crates com dois advogados de of\u00edcio nomeados em separado - Portal Tela Portugal\",\"isPartOf\":{\"@id\":\"https:\/\/portaltela.pt\/#website\"},\"primaryImageOfPage\":{\"@id\":\"https:\/\/portaltela.pt\/noticias\/2026\/03\/18\/operacao-marques-socrates-com-dois-advogados-de-oficio-nomeados-em-separado\/#primaryimage\"},\"image\":{\"@id\":\"https:\/\/portaltela.pt\/noticias\/2026\/03\/18\/operacao-marques-socrates-com-dois-advogados-de-oficio-nomeados-em-separado\/#primaryimage\"},\"thumbnailUrl\":\"https:\/\/portaltela.pt\/s.01k8rhncp4jt1\/2026\/03\/2075166.jpg\",\"datePublished\":\"2026-03-18T12:25:00+00:00\",\"author\":{\"@id\":\"https:\/\/portaltela.pt\/#\/schema\/person\/c4278d4a6028830caff9ee44b42d32ed\"},\"breadcrumb\":{\"@id\":\"https:\/\/portaltela.pt\/noticias\/2026\/03\/18\/operacao-marques-socrates-com-dois-advogados-de-oficio-nomeados-em-separado\/#breadcrumb\"},\"inLanguage\":\"pt-PT\",\"potentialAction\":[{\"@type\":\"ReadAction\",\"target\":[\"https:\/\/portaltela.pt\/noticias\/2026\/03\/18\/operacao-marques-socrates-com-dois-advogados-de-oficio-nomeados-em-separado\/\"]}]},{\"@type\":\"ImageObject\",\"inLanguage\":\"pt-PT\",\"@id\":\"https:\/\/portaltela.pt\/noticias\/2026\/03\/18\/operacao-marques-socrates-com-dois-advogados-de-oficio-nomeados-em-separado\/#primaryimage\",\"url\":\"https:\/\/portaltela.pt\/s.01k8rhncp4jt1\/2026\/03\/2075166.jpg\",\"contentUrl\":\"https:\/\/portaltela.pt\/s.01k8rhncp4jt1\/2026\/03\/2075166.jpg\",\"width\":796,\"height\":448,\"caption\":\"Jos\u00e9 S\u00f3crates no Campus de Justi\u00e7a no dia do in\u00edcio do julgamento do processo conhecido como Opera\u00e7\u00e3o Marqu\u00eas em que \u00e9 o principal arguido\"},{\"@type\":\"BreadcrumbList\",\"@id\":\"https:\/\/portaltela.pt\/noticias\/2026\/03\/18\/operacao-marques-socrates-com-dois-advogados-de-oficio-nomeados-em-separado\/#breadcrumb\",\"itemListElement\":[{\"@type\":\"ListItem\",\"position\":1,\"name\":\"In\u00edcio\",\"item\":\"https:\/\/portaltela.pt\/\"},{\"@type\":\"ListItem\",\"position\":2,\"name\":\"Opera\u00e7\u00e3o Marqu\u00eas: S\u00f3crates com dois advogados de of\u00edcio nomeados em separado\"}]},{\"@type\":\"WebSite\",\"@id\":\"https:\/\/portaltela.pt\/#website\",\"url\":\"https:\/\/portaltela.pt\/\",\"name\":\"Portal Tela Portugal\",\"description\":\"\",\"potentialAction\":[{\"@type\":\"SearchAction\",\"target\":{\"@type\":\"EntryPoint\",\"urlTemplate\":\"https:\/\/portaltela.pt\/?s={search_term_string}\"},\"query-input\":{\"@type\":\"PropertyValueSpecification\",\"valueRequired\":true,\"valueName\":\"search_term_string\"}}],\"inLanguage\":\"pt-PT\"},{\"@type\":\"Person\",\"@id\":\"https:\/\/portaltela.pt\/#\/schema\/person\/c4278d4a6028830caff9ee44b42d32ed\",\"name\":\"Telinha\",\"image\":{\"@type\":\"ImageObject\",\"inLanguage\":\"pt-PT\",\"@id\":\"https:\/\/portaltela.pt\/s.01k8rhncp4jt1\/2025\/11\/talking-bot-125x125.png\",\"url\":\"https:\/\/portaltela.pt\/s.01k8rhncp4jt1\/2025\/11\/talking-bot-125x125.png\",\"contentUrl\":\"https:\/\/portaltela.pt\/s.01k8rhncp4jt1\/2025\/11\/talking-bot-125x125.png\",\"caption\":\"Telinha\"},\"sameAs\":[\"https:\/\/portaltela.pt\/\"],\"url\":\"https:\/\/portaltela.pt\/por\/367410592786\/\"}]}<\/script>\n<!-- \/ Yoast SEO plugin. -->","yoast_head_json":{"title":"Opera\u00e7\u00e3o Marqu\u00eas: S\u00f3crates com dois advogados de of\u00edcio nomeados em separado - Portal Tela Portugal","robots":{"index":"index","follow":"follow","max-snippet":"max-snippet:-1","max-image-preview":"max-image-preview:large","max-video-preview":"max-video-preview:-1"},"og_locale":"pt_PT","og_type":"article","og_title":"Opera\u00e7\u00e3o Marqu\u00eas: S\u00f3crates com dois advogados de of\u00edcio nomeados em separado - Portal Tela Portugal","og_description":"Jos\u00e9 S\u00f3crates tem at\u00e9 hoje para escolher advogado, ap\u00f3s os \u00faltimos tr\u00eas nomes recusarem a defesa. Nesta sess\u00e3o, \u00e0s 11h10, o ex-primeiro-ministro passou a ser defendido por dois advogados oficiosos, nomeados por entidades distintas. \u00c0s 10h30, o tribunal regularizou a representa\u00e7\u00e3o de S\u00f3crates por Lu\u00eds Carlos Esteves, indicado pelo Conselho Geral da Ordem dos Advogados. O advogado Humberto Monteiro, nomeado pelo tribunal para assegurar a continuidade do julgamento, continuava a representar o ex-primeiro-ministro at\u00e9 \u00e0 chegada de Esteves. O processo Marqu\u00eas envolve 21 arguidos; S\u00f3crates \u00e9 acusado de 22 crimes, incluindo tr\u00eas de corrup\u00e7\u00e3o, em alegados benef\u00edcios a Lena, GES e Vale do Lobo, com crimes remontando a 2005-2014 e poss\u00edvel prescri\u00e7\u00e3o de alguns no primeiro semestre deste ano.","og_url":"https:\/\/portaltela.pt\/noticias\/2026\/03\/18\/operacao-marques-socrates-com-dois-advogados-de-oficio-nomeados-em-separado\/","og_site_name":"Portal Tela Portugal","article_published_time":"2026-03-18T12:25:00+00:00","author":"Telinha","twitter_card":"summary_large_image","twitter_misc":{"Escrito por":"Telinha","Tempo estimado de leitura":"2 minutos"},"schema":{"@context":"https:\/\/schema.org","@graph":[{"@type":"Article","@id":"https:\/\/portaltela.pt\/noticias\/2026\/03\/18\/operacao-marques-socrates-com-dois-advogados-de-oficio-nomeados-em-separado\/#article","isPartOf":{"@id":"https:\/\/portaltela.pt\/noticias\/2026\/03\/18\/operacao-marques-socrates-com-dois-advogados-de-oficio-nomeados-em-separado\/"},"author":{"name":"Telinha","@id":"https:\/\/portaltela.pt\/#\/schema\/person\/c4278d4a6028830caff9ee44b42d32ed"},"headline":"Opera\u00e7\u00e3o Marqu\u00eas: S\u00f3crates com dois advogados de of\u00edcio nomeados em separado","datePublished":"2026-03-18T12:25:00+00:00","mainEntityOfPage":{"@id":"https:\/\/portaltela.pt\/noticias\/2026\/03\/18\/operacao-marques-socrates-com-dois-advogados-de-oficio-nomeados-em-separado\/"},"wordCount":323,"image":{"@id":"https:\/\/portaltela.pt\/noticias\/2026\/03\/18\/operacao-marques-socrates-com-dois-advogados-de-oficio-nomeados-em-separado\/#primaryimage"},"thumbnailUrl":"https:\/\/portaltela.pt\/s.01k8rhncp4jt1\/2026\/03\/2075166.jpg","keywords":["Advogados","corrup\u00e7\u00e3o","Crimes econ\u00f3mico-financeiros","Jos\u00e9 S\u00f3crates","Lisboa","Tribunais"],"articleSection":["Justi\u00e7a","Not\u00edcias"],"inLanguage":"pt-PT"},{"@type":"WebPage","@id":"https:\/\/portaltela.pt\/noticias\/2026\/03\/18\/operacao-marques-socrates-com-dois-advogados-de-oficio-nomeados-em-separado\/","url":"https:\/\/portaltela.pt\/noticias\/2026\/03\/18\/operacao-marques-socrates-com-dois-advogados-de-oficio-nomeados-em-separado\/","name":"Opera\u00e7\u00e3o Marqu\u00eas: S\u00f3crates com dois advogados de of\u00edcio nomeados em separado - Portal Tela Portugal","isPartOf":{"@id":"https:\/\/portaltela.pt\/#website"},"primaryImageOfPage":{"@id":"https:\/\/portaltela.pt\/noticias\/2026\/03\/18\/operacao-marques-socrates-com-dois-advogados-de-oficio-nomeados-em-separado\/#primaryimage"},"image":{"@id":"https:\/\/portaltela.pt\/noticias\/2026\/03\/18\/operacao-marques-socrates-com-dois-advogados-de-oficio-nomeados-em-separado\/#primaryimage"},"thumbnailUrl":"https:\/\/portaltela.pt\/s.01k8rhncp4jt1\/2026\/03\/2075166.jpg","datePublished":"2026-03-18T12:25:00+00:00","author":{"@id":"https:\/\/portaltela.pt\/#\/schema\/person\/c4278d4a6028830caff9ee44b42d32ed"},"breadcrumb":{"@id":"https:\/\/portaltela.pt\/noticias\/2026\/03\/18\/operacao-marques-socrates-com-dois-advogados-de-oficio-nomeados-em-separado\/#breadcrumb"},"inLanguage":"pt-PT","potentialAction":[{"@type":"ReadAction","target":["https:\/\/portaltela.pt\/noticias\/2026\/03\/18\/operacao-marques-socrates-com-dois-advogados-de-oficio-nomeados-em-separado\/"]}]},{"@type":"ImageObject","inLanguage":"pt-PT","@id":"https:\/\/portaltela.pt\/noticias\/2026\/03\/18\/operacao-marques-socrates-com-dois-advogados-de-oficio-nomeados-em-separado\/#primaryimage","url":"https:\/\/portaltela.pt\/s.01k8rhncp4jt1\/2026\/03\/2075166.jpg","contentUrl":"https:\/\/portaltela.pt\/s.01k8rhncp4jt1\/2026\/03\/2075166.jpg","width":796,"height":448,"caption":"Jos\u00e9 S\u00f3crates no Campus de Justi\u00e7a no dia do in\u00edcio do julgamento do processo conhecido como Opera\u00e7\u00e3o Marqu\u00eas em que \u00e9 o principal arguido"},{"@type":"BreadcrumbList","@id":"https:\/\/portaltela.pt\/noticias\/2026\/03\/18\/operacao-marques-socrates-com-dois-advogados-de-oficio-nomeados-em-separado\/#breadcrumb","itemListElement":[{"@type":"ListItem","position":1,"name":"In\u00edcio","item":"https:\/\/portaltela.pt\/"},{"@type":"ListItem","position":2,"name":"Opera\u00e7\u00e3o Marqu\u00eas: S\u00f3crates com dois advogados de of\u00edcio nomeados em separado"}]},{"@type":"WebSite","@id":"https:\/\/portaltela.pt\/#website","url":"https:\/\/portaltela.pt\/","name":"Portal Tela Portugal","description":"","potentialAction":[{"@type":"SearchAction","target":{"@type":"EntryPoint","urlTemplate":"https:\/\/portaltela.pt\/?s={search_term_string}"},"query-input":{"@type":"PropertyValueSpecification","valueRequired":true,"valueName":"search_term_string"}}],"inLanguage":"pt-PT"},{"@type":"Person","@id":"https:\/\/portaltela.pt\/#\/schema\/person\/c4278d4a6028830caff9ee44b42d32ed","name":"Telinha","image":{"@type":"ImageObject","inLanguage":"pt-PT","@id":"https:\/\/portaltela.pt\/s.01k8rhncp4jt1\/2025\/11\/talking-bot-125x125.png","url":"https:\/\/portaltela.pt\/s.01k8rhncp4jt1\/2025\/11\/talking-bot-125x125.png","contentUrl":"https:\/\/portaltela.pt\/s.01k8rhncp4jt1\/2025\/11\/talking-bot-125x125.png","caption":"Telinha"},"sameAs":["https:\/\/portaltela.pt\/"],"url":"https:\/\/portaltela.pt\/por\/367410592786\/"}]}},"_links":{"self":[{"href":"https:\/\/portaltela.pt\/api\/wp\/v2\/posts\/414469","targetHints":{"allow":["GET"]}}],"collection":[{"href":"https:\/\/portaltela.pt\/api\/wp\/v2\/posts"}],"about":[{"href":"https:\/\/portaltela.pt\/api\/wp\/v2\/types\/post"}],"author":[{"embeddable":true,"href":"https:\/\/portaltela.pt\/api\/wp\/v2\/users\/2"}],"replies":[{"embeddable":true,"href":"https:\/\/portaltela.pt\/api\/wp\/v2\/comments?post=414469"}],"version-history":[{"count":0,"href":"https:\/\/portaltela.pt\/api\/wp\/v2\/posts\/414469\/revisions"}],"wp:featuredmedia":[{"embeddable":true,"href":"https:\/\/portaltela.pt\/api\/wp\/v2\/media\/414479"}],"wp:attachment":[{"href":"https:\/\/portaltela.pt\/api\/wp\/v2\/media?parent=414469"}],"wp:term":[{"taxonomy":"category","embeddable":true,"href":"https:\/\/portaltela.pt\/api\/wp\/v2\/categories?post=414469"},{"taxonomy":"post_tag","embeddable":true,"href":"https:\/\/portaltela.pt\/api\/wp\/v2\/tags?post=414469"}],"curies":[{"name":"wp","href":"https:\/\/api.w.org\/{rel}","templated":true}]}}