{"id":414455,"date":"2026-03-18T09:16:47","date_gmt":"2026-03-18T12:16:47","guid":{"rendered":"https:\/\/portaltela.pt\/noticias\/2026\/03\/18\/forcas-da-nato-nao-detetaram-drones-ucranianos-em-exercicio-militar-em-portugal\/"},"modified":"2026-03-18T09:16:47","modified_gmt":"2026-03-18T12:16:47","slug":"forcas-da-nato-nao-detetaram-drones-ucranianos-em-exercicio-militar-em-portugal","status":"publish","type":"post","link":"https:\/\/portaltela.pt\/noticias\/2026\/03\/18\/forcas-da-nato-nao-detetaram-drones-ucranianos-em-exercicio-militar-em-portugal\/","title":{"rendered":"For\u00e7as da NATO n\u00e3o detetaram drones ucranianos em exerc\u00edcio militar em Portugal"},"content":{"rendered":"<p>O exerc\u00edcio REPMUS25, dedicado a sistemas n\u00e3o tripulados no mar, decorreu em setembro de 2025. Realizou-se entre Tr\u00f3ia e Sesimbra, no distrito de Set\u00fabal, em Portugal, com participa\u00e7\u00e3o de for\u00e7as de diversos pa\u00edses. O foco foi testar capacidades de defesa naval com drones.<\/p>\n<p>Na pr\u00e1tica, duas for\u00e7as opuseram-se num cen\u00e1rio simulado: a RED, dominada por militares ucranianos e apoiada por norte-americanos, brit\u00e2nicos e espanh\u00f3is; e a BLUE, representando a NATO. A din\u00e2mica centrou-se em alvejar navios inimigos, numa perspetiva de guerra simulada.<\/p>\n<p>Segundo relatos, em cinco cen\u00e1rios a RED ter\u00e1 obtido vit\u00f3rias sobre a BLUE, evidenciando capacidades dos equipamentos ucranianos, bem como vulnerabilidades das for\u00e7as aliadas. Os dados decorrem de fontes internas citadas por \u00f3rg\u00e3os de informa\u00e7\u00e3o europeus.<\/p>\n<h3>Magura V7 e li\u00e7\u00f5es tecnol\u00f3gicas<\/h3>\n<p>Ao longo do treino, foram utilizadas vers\u00f5es atualizadas do drone naval Magura V7, com modifica\u00e7\u00f5es no casco, no posicionamento de lan\u00e7adores e no radar de navega\u00e7\u00e3o. Estas altera\u00e7\u00f5es visaram melhorar a integra\u00e7\u00e3o com sistemas de combate mar\u00edtimo.<\/p>\n<p>Fontes ucranianas indicaram que a melhoria do Magura V7.2 incluiu altera\u00e7\u00f5es no posicionamento de componentes e a ado\u00e7\u00e3o de tecnologia de dete\u00e7\u00e3o mais avan\u00e7ada. A evolu\u00e7\u00e3o t\u00e9cnica ficou em evid\u00eancia durante os exerc\u00edcios.<\/p>\n<p>A cobertura medi\u00e1tica internacional acompanhou o REPMUS25, com o capit\u00e3o Valter de Bulha Almeida a destacar a import\u00e2ncia da coopera\u00e7\u00e3o entre unidades, inclusive com a participa\u00e7\u00e3o ucraniana. A presen\u00e7a de uma for\u00e7a externa visou testar procedimentos reais.<\/p>\n","protected":false},"excerpt":{"rendered":"<ul>\n<li>O exerc\u00edcio REPMUS25, o maior a n\u00edvel mundial em sistemas n\u00e3o tripulados mar\u00edtimos, realizou-se entre Tr\u00f3ia e Sesimbra, no distrito de Set\u00fabal, em setembro de 2025.<\/li>\n<li>Duas for\u00e7as participaram: RED, liderada por militares da Ucr\u00e2nia, e BLUE, representando a NATO; a RED venceu em cinco cen\u00e1rios, segundo uma fonte ucraniana.<\/li>\n<li>Drones mar\u00edtimos ucranianos Magura V7 teriam passado despercebidos pela defesa da NATO, sugerindo vulnerabilidades em cen\u00e1rios de guerra.<\/li>\n<li>A atualiza\u00e7\u00e3o Magura V7.2 incluiu altera\u00e7\u00f5es no casco, reposicionamento de lan\u00e7adores, e melhoria de sensores (c\u00e2mara e radar) a bordo.<\/li>\n<li>A Marinha Portuguesa nota que o REPMUS25 mostra a evolu\u00e7\u00e3o para opera\u00e7\u00f5es h\u00edbridas, com maior uso de sistemas n\u00e3o tripulados; o exerc\u00edcio evidencia avan\u00e7os tecnol\u00f3gicos e novos desafios.<\/li>\n<\/ul>\n","protected":false},"author":2,"featured_media":414461,"comment_status":"closed","ping_status":"closed","sticky":false,"template":"","format":"standard","meta":{"footnotes":""},"categories":[1],"tags":[2625,6574,7358,4384,1014,994],"class_list":["post-414455","post","type-post","status-publish","format-standard","has-post-thumbnail","hentry","category-noticias","tag-aeronautica","tag-defesa","tag-magura","tag-nautica","tag-portugal","tag-setubal"],"yoast_head":"<!-- This site is optimized with the Yoast SEO plugin v27.2 - https:\/\/yoast.com\/product\/yoast-seo-wordpress\/ -->\n<title>For\u00e7as da NATO n\u00e3o detetaram drones ucranianos em exerc\u00edcio militar em Portugal - Portal Tela Portugal<\/title>\n<meta name=\"robots\" content=\"index, follow, max-snippet:-1, max-image-preview:large, max-video-preview:-1\" \/>\n<meta property=\"og:locale\" content=\"pt_PT\" \/>\n<meta property=\"og:type\" content=\"article\" \/>\n<meta property=\"og:title\" content=\"For\u00e7as da NATO n\u00e3o detetaram drones ucranianos em exerc\u00edcio militar em Portugal - Portal Tela Portugal\" \/>\n<meta property=\"og:description\" content=\"O exerc\u00edcio REPMUS25, o maior a n\u00edvel mundial em sistemas n\u00e3o tripulados mar\u00edtimos, realizou-se entre Tr\u00f3ia e Sesimbra, no distrito de Set\u00fabal, em setembro de 2025. Duas for\u00e7as participaram: RED, liderada por militares da Ucr\u00e2nia, e BLUE, representando a NATO; a RED venceu em cinco cen\u00e1rios, segundo uma fonte ucraniana. Drones mar\u00edtimos ucranianos Magura V7 teriam passado despercebidos pela defesa da NATO, sugerindo vulnerabilidades em cen\u00e1rios de guerra. A atualiza\u00e7\u00e3o Magura V7.2 incluiu altera\u00e7\u00f5es no casco, reposicionamento de lan\u00e7adores, e melhoria de sensores (c\u00e2mara e radar) a bordo. A Marinha Portuguesa nota que o REPMUS25 mostra a evolu\u00e7\u00e3o para opera\u00e7\u00f5es h\u00edbridas, com maior uso de sistemas n\u00e3o tripulados; o exerc\u00edcio evidencia avan\u00e7os tecnol\u00f3gicos e novos desafios.\" \/>\n<meta property=\"og:url\" content=\"https:\/\/portaltela.pt\/noticias\/2026\/03\/18\/forcas-da-nato-nao-detetaram-drones-ucranianos-em-exercicio-militar-em-portugal\/\" \/>\n<meta property=\"og:site_name\" content=\"Portal Tela Portugal\" \/>\n<meta property=\"article:published_time\" content=\"2026-03-18T12:16:47+00:00\" \/>\n<meta name=\"author\" content=\"Telinha\" \/>\n<meta name=\"twitter:card\" content=\"summary_large_image\" \/>\n<meta name=\"twitter:label1\" content=\"Escrito por\" \/>\n\t<meta name=\"twitter:data1\" content=\"Telinha\" \/>\n\t<meta name=\"twitter:label2\" content=\"Tempo estimado de leitura\" \/>\n\t<meta name=\"twitter:data2\" content=\"1 minuto\" \/>\n<script type=\"application\/ld+json\" class=\"yoast-schema-graph\">{\"@context\":\"https:\/\/schema.org\",\"@graph\":[{\"@type\":\"Article\",\"@id\":\"https:\/\/portaltela.pt\/noticias\/2026\/03\/18\/forcas-da-nato-nao-detetaram-drones-ucranianos-em-exercicio-militar-em-portugal\/#article\",\"isPartOf\":{\"@id\":\"https:\/\/portaltela.pt\/noticias\/2026\/03\/18\/forcas-da-nato-nao-detetaram-drones-ucranianos-em-exercicio-militar-em-portugal\/\"},\"author\":{\"name\":\"Telinha\",\"@id\":\"https:\/\/portaltela.pt\/#\/schema\/person\/c4278d4a6028830caff9ee44b42d32ed\"},\"headline\":\"For\u00e7as da NATO n\u00e3o detetaram drones ucranianos em exerc\u00edcio militar em Portugal\",\"datePublished\":\"2026-03-18T12:16:47+00:00\",\"mainEntityOfPage\":{\"@id\":\"https:\/\/portaltela.pt\/noticias\/2026\/03\/18\/forcas-da-nato-nao-detetaram-drones-ucranianos-em-exercicio-militar-em-portugal\/\"},\"wordCount\":286,\"image\":{\"@id\":\"https:\/\/portaltela.pt\/noticias\/2026\/03\/18\/forcas-da-nato-nao-detetaram-drones-ucranianos-em-exercicio-militar-em-portugal\/#primaryimage\"},\"thumbnailUrl\":\"https:\/\/portaltela.pt\/s.01k8rhncp4jt1\/2026\/03\/1536x864_cmsv2_392ca118-e229-52d2-b687-6cace90879ff-9689672.jpg\",\"keywords\":[\"aeron\u00e1utica\",\"defesa\",\"Magura\",\"N\u00e1utica\",\"Portugal\",\"Set\u00fabal\"],\"articleSection\":[\"Not\u00edcias\"],\"inLanguage\":\"pt-PT\"},{\"@type\":\"WebPage\",\"@id\":\"https:\/\/portaltela.pt\/noticias\/2026\/03\/18\/forcas-da-nato-nao-detetaram-drones-ucranianos-em-exercicio-militar-em-portugal\/\",\"url\":\"https:\/\/portaltela.pt\/noticias\/2026\/03\/18\/forcas-da-nato-nao-detetaram-drones-ucranianos-em-exercicio-militar-em-portugal\/\",\"name\":\"For\u00e7as da NATO n\u00e3o detetaram drones ucranianos em exerc\u00edcio militar em Portugal - Portal Tela Portugal\",\"isPartOf\":{\"@id\":\"https:\/\/portaltela.pt\/#website\"},\"primaryImageOfPage\":{\"@id\":\"https:\/\/portaltela.pt\/noticias\/2026\/03\/18\/forcas-da-nato-nao-detetaram-drones-ucranianos-em-exercicio-militar-em-portugal\/#primaryimage\"},\"image\":{\"@id\":\"https:\/\/portaltela.pt\/noticias\/2026\/03\/18\/forcas-da-nato-nao-detetaram-drones-ucranianos-em-exercicio-militar-em-portugal\/#primaryimage\"},\"thumbnailUrl\":\"https:\/\/portaltela.pt\/s.01k8rhncp4jt1\/2026\/03\/1536x864_cmsv2_392ca118-e229-52d2-b687-6cace90879ff-9689672.jpg\",\"datePublished\":\"2026-03-18T12:16:47+00:00\",\"author\":{\"@id\":\"https:\/\/portaltela.pt\/#\/schema\/person\/c4278d4a6028830caff9ee44b42d32ed\"},\"breadcrumb\":{\"@id\":\"https:\/\/portaltela.pt\/noticias\/2026\/03\/18\/forcas-da-nato-nao-detetaram-drones-ucranianos-em-exercicio-militar-em-portugal\/#breadcrumb\"},\"inLanguage\":\"pt-PT\",\"potentialAction\":[{\"@type\":\"ReadAction\",\"target\":[\"https:\/\/portaltela.pt\/noticias\/2026\/03\/18\/forcas-da-nato-nao-detetaram-drones-ucranianos-em-exercicio-militar-em-portugal\/\"]}]},{\"@type\":\"ImageObject\",\"inLanguage\":\"pt-PT\",\"@id\":\"https:\/\/portaltela.pt\/noticias\/2026\/03\/18\/forcas-da-nato-nao-detetaram-drones-ucranianos-em-exercicio-militar-em-portugal\/#primaryimage\",\"url\":\"https:\/\/portaltela.pt\/s.01k8rhncp4jt1\/2026\/03\/1536x864_cmsv2_392ca118-e229-52d2-b687-6cace90879ff-9689672.jpg\",\"contentUrl\":\"https:\/\/portaltela.pt\/s.01k8rhncp4jt1\/2026\/03\/1536x864_cmsv2_392ca118-e229-52d2-b687-6cace90879ff-9689672.jpg\",\"width\":796,\"height\":448,\"caption\":\"Drone Magura V7 da Intelig\u00eancia Militar da Ucr\u00e2nia, equipada com m\u00edsseis terra-ar, encontra-se num local n\u00e3o revelado na Ucr\u00e2nia, no s\u00e1bado, dia 6 de dezembro de 2025.\"},{\"@type\":\"BreadcrumbList\",\"@id\":\"https:\/\/portaltela.pt\/noticias\/2026\/03\/18\/forcas-da-nato-nao-detetaram-drones-ucranianos-em-exercicio-militar-em-portugal\/#breadcrumb\",\"itemListElement\":[{\"@type\":\"ListItem\",\"position\":1,\"name\":\"In\u00edcio\",\"item\":\"https:\/\/portaltela.pt\/\"},{\"@type\":\"ListItem\",\"position\":2,\"name\":\"For\u00e7as da NATO n\u00e3o detetaram drones ucranianos em exerc\u00edcio militar em Portugal\"}]},{\"@type\":\"WebSite\",\"@id\":\"https:\/\/portaltela.pt\/#website\",\"url\":\"https:\/\/portaltela.pt\/\",\"name\":\"Portal Tela Portugal\",\"description\":\"\",\"potentialAction\":[{\"@type\":\"SearchAction\",\"target\":{\"@type\":\"EntryPoint\",\"urlTemplate\":\"https:\/\/portaltela.pt\/?s={search_term_string}\"},\"query-input\":{\"@type\":\"PropertyValueSpecification\",\"valueRequired\":true,\"valueName\":\"search_term_string\"}}],\"inLanguage\":\"pt-PT\"},{\"@type\":\"Person\",\"@id\":\"https:\/\/portaltela.pt\/#\/schema\/person\/c4278d4a6028830caff9ee44b42d32ed\",\"name\":\"Telinha\",\"image\":{\"@type\":\"ImageObject\",\"inLanguage\":\"pt-PT\",\"@id\":\"https:\/\/portaltela.pt\/s.01k8rhncp4jt1\/2025\/11\/talking-bot-125x125.png\",\"url\":\"https:\/\/portaltela.pt\/s.01k8rhncp4jt1\/2025\/11\/talking-bot-125x125.png\",\"contentUrl\":\"https:\/\/portaltela.pt\/s.01k8rhncp4jt1\/2025\/11\/talking-bot-125x125.png\",\"caption\":\"Telinha\"},\"sameAs\":[\"https:\/\/portaltela.pt\/\"],\"url\":\"https:\/\/portaltela.pt\/por\/367410592786\/\"}]}<\/script>\n<!-- \/ Yoast SEO plugin. -->","yoast_head_json":{"title":"For\u00e7as da NATO n\u00e3o detetaram drones ucranianos em exerc\u00edcio militar em Portugal - Portal Tela Portugal","robots":{"index":"index","follow":"follow","max-snippet":"max-snippet:-1","max-image-preview":"max-image-preview:large","max-video-preview":"max-video-preview:-1"},"og_locale":"pt_PT","og_type":"article","og_title":"For\u00e7as da NATO n\u00e3o detetaram drones ucranianos em exerc\u00edcio militar em Portugal - Portal Tela Portugal","og_description":"O exerc\u00edcio REPMUS25, o maior a n\u00edvel mundial em sistemas n\u00e3o tripulados mar\u00edtimos, realizou-se entre Tr\u00f3ia e Sesimbra, no distrito de Set\u00fabal, em setembro de 2025. Duas for\u00e7as participaram: RED, liderada por militares da Ucr\u00e2nia, e BLUE, representando a NATO; a RED venceu em cinco cen\u00e1rios, segundo uma fonte ucraniana. Drones mar\u00edtimos ucranianos Magura V7 teriam passado despercebidos pela defesa da NATO, sugerindo vulnerabilidades em cen\u00e1rios de guerra. A atualiza\u00e7\u00e3o Magura V7.2 incluiu altera\u00e7\u00f5es no casco, reposicionamento de lan\u00e7adores, e melhoria de sensores (c\u00e2mara e radar) a bordo. A Marinha Portuguesa nota que o REPMUS25 mostra a evolu\u00e7\u00e3o para opera\u00e7\u00f5es h\u00edbridas, com maior uso de sistemas n\u00e3o tripulados; o exerc\u00edcio evidencia avan\u00e7os tecnol\u00f3gicos e novos desafios.","og_url":"https:\/\/portaltela.pt\/noticias\/2026\/03\/18\/forcas-da-nato-nao-detetaram-drones-ucranianos-em-exercicio-militar-em-portugal\/","og_site_name":"Portal Tela Portugal","article_published_time":"2026-03-18T12:16:47+00:00","author":"Telinha","twitter_card":"summary_large_image","twitter_misc":{"Escrito por":"Telinha","Tempo estimado de leitura":"1 minuto"},"schema":{"@context":"https:\/\/schema.org","@graph":[{"@type":"Article","@id":"https:\/\/portaltela.pt\/noticias\/2026\/03\/18\/forcas-da-nato-nao-detetaram-drones-ucranianos-em-exercicio-militar-em-portugal\/#article","isPartOf":{"@id":"https:\/\/portaltela.pt\/noticias\/2026\/03\/18\/forcas-da-nato-nao-detetaram-drones-ucranianos-em-exercicio-militar-em-portugal\/"},"author":{"name":"Telinha","@id":"https:\/\/portaltela.pt\/#\/schema\/person\/c4278d4a6028830caff9ee44b42d32ed"},"headline":"For\u00e7as da NATO n\u00e3o detetaram drones ucranianos em exerc\u00edcio militar em Portugal","datePublished":"2026-03-18T12:16:47+00:00","mainEntityOfPage":{"@id":"https:\/\/portaltela.pt\/noticias\/2026\/03\/18\/forcas-da-nato-nao-detetaram-drones-ucranianos-em-exercicio-militar-em-portugal\/"},"wordCount":286,"image":{"@id":"https:\/\/portaltela.pt\/noticias\/2026\/03\/18\/forcas-da-nato-nao-detetaram-drones-ucranianos-em-exercicio-militar-em-portugal\/#primaryimage"},"thumbnailUrl":"https:\/\/portaltela.pt\/s.01k8rhncp4jt1\/2026\/03\/1536x864_cmsv2_392ca118-e229-52d2-b687-6cace90879ff-9689672.jpg","keywords":["aeron\u00e1utica","defesa","Magura","N\u00e1utica","Portugal","Set\u00fabal"],"articleSection":["Not\u00edcias"],"inLanguage":"pt-PT"},{"@type":"WebPage","@id":"https:\/\/portaltela.pt\/noticias\/2026\/03\/18\/forcas-da-nato-nao-detetaram-drones-ucranianos-em-exercicio-militar-em-portugal\/","url":"https:\/\/portaltela.pt\/noticias\/2026\/03\/18\/forcas-da-nato-nao-detetaram-drones-ucranianos-em-exercicio-militar-em-portugal\/","name":"For\u00e7as da NATO n\u00e3o detetaram drones ucranianos em exerc\u00edcio militar em Portugal - Portal Tela Portugal","isPartOf":{"@id":"https:\/\/portaltela.pt\/#website"},"primaryImageOfPage":{"@id":"https:\/\/portaltela.pt\/noticias\/2026\/03\/18\/forcas-da-nato-nao-detetaram-drones-ucranianos-em-exercicio-militar-em-portugal\/#primaryimage"},"image":{"@id":"https:\/\/portaltela.pt\/noticias\/2026\/03\/18\/forcas-da-nato-nao-detetaram-drones-ucranianos-em-exercicio-militar-em-portugal\/#primaryimage"},"thumbnailUrl":"https:\/\/portaltela.pt\/s.01k8rhncp4jt1\/2026\/03\/1536x864_cmsv2_392ca118-e229-52d2-b687-6cace90879ff-9689672.jpg","datePublished":"2026-03-18T12:16:47+00:00","author":{"@id":"https:\/\/portaltela.pt\/#\/schema\/person\/c4278d4a6028830caff9ee44b42d32ed"},"breadcrumb":{"@id":"https:\/\/portaltela.pt\/noticias\/2026\/03\/18\/forcas-da-nato-nao-detetaram-drones-ucranianos-em-exercicio-militar-em-portugal\/#breadcrumb"},"inLanguage":"pt-PT","potentialAction":[{"@type":"ReadAction","target":["https:\/\/portaltela.pt\/noticias\/2026\/03\/18\/forcas-da-nato-nao-detetaram-drones-ucranianos-em-exercicio-militar-em-portugal\/"]}]},{"@type":"ImageObject","inLanguage":"pt-PT","@id":"https:\/\/portaltela.pt\/noticias\/2026\/03\/18\/forcas-da-nato-nao-detetaram-drones-ucranianos-em-exercicio-militar-em-portugal\/#primaryimage","url":"https:\/\/portaltela.pt\/s.01k8rhncp4jt1\/2026\/03\/1536x864_cmsv2_392ca118-e229-52d2-b687-6cace90879ff-9689672.jpg","contentUrl":"https:\/\/portaltela.pt\/s.01k8rhncp4jt1\/2026\/03\/1536x864_cmsv2_392ca118-e229-52d2-b687-6cace90879ff-9689672.jpg","width":796,"height":448,"caption":"Drone Magura V7 da Intelig\u00eancia Militar da Ucr\u00e2nia, equipada com m\u00edsseis terra-ar, encontra-se num local n\u00e3o revelado na Ucr\u00e2nia, no s\u00e1bado, dia 6 de dezembro de 2025."},{"@type":"BreadcrumbList","@id":"https:\/\/portaltela.pt\/noticias\/2026\/03\/18\/forcas-da-nato-nao-detetaram-drones-ucranianos-em-exercicio-militar-em-portugal\/#breadcrumb","itemListElement":[{"@type":"ListItem","position":1,"name":"In\u00edcio","item":"https:\/\/portaltela.pt\/"},{"@type":"ListItem","position":2,"name":"For\u00e7as da NATO n\u00e3o detetaram drones ucranianos em exerc\u00edcio militar em Portugal"}]},{"@type":"WebSite","@id":"https:\/\/portaltela.pt\/#website","url":"https:\/\/portaltela.pt\/","name":"Portal Tela Portugal","description":"","potentialAction":[{"@type":"SearchAction","target":{"@type":"EntryPoint","urlTemplate":"https:\/\/portaltela.pt\/?s={search_term_string}"},"query-input":{"@type":"PropertyValueSpecification","valueRequired":true,"valueName":"search_term_string"}}],"inLanguage":"pt-PT"},{"@type":"Person","@id":"https:\/\/portaltela.pt\/#\/schema\/person\/c4278d4a6028830caff9ee44b42d32ed","name":"Telinha","image":{"@type":"ImageObject","inLanguage":"pt-PT","@id":"https:\/\/portaltela.pt\/s.01k8rhncp4jt1\/2025\/11\/talking-bot-125x125.png","url":"https:\/\/portaltela.pt\/s.01k8rhncp4jt1\/2025\/11\/talking-bot-125x125.png","contentUrl":"https:\/\/portaltela.pt\/s.01k8rhncp4jt1\/2025\/11\/talking-bot-125x125.png","caption":"Telinha"},"sameAs":["https:\/\/portaltela.pt\/"],"url":"https:\/\/portaltela.pt\/por\/367410592786\/"}]}},"_links":{"self":[{"href":"https:\/\/portaltela.pt\/api\/wp\/v2\/posts\/414455","targetHints":{"allow":["GET"]}}],"collection":[{"href":"https:\/\/portaltela.pt\/api\/wp\/v2\/posts"}],"about":[{"href":"https:\/\/portaltela.pt\/api\/wp\/v2\/types\/post"}],"author":[{"embeddable":true,"href":"https:\/\/portaltela.pt\/api\/wp\/v2\/users\/2"}],"replies":[{"embeddable":true,"href":"https:\/\/portaltela.pt\/api\/wp\/v2\/comments?post=414455"}],"version-history":[{"count":0,"href":"https:\/\/portaltela.pt\/api\/wp\/v2\/posts\/414455\/revisions"}],"wp:featuredmedia":[{"embeddable":true,"href":"https:\/\/portaltela.pt\/api\/wp\/v2\/media\/414461"}],"wp:attachment":[{"href":"https:\/\/portaltela.pt\/api\/wp\/v2\/media?parent=414455"}],"wp:term":[{"taxonomy":"category","embeddable":true,"href":"https:\/\/portaltela.pt\/api\/wp\/v2\/categories?post=414455"},{"taxonomy":"post_tag","embeddable":true,"href":"https:\/\/portaltela.pt\/api\/wp\/v2\/tags?post=414455"}],"curies":[{"name":"wp","href":"https:\/\/api.w.org\/{rel}","templated":true}]}}