{"id":414411,"date":"2026-03-18T08:54:07","date_gmt":"2026-03-18T11:54:07","guid":{"rendered":"https:\/\/portaltela.pt\/noticias\/2026\/03\/18\/ministro-da-administracao-interna-reforca-proximidade-com-bombeiros\/"},"modified":"2026-03-18T08:54:07","modified_gmt":"2026-03-18T11:54:07","slug":"ministro-da-administracao-interna-reforca-proximidade-com-bombeiros","status":"publish","type":"post","link":"https:\/\/portaltela.pt\/noticias\/2026\/03\/18\/ministro-da-administracao-interna-reforca-proximidade-com-bombeiros\/","title":{"rendered":"Ministro da Administra\u00e7\u00e3o Interna refor\u00e7a proximidade com bombeiros"},"content":{"rendered":"<p>O ministro da Administra\u00e7\u00e3o Interna, Lu\u00eds Neves, iniciou uma iniciativa nacional designada Roteiro de Proximidade com os Bombeiros. A a\u00e7\u00e3o decorre em v\u00e1rias regi\u00f5es do pa\u00eds para avaliar os impactos das tempestades sobre as corpora\u00e7\u00f5es.<\/p>\n<p>Neves esteve nos quart\u00e9is de Oleiros, Soure e Leiria, de forma a ver de perto os danos causados pelo epis\u00f3dio clim\u00e1tico quecaracteriza o per\u00edodo de janeiro a fevereiro. A visita teve car\u00e1ter t\u00e9cnico e de acompanhamento no terreno.<\/p>\n<p>Acompanhado por dirigentes da Liga dos Bombeiros Portugueses, o ministro verificou os trabalhos de recupera\u00e7\u00e3o em curso e aferiu as dificuldades enfrentadas pelas equipas durante as opera\u00e7\u00f5es.<\/p>\n<p>Segundo o portal do Governo, a iniciativa nasce da vontade de ouvir quem lidera, utiliza os meios e conhece as dificuldades di\u00e1rias. O objetivo \u00e9 recolher perspetivas diretamente no local.<\/p>\n<p>O Roteiro de Proximidade com os Bombeiros deve prosseguir nas pr\u00f3ximas semanas, expandindo o roteiro por outras regi\u00f5es e consolidando o contactFactory com as corpora\u00e7\u00f5es.<\/p>\n","protected":false},"excerpt":{"rendered":"<ul>\n<li>O ministro da Administra\u00e7\u00e3o Interna, Lu\u00eds Neves, iniciou o Roteiro de Proximidade com os Bombeiros, uma iniciativa de \u00e2mbito nacional.<\/li>\n<li>Esteve nos quart\u00e9is de Oleiros, Soure e Leiria para avaliar os danos causados pelas tempestades entre janeiro e fevereiro.<\/li>\n<li>O recorrido decorreu com a presen\u00e7a de dirigentes da Liga dos Bombeiros Portugueses.<\/li>\n<li>O objetivo, explicou o ministro no portal do Governo, \u00e9 ouvir quem lidera e trabalha no terreno, de forma presencial.<\/li>\n<li>A iniciativa vai prosseguir nas pr\u00f3ximas semanas.<\/li>\n<\/ul>\n","protected":false},"author":2,"featured_media":414420,"comment_status":"closed","ping_status":"closed","sticky":false,"template":"","format":"standard","meta":{"footnotes":""},"categories":[1],"tags":[5798,971,1385,2081,2387,5775],"class_list":["post-414411","post","type-post","status-publish","format-standard","has-post-thumbnail","hentry","category-noticias","tag-administracao-interna","tag-bombeiros","tag-leiria","tag-liga-dos-bombeiros-portugueses","tag-oleiros","tag-soure"],"yoast_head":"<!-- This site is optimized with the Yoast SEO plugin v27.2 - https:\/\/yoast.com\/product\/yoast-seo-wordpress\/ -->\n<title>Ministro da Administra\u00e7\u00e3o Interna refor\u00e7a proximidade com bombeiros - Portal Tela Portugal<\/title>\n<meta name=\"robots\" content=\"index, follow, max-snippet:-1, max-image-preview:large, max-video-preview:-1\" \/>\n<meta property=\"og:locale\" content=\"pt_PT\" \/>\n<meta property=\"og:type\" content=\"article\" \/>\n<meta property=\"og:title\" content=\"Ministro da Administra\u00e7\u00e3o Interna refor\u00e7a proximidade com bombeiros - Portal Tela Portugal\" \/>\n<meta property=\"og:description\" content=\"O ministro da Administra\u00e7\u00e3o Interna, Lu\u00eds Neves, iniciou o Roteiro de Proximidade com os Bombeiros, uma iniciativa de \u00e2mbito nacional. Esteve nos quart\u00e9is de Oleiros, Soure e Leiria para avaliar os danos causados pelas tempestades entre janeiro e fevereiro. O recorrido decorreu com a presen\u00e7a de dirigentes da Liga dos Bombeiros Portugueses. O objetivo, explicou o ministro no portal do Governo, \u00e9 ouvir quem lidera e trabalha no terreno, de forma presencial. A iniciativa vai prosseguir nas pr\u00f3ximas semanas.\" \/>\n<meta property=\"og:url\" content=\"https:\/\/portaltela.pt\/noticias\/2026\/03\/18\/ministro-da-administracao-interna-reforca-proximidade-com-bombeiros\/\" \/>\n<meta property=\"og:site_name\" content=\"Portal Tela Portugal\" \/>\n<meta property=\"article:published_time\" content=\"2026-03-18T11:54:07+00:00\" \/>\n<meta name=\"author\" content=\"Telinha\" \/>\n<meta name=\"twitter:card\" content=\"summary_large_image\" \/>\n<meta name=\"twitter:label1\" content=\"Escrito por\" \/>\n\t<meta name=\"twitter:data1\" content=\"Telinha\" \/>\n\t<meta name=\"twitter:label2\" content=\"Tempo estimado de leitura\" \/>\n\t<meta name=\"twitter:data2\" content=\"1 minuto\" \/>\n<script type=\"application\/ld+json\" class=\"yoast-schema-graph\">{\"@context\":\"https:\/\/schema.org\",\"@graph\":[{\"@type\":\"Article\",\"@id\":\"https:\/\/portaltela.pt\/noticias\/2026\/03\/18\/ministro-da-administracao-interna-reforca-proximidade-com-bombeiros\/#article\",\"isPartOf\":{\"@id\":\"https:\/\/portaltela.pt\/noticias\/2026\/03\/18\/ministro-da-administracao-interna-reforca-proximidade-com-bombeiros\/\"},\"author\":{\"name\":\"Telinha\",\"@id\":\"https:\/\/portaltela.pt\/#\/schema\/person\/c4278d4a6028830caff9ee44b42d32ed\"},\"headline\":\"Ministro da Administra\u00e7\u00e3o Interna refor\u00e7a proximidade com bombeiros\",\"datePublished\":\"2026-03-18T11:54:07+00:00\",\"mainEntityOfPage\":{\"@id\":\"https:\/\/portaltela.pt\/noticias\/2026\/03\/18\/ministro-da-administracao-interna-reforca-proximidade-com-bombeiros\/\"},\"wordCount\":183,\"image\":{\"@id\":\"https:\/\/portaltela.pt\/noticias\/2026\/03\/18\/ministro-da-administracao-interna-reforca-proximidade-com-bombeiros\/#primaryimage\"},\"thumbnailUrl\":\"https:\/\/portaltela.pt\/s.01k8rhncp4jt1\/2026\/03\/img_1280x721uu2026-03-18-11-28-09-2273127.jpg\",\"keywords\":[\"Administra\u00e7\u00e3o Interna\",\"bombeiros\",\"Leiria\",\"Liga dos Bombeiros Portugueses\",\"Oleiros\",\"Soure\"],\"articleSection\":[\"Not\u00edcias\"],\"inLanguage\":\"pt-PT\"},{\"@type\":\"WebPage\",\"@id\":\"https:\/\/portaltela.pt\/noticias\/2026\/03\/18\/ministro-da-administracao-interna-reforca-proximidade-com-bombeiros\/\",\"url\":\"https:\/\/portaltela.pt\/noticias\/2026\/03\/18\/ministro-da-administracao-interna-reforca-proximidade-com-bombeiros\/\",\"name\":\"Ministro da Administra\u00e7\u00e3o Interna refor\u00e7a proximidade com bombeiros - Portal Tela Portugal\",\"isPartOf\":{\"@id\":\"https:\/\/portaltela.pt\/#website\"},\"primaryImageOfPage\":{\"@id\":\"https:\/\/portaltela.pt\/noticias\/2026\/03\/18\/ministro-da-administracao-interna-reforca-proximidade-com-bombeiros\/#primaryimage\"},\"image\":{\"@id\":\"https:\/\/portaltela.pt\/noticias\/2026\/03\/18\/ministro-da-administracao-interna-reforca-proximidade-com-bombeiros\/#primaryimage\"},\"thumbnailUrl\":\"https:\/\/portaltela.pt\/s.01k8rhncp4jt1\/2026\/03\/img_1280x721uu2026-03-18-11-28-09-2273127.jpg\",\"datePublished\":\"2026-03-18T11:54:07+00:00\",\"author\":{\"@id\":\"https:\/\/portaltela.pt\/#\/schema\/person\/c4278d4a6028830caff9ee44b42d32ed\"},\"breadcrumb\":{\"@id\":\"https:\/\/portaltela.pt\/noticias\/2026\/03\/18\/ministro-da-administracao-interna-reforca-proximidade-com-bombeiros\/#breadcrumb\"},\"inLanguage\":\"pt-PT\",\"potentialAction\":[{\"@type\":\"ReadAction\",\"target\":[\"https:\/\/portaltela.pt\/noticias\/2026\/03\/18\/ministro-da-administracao-interna-reforca-proximidade-com-bombeiros\/\"]}]},{\"@type\":\"ImageObject\",\"inLanguage\":\"pt-PT\",\"@id\":\"https:\/\/portaltela.pt\/noticias\/2026\/03\/18\/ministro-da-administracao-interna-reforca-proximidade-com-bombeiros\/#primaryimage\",\"url\":\"https:\/\/portaltela.pt\/s.01k8rhncp4jt1\/2026\/03\/img_1280x721uu2026-03-18-11-28-09-2273127.jpg\",\"contentUrl\":\"https:\/\/portaltela.pt\/s.01k8rhncp4jt1\/2026\/03\/img_1280x721uu2026-03-18-11-28-09-2273127.jpg\",\"width\":796,\"height\":448,\"caption\":\"Lu\u00eds Neves numa das etapas da visita a corpos de bombeiros que realizou\"},{\"@type\":\"BreadcrumbList\",\"@id\":\"https:\/\/portaltela.pt\/noticias\/2026\/03\/18\/ministro-da-administracao-interna-reforca-proximidade-com-bombeiros\/#breadcrumb\",\"itemListElement\":[{\"@type\":\"ListItem\",\"position\":1,\"name\":\"In\u00edcio\",\"item\":\"https:\/\/portaltela.pt\/\"},{\"@type\":\"ListItem\",\"position\":2,\"name\":\"Ministro da Administra\u00e7\u00e3o Interna refor\u00e7a proximidade com bombeiros\"}]},{\"@type\":\"WebSite\",\"@id\":\"https:\/\/portaltela.pt\/#website\",\"url\":\"https:\/\/portaltela.pt\/\",\"name\":\"Portal Tela Portugal\",\"description\":\"\",\"potentialAction\":[{\"@type\":\"SearchAction\",\"target\":{\"@type\":\"EntryPoint\",\"urlTemplate\":\"https:\/\/portaltela.pt\/?s={search_term_string}\"},\"query-input\":{\"@type\":\"PropertyValueSpecification\",\"valueRequired\":true,\"valueName\":\"search_term_string\"}}],\"inLanguage\":\"pt-PT\"},{\"@type\":\"Person\",\"@id\":\"https:\/\/portaltela.pt\/#\/schema\/person\/c4278d4a6028830caff9ee44b42d32ed\",\"name\":\"Telinha\",\"image\":{\"@type\":\"ImageObject\",\"inLanguage\":\"pt-PT\",\"@id\":\"https:\/\/portaltela.pt\/s.01k8rhncp4jt1\/2025\/11\/talking-bot-125x125.png\",\"url\":\"https:\/\/portaltela.pt\/s.01k8rhncp4jt1\/2025\/11\/talking-bot-125x125.png\",\"contentUrl\":\"https:\/\/portaltela.pt\/s.01k8rhncp4jt1\/2025\/11\/talking-bot-125x125.png\",\"caption\":\"Telinha\"},\"sameAs\":[\"https:\/\/portaltela.pt\/\"],\"url\":\"https:\/\/portaltela.pt\/por\/367410592786\/\"}]}<\/script>\n<!-- \/ Yoast SEO plugin. -->","yoast_head_json":{"title":"Ministro da Administra\u00e7\u00e3o Interna refor\u00e7a proximidade com bombeiros - Portal Tela Portugal","robots":{"index":"index","follow":"follow","max-snippet":"max-snippet:-1","max-image-preview":"max-image-preview:large","max-video-preview":"max-video-preview:-1"},"og_locale":"pt_PT","og_type":"article","og_title":"Ministro da Administra\u00e7\u00e3o Interna refor\u00e7a proximidade com bombeiros - Portal Tela Portugal","og_description":"O ministro da Administra\u00e7\u00e3o Interna, Lu\u00eds Neves, iniciou o Roteiro de Proximidade com os Bombeiros, uma iniciativa de \u00e2mbito nacional. Esteve nos quart\u00e9is de Oleiros, Soure e Leiria para avaliar os danos causados pelas tempestades entre janeiro e fevereiro. O recorrido decorreu com a presen\u00e7a de dirigentes da Liga dos Bombeiros Portugueses. O objetivo, explicou o ministro no portal do Governo, \u00e9 ouvir quem lidera e trabalha no terreno, de forma presencial. A iniciativa vai prosseguir nas pr\u00f3ximas semanas.","og_url":"https:\/\/portaltela.pt\/noticias\/2026\/03\/18\/ministro-da-administracao-interna-reforca-proximidade-com-bombeiros\/","og_site_name":"Portal Tela Portugal","article_published_time":"2026-03-18T11:54:07+00:00","author":"Telinha","twitter_card":"summary_large_image","twitter_misc":{"Escrito por":"Telinha","Tempo estimado de leitura":"1 minuto"},"schema":{"@context":"https:\/\/schema.org","@graph":[{"@type":"Article","@id":"https:\/\/portaltela.pt\/noticias\/2026\/03\/18\/ministro-da-administracao-interna-reforca-proximidade-com-bombeiros\/#article","isPartOf":{"@id":"https:\/\/portaltela.pt\/noticias\/2026\/03\/18\/ministro-da-administracao-interna-reforca-proximidade-com-bombeiros\/"},"author":{"name":"Telinha","@id":"https:\/\/portaltela.pt\/#\/schema\/person\/c4278d4a6028830caff9ee44b42d32ed"},"headline":"Ministro da Administra\u00e7\u00e3o Interna refor\u00e7a proximidade com bombeiros","datePublished":"2026-03-18T11:54:07+00:00","mainEntityOfPage":{"@id":"https:\/\/portaltela.pt\/noticias\/2026\/03\/18\/ministro-da-administracao-interna-reforca-proximidade-com-bombeiros\/"},"wordCount":183,"image":{"@id":"https:\/\/portaltela.pt\/noticias\/2026\/03\/18\/ministro-da-administracao-interna-reforca-proximidade-com-bombeiros\/#primaryimage"},"thumbnailUrl":"https:\/\/portaltela.pt\/s.01k8rhncp4jt1\/2026\/03\/img_1280x721uu2026-03-18-11-28-09-2273127.jpg","keywords":["Administra\u00e7\u00e3o Interna","bombeiros","Leiria","Liga dos Bombeiros Portugueses","Oleiros","Soure"],"articleSection":["Not\u00edcias"],"inLanguage":"pt-PT"},{"@type":"WebPage","@id":"https:\/\/portaltela.pt\/noticias\/2026\/03\/18\/ministro-da-administracao-interna-reforca-proximidade-com-bombeiros\/","url":"https:\/\/portaltela.pt\/noticias\/2026\/03\/18\/ministro-da-administracao-interna-reforca-proximidade-com-bombeiros\/","name":"Ministro da Administra\u00e7\u00e3o Interna refor\u00e7a proximidade com bombeiros - Portal Tela Portugal","isPartOf":{"@id":"https:\/\/portaltela.pt\/#website"},"primaryImageOfPage":{"@id":"https:\/\/portaltela.pt\/noticias\/2026\/03\/18\/ministro-da-administracao-interna-reforca-proximidade-com-bombeiros\/#primaryimage"},"image":{"@id":"https:\/\/portaltela.pt\/noticias\/2026\/03\/18\/ministro-da-administracao-interna-reforca-proximidade-com-bombeiros\/#primaryimage"},"thumbnailUrl":"https:\/\/portaltela.pt\/s.01k8rhncp4jt1\/2026\/03\/img_1280x721uu2026-03-18-11-28-09-2273127.jpg","datePublished":"2026-03-18T11:54:07+00:00","author":{"@id":"https:\/\/portaltela.pt\/#\/schema\/person\/c4278d4a6028830caff9ee44b42d32ed"},"breadcrumb":{"@id":"https:\/\/portaltela.pt\/noticias\/2026\/03\/18\/ministro-da-administracao-interna-reforca-proximidade-com-bombeiros\/#breadcrumb"},"inLanguage":"pt-PT","potentialAction":[{"@type":"ReadAction","target":["https:\/\/portaltela.pt\/noticias\/2026\/03\/18\/ministro-da-administracao-interna-reforca-proximidade-com-bombeiros\/"]}]},{"@type":"ImageObject","inLanguage":"pt-PT","@id":"https:\/\/portaltela.pt\/noticias\/2026\/03\/18\/ministro-da-administracao-interna-reforca-proximidade-com-bombeiros\/#primaryimage","url":"https:\/\/portaltela.pt\/s.01k8rhncp4jt1\/2026\/03\/img_1280x721uu2026-03-18-11-28-09-2273127.jpg","contentUrl":"https:\/\/portaltela.pt\/s.01k8rhncp4jt1\/2026\/03\/img_1280x721uu2026-03-18-11-28-09-2273127.jpg","width":796,"height":448,"caption":"Lu\u00eds Neves numa das etapas da visita a corpos de bombeiros que realizou"},{"@type":"BreadcrumbList","@id":"https:\/\/portaltela.pt\/noticias\/2026\/03\/18\/ministro-da-administracao-interna-reforca-proximidade-com-bombeiros\/#breadcrumb","itemListElement":[{"@type":"ListItem","position":1,"name":"In\u00edcio","item":"https:\/\/portaltela.pt\/"},{"@type":"ListItem","position":2,"name":"Ministro da Administra\u00e7\u00e3o Interna refor\u00e7a proximidade com bombeiros"}]},{"@type":"WebSite","@id":"https:\/\/portaltela.pt\/#website","url":"https:\/\/portaltela.pt\/","name":"Portal Tela Portugal","description":"","potentialAction":[{"@type":"SearchAction","target":{"@type":"EntryPoint","urlTemplate":"https:\/\/portaltela.pt\/?s={search_term_string}"},"query-input":{"@type":"PropertyValueSpecification","valueRequired":true,"valueName":"search_term_string"}}],"inLanguage":"pt-PT"},{"@type":"Person","@id":"https:\/\/portaltela.pt\/#\/schema\/person\/c4278d4a6028830caff9ee44b42d32ed","name":"Telinha","image":{"@type":"ImageObject","inLanguage":"pt-PT","@id":"https:\/\/portaltela.pt\/s.01k8rhncp4jt1\/2025\/11\/talking-bot-125x125.png","url":"https:\/\/portaltela.pt\/s.01k8rhncp4jt1\/2025\/11\/talking-bot-125x125.png","contentUrl":"https:\/\/portaltela.pt\/s.01k8rhncp4jt1\/2025\/11\/talking-bot-125x125.png","caption":"Telinha"},"sameAs":["https:\/\/portaltela.pt\/"],"url":"https:\/\/portaltela.pt\/por\/367410592786\/"}]}},"_links":{"self":[{"href":"https:\/\/portaltela.pt\/api\/wp\/v2\/posts\/414411","targetHints":{"allow":["GET"]}}],"collection":[{"href":"https:\/\/portaltela.pt\/api\/wp\/v2\/posts"}],"about":[{"href":"https:\/\/portaltela.pt\/api\/wp\/v2\/types\/post"}],"author":[{"embeddable":true,"href":"https:\/\/portaltela.pt\/api\/wp\/v2\/users\/2"}],"replies":[{"embeddable":true,"href":"https:\/\/portaltela.pt\/api\/wp\/v2\/comments?post=414411"}],"version-history":[{"count":0,"href":"https:\/\/portaltela.pt\/api\/wp\/v2\/posts\/414411\/revisions"}],"wp:featuredmedia":[{"embeddable":true,"href":"https:\/\/portaltela.pt\/api\/wp\/v2\/media\/414420"}],"wp:attachment":[{"href":"https:\/\/portaltela.pt\/api\/wp\/v2\/media?parent=414411"}],"wp:term":[{"taxonomy":"category","embeddable":true,"href":"https:\/\/portaltela.pt\/api\/wp\/v2\/categories?post=414411"},{"taxonomy":"post_tag","embeddable":true,"href":"https:\/\/portaltela.pt\/api\/wp\/v2\/tags?post=414411"}],"curies":[{"name":"wp","href":"https:\/\/api.w.org\/{rel}","templated":true}]}}