{"id":414403,"date":"2026-03-18T07:34:00","date_gmt":"2026-03-18T10:34:00","guid":{"rendered":"https:\/\/portaltela.pt\/noticias\/2026\/03\/18\/inflacao-anual-fixa-se-em-19-na-zona-euro-e-21-na-ue-em-fevereiro\/"},"modified":"2026-03-18T07:34:00","modified_gmt":"2026-03-18T10:34:00","slug":"inflacao-anual-fixa-se-em-19-na-zona-euro-e-21-na-ue-em-fevereiro","status":"publish","type":"post","link":"https:\/\/portaltela.pt\/noticias\/economia\/2026\/03\/18\/inflacao-anual-fixa-se-em-19-na-zona-euro-e-21-na-ue-em-fevereiro\/","title":{"rendered":"Infla\u00e7\u00e3o anual fixa-se em 1,9% na zona euro e 2,1% na UE em fevereiro"},"content":{"rendered":"<p>O \u00edndice de infla\u00e7\u00e3o hom\u00f3loga da zona euro fixou-se em 1,9% em fevereiro, informou hoje o Eurostat. A leitura confirma a evolu\u00e7\u00e3o anual de pre\u00e7os na \u00e1rea monet\u00e1ria comum.<\/p>\n<p>Na Uni\u00e3o Europeia, a infla\u00e7\u00e3o anual foi de 2,1% no mesmo m\u00eas, segundo a mesma institui\u00e7\u00e3o. Os dados abrangem todos os Estados\u2011Membros da UE que utilizam as estat\u00edsticas oficiais.<\/p>\n<p>Os n\u00fameros refletem varia\u00e7\u00f5es de pre\u00e7os ao consumidor medidas ao longo de 12 meses, com impactos diferenciados entre setores. Servem como refer\u00eancia para avalia\u00e7\u00e3o de condi\u00e7\u00f5es econ\u00f3micas e de pol\u00edticas p\u00fablicas.<\/p>\n<p>A divulga\u00e7\u00e3o de Eurostat proporciona uma perspetiva de curto prazo sobre a press\u00e3o inflacionista na regi\u00e3o, \u00fatil para investidores, empresas e decisores pol\u00edticos. N\u00e3o h\u00e1, neste comunicado, leituras qualificadas adicionais.<\/p>\n","protected":false},"excerpt":{"rendered":"<ul>\n<li>A infla\u00e7\u00e3o anual na zona euro ficou em 1,9% em fevereiro, segundo o Eurostat.<\/li>\n<li>Na Uni\u00e3o Europeia, a infla\u00e7\u00e3o hom\u00f3loga atingiu 2,1% no mesmo m\u00eas.<\/li>\n<li>Os n\u00fameros refletem a varia\u00e7\u00e3o de pre\u00e7os ao consumidor em rela\u00e7\u00e3o a fevereiro do ano anterior.<\/li>\n<li>Os dados foram confirmados pelo Eurostat, \u00f3rg\u00e3o de stat\u00edsticas da Uni\u00e3o Europeia.<\/li>\n<li>Dados de fevereiro indicam diferen\u00e7as entre a zona euro e o conjunto da UE, com infla\u00e7\u00e3o ligeiramente mais alta fora da zona euro.<\/li>\n<\/ul>\n","protected":false},"author":2,"featured_media":414413,"comment_status":"closed","ping_status":"closed","sticky":false,"template":"","format":"standard","meta":{"footnotes":""},"categories":[2,6735],"tags":[6115,28,3861,1676,2055,6885],"class_list":["post-414403","post","type-post","status-publish","format-standard","has-post-thumbnail","hentry","category-economia","category-negocios","tag-_economia","tag-economia","tag-economia-internacional","tag-inflacao","tag-uniao-europeia","tag-zona-europeia"],"yoast_head":"<!-- This site is optimized with the Yoast SEO plugin v27.2 - https:\/\/yoast.com\/product\/yoast-seo-wordpress\/ -->\n<title>Infla\u00e7\u00e3o anual fixa-se em 1,9% na zona euro e 2,1% na UE em fevereiro - Portal Tela Portugal<\/title>\n<meta name=\"robots\" content=\"index, follow, max-snippet:-1, max-image-preview:large, max-video-preview:-1\" \/>\n<meta property=\"og:locale\" content=\"pt_PT\" \/>\n<meta property=\"og:type\" content=\"article\" \/>\n<meta property=\"og:title\" content=\"Infla\u00e7\u00e3o anual fixa-se em 1,9% na zona euro e 2,1% na UE em fevereiro - Portal Tela Portugal\" \/>\n<meta property=\"og:description\" content=\"A infla\u00e7\u00e3o anual na zona euro ficou em 1,9% em fevereiro, segundo o Eurostat. Na Uni\u00e3o Europeia, a infla\u00e7\u00e3o hom\u00f3loga atingiu 2,1% no mesmo m\u00eas. Os n\u00fameros refletem a varia\u00e7\u00e3o de pre\u00e7os ao consumidor em rela\u00e7\u00e3o a fevereiro do ano anterior. Os dados foram confirmados pelo Eurostat, \u00f3rg\u00e3o de stat\u00edsticas da Uni\u00e3o Europeia. Dados de fevereiro indicam diferen\u00e7as entre a zona euro e o conjunto da UE, com infla\u00e7\u00e3o ligeiramente mais alta fora da zona euro.\" \/>\n<meta property=\"og:url\" content=\"https:\/\/portaltela.pt\/noticias\/2026\/03\/18\/inflacao-anual-fixa-se-em-19-na-zona-euro-e-21-na-ue-em-fevereiro\/\" \/>\n<meta property=\"og:site_name\" content=\"Portal Tela Portugal\" \/>\n<meta property=\"article:published_time\" content=\"2026-03-18T10:34:00+00:00\" \/>\n<meta name=\"author\" content=\"Telinha\" \/>\n<meta name=\"twitter:card\" content=\"summary_large_image\" \/>\n<meta name=\"twitter:label1\" content=\"Escrito por\" \/>\n\t<meta name=\"twitter:data1\" content=\"Telinha\" \/>\n\t<meta name=\"twitter:label2\" content=\"Tempo estimado de leitura\" \/>\n\t<meta name=\"twitter:data2\" content=\"1 minuto\" \/>\n<script type=\"application\/ld+json\" class=\"yoast-schema-graph\">{\"@context\":\"https:\/\/schema.org\",\"@graph\":[{\"@type\":\"Article\",\"@id\":\"https:\/\/portaltela.pt\/noticias\/2026\/03\/18\/inflacao-anual-fixa-se-em-19-na-zona-euro-e-21-na-ue-em-fevereiro\/#article\",\"isPartOf\":{\"@id\":\"https:\/\/portaltela.pt\/noticias\/2026\/03\/18\/inflacao-anual-fixa-se-em-19-na-zona-euro-e-21-na-ue-em-fevereiro\/\"},\"author\":{\"name\":\"Telinha\",\"@id\":\"https:\/\/portaltela.pt\/#\/schema\/person\/c4278d4a6028830caff9ee44b42d32ed\"},\"headline\":\"Infla\u00e7\u00e3o anual fixa-se em 1,9% na zona euro e 2,1% na UE em fevereiro\",\"datePublished\":\"2026-03-18T10:34:00+00:00\",\"mainEntityOfPage\":{\"@id\":\"https:\/\/portaltela.pt\/noticias\/2026\/03\/18\/inflacao-anual-fixa-se-em-19-na-zona-euro-e-21-na-ue-em-fevereiro\/\"},\"wordCount\":154,\"image\":{\"@id\":\"https:\/\/portaltela.pt\/noticias\/2026\/03\/18\/inflacao-anual-fixa-se-em-19-na-zona-euro-e-21-na-ue-em-fevereiro\/#primaryimage\"},\"thumbnailUrl\":\"https:\/\/portaltela.pt\/s.01k8rhncp4jt1\/2026\/03\/CACHE_780X1200_ANALOG_WATERMARKED_46274372_181280320668493.jpg\",\"keywords\":[\"_economia\",\"economia\",\"economia internacional\",\"infla\u00e7\u00e3o\",\"Uni\u00e3o Europeia\",\"Zona Europeia\"],\"articleSection\":[\"Economia\",\"Neg\u00f3cios\"],\"inLanguage\":\"pt-PT\"},{\"@type\":\"WebPage\",\"@id\":\"https:\/\/portaltela.pt\/noticias\/2026\/03\/18\/inflacao-anual-fixa-se-em-19-na-zona-euro-e-21-na-ue-em-fevereiro\/\",\"url\":\"https:\/\/portaltela.pt\/noticias\/2026\/03\/18\/inflacao-anual-fixa-se-em-19-na-zona-euro-e-21-na-ue-em-fevereiro\/\",\"name\":\"Infla\u00e7\u00e3o anual fixa-se em 1,9% na zona euro e 2,1% na UE em fevereiro - Portal Tela Portugal\",\"isPartOf\":{\"@id\":\"https:\/\/portaltela.pt\/#website\"},\"primaryImageOfPage\":{\"@id\":\"https:\/\/portaltela.pt\/noticias\/2026\/03\/18\/inflacao-anual-fixa-se-em-19-na-zona-euro-e-21-na-ue-em-fevereiro\/#primaryimage\"},\"image\":{\"@id\":\"https:\/\/portaltela.pt\/noticias\/2026\/03\/18\/inflacao-anual-fixa-se-em-19-na-zona-euro-e-21-na-ue-em-fevereiro\/#primaryimage\"},\"thumbnailUrl\":\"https:\/\/portaltela.pt\/s.01k8rhncp4jt1\/2026\/03\/CACHE_780X1200_ANALOG_WATERMARKED_46274372_181280320668493.jpg\",\"datePublished\":\"2026-03-18T10:34:00+00:00\",\"author\":{\"@id\":\"https:\/\/portaltela.pt\/#\/schema\/person\/c4278d4a6028830caff9ee44b42d32ed\"},\"breadcrumb\":{\"@id\":\"https:\/\/portaltela.pt\/noticias\/2026\/03\/18\/inflacao-anual-fixa-se-em-19-na-zona-euro-e-21-na-ue-em-fevereiro\/#breadcrumb\"},\"inLanguage\":\"pt-PT\",\"potentialAction\":[{\"@type\":\"ReadAction\",\"target\":[\"https:\/\/portaltela.pt\/noticias\/2026\/03\/18\/inflacao-anual-fixa-se-em-19-na-zona-euro-e-21-na-ue-em-fevereiro\/\"]}]},{\"@type\":\"ImageObject\",\"inLanguage\":\"pt-PT\",\"@id\":\"https:\/\/portaltela.pt\/noticias\/2026\/03\/18\/inflacao-anual-fixa-se-em-19-na-zona-euro-e-21-na-ue-em-fevereiro\/#primaryimage\",\"url\":\"https:\/\/portaltela.pt\/s.01k8rhncp4jt1\/2026\/03\/CACHE_780X1200_ANALOG_WATERMARKED_46274372_181280320668493.jpg\",\"contentUrl\":\"https:\/\/portaltela.pt\/s.01k8rhncp4jt1\/2026\/03\/CACHE_780X1200_ANALOG_WATERMARKED_46274372_181280320668493.jpg\",\"width\":796,\"height\":448,\"caption\":\"Taxa de infla\u00e7\u00e3o anual fixa-se em 1,9% na zona euro e 2,1% na UE em fevereiro\"},{\"@type\":\"BreadcrumbList\",\"@id\":\"https:\/\/portaltela.pt\/noticias\/2026\/03\/18\/inflacao-anual-fixa-se-em-19-na-zona-euro-e-21-na-ue-em-fevereiro\/#breadcrumb\",\"itemListElement\":[{\"@type\":\"ListItem\",\"position\":1,\"name\":\"In\u00edcio\",\"item\":\"https:\/\/portaltela.pt\/\"},{\"@type\":\"ListItem\",\"position\":2,\"name\":\"Infla\u00e7\u00e3o anual fixa-se em 1,9% na zona euro e 2,1% na UE em fevereiro\"}]},{\"@type\":\"WebSite\",\"@id\":\"https:\/\/portaltela.pt\/#website\",\"url\":\"https:\/\/portaltela.pt\/\",\"name\":\"Portal Tela Portugal\",\"description\":\"\",\"potentialAction\":[{\"@type\":\"SearchAction\",\"target\":{\"@type\":\"EntryPoint\",\"urlTemplate\":\"https:\/\/portaltela.pt\/?s={search_term_string}\"},\"query-input\":{\"@type\":\"PropertyValueSpecification\",\"valueRequired\":true,\"valueName\":\"search_term_string\"}}],\"inLanguage\":\"pt-PT\"},{\"@type\":\"Person\",\"@id\":\"https:\/\/portaltela.pt\/#\/schema\/person\/c4278d4a6028830caff9ee44b42d32ed\",\"name\":\"Telinha\",\"image\":{\"@type\":\"ImageObject\",\"inLanguage\":\"pt-PT\",\"@id\":\"https:\/\/portaltela.pt\/s.01k8rhncp4jt1\/2025\/11\/talking-bot-125x125.png\",\"url\":\"https:\/\/portaltela.pt\/s.01k8rhncp4jt1\/2025\/11\/talking-bot-125x125.png\",\"contentUrl\":\"https:\/\/portaltela.pt\/s.01k8rhncp4jt1\/2025\/11\/talking-bot-125x125.png\",\"caption\":\"Telinha\"},\"sameAs\":[\"https:\/\/portaltela.pt\/\"],\"url\":\"https:\/\/portaltela.pt\/por\/367410592786\/\"}]}<\/script>\n<!-- \/ Yoast SEO plugin. -->","yoast_head_json":{"title":"Infla\u00e7\u00e3o anual fixa-se em 1,9% na zona euro e 2,1% na UE em fevereiro - Portal Tela Portugal","robots":{"index":"index","follow":"follow","max-snippet":"max-snippet:-1","max-image-preview":"max-image-preview:large","max-video-preview":"max-video-preview:-1"},"og_locale":"pt_PT","og_type":"article","og_title":"Infla\u00e7\u00e3o anual fixa-se em 1,9% na zona euro e 2,1% na UE em fevereiro - Portal Tela Portugal","og_description":"A infla\u00e7\u00e3o anual na zona euro ficou em 1,9% em fevereiro, segundo o Eurostat. Na Uni\u00e3o Europeia, a infla\u00e7\u00e3o hom\u00f3loga atingiu 2,1% no mesmo m\u00eas. Os n\u00fameros refletem a varia\u00e7\u00e3o de pre\u00e7os ao consumidor em rela\u00e7\u00e3o a fevereiro do ano anterior. Os dados foram confirmados pelo Eurostat, \u00f3rg\u00e3o de stat\u00edsticas da Uni\u00e3o Europeia. Dados de fevereiro indicam diferen\u00e7as entre a zona euro e o conjunto da UE, com infla\u00e7\u00e3o ligeiramente mais alta fora da zona euro.","og_url":"https:\/\/portaltela.pt\/noticias\/2026\/03\/18\/inflacao-anual-fixa-se-em-19-na-zona-euro-e-21-na-ue-em-fevereiro\/","og_site_name":"Portal Tela Portugal","article_published_time":"2026-03-18T10:34:00+00:00","author":"Telinha","twitter_card":"summary_large_image","twitter_misc":{"Escrito por":"Telinha","Tempo estimado de leitura":"1 minuto"},"schema":{"@context":"https:\/\/schema.org","@graph":[{"@type":"Article","@id":"https:\/\/portaltela.pt\/noticias\/2026\/03\/18\/inflacao-anual-fixa-se-em-19-na-zona-euro-e-21-na-ue-em-fevereiro\/#article","isPartOf":{"@id":"https:\/\/portaltela.pt\/noticias\/2026\/03\/18\/inflacao-anual-fixa-se-em-19-na-zona-euro-e-21-na-ue-em-fevereiro\/"},"author":{"name":"Telinha","@id":"https:\/\/portaltela.pt\/#\/schema\/person\/c4278d4a6028830caff9ee44b42d32ed"},"headline":"Infla\u00e7\u00e3o anual fixa-se em 1,9% na zona euro e 2,1% na UE em fevereiro","datePublished":"2026-03-18T10:34:00+00:00","mainEntityOfPage":{"@id":"https:\/\/portaltela.pt\/noticias\/2026\/03\/18\/inflacao-anual-fixa-se-em-19-na-zona-euro-e-21-na-ue-em-fevereiro\/"},"wordCount":154,"image":{"@id":"https:\/\/portaltela.pt\/noticias\/2026\/03\/18\/inflacao-anual-fixa-se-em-19-na-zona-euro-e-21-na-ue-em-fevereiro\/#primaryimage"},"thumbnailUrl":"https:\/\/portaltela.pt\/s.01k8rhncp4jt1\/2026\/03\/CACHE_780X1200_ANALOG_WATERMARKED_46274372_181280320668493.jpg","keywords":["_economia","economia","economia internacional","infla\u00e7\u00e3o","Uni\u00e3o Europeia","Zona Europeia"],"articleSection":["Economia","Neg\u00f3cios"],"inLanguage":"pt-PT"},{"@type":"WebPage","@id":"https:\/\/portaltela.pt\/noticias\/2026\/03\/18\/inflacao-anual-fixa-se-em-19-na-zona-euro-e-21-na-ue-em-fevereiro\/","url":"https:\/\/portaltela.pt\/noticias\/2026\/03\/18\/inflacao-anual-fixa-se-em-19-na-zona-euro-e-21-na-ue-em-fevereiro\/","name":"Infla\u00e7\u00e3o anual fixa-se em 1,9% na zona euro e 2,1% na UE em fevereiro - Portal Tela Portugal","isPartOf":{"@id":"https:\/\/portaltela.pt\/#website"},"primaryImageOfPage":{"@id":"https:\/\/portaltela.pt\/noticias\/2026\/03\/18\/inflacao-anual-fixa-se-em-19-na-zona-euro-e-21-na-ue-em-fevereiro\/#primaryimage"},"image":{"@id":"https:\/\/portaltela.pt\/noticias\/2026\/03\/18\/inflacao-anual-fixa-se-em-19-na-zona-euro-e-21-na-ue-em-fevereiro\/#primaryimage"},"thumbnailUrl":"https:\/\/portaltela.pt\/s.01k8rhncp4jt1\/2026\/03\/CACHE_780X1200_ANALOG_WATERMARKED_46274372_181280320668493.jpg","datePublished":"2026-03-18T10:34:00+00:00","author":{"@id":"https:\/\/portaltela.pt\/#\/schema\/person\/c4278d4a6028830caff9ee44b42d32ed"},"breadcrumb":{"@id":"https:\/\/portaltela.pt\/noticias\/2026\/03\/18\/inflacao-anual-fixa-se-em-19-na-zona-euro-e-21-na-ue-em-fevereiro\/#breadcrumb"},"inLanguage":"pt-PT","potentialAction":[{"@type":"ReadAction","target":["https:\/\/portaltela.pt\/noticias\/2026\/03\/18\/inflacao-anual-fixa-se-em-19-na-zona-euro-e-21-na-ue-em-fevereiro\/"]}]},{"@type":"ImageObject","inLanguage":"pt-PT","@id":"https:\/\/portaltela.pt\/noticias\/2026\/03\/18\/inflacao-anual-fixa-se-em-19-na-zona-euro-e-21-na-ue-em-fevereiro\/#primaryimage","url":"https:\/\/portaltela.pt\/s.01k8rhncp4jt1\/2026\/03\/CACHE_780X1200_ANALOG_WATERMARKED_46274372_181280320668493.jpg","contentUrl":"https:\/\/portaltela.pt\/s.01k8rhncp4jt1\/2026\/03\/CACHE_780X1200_ANALOG_WATERMARKED_46274372_181280320668493.jpg","width":796,"height":448,"caption":"Taxa de infla\u00e7\u00e3o anual fixa-se em 1,9% na zona euro e 2,1% na UE em fevereiro"},{"@type":"BreadcrumbList","@id":"https:\/\/portaltela.pt\/noticias\/2026\/03\/18\/inflacao-anual-fixa-se-em-19-na-zona-euro-e-21-na-ue-em-fevereiro\/#breadcrumb","itemListElement":[{"@type":"ListItem","position":1,"name":"In\u00edcio","item":"https:\/\/portaltela.pt\/"},{"@type":"ListItem","position":2,"name":"Infla\u00e7\u00e3o anual fixa-se em 1,9% na zona euro e 2,1% na UE em fevereiro"}]},{"@type":"WebSite","@id":"https:\/\/portaltela.pt\/#website","url":"https:\/\/portaltela.pt\/","name":"Portal Tela Portugal","description":"","potentialAction":[{"@type":"SearchAction","target":{"@type":"EntryPoint","urlTemplate":"https:\/\/portaltela.pt\/?s={search_term_string}"},"query-input":{"@type":"PropertyValueSpecification","valueRequired":true,"valueName":"search_term_string"}}],"inLanguage":"pt-PT"},{"@type":"Person","@id":"https:\/\/portaltela.pt\/#\/schema\/person\/c4278d4a6028830caff9ee44b42d32ed","name":"Telinha","image":{"@type":"ImageObject","inLanguage":"pt-PT","@id":"https:\/\/portaltela.pt\/s.01k8rhncp4jt1\/2025\/11\/talking-bot-125x125.png","url":"https:\/\/portaltela.pt\/s.01k8rhncp4jt1\/2025\/11\/talking-bot-125x125.png","contentUrl":"https:\/\/portaltela.pt\/s.01k8rhncp4jt1\/2025\/11\/talking-bot-125x125.png","caption":"Telinha"},"sameAs":["https:\/\/portaltela.pt\/"],"url":"https:\/\/portaltela.pt\/por\/367410592786\/"}]}},"_links":{"self":[{"href":"https:\/\/portaltela.pt\/api\/wp\/v2\/posts\/414403","targetHints":{"allow":["GET"]}}],"collection":[{"href":"https:\/\/portaltela.pt\/api\/wp\/v2\/posts"}],"about":[{"href":"https:\/\/portaltela.pt\/api\/wp\/v2\/types\/post"}],"author":[{"embeddable":true,"href":"https:\/\/portaltela.pt\/api\/wp\/v2\/users\/2"}],"replies":[{"embeddable":true,"href":"https:\/\/portaltela.pt\/api\/wp\/v2\/comments?post=414403"}],"version-history":[{"count":0,"href":"https:\/\/portaltela.pt\/api\/wp\/v2\/posts\/414403\/revisions"}],"wp:featuredmedia":[{"embeddable":true,"href":"https:\/\/portaltela.pt\/api\/wp\/v2\/media\/414413"}],"wp:attachment":[{"href":"https:\/\/portaltela.pt\/api\/wp\/v2\/media?parent=414403"}],"wp:term":[{"taxonomy":"category","embeddable":true,"href":"https:\/\/portaltela.pt\/api\/wp\/v2\/categories?post=414403"},{"taxonomy":"post_tag","embeddable":true,"href":"https:\/\/portaltela.pt\/api\/wp\/v2\/tags?post=414403"}],"curies":[{"name":"wp","href":"https:\/\/api.w.org\/{rel}","templated":true}]}}