{"id":414284,"date":"2026-03-18T07:06:34","date_gmt":"2026-03-18T10:06:34","guid":{"rendered":"https:\/\/portaltela.pt\/noticias\/2026\/03\/18\/nos-junta-se-ao-projeto-neuroquad-europeu-com-investimento-de-quase-4-m\/"},"modified":"2026-03-18T07:06:34","modified_gmt":"2026-03-18T10:06:34","slug":"nos-junta-se-ao-projeto-neuroquad-europeu-com-investimento-de-quase-4-m","status":"publish","type":"post","link":"https:\/\/portaltela.pt\/tecnologia\/2026\/03\/18\/nos-junta-se-ao-projeto-neuroquad-europeu-com-investimento-de-quase-4-m\/","title":{"rendered":"NOS junta-se ao projeto Neuroquad europeu com investimento de quase 4 M\u20ac"},"content":{"rendered":"<p>A NOS Inova\u00e7\u00e3o integra o projecto europeu Neuroquad, com um investimento de 3,9 milh\u00f5es de euros e dura\u00e7\u00e3o de 36 meses. O objetivo \u00e9 avaliar a aptid\u00e3o de pilotos atrav\u00e9s de neurotecnologia, IA e computa\u00e7\u00e3o qu\u00e2ntica, visando melhorar a monitoriza\u00e7\u00e3o em voo. A ideia \u00e9 aumentar a seguran\u00e7a e a efic\u00e1cia operacional de aeronaves, em defesa e aplica\u00e7\u00f5es duplo uso.<\/p>\n<p>O cons\u00f3rcio \u00e9 liderado pela francesa Multiverse Computing, com a NOS a \u00fanica empresa portuguesa envolvida. Integram ainda as empresas austr\u00edaca G.Tec, espanhola Oesia Networks, a Universidade Polit\u00e9cnica de Madrid, a belga Zabala Brusses e o Centro de Medicina Aeroespecial da For\u00e7a A\u00e9rea alem\u00e3.<\/p>\n<p>O financiamento procede no \u00e2mbito do Fundo Europeu de Defesa, financiado pela Comiss\u00e3o Europeia. O projeto pretende avan\u00e7ar com sensores, IA aplicada \u00e0 monitoriza\u00e7\u00e3o e com recursos de computa\u00e7\u00e3o qu\u00e2ntica para respostas mais r\u00e1pidas em situa\u00e7\u00f5es de voo.<\/p>\n<h3>Parcerias e ambi\u00e7\u00e3o do projeto<\/h3>\n<p>A NOS participa com tecnologia j\u00e1 desenvolvida em neurotecnologia, sensores de voz, eye tracking e padr\u00f5es cerebrais. O objetivo \u00e9 incorporar estas \u00e1reas numa solu\u00e7\u00e3o de \u201cduplo uso\u201d que pode evoluir para outros setores, como medicina e tr\u00e1fego a\u00e9reo.<\/p>\n<p>O cons\u00f3rcio envolve v\u00e1rias entidades europeias, o que exp\u00f5e a NOS a capacidades de investiga\u00e7\u00e3o em \u00e1reas emergentes. A colabora\u00e7\u00e3o permite explorar o futuro da IA, da computa\u00e7\u00e3o qu\u00e2ntica e da neurotecnologia no setor aeroespacial.<\/p>\n<p>Durante o projeto, com v\u00e1rias fases, a NOS dever\u00e1 manter entre tr\u00eas a cinco profissionais envolvidos. O arranque ocorreu recentemente, com uma sess\u00e3o de kick-off para alinhar objetivos e cronograma.<\/p>\n","protected":false},"excerpt":{"rendered":"<ul>\n<li>A NOS Inova\u00e7\u00e3o integra o projeto europeu Neuroquad, financiado pelo Fundo Europeu da Defesa, com dura\u00e7\u00e3o de 36 meses e um investimento de 3,9 milh\u00f5es de euros.<\/li>\n<li>O objetivo \u00e9 combinar neurotecnologia, intelig\u00eancia artificial e computa\u00e7\u00e3o qu\u00e2ntica para melhorar a monitoriza\u00e7\u00e3o neuronal de pilotos militares e a resposta dos sistemas em voo.<\/li>\n<li>O cons\u00f3rcio \u00e9 liderado pela francesa Multiverse Computing; a NOS \u00e9 a \u00fanica empresa portuguesa envolvida.<\/li>\n<li>Al\u00e9m da Multiverse Computing, incluem-se a austr\u00edaca G.Tec, a espanhola Oesia Networks, a Universidade Polit\u00e9cnica de Madrid, a belga Zabala Brusses e o Centro de Medicina Aeroespecial da For\u00e7a A\u00e9rea alem\u00e3.<\/li>\n<li>A NOS prev\u00ea envolver entre tr\u00eas a cinco profissionais ao longo do projeto, com potencial de aplica\u00e7\u00f5es de duplo uso em \u00e1reas como medicina, transportes e controlo de tr\u00e1fego.<\/li>\n<\/ul>\n","protected":false},"author":2,"featured_media":414285,"comment_status":"closed","ping_status":"closed","sticky":false,"template":"","format":"standard","meta":{"footnotes":""},"categories":[1,6716],"tags":[4558,3302,6938,6574,51,215],"class_list":["post-414284","post","type-post","status-publish","format-standard","has-post-thumbnail","hentry","category-noticias","category-tecnologia","tag-a-aeronautica","tag-aeroportos","tag-computacao-quanticas","tag-defesa","tag-inteligencia-artificial","tag-investigacao"],"yoast_head":"<!-- This site is optimized with the Yoast SEO plugin v27.2 - https:\/\/yoast.com\/product\/yoast-seo-wordpress\/ -->\n<title>NOS junta-se ao projeto Neuroquad europeu com investimento de quase 4 M\u20ac - Portal Tela Portugal<\/title>\n<meta name=\"robots\" content=\"index, follow, max-snippet:-1, max-image-preview:large, max-video-preview:-1\" \/>\n<meta property=\"og:locale\" content=\"pt_PT\" \/>\n<meta property=\"og:type\" content=\"article\" \/>\n<meta property=\"og:title\" content=\"NOS junta-se ao projeto Neuroquad europeu com investimento de quase 4 M\u20ac - Portal Tela Portugal\" \/>\n<meta property=\"og:description\" content=\"A NOS Inova\u00e7\u00e3o integra o projeto europeu Neuroquad, financiado pelo Fundo Europeu da Defesa, com dura\u00e7\u00e3o de 36 meses e um investimento de 3,9 milh\u00f5es de euros. O objetivo \u00e9 combinar neurotecnologia, intelig\u00eancia artificial e computa\u00e7\u00e3o qu\u00e2ntica para melhorar a monitoriza\u00e7\u00e3o neuronal de pilotos militares e a resposta dos sistemas em voo. O cons\u00f3rcio \u00e9 liderado pela francesa Multiverse Computing; a NOS \u00e9 a \u00fanica empresa portuguesa envolvida. Al\u00e9m da Multiverse Computing, incluem-se a austr\u00edaca G.Tec, a espanhola Oesia Networks, a Universidade Polit\u00e9cnica de Madrid, a belga Zabala Brusses e o Centro de Medicina Aeroespecial da For\u00e7a A\u00e9rea alem\u00e3. A NOS prev\u00ea envolver entre tr\u00eas a cinco profissionais ao longo do projeto, com potencial de aplica\u00e7\u00f5es de duplo uso em \u00e1reas como medicina, transportes e controlo de tr\u00e1fego.\" \/>\n<meta property=\"og:url\" content=\"https:\/\/portaltela.pt\/noticias\/2026\/03\/18\/nos-junta-se-ao-projeto-neuroquad-europeu-com-investimento-de-quase-4-m\/\" \/>\n<meta property=\"og:site_name\" content=\"Portal Tela Portugal\" \/>\n<meta property=\"article:published_time\" content=\"2026-03-18T10:06:34+00:00\" \/>\n<meta name=\"author\" content=\"Telinha\" \/>\n<meta name=\"twitter:card\" content=\"summary_large_image\" \/>\n<meta name=\"twitter:label1\" content=\"Escrito por\" \/>\n\t<meta name=\"twitter:data1\" content=\"Telinha\" \/>\n\t<meta name=\"twitter:label2\" content=\"Tempo estimado de leitura\" \/>\n\t<meta name=\"twitter:data2\" content=\"1 minuto\" \/>\n<script type=\"application\/ld+json\" class=\"yoast-schema-graph\">{\"@context\":\"https:\/\/schema.org\",\"@graph\":[{\"@type\":\"Article\",\"@id\":\"https:\/\/portaltela.pt\/noticias\/2026\/03\/18\/nos-junta-se-ao-projeto-neuroquad-europeu-com-investimento-de-quase-4-m\/#article\",\"isPartOf\":{\"@id\":\"https:\/\/portaltela.pt\/noticias\/2026\/03\/18\/nos-junta-se-ao-projeto-neuroquad-europeu-com-investimento-de-quase-4-m\/\"},\"author\":{\"name\":\"Telinha\",\"@id\":\"https:\/\/portaltela.pt\/#\/schema\/person\/c4278d4a6028830caff9ee44b42d32ed\"},\"headline\":\"NOS junta-se ao projeto Neuroquad europeu com investimento de quase 4 M\u20ac\",\"datePublished\":\"2026-03-18T10:06:34+00:00\",\"mainEntityOfPage\":{\"@id\":\"https:\/\/portaltela.pt\/noticias\/2026\/03\/18\/nos-junta-se-ao-projeto-neuroquad-europeu-com-investimento-de-quase-4-m\/\"},\"wordCount\":294,\"image\":{\"@id\":\"https:\/\/portaltela.pt\/noticias\/2026\/03\/18\/nos-junta-se-ao-projeto-neuroquad-europeu-com-investimento-de-quase-4-m\/#primaryimage\"},\"thumbnailUrl\":\"https:\/\/portaltela.pt\/s.01k8rhncp4jt1\/2026\/03\/img_1500x1000uu2014-08-27-18-48-00-399918.jpg\",\"keywords\":[\"a aeron\u00e1utica\",\"aeroportos\",\"computa\u00e7\u00e3o qu\u00e2nticas\",\"defesa\",\"intelig\u00eancia artificial\",\"investiga\u00e7\u00e3o\"],\"articleSection\":[\"Not\u00edcias\",\"Tecnologia\"],\"inLanguage\":\"pt-PT\"},{\"@type\":\"WebPage\",\"@id\":\"https:\/\/portaltela.pt\/noticias\/2026\/03\/18\/nos-junta-se-ao-projeto-neuroquad-europeu-com-investimento-de-quase-4-m\/\",\"url\":\"https:\/\/portaltela.pt\/noticias\/2026\/03\/18\/nos-junta-se-ao-projeto-neuroquad-europeu-com-investimento-de-quase-4-m\/\",\"name\":\"NOS junta-se ao projeto Neuroquad europeu com investimento de quase 4 M\u20ac - Portal Tela Portugal\",\"isPartOf\":{\"@id\":\"https:\/\/portaltela.pt\/#website\"},\"primaryImageOfPage\":{\"@id\":\"https:\/\/portaltela.pt\/noticias\/2026\/03\/18\/nos-junta-se-ao-projeto-neuroquad-europeu-com-investimento-de-quase-4-m\/#primaryimage\"},\"image\":{\"@id\":\"https:\/\/portaltela.pt\/noticias\/2026\/03\/18\/nos-junta-se-ao-projeto-neuroquad-europeu-com-investimento-de-quase-4-m\/#primaryimage\"},\"thumbnailUrl\":\"https:\/\/portaltela.pt\/s.01k8rhncp4jt1\/2026\/03\/img_1500x1000uu2014-08-27-18-48-00-399918.jpg\",\"datePublished\":\"2026-03-18T10:06:34+00:00\",\"author\":{\"@id\":\"https:\/\/portaltela.pt\/#\/schema\/person\/c4278d4a6028830caff9ee44b42d32ed\"},\"breadcrumb\":{\"@id\":\"https:\/\/portaltela.pt\/noticias\/2026\/03\/18\/nos-junta-se-ao-projeto-neuroquad-europeu-com-investimento-de-quase-4-m\/#breadcrumb\"},\"inLanguage\":\"pt-PT\",\"potentialAction\":[{\"@type\":\"ReadAction\",\"target\":[\"https:\/\/portaltela.pt\/noticias\/2026\/03\/18\/nos-junta-se-ao-projeto-neuroquad-europeu-com-investimento-de-quase-4-m\/\"]}]},{\"@type\":\"ImageObject\",\"inLanguage\":\"pt-PT\",\"@id\":\"https:\/\/portaltela.pt\/noticias\/2026\/03\/18\/nos-junta-se-ao-projeto-neuroquad-europeu-com-investimento-de-quase-4-m\/#primaryimage\",\"url\":\"https:\/\/portaltela.pt\/s.01k8rhncp4jt1\/2026\/03\/img_1500x1000uu2014-08-27-18-48-00-399918.jpg\",\"contentUrl\":\"https:\/\/portaltela.pt\/s.01k8rhncp4jt1\/2026\/03\/img_1500x1000uu2014-08-27-18-48-00-399918.jpg\",\"width\":796,\"height\":448,\"caption\":\"Sede da NOS\"},{\"@type\":\"BreadcrumbList\",\"@id\":\"https:\/\/portaltela.pt\/noticias\/2026\/03\/18\/nos-junta-se-ao-projeto-neuroquad-europeu-com-investimento-de-quase-4-m\/#breadcrumb\",\"itemListElement\":[{\"@type\":\"ListItem\",\"position\":1,\"name\":\"In\u00edcio\",\"item\":\"https:\/\/portaltela.pt\/\"},{\"@type\":\"ListItem\",\"position\":2,\"name\":\"NOS junta-se ao projeto Neuroquad europeu com investimento de quase 4 M\u20ac\"}]},{\"@type\":\"WebSite\",\"@id\":\"https:\/\/portaltela.pt\/#website\",\"url\":\"https:\/\/portaltela.pt\/\",\"name\":\"Portal Tela Portugal\",\"description\":\"\",\"potentialAction\":[{\"@type\":\"SearchAction\",\"target\":{\"@type\":\"EntryPoint\",\"urlTemplate\":\"https:\/\/portaltela.pt\/?s={search_term_string}\"},\"query-input\":{\"@type\":\"PropertyValueSpecification\",\"valueRequired\":true,\"valueName\":\"search_term_string\"}}],\"inLanguage\":\"pt-PT\"},{\"@type\":\"Person\",\"@id\":\"https:\/\/portaltela.pt\/#\/schema\/person\/c4278d4a6028830caff9ee44b42d32ed\",\"name\":\"Telinha\",\"image\":{\"@type\":\"ImageObject\",\"inLanguage\":\"pt-PT\",\"@id\":\"https:\/\/portaltela.pt\/s.01k8rhncp4jt1\/2025\/11\/talking-bot-125x125.png\",\"url\":\"https:\/\/portaltela.pt\/s.01k8rhncp4jt1\/2025\/11\/talking-bot-125x125.png\",\"contentUrl\":\"https:\/\/portaltela.pt\/s.01k8rhncp4jt1\/2025\/11\/talking-bot-125x125.png\",\"caption\":\"Telinha\"},\"sameAs\":[\"https:\/\/portaltela.pt\/\"],\"url\":\"https:\/\/portaltela.pt\/por\/367410592786\/\"}]}<\/script>\n<!-- \/ Yoast SEO plugin. -->","yoast_head_json":{"title":"NOS junta-se ao projeto Neuroquad europeu com investimento de quase 4 M\u20ac - Portal Tela Portugal","robots":{"index":"index","follow":"follow","max-snippet":"max-snippet:-1","max-image-preview":"max-image-preview:large","max-video-preview":"max-video-preview:-1"},"og_locale":"pt_PT","og_type":"article","og_title":"NOS junta-se ao projeto Neuroquad europeu com investimento de quase 4 M\u20ac - Portal Tela Portugal","og_description":"A NOS Inova\u00e7\u00e3o integra o projeto europeu Neuroquad, financiado pelo Fundo Europeu da Defesa, com dura\u00e7\u00e3o de 36 meses e um investimento de 3,9 milh\u00f5es de euros. O objetivo \u00e9 combinar neurotecnologia, intelig\u00eancia artificial e computa\u00e7\u00e3o qu\u00e2ntica para melhorar a monitoriza\u00e7\u00e3o neuronal de pilotos militares e a resposta dos sistemas em voo. O cons\u00f3rcio \u00e9 liderado pela francesa Multiverse Computing; a NOS \u00e9 a \u00fanica empresa portuguesa envolvida. Al\u00e9m da Multiverse Computing, incluem-se a austr\u00edaca G.Tec, a espanhola Oesia Networks, a Universidade Polit\u00e9cnica de Madrid, a belga Zabala Brusses e o Centro de Medicina Aeroespecial da For\u00e7a A\u00e9rea alem\u00e3. A NOS prev\u00ea envolver entre tr\u00eas a cinco profissionais ao longo do projeto, com potencial de aplica\u00e7\u00f5es de duplo uso em \u00e1reas como medicina, transportes e controlo de tr\u00e1fego.","og_url":"https:\/\/portaltela.pt\/noticias\/2026\/03\/18\/nos-junta-se-ao-projeto-neuroquad-europeu-com-investimento-de-quase-4-m\/","og_site_name":"Portal Tela Portugal","article_published_time":"2026-03-18T10:06:34+00:00","author":"Telinha","twitter_card":"summary_large_image","twitter_misc":{"Escrito por":"Telinha","Tempo estimado de leitura":"1 minuto"},"schema":{"@context":"https:\/\/schema.org","@graph":[{"@type":"Article","@id":"https:\/\/portaltela.pt\/noticias\/2026\/03\/18\/nos-junta-se-ao-projeto-neuroquad-europeu-com-investimento-de-quase-4-m\/#article","isPartOf":{"@id":"https:\/\/portaltela.pt\/noticias\/2026\/03\/18\/nos-junta-se-ao-projeto-neuroquad-europeu-com-investimento-de-quase-4-m\/"},"author":{"name":"Telinha","@id":"https:\/\/portaltela.pt\/#\/schema\/person\/c4278d4a6028830caff9ee44b42d32ed"},"headline":"NOS junta-se ao projeto Neuroquad europeu com investimento de quase 4 M\u20ac","datePublished":"2026-03-18T10:06:34+00:00","mainEntityOfPage":{"@id":"https:\/\/portaltela.pt\/noticias\/2026\/03\/18\/nos-junta-se-ao-projeto-neuroquad-europeu-com-investimento-de-quase-4-m\/"},"wordCount":294,"image":{"@id":"https:\/\/portaltela.pt\/noticias\/2026\/03\/18\/nos-junta-se-ao-projeto-neuroquad-europeu-com-investimento-de-quase-4-m\/#primaryimage"},"thumbnailUrl":"https:\/\/portaltela.pt\/s.01k8rhncp4jt1\/2026\/03\/img_1500x1000uu2014-08-27-18-48-00-399918.jpg","keywords":["a aeron\u00e1utica","aeroportos","computa\u00e7\u00e3o qu\u00e2nticas","defesa","intelig\u00eancia artificial","investiga\u00e7\u00e3o"],"articleSection":["Not\u00edcias","Tecnologia"],"inLanguage":"pt-PT"},{"@type":"WebPage","@id":"https:\/\/portaltela.pt\/noticias\/2026\/03\/18\/nos-junta-se-ao-projeto-neuroquad-europeu-com-investimento-de-quase-4-m\/","url":"https:\/\/portaltela.pt\/noticias\/2026\/03\/18\/nos-junta-se-ao-projeto-neuroquad-europeu-com-investimento-de-quase-4-m\/","name":"NOS junta-se ao projeto Neuroquad europeu com investimento de quase 4 M\u20ac - Portal Tela Portugal","isPartOf":{"@id":"https:\/\/portaltela.pt\/#website"},"primaryImageOfPage":{"@id":"https:\/\/portaltela.pt\/noticias\/2026\/03\/18\/nos-junta-se-ao-projeto-neuroquad-europeu-com-investimento-de-quase-4-m\/#primaryimage"},"image":{"@id":"https:\/\/portaltela.pt\/noticias\/2026\/03\/18\/nos-junta-se-ao-projeto-neuroquad-europeu-com-investimento-de-quase-4-m\/#primaryimage"},"thumbnailUrl":"https:\/\/portaltela.pt\/s.01k8rhncp4jt1\/2026\/03\/img_1500x1000uu2014-08-27-18-48-00-399918.jpg","datePublished":"2026-03-18T10:06:34+00:00","author":{"@id":"https:\/\/portaltela.pt\/#\/schema\/person\/c4278d4a6028830caff9ee44b42d32ed"},"breadcrumb":{"@id":"https:\/\/portaltela.pt\/noticias\/2026\/03\/18\/nos-junta-se-ao-projeto-neuroquad-europeu-com-investimento-de-quase-4-m\/#breadcrumb"},"inLanguage":"pt-PT","potentialAction":[{"@type":"ReadAction","target":["https:\/\/portaltela.pt\/noticias\/2026\/03\/18\/nos-junta-se-ao-projeto-neuroquad-europeu-com-investimento-de-quase-4-m\/"]}]},{"@type":"ImageObject","inLanguage":"pt-PT","@id":"https:\/\/portaltela.pt\/noticias\/2026\/03\/18\/nos-junta-se-ao-projeto-neuroquad-europeu-com-investimento-de-quase-4-m\/#primaryimage","url":"https:\/\/portaltela.pt\/s.01k8rhncp4jt1\/2026\/03\/img_1500x1000uu2014-08-27-18-48-00-399918.jpg","contentUrl":"https:\/\/portaltela.pt\/s.01k8rhncp4jt1\/2026\/03\/img_1500x1000uu2014-08-27-18-48-00-399918.jpg","width":796,"height":448,"caption":"Sede da NOS"},{"@type":"BreadcrumbList","@id":"https:\/\/portaltela.pt\/noticias\/2026\/03\/18\/nos-junta-se-ao-projeto-neuroquad-europeu-com-investimento-de-quase-4-m\/#breadcrumb","itemListElement":[{"@type":"ListItem","position":1,"name":"In\u00edcio","item":"https:\/\/portaltela.pt\/"},{"@type":"ListItem","position":2,"name":"NOS junta-se ao projeto Neuroquad europeu com investimento de quase 4 M\u20ac"}]},{"@type":"WebSite","@id":"https:\/\/portaltela.pt\/#website","url":"https:\/\/portaltela.pt\/","name":"Portal Tela Portugal","description":"","potentialAction":[{"@type":"SearchAction","target":{"@type":"EntryPoint","urlTemplate":"https:\/\/portaltela.pt\/?s={search_term_string}"},"query-input":{"@type":"PropertyValueSpecification","valueRequired":true,"valueName":"search_term_string"}}],"inLanguage":"pt-PT"},{"@type":"Person","@id":"https:\/\/portaltela.pt\/#\/schema\/person\/c4278d4a6028830caff9ee44b42d32ed","name":"Telinha","image":{"@type":"ImageObject","inLanguage":"pt-PT","@id":"https:\/\/portaltela.pt\/s.01k8rhncp4jt1\/2025\/11\/talking-bot-125x125.png","url":"https:\/\/portaltela.pt\/s.01k8rhncp4jt1\/2025\/11\/talking-bot-125x125.png","contentUrl":"https:\/\/portaltela.pt\/s.01k8rhncp4jt1\/2025\/11\/talking-bot-125x125.png","caption":"Telinha"},"sameAs":["https:\/\/portaltela.pt\/"],"url":"https:\/\/portaltela.pt\/por\/367410592786\/"}]}},"_links":{"self":[{"href":"https:\/\/portaltela.pt\/api\/wp\/v2\/posts\/414284","targetHints":{"allow":["GET"]}}],"collection":[{"href":"https:\/\/portaltela.pt\/api\/wp\/v2\/posts"}],"about":[{"href":"https:\/\/portaltela.pt\/api\/wp\/v2\/types\/post"}],"author":[{"embeddable":true,"href":"https:\/\/portaltela.pt\/api\/wp\/v2\/users\/2"}],"replies":[{"embeddable":true,"href":"https:\/\/portaltela.pt\/api\/wp\/v2\/comments?post=414284"}],"version-history":[{"count":0,"href":"https:\/\/portaltela.pt\/api\/wp\/v2\/posts\/414284\/revisions"}],"wp:featuredmedia":[{"embeddable":true,"href":"https:\/\/portaltela.pt\/api\/wp\/v2\/media\/414285"}],"wp:attachment":[{"href":"https:\/\/portaltela.pt\/api\/wp\/v2\/media?parent=414284"}],"wp:term":[{"taxonomy":"category","embeddable":true,"href":"https:\/\/portaltela.pt\/api\/wp\/v2\/categories?post=414284"},{"taxonomy":"post_tag","embeddable":true,"href":"https:\/\/portaltela.pt\/api\/wp\/v2\/tags?post=414284"}],"curies":[{"name":"wp","href":"https:\/\/api.w.org\/{rel}","templated":true}]}}