{"id":414248,"date":"2026-03-18T06:24:09","date_gmt":"2026-03-18T09:24:09","guid":{"rendered":"https:\/\/portaltela.pt\/noticias\/2026\/03\/18\/capitania-do-funchal-prolonga-avisos-de-vento-e-agitacao-ate-quinta-feira\/"},"modified":"2026-03-18T06:24:09","modified_gmt":"2026-03-18T09:24:09","slug":"capitania-do-funchal-prolonga-avisos-de-vento-e-agitacao-ate-quinta-feira","status":"publish","type":"post","link":"https:\/\/portaltela.pt\/noticias\/2026\/03\/18\/capitania-do-funchal-prolonga-avisos-de-vento-e-agitacao-ate-quinta-feira\/","title":{"rendered":"Capitania do Funchal prolonga avisos de vento e agita\u00e7\u00e3o at\u00e9 quinta-feira"},"content":{"rendered":"<p>A Capitania do Porto do Funchal prolongou, esta quarta-feira, os avisos de vento e de agita\u00e7\u00e3o mar\u00edtima fortes para o arquip\u00e9lago da Madeira. Os avisos mant\u00eam-se v\u00e1lidos at\u00e9 \u00e0s 06h00 de quinta-feira, com base no IPMA.<\/p>\n<p>O IPMA emitiu aviso laranja para a costa norte da Madeira e para a ilha do Porto Santo pela forte ondula\u00e7\u00e3o. O vento dever\u00e1 soprar entre 51 e 61 km\/h at\u00e9 ao in\u00edcio da noite, segundo a autoridade mar\u00edtima.<\/p>\n<p>O aviso de agita\u00e7\u00e3o mar\u00edtima passa de amarelo para laranja a partir da meia-noite e vigora at\u00e9 \u00e0s 09h00 de quinta-feira. As ondas na costa norte devem subir gradualmente para 4 a 6 m, com potenciais de 10 m, e at\u00e9 4,5 m na parte oeste da costa sul.<\/p>\n<p>A Capitania recomenda precau\u00e7\u00e3o a toda a comunidade mar\u00edtima e \u00e0 popula\u00e7\u00e3o, orientando quanto \u00e0 prepara\u00e7\u00e3o para o mar, ao estar no mar ou em zonas costeiras.<\/p>\n<h3>Tempo e avisos adicionais<\/h3>\n<p>Na segunda-feira, o Servi\u00e7o Regional de Prote\u00e7\u00e3o Civil informou sobre a passagem da tempestade Therese pelo arquip\u00e9lago, com precipita\u00e7\u00e3o por vezes forte, vento e ondula\u00e7\u00e3o, e vagas at\u00e9 12 metros.<\/p>\n<p>O IPMA tamb\u00e9m lan\u00e7ou avisos amarelos para neve em regi\u00f5es montanhosas acima de 1.200\/1.400 metros, com acumula\u00e7\u00e3o at\u00e9 10 cm acima de 1.500 metros entre 08h00 de quarta-feira e 12h00 de quinta-feira.<\/p>\n<p>Entre os impactos prov\u00e1veis, o instituto aponta perturba\u00e7\u00f5es por queda de neve com acumula\u00e7\u00e3o, poss\u00edvel forma\u00e7\u00e3o de gelo e vias condicionadas ou interditas, danos em estruturas ou \u00e1rvores e abastecimentos locais afetados.<\/p>\n<h3>Impactos operacionais<\/h3>\n<p>Devido \u00e0s condi\u00e7\u00f5es, a Porto Santo Line, concession\u00e1ria da liga\u00e7\u00e3o mar\u00edtima Madeira-Porto Santo, cancelou as viagens do navio Lobo Marinho para esta quarta-feira.<\/p>\n","protected":false},"excerpt":{"rendered":"<ul>\n<li>A Capitania do Porto do Funchal estendeu at\u00e9 \u00e0s 06h00 de quinta-feira os avisos de vento forte e de agita\u00e7\u00e3o mar\u00edtima para o arquip\u00e9lago da Madeira.<\/li>\n<li>O IPMA manteve aviso laranja para a costa norte da Madeira e para a ilha do Porto Santo, com ventos por vezes fortes (51\u201361 km\/h) at\u00e9 ao in\u00edcio da noite.<\/li>\n<li>O aviso de agita\u00e7\u00e3o mar\u00edtima passa de amarelo para laranja a partir da meia-noite at\u00e9 \u00e0s 09h00 de quinta-feira, com ondas na costa norte a aumentar para quatro a seis metros, podendo chegar a 10 metros.<\/li>\n<li>Na parte mais oeste da costa sul, prev\u00eaem-se ondas de at\u00e9 4,5 metros; a Capitania recomenda precau\u00e7\u00e3o para a comunidade mar\u00edtima e popula\u00e7\u00e3o em zonas costeiras.<\/li>\n<li>A Porto Santo Line cancelou as viagens do navio Lobo Marinho programadas para esta quarta-feira devido \u00e0s condi\u00e7\u00f5es meteorol\u00f3gicas.<\/li>\n<\/ul>\n","protected":false},"author":2,"featured_media":414252,"comment_status":"closed","ping_status":"closed","sticky":false,"template":"","format":"standard","meta":{"footnotes":""},"categories":[1],"tags":[183,3658,3762,859,1713,4782],"class_list":["post-414248","post","type-post","status-publish","format-standard","has-post-thumbnail","hentry","category-noticias","tag-agitacao-maritima","tag-aviso-amarelo","tag-aviso-laranja","tag-madeira","tag-mar","tag-vento"],"yoast_head":"<!-- This site is optimized with the Yoast SEO plugin v27.2 - https:\/\/yoast.com\/product\/yoast-seo-wordpress\/ -->\n<title>Capitania do Funchal prolonga avisos de vento e agita\u00e7\u00e3o at\u00e9 quinta-feira - Portal Tela Portugal<\/title>\n<meta name=\"robots\" content=\"index, follow, max-snippet:-1, max-image-preview:large, max-video-preview:-1\" \/>\n<meta property=\"og:locale\" content=\"pt_PT\" \/>\n<meta property=\"og:type\" content=\"article\" \/>\n<meta property=\"og:title\" content=\"Capitania do Funchal prolonga avisos de vento e agita\u00e7\u00e3o at\u00e9 quinta-feira - Portal Tela Portugal\" \/>\n<meta property=\"og:description\" content=\"A Capitania do Porto do Funchal estendeu at\u00e9 \u00e0s 06h00 de quinta-feira os avisos de vento forte e de agita\u00e7\u00e3o mar\u00edtima para o arquip\u00e9lago da Madeira. O IPMA manteve aviso laranja para a costa norte da Madeira e para a ilha do Porto Santo, com ventos por vezes fortes (51\u201361 km\/h) at\u00e9 ao in\u00edcio da noite. O aviso de agita\u00e7\u00e3o mar\u00edtima passa de amarelo para laranja a partir da meia-noite at\u00e9 \u00e0s 09h00 de quinta-feira, com ondas na costa norte a aumentar para quatro a seis metros, podendo chegar a 10 metros. Na parte mais oeste da costa sul, prev\u00eaem-se ondas de at\u00e9 4,5 metros; a Capitania recomenda precau\u00e7\u00e3o para a comunidade mar\u00edtima e popula\u00e7\u00e3o em zonas costeiras. A Porto Santo Line cancelou as viagens do navio Lobo Marinho programadas para esta quarta-feira devido \u00e0s condi\u00e7\u00f5es meteorol\u00f3gicas.\" \/>\n<meta property=\"og:url\" content=\"https:\/\/portaltela.pt\/noticias\/2026\/03\/18\/capitania-do-funchal-prolonga-avisos-de-vento-e-agitacao-ate-quinta-feira\/\" \/>\n<meta property=\"og:site_name\" content=\"Portal Tela Portugal\" \/>\n<meta property=\"article:published_time\" content=\"2026-03-18T09:24:09+00:00\" \/>\n<meta name=\"author\" content=\"Telinha\" \/>\n<meta name=\"twitter:card\" content=\"summary_large_image\" \/>\n<meta name=\"twitter:label1\" content=\"Escrito por\" \/>\n\t<meta name=\"twitter:data1\" content=\"Telinha\" \/>\n\t<meta name=\"twitter:label2\" content=\"Tempo estimado de leitura\" \/>\n\t<meta name=\"twitter:data2\" content=\"1 minuto\" \/>\n<script type=\"application\/ld+json\" class=\"yoast-schema-graph\">{\"@context\":\"https:\/\/schema.org\",\"@graph\":[{\"@type\":\"Article\",\"@id\":\"https:\/\/portaltela.pt\/noticias\/2026\/03\/18\/capitania-do-funchal-prolonga-avisos-de-vento-e-agitacao-ate-quinta-feira\/#article\",\"isPartOf\":{\"@id\":\"https:\/\/portaltela.pt\/noticias\/2026\/03\/18\/capitania-do-funchal-prolonga-avisos-de-vento-e-agitacao-ate-quinta-feira\/\"},\"author\":{\"name\":\"Telinha\",\"@id\":\"https:\/\/portaltela.pt\/#\/schema\/person\/c4278d4a6028830caff9ee44b42d32ed\"},\"headline\":\"Capitania do Funchal prolonga avisos de vento e agita\u00e7\u00e3o at\u00e9 quinta-feira\",\"datePublished\":\"2026-03-18T09:24:09+00:00\",\"mainEntityOfPage\":{\"@id\":\"https:\/\/portaltela.pt\/noticias\/2026\/03\/18\/capitania-do-funchal-prolonga-avisos-de-vento-e-agitacao-ate-quinta-feira\/\"},\"wordCount\":307,\"image\":{\"@id\":\"https:\/\/portaltela.pt\/noticias\/2026\/03\/18\/capitania-do-funchal-prolonga-avisos-de-vento-e-agitacao-ate-quinta-feira\/#primaryimage\"},\"thumbnailUrl\":\"https:\/\/portaltela.pt\/s.01k8rhncp4jt1\/2026\/03\/img_1500x1000uu2015-10-26-20-36-00-492063.jpg\",\"keywords\":[\"agita\u00e7\u00e3o mar\u00edtima\",\"aviso amarelo\",\"aviso laranja\",\"Madeira\",\"mar\",\"vento\"],\"articleSection\":[\"Not\u00edcias\"],\"inLanguage\":\"pt-PT\"},{\"@type\":\"WebPage\",\"@id\":\"https:\/\/portaltela.pt\/noticias\/2026\/03\/18\/capitania-do-funchal-prolonga-avisos-de-vento-e-agitacao-ate-quinta-feira\/\",\"url\":\"https:\/\/portaltela.pt\/noticias\/2026\/03\/18\/capitania-do-funchal-prolonga-avisos-de-vento-e-agitacao-ate-quinta-feira\/\",\"name\":\"Capitania do Funchal prolonga avisos de vento e agita\u00e7\u00e3o at\u00e9 quinta-feira - Portal Tela Portugal\",\"isPartOf\":{\"@id\":\"https:\/\/portaltela.pt\/#website\"},\"primaryImageOfPage\":{\"@id\":\"https:\/\/portaltela.pt\/noticias\/2026\/03\/18\/capitania-do-funchal-prolonga-avisos-de-vento-e-agitacao-ate-quinta-feira\/#primaryimage\"},\"image\":{\"@id\":\"https:\/\/portaltela.pt\/noticias\/2026\/03\/18\/capitania-do-funchal-prolonga-avisos-de-vento-e-agitacao-ate-quinta-feira\/#primaryimage\"},\"thumbnailUrl\":\"https:\/\/portaltela.pt\/s.01k8rhncp4jt1\/2026\/03\/img_1500x1000uu2015-10-26-20-36-00-492063.jpg\",\"datePublished\":\"2026-03-18T09:24:09+00:00\",\"author\":{\"@id\":\"https:\/\/portaltela.pt\/#\/schema\/person\/c4278d4a6028830caff9ee44b42d32ed\"},\"breadcrumb\":{\"@id\":\"https:\/\/portaltela.pt\/noticias\/2026\/03\/18\/capitania-do-funchal-prolonga-avisos-de-vento-e-agitacao-ate-quinta-feira\/#breadcrumb\"},\"inLanguage\":\"pt-PT\",\"potentialAction\":[{\"@type\":\"ReadAction\",\"target\":[\"https:\/\/portaltela.pt\/noticias\/2026\/03\/18\/capitania-do-funchal-prolonga-avisos-de-vento-e-agitacao-ate-quinta-feira\/\"]}]},{\"@type\":\"ImageObject\",\"inLanguage\":\"pt-PT\",\"@id\":\"https:\/\/portaltela.pt\/noticias\/2026\/03\/18\/capitania-do-funchal-prolonga-avisos-de-vento-e-agitacao-ate-quinta-feira\/#primaryimage\",\"url\":\"https:\/\/portaltela.pt\/s.01k8rhncp4jt1\/2026\/03\/img_1500x1000uu2015-10-26-20-36-00-492063.jpg\",\"contentUrl\":\"https:\/\/portaltela.pt\/s.01k8rhncp4jt1\/2026\/03\/img_1500x1000uu2015-10-26-20-36-00-492063.jpg\",\"width\":796,\"height\":448,\"caption\":\"Agita\u00e7\u00e3o mar\u00edtima no Funchal\"},{\"@type\":\"BreadcrumbList\",\"@id\":\"https:\/\/portaltela.pt\/noticias\/2026\/03\/18\/capitania-do-funchal-prolonga-avisos-de-vento-e-agitacao-ate-quinta-feira\/#breadcrumb\",\"itemListElement\":[{\"@type\":\"ListItem\",\"position\":1,\"name\":\"In\u00edcio\",\"item\":\"https:\/\/portaltela.pt\/\"},{\"@type\":\"ListItem\",\"position\":2,\"name\":\"Capitania do Funchal prolonga avisos de vento e agita\u00e7\u00e3o at\u00e9 quinta-feira\"}]},{\"@type\":\"WebSite\",\"@id\":\"https:\/\/portaltela.pt\/#website\",\"url\":\"https:\/\/portaltela.pt\/\",\"name\":\"Portal Tela Portugal\",\"description\":\"\",\"potentialAction\":[{\"@type\":\"SearchAction\",\"target\":{\"@type\":\"EntryPoint\",\"urlTemplate\":\"https:\/\/portaltela.pt\/?s={search_term_string}\"},\"query-input\":{\"@type\":\"PropertyValueSpecification\",\"valueRequired\":true,\"valueName\":\"search_term_string\"}}],\"inLanguage\":\"pt-PT\"},{\"@type\":\"Person\",\"@id\":\"https:\/\/portaltela.pt\/#\/schema\/person\/c4278d4a6028830caff9ee44b42d32ed\",\"name\":\"Telinha\",\"image\":{\"@type\":\"ImageObject\",\"inLanguage\":\"pt-PT\",\"@id\":\"https:\/\/portaltela.pt\/s.01k8rhncp4jt1\/2025\/11\/talking-bot-125x125.png\",\"url\":\"https:\/\/portaltela.pt\/s.01k8rhncp4jt1\/2025\/11\/talking-bot-125x125.png\",\"contentUrl\":\"https:\/\/portaltela.pt\/s.01k8rhncp4jt1\/2025\/11\/talking-bot-125x125.png\",\"caption\":\"Telinha\"},\"sameAs\":[\"https:\/\/portaltela.pt\/\"],\"url\":\"https:\/\/portaltela.pt\/por\/367410592786\/\"}]}<\/script>\n<!-- \/ Yoast SEO plugin. -->","yoast_head_json":{"title":"Capitania do Funchal prolonga avisos de vento e agita\u00e7\u00e3o at\u00e9 quinta-feira - Portal Tela Portugal","robots":{"index":"index","follow":"follow","max-snippet":"max-snippet:-1","max-image-preview":"max-image-preview:large","max-video-preview":"max-video-preview:-1"},"og_locale":"pt_PT","og_type":"article","og_title":"Capitania do Funchal prolonga avisos de vento e agita\u00e7\u00e3o at\u00e9 quinta-feira - Portal Tela Portugal","og_description":"A Capitania do Porto do Funchal estendeu at\u00e9 \u00e0s 06h00 de quinta-feira os avisos de vento forte e de agita\u00e7\u00e3o mar\u00edtima para o arquip\u00e9lago da Madeira. O IPMA manteve aviso laranja para a costa norte da Madeira e para a ilha do Porto Santo, com ventos por vezes fortes (51\u201361 km\/h) at\u00e9 ao in\u00edcio da noite. O aviso de agita\u00e7\u00e3o mar\u00edtima passa de amarelo para laranja a partir da meia-noite at\u00e9 \u00e0s 09h00 de quinta-feira, com ondas na costa norte a aumentar para quatro a seis metros, podendo chegar a 10 metros. Na parte mais oeste da costa sul, prev\u00eaem-se ondas de at\u00e9 4,5 metros; a Capitania recomenda precau\u00e7\u00e3o para a comunidade mar\u00edtima e popula\u00e7\u00e3o em zonas costeiras. A Porto Santo Line cancelou as viagens do navio Lobo Marinho programadas para esta quarta-feira devido \u00e0s condi\u00e7\u00f5es meteorol\u00f3gicas.","og_url":"https:\/\/portaltela.pt\/noticias\/2026\/03\/18\/capitania-do-funchal-prolonga-avisos-de-vento-e-agitacao-ate-quinta-feira\/","og_site_name":"Portal Tela Portugal","article_published_time":"2026-03-18T09:24:09+00:00","author":"Telinha","twitter_card":"summary_large_image","twitter_misc":{"Escrito por":"Telinha","Tempo estimado de leitura":"1 minuto"},"schema":{"@context":"https:\/\/schema.org","@graph":[{"@type":"Article","@id":"https:\/\/portaltela.pt\/noticias\/2026\/03\/18\/capitania-do-funchal-prolonga-avisos-de-vento-e-agitacao-ate-quinta-feira\/#article","isPartOf":{"@id":"https:\/\/portaltela.pt\/noticias\/2026\/03\/18\/capitania-do-funchal-prolonga-avisos-de-vento-e-agitacao-ate-quinta-feira\/"},"author":{"name":"Telinha","@id":"https:\/\/portaltela.pt\/#\/schema\/person\/c4278d4a6028830caff9ee44b42d32ed"},"headline":"Capitania do Funchal prolonga avisos de vento e agita\u00e7\u00e3o at\u00e9 quinta-feira","datePublished":"2026-03-18T09:24:09+00:00","mainEntityOfPage":{"@id":"https:\/\/portaltela.pt\/noticias\/2026\/03\/18\/capitania-do-funchal-prolonga-avisos-de-vento-e-agitacao-ate-quinta-feira\/"},"wordCount":307,"image":{"@id":"https:\/\/portaltela.pt\/noticias\/2026\/03\/18\/capitania-do-funchal-prolonga-avisos-de-vento-e-agitacao-ate-quinta-feira\/#primaryimage"},"thumbnailUrl":"https:\/\/portaltela.pt\/s.01k8rhncp4jt1\/2026\/03\/img_1500x1000uu2015-10-26-20-36-00-492063.jpg","keywords":["agita\u00e7\u00e3o mar\u00edtima","aviso amarelo","aviso laranja","Madeira","mar","vento"],"articleSection":["Not\u00edcias"],"inLanguage":"pt-PT"},{"@type":"WebPage","@id":"https:\/\/portaltela.pt\/noticias\/2026\/03\/18\/capitania-do-funchal-prolonga-avisos-de-vento-e-agitacao-ate-quinta-feira\/","url":"https:\/\/portaltela.pt\/noticias\/2026\/03\/18\/capitania-do-funchal-prolonga-avisos-de-vento-e-agitacao-ate-quinta-feira\/","name":"Capitania do Funchal prolonga avisos de vento e agita\u00e7\u00e3o at\u00e9 quinta-feira - Portal Tela Portugal","isPartOf":{"@id":"https:\/\/portaltela.pt\/#website"},"primaryImageOfPage":{"@id":"https:\/\/portaltela.pt\/noticias\/2026\/03\/18\/capitania-do-funchal-prolonga-avisos-de-vento-e-agitacao-ate-quinta-feira\/#primaryimage"},"image":{"@id":"https:\/\/portaltela.pt\/noticias\/2026\/03\/18\/capitania-do-funchal-prolonga-avisos-de-vento-e-agitacao-ate-quinta-feira\/#primaryimage"},"thumbnailUrl":"https:\/\/portaltela.pt\/s.01k8rhncp4jt1\/2026\/03\/img_1500x1000uu2015-10-26-20-36-00-492063.jpg","datePublished":"2026-03-18T09:24:09+00:00","author":{"@id":"https:\/\/portaltela.pt\/#\/schema\/person\/c4278d4a6028830caff9ee44b42d32ed"},"breadcrumb":{"@id":"https:\/\/portaltela.pt\/noticias\/2026\/03\/18\/capitania-do-funchal-prolonga-avisos-de-vento-e-agitacao-ate-quinta-feira\/#breadcrumb"},"inLanguage":"pt-PT","potentialAction":[{"@type":"ReadAction","target":["https:\/\/portaltela.pt\/noticias\/2026\/03\/18\/capitania-do-funchal-prolonga-avisos-de-vento-e-agitacao-ate-quinta-feira\/"]}]},{"@type":"ImageObject","inLanguage":"pt-PT","@id":"https:\/\/portaltela.pt\/noticias\/2026\/03\/18\/capitania-do-funchal-prolonga-avisos-de-vento-e-agitacao-ate-quinta-feira\/#primaryimage","url":"https:\/\/portaltela.pt\/s.01k8rhncp4jt1\/2026\/03\/img_1500x1000uu2015-10-26-20-36-00-492063.jpg","contentUrl":"https:\/\/portaltela.pt\/s.01k8rhncp4jt1\/2026\/03\/img_1500x1000uu2015-10-26-20-36-00-492063.jpg","width":796,"height":448,"caption":"Agita\u00e7\u00e3o mar\u00edtima no Funchal"},{"@type":"BreadcrumbList","@id":"https:\/\/portaltela.pt\/noticias\/2026\/03\/18\/capitania-do-funchal-prolonga-avisos-de-vento-e-agitacao-ate-quinta-feira\/#breadcrumb","itemListElement":[{"@type":"ListItem","position":1,"name":"In\u00edcio","item":"https:\/\/portaltela.pt\/"},{"@type":"ListItem","position":2,"name":"Capitania do Funchal prolonga avisos de vento e agita\u00e7\u00e3o at\u00e9 quinta-feira"}]},{"@type":"WebSite","@id":"https:\/\/portaltela.pt\/#website","url":"https:\/\/portaltela.pt\/","name":"Portal Tela Portugal","description":"","potentialAction":[{"@type":"SearchAction","target":{"@type":"EntryPoint","urlTemplate":"https:\/\/portaltela.pt\/?s={search_term_string}"},"query-input":{"@type":"PropertyValueSpecification","valueRequired":true,"valueName":"search_term_string"}}],"inLanguage":"pt-PT"},{"@type":"Person","@id":"https:\/\/portaltela.pt\/#\/schema\/person\/c4278d4a6028830caff9ee44b42d32ed","name":"Telinha","image":{"@type":"ImageObject","inLanguage":"pt-PT","@id":"https:\/\/portaltela.pt\/s.01k8rhncp4jt1\/2025\/11\/talking-bot-125x125.png","url":"https:\/\/portaltela.pt\/s.01k8rhncp4jt1\/2025\/11\/talking-bot-125x125.png","contentUrl":"https:\/\/portaltela.pt\/s.01k8rhncp4jt1\/2025\/11\/talking-bot-125x125.png","caption":"Telinha"},"sameAs":["https:\/\/portaltela.pt\/"],"url":"https:\/\/portaltela.pt\/por\/367410592786\/"}]}},"_links":{"self":[{"href":"https:\/\/portaltela.pt\/api\/wp\/v2\/posts\/414248","targetHints":{"allow":["GET"]}}],"collection":[{"href":"https:\/\/portaltela.pt\/api\/wp\/v2\/posts"}],"about":[{"href":"https:\/\/portaltela.pt\/api\/wp\/v2\/types\/post"}],"author":[{"embeddable":true,"href":"https:\/\/portaltela.pt\/api\/wp\/v2\/users\/2"}],"replies":[{"embeddable":true,"href":"https:\/\/portaltela.pt\/api\/wp\/v2\/comments?post=414248"}],"version-history":[{"count":0,"href":"https:\/\/portaltela.pt\/api\/wp\/v2\/posts\/414248\/revisions"}],"wp:featuredmedia":[{"embeddable":true,"href":"https:\/\/portaltela.pt\/api\/wp\/v2\/media\/414252"}],"wp:attachment":[{"href":"https:\/\/portaltela.pt\/api\/wp\/v2\/media?parent=414248"}],"wp:term":[{"taxonomy":"category","embeddable":true,"href":"https:\/\/portaltela.pt\/api\/wp\/v2\/categories?post=414248"},{"taxonomy":"post_tag","embeddable":true,"href":"https:\/\/portaltela.pt\/api\/wp\/v2\/tags?post=414248"}],"curies":[{"name":"wp","href":"https:\/\/api.w.org\/{rel}","templated":true}]}}