{"id":414219,"date":"2026-03-18T05:00:00","date_gmt":"2026-03-18T08:00:00","guid":{"rendered":"https:\/\/portaltela.pt\/noticias\/2026\/03\/18\/ciume-nao-e-o-problema-central-e-apenas-sintoma\/"},"modified":"2026-03-18T05:00:00","modified_gmt":"2026-03-18T08:00:00","slug":"ciume-nao-e-o-problema-central-e-apenas-sintoma","status":"publish","type":"post","link":"https:\/\/portaltela.pt\/saude\/2026\/03\/18\/ciume-nao-e-o-problema-central-e-apenas-sintoma\/","title":{"rendered":"Ci\u00fame n\u00e3o \u00e9 o problema central, \u00e9 apenas sintoma"},"content":{"rendered":"<p>O ci\u00fame n\u00e3o costuma ser o problema central, mas um sintoma de quest\u00f5es emocionais mais profundas. Psic\u00f3logas explicam que, na pr\u00e1tica cl\u00ednica, os pedidos de ajuda aparecem como dificuldades de confian\u00e7a, ansiedade e pensamentos repetitivos sobre trai\u00e7\u00e3o.<\/p>\n<p>O relato de quem procura tratamento revela padr\u00f5es de inseguran\u00e7a, busca de valida\u00e7\u00e3o e temor de abandono. O objetivo terap\u00eautico \u00e9 trabalhar a autoestima e a autorregula\u00e7\u00e3o, n\u00e3o apenas reduzir o ci\u00fame em si.<\/p>\n<p>A mudan\u00e7a n\u00e3o depende da idade, mas da forma como o sentimento se manifesta e da seguran\u00e7a interna constru\u00edda ao longo da vida. Este \u00e9 o eixo central da interven\u00e7\u00e3o cl\u00ednica segundo as especialistas.<\/p>\n<h3>Sim, h\u00e1 tratamento, mas \u00e9 mais amplo<\/h3>\n<p>O ci\u00fame raramente inicia a pedido direto de tratar o sentimento. Em muitos casos, a interven\u00e7\u00e3o envolve crescimento emocional e constru\u00e7\u00e3o de seguran\u00e7a interna, apontam as profissionais.<\/p>\n<p>Casos extremos podem exigir uma abordagem que inclua avalia\u00e7\u00e3o psiqui\u00e1trica. Entretanto, o cerne passa pela autoestima, pelo apego seguro e pela redu\u00e7\u00e3o de padr\u00f5es de compara\u00e7\u00e3o.<\/p>\n<p>Na experi\u00eancia cl\u00ednica, quem j\u00e1 superou parte do caminho relata menos sofrimento e maior autonomia. A partir desse progresso, aumenta a capacidade de viver sem vigil\u00e2ncia constante.<\/p>\n<h3>V\u00e1rias fases do ci\u00fame: da adolesc\u00eancia \u00e0 meia-idade<\/h3>\n<p>Na juventude, o ci\u00fame tende a ser mais impulsivo e ligado \u00e0 necessidade de valida\u00e7\u00e3o. Na idade adulta, costuma refletir hist\u00f3rias de rela\u00e7\u00f5es anteriores e padr\u00f5es de apego.<\/p>\n<p>O envelhecimento pode trazer maior autorregula\u00e7\u00e3o, por\u00e9m o ci\u00fame pode reaparecer ligado a fatores como medo do envelhecimento ou mudan\u00e7as no relacionamento. A maturidade n\u00e3o cura, mas melhora a gest\u00e3o emocional.<\/p>\n<p>Os profissionais sublinham que a seguran\u00e7a interna \u00e9 determinante para reduzir o ci\u00fame. Quem mant\u00e9m feridas n\u00e3o trabalhadas pode viv\u00ea-lo de forma mais sutil, por\u00e9m mais persistente.<\/p>\n<h3>Tr\u00eas principais tipos de ci\u00fame<\/h3>\n<p>O ci\u00fame pode ser ansioso, controlador ou delirante\/patol\u00f3gico. O primeiro envolve medo de abandono e necessidade de confirma\u00e7\u00e3o. O segundo leva a comportamentos de verifica\u00e7\u00e3o e imposi\u00e7\u00e3o de restri\u00e7\u00f5es. O terceiro envolve convic\u00e7\u00f5es infundadas de trai\u00e7\u00e3o.<\/p>\n<p>Entre as mulheres, o reconhecimento do sofrimento costuma ocorrer mais cedo, o que facilita a procura de ajuda. Homens podem apresentar o ci\u00fame sob a forma de defesa ou racionaliza\u00e7\u00e3o, atrasando o seguimento terap\u00eautico.<\/p>\n<p>A terap\u00eautica eficaz foca na introspec\u00e7\u00e3o, na flexibilidade cognitiva e na motiva\u00e7\u00e3o para enfrentar a vulnerabilidade. O caminho pode ser longo quando h\u00e1 padr\u00f5es enraizados de inseguran\u00e7a.<\/p>\n","protected":false},"excerpt":{"rendered":"<ul>\n<li>O ci\u00fame raramente \u00e9 o problema central; \u00e9 geralmente um sintoma ligado a inseguran\u00e7as, abandono e padr\u00f5es de apego.<\/li>\n<li>Dificuldade em confiar, necessidade de verificar e ansiedade com atrasos de resposta s\u00e3o queixas comuns que levam \u00e0s consultas.<\/li>\n<li>O tratamento n\u00e3o mira apenas o ci\u00fame: envolve crescimento emocional e constru\u00e7\u00e3o de seguran\u00e7a interna; o ant\u00eddoto \u00e9 sentir-se seguro consigo pr\u00f3prio.<\/li>\n<li>O ci\u00fame evolui com a idade, mudando de forma de manifesta\u00e7\u00e3o, mas a idade por si n\u00e3o cura \u2014 a seguran\u00e7a interna constru\u00edda \u00e9 o que altera o comportamento.<\/li>\n<li>Existem tr\u00eas tipos principais de ci\u00fame: ansioso, controlador e delirante\/patol\u00f3gico; quadros graves podem exigir abordagem cl\u00ednica mais estruturada e, por vezes, apoio psiqui\u00e1trico.<\/li>\n<\/ul>\n","protected":false},"author":2,"featured_media":414222,"comment_status":"closed","ping_status":"closed","sticky":false,"template":"","format":"standard","meta":{"footnotes":""},"categories":[1,6745],"tags":[111,6890,2249,172,55,6772],"class_list":["post-414219","post","type-post","status-publish","format-standard","has-post-thumbnail","hentry","category-noticias","category-saude","tag-comportamento","tag-educacao-emocional","tag-psicologia","tag-saude","tag-saude-mental","tag-terapia-cognitivo-comportamental"],"yoast_head":"<!-- This site is optimized with the Yoast SEO plugin v27.2 - https:\/\/yoast.com\/product\/yoast-seo-wordpress\/ -->\n<title>Ci\u00fame n\u00e3o \u00e9 o problema central, \u00e9 apenas sintoma - Portal Tela Portugal<\/title>\n<meta name=\"robots\" content=\"index, follow, max-snippet:-1, max-image-preview:large, max-video-preview:-1\" \/>\n<meta property=\"og:locale\" content=\"pt_PT\" \/>\n<meta property=\"og:type\" content=\"article\" \/>\n<meta property=\"og:title\" content=\"Ci\u00fame n\u00e3o \u00e9 o problema central, \u00e9 apenas sintoma - Portal Tela Portugal\" \/>\n<meta property=\"og:description\" content=\"O ci\u00fame raramente \u00e9 o problema central; \u00e9 geralmente um sintoma ligado a inseguran\u00e7as, abandono e padr\u00f5es de apego. Dificuldade em confiar, necessidade de verificar e ansiedade com atrasos de resposta s\u00e3o queixas comuns que levam \u00e0s consultas. O tratamento n\u00e3o mira apenas o ci\u00fame: envolve crescimento emocional e constru\u00e7\u00e3o de seguran\u00e7a interna; o ant\u00eddoto \u00e9 sentir-se seguro consigo pr\u00f3prio. O ci\u00fame evolui com a idade, mudando de forma de manifesta\u00e7\u00e3o, mas a idade por si n\u00e3o cura \u2014 a seguran\u00e7a interna constru\u00edda \u00e9 o que altera o comportamento. Existem tr\u00eas tipos principais de ci\u00fame: ansioso, controlador e delirante\/patol\u00f3gico; quadros graves podem exigir abordagem cl\u00ednica mais estruturada e, por vezes, apoio psiqui\u00e1trico.\" \/>\n<meta property=\"og:url\" content=\"https:\/\/portaltela.pt\/noticias\/2026\/03\/18\/ciume-nao-e-o-problema-central-e-apenas-sintoma\/\" \/>\n<meta property=\"og:site_name\" content=\"Portal Tela Portugal\" \/>\n<meta property=\"article:published_time\" content=\"2026-03-18T08:00:00+00:00\" \/>\n<meta name=\"author\" content=\"Telinha\" \/>\n<meta name=\"twitter:card\" content=\"summary_large_image\" \/>\n<meta name=\"twitter:label1\" content=\"Escrito por\" \/>\n\t<meta name=\"twitter:data1\" content=\"Telinha\" \/>\n\t<meta name=\"twitter:label2\" content=\"Tempo estimado de leitura\" \/>\n\t<meta name=\"twitter:data2\" content=\"2 minutos\" \/>\n<script type=\"application\/ld+json\" class=\"yoast-schema-graph\">{\"@context\":\"https:\/\/schema.org\",\"@graph\":[{\"@type\":\"Article\",\"@id\":\"https:\/\/portaltela.pt\/noticias\/2026\/03\/18\/ciume-nao-e-o-problema-central-e-apenas-sintoma\/#article\",\"isPartOf\":{\"@id\":\"https:\/\/portaltela.pt\/noticias\/2026\/03\/18\/ciume-nao-e-o-problema-central-e-apenas-sintoma\/\"},\"author\":{\"name\":\"Telinha\",\"@id\":\"https:\/\/portaltela.pt\/#\/schema\/person\/c4278d4a6028830caff9ee44b42d32ed\"},\"headline\":\"Ci\u00fame n\u00e3o \u00e9 o problema central, \u00e9 apenas sintoma\",\"datePublished\":\"2026-03-18T08:00:00+00:00\",\"mainEntityOfPage\":{\"@id\":\"https:\/\/portaltela.pt\/noticias\/2026\/03\/18\/ciume-nao-e-o-problema-central-e-apenas-sintoma\/\"},\"wordCount\":463,\"image\":{\"@id\":\"https:\/\/portaltela.pt\/noticias\/2026\/03\/18\/ciume-nao-e-o-problema-central-e-apenas-sintoma\/#primaryimage\"},\"thumbnailUrl\":\"https:\/\/portaltela.pt\/s.01k8rhncp4jt1\/2026\/03\/image-1174.jpg\",\"keywords\":[\"comportamento\",\"educa\u00e7\u00e3o emocional\",\"psicologia\",\"sa\u00fade\",\"sa\u00fade mental\",\"terapia cognitivo-comportamental\"],\"articleSection\":[\"Not\u00edcias\",\"Sa\u00fade\"],\"inLanguage\":\"pt-PT\"},{\"@type\":\"WebPage\",\"@id\":\"https:\/\/portaltela.pt\/noticias\/2026\/03\/18\/ciume-nao-e-o-problema-central-e-apenas-sintoma\/\",\"url\":\"https:\/\/portaltela.pt\/noticias\/2026\/03\/18\/ciume-nao-e-o-problema-central-e-apenas-sintoma\/\",\"name\":\"Ci\u00fame n\u00e3o \u00e9 o problema central, \u00e9 apenas sintoma - Portal Tela Portugal\",\"isPartOf\":{\"@id\":\"https:\/\/portaltela.pt\/#website\"},\"primaryImageOfPage\":{\"@id\":\"https:\/\/portaltela.pt\/noticias\/2026\/03\/18\/ciume-nao-e-o-problema-central-e-apenas-sintoma\/#primaryimage\"},\"image\":{\"@id\":\"https:\/\/portaltela.pt\/noticias\/2026\/03\/18\/ciume-nao-e-o-problema-central-e-apenas-sintoma\/#primaryimage\"},\"thumbnailUrl\":\"https:\/\/portaltela.pt\/s.01k8rhncp4jt1\/2026\/03\/image-1174.jpg\",\"datePublished\":\"2026-03-18T08:00:00+00:00\",\"author\":{\"@id\":\"https:\/\/portaltela.pt\/#\/schema\/person\/c4278d4a6028830caff9ee44b42d32ed\"},\"breadcrumb\":{\"@id\":\"https:\/\/portaltela.pt\/noticias\/2026\/03\/18\/ciume-nao-e-o-problema-central-e-apenas-sintoma\/#breadcrumb\"},\"inLanguage\":\"pt-PT\",\"potentialAction\":[{\"@type\":\"ReadAction\",\"target\":[\"https:\/\/portaltela.pt\/noticias\/2026\/03\/18\/ciume-nao-e-o-problema-central-e-apenas-sintoma\/\"]}]},{\"@type\":\"ImageObject\",\"inLanguage\":\"pt-PT\",\"@id\":\"https:\/\/portaltela.pt\/noticias\/2026\/03\/18\/ciume-nao-e-o-problema-central-e-apenas-sintoma\/#primaryimage\",\"url\":\"https:\/\/portaltela.pt\/s.01k8rhncp4jt1\/2026\/03\/image-1174.jpg\",\"contentUrl\":\"https:\/\/portaltela.pt\/s.01k8rhncp4jt1\/2026\/03\/image-1174.jpg\",\"width\":796,\"height\":448,\"caption\":\"Imagem de contexto do artigo \\\"O ci\u00fame raramente \u00e9 o problema central, \u00e9 um sintoma\\\"\"},{\"@type\":\"BreadcrumbList\",\"@id\":\"https:\/\/portaltela.pt\/noticias\/2026\/03\/18\/ciume-nao-e-o-problema-central-e-apenas-sintoma\/#breadcrumb\",\"itemListElement\":[{\"@type\":\"ListItem\",\"position\":1,\"name\":\"In\u00edcio\",\"item\":\"https:\/\/portaltela.pt\/\"},{\"@type\":\"ListItem\",\"position\":2,\"name\":\"Ci\u00fame n\u00e3o \u00e9 o problema central, \u00e9 apenas sintoma\"}]},{\"@type\":\"WebSite\",\"@id\":\"https:\/\/portaltela.pt\/#website\",\"url\":\"https:\/\/portaltela.pt\/\",\"name\":\"Portal Tela Portugal\",\"description\":\"\",\"potentialAction\":[{\"@type\":\"SearchAction\",\"target\":{\"@type\":\"EntryPoint\",\"urlTemplate\":\"https:\/\/portaltela.pt\/?s={search_term_string}\"},\"query-input\":{\"@type\":\"PropertyValueSpecification\",\"valueRequired\":true,\"valueName\":\"search_term_string\"}}],\"inLanguage\":\"pt-PT\"},{\"@type\":\"Person\",\"@id\":\"https:\/\/portaltela.pt\/#\/schema\/person\/c4278d4a6028830caff9ee44b42d32ed\",\"name\":\"Telinha\",\"image\":{\"@type\":\"ImageObject\",\"inLanguage\":\"pt-PT\",\"@id\":\"https:\/\/portaltela.pt\/s.01k8rhncp4jt1\/2025\/11\/talking-bot-125x125.png\",\"url\":\"https:\/\/portaltela.pt\/s.01k8rhncp4jt1\/2025\/11\/talking-bot-125x125.png\",\"contentUrl\":\"https:\/\/portaltela.pt\/s.01k8rhncp4jt1\/2025\/11\/talking-bot-125x125.png\",\"caption\":\"Telinha\"},\"sameAs\":[\"https:\/\/portaltela.pt\/\"],\"url\":\"https:\/\/portaltela.pt\/por\/367410592786\/\"}]}<\/script>\n<!-- \/ Yoast SEO plugin. -->","yoast_head_json":{"title":"Ci\u00fame n\u00e3o \u00e9 o problema central, \u00e9 apenas sintoma - Portal Tela Portugal","robots":{"index":"index","follow":"follow","max-snippet":"max-snippet:-1","max-image-preview":"max-image-preview:large","max-video-preview":"max-video-preview:-1"},"og_locale":"pt_PT","og_type":"article","og_title":"Ci\u00fame n\u00e3o \u00e9 o problema central, \u00e9 apenas sintoma - Portal Tela Portugal","og_description":"O ci\u00fame raramente \u00e9 o problema central; \u00e9 geralmente um sintoma ligado a inseguran\u00e7as, abandono e padr\u00f5es de apego. Dificuldade em confiar, necessidade de verificar e ansiedade com atrasos de resposta s\u00e3o queixas comuns que levam \u00e0s consultas. O tratamento n\u00e3o mira apenas o ci\u00fame: envolve crescimento emocional e constru\u00e7\u00e3o de seguran\u00e7a interna; o ant\u00eddoto \u00e9 sentir-se seguro consigo pr\u00f3prio. O ci\u00fame evolui com a idade, mudando de forma de manifesta\u00e7\u00e3o, mas a idade por si n\u00e3o cura \u2014 a seguran\u00e7a interna constru\u00edda \u00e9 o que altera o comportamento. Existem tr\u00eas tipos principais de ci\u00fame: ansioso, controlador e delirante\/patol\u00f3gico; quadros graves podem exigir abordagem cl\u00ednica mais estruturada e, por vezes, apoio psiqui\u00e1trico.","og_url":"https:\/\/portaltela.pt\/noticias\/2026\/03\/18\/ciume-nao-e-o-problema-central-e-apenas-sintoma\/","og_site_name":"Portal Tela Portugal","article_published_time":"2026-03-18T08:00:00+00:00","author":"Telinha","twitter_card":"summary_large_image","twitter_misc":{"Escrito por":"Telinha","Tempo estimado de leitura":"2 minutos"},"schema":{"@context":"https:\/\/schema.org","@graph":[{"@type":"Article","@id":"https:\/\/portaltela.pt\/noticias\/2026\/03\/18\/ciume-nao-e-o-problema-central-e-apenas-sintoma\/#article","isPartOf":{"@id":"https:\/\/portaltela.pt\/noticias\/2026\/03\/18\/ciume-nao-e-o-problema-central-e-apenas-sintoma\/"},"author":{"name":"Telinha","@id":"https:\/\/portaltela.pt\/#\/schema\/person\/c4278d4a6028830caff9ee44b42d32ed"},"headline":"Ci\u00fame n\u00e3o \u00e9 o problema central, \u00e9 apenas sintoma","datePublished":"2026-03-18T08:00:00+00:00","mainEntityOfPage":{"@id":"https:\/\/portaltela.pt\/noticias\/2026\/03\/18\/ciume-nao-e-o-problema-central-e-apenas-sintoma\/"},"wordCount":463,"image":{"@id":"https:\/\/portaltela.pt\/noticias\/2026\/03\/18\/ciume-nao-e-o-problema-central-e-apenas-sintoma\/#primaryimage"},"thumbnailUrl":"https:\/\/portaltela.pt\/s.01k8rhncp4jt1\/2026\/03\/image-1174.jpg","keywords":["comportamento","educa\u00e7\u00e3o emocional","psicologia","sa\u00fade","sa\u00fade mental","terapia cognitivo-comportamental"],"articleSection":["Not\u00edcias","Sa\u00fade"],"inLanguage":"pt-PT"},{"@type":"WebPage","@id":"https:\/\/portaltela.pt\/noticias\/2026\/03\/18\/ciume-nao-e-o-problema-central-e-apenas-sintoma\/","url":"https:\/\/portaltela.pt\/noticias\/2026\/03\/18\/ciume-nao-e-o-problema-central-e-apenas-sintoma\/","name":"Ci\u00fame n\u00e3o \u00e9 o problema central, \u00e9 apenas sintoma - Portal Tela Portugal","isPartOf":{"@id":"https:\/\/portaltela.pt\/#website"},"primaryImageOfPage":{"@id":"https:\/\/portaltela.pt\/noticias\/2026\/03\/18\/ciume-nao-e-o-problema-central-e-apenas-sintoma\/#primaryimage"},"image":{"@id":"https:\/\/portaltela.pt\/noticias\/2026\/03\/18\/ciume-nao-e-o-problema-central-e-apenas-sintoma\/#primaryimage"},"thumbnailUrl":"https:\/\/portaltela.pt\/s.01k8rhncp4jt1\/2026\/03\/image-1174.jpg","datePublished":"2026-03-18T08:00:00+00:00","author":{"@id":"https:\/\/portaltela.pt\/#\/schema\/person\/c4278d4a6028830caff9ee44b42d32ed"},"breadcrumb":{"@id":"https:\/\/portaltela.pt\/noticias\/2026\/03\/18\/ciume-nao-e-o-problema-central-e-apenas-sintoma\/#breadcrumb"},"inLanguage":"pt-PT","potentialAction":[{"@type":"ReadAction","target":["https:\/\/portaltela.pt\/noticias\/2026\/03\/18\/ciume-nao-e-o-problema-central-e-apenas-sintoma\/"]}]},{"@type":"ImageObject","inLanguage":"pt-PT","@id":"https:\/\/portaltela.pt\/noticias\/2026\/03\/18\/ciume-nao-e-o-problema-central-e-apenas-sintoma\/#primaryimage","url":"https:\/\/portaltela.pt\/s.01k8rhncp4jt1\/2026\/03\/image-1174.jpg","contentUrl":"https:\/\/portaltela.pt\/s.01k8rhncp4jt1\/2026\/03\/image-1174.jpg","width":796,"height":448,"caption":"Imagem de contexto do artigo \"O ci\u00fame raramente \u00e9 o problema central, \u00e9 um sintoma\""},{"@type":"BreadcrumbList","@id":"https:\/\/portaltela.pt\/noticias\/2026\/03\/18\/ciume-nao-e-o-problema-central-e-apenas-sintoma\/#breadcrumb","itemListElement":[{"@type":"ListItem","position":1,"name":"In\u00edcio","item":"https:\/\/portaltela.pt\/"},{"@type":"ListItem","position":2,"name":"Ci\u00fame n\u00e3o \u00e9 o problema central, \u00e9 apenas sintoma"}]},{"@type":"WebSite","@id":"https:\/\/portaltela.pt\/#website","url":"https:\/\/portaltela.pt\/","name":"Portal Tela Portugal","description":"","potentialAction":[{"@type":"SearchAction","target":{"@type":"EntryPoint","urlTemplate":"https:\/\/portaltela.pt\/?s={search_term_string}"},"query-input":{"@type":"PropertyValueSpecification","valueRequired":true,"valueName":"search_term_string"}}],"inLanguage":"pt-PT"},{"@type":"Person","@id":"https:\/\/portaltela.pt\/#\/schema\/person\/c4278d4a6028830caff9ee44b42d32ed","name":"Telinha","image":{"@type":"ImageObject","inLanguage":"pt-PT","@id":"https:\/\/portaltela.pt\/s.01k8rhncp4jt1\/2025\/11\/talking-bot-125x125.png","url":"https:\/\/portaltela.pt\/s.01k8rhncp4jt1\/2025\/11\/talking-bot-125x125.png","contentUrl":"https:\/\/portaltela.pt\/s.01k8rhncp4jt1\/2025\/11\/talking-bot-125x125.png","caption":"Telinha"},"sameAs":["https:\/\/portaltela.pt\/"],"url":"https:\/\/portaltela.pt\/por\/367410592786\/"}]}},"_links":{"self":[{"href":"https:\/\/portaltela.pt\/api\/wp\/v2\/posts\/414219","targetHints":{"allow":["GET"]}}],"collection":[{"href":"https:\/\/portaltela.pt\/api\/wp\/v2\/posts"}],"about":[{"href":"https:\/\/portaltela.pt\/api\/wp\/v2\/types\/post"}],"author":[{"embeddable":true,"href":"https:\/\/portaltela.pt\/api\/wp\/v2\/users\/2"}],"replies":[{"embeddable":true,"href":"https:\/\/portaltela.pt\/api\/wp\/v2\/comments?post=414219"}],"version-history":[{"count":0,"href":"https:\/\/portaltela.pt\/api\/wp\/v2\/posts\/414219\/revisions"}],"wp:featuredmedia":[{"embeddable":true,"href":"https:\/\/portaltela.pt\/api\/wp\/v2\/media\/414222"}],"wp:attachment":[{"href":"https:\/\/portaltela.pt\/api\/wp\/v2\/media?parent=414219"}],"wp:term":[{"taxonomy":"category","embeddable":true,"href":"https:\/\/portaltela.pt\/api\/wp\/v2\/categories?post=414219"},{"taxonomy":"post_tag","embeddable":true,"href":"https:\/\/portaltela.pt\/api\/wp\/v2\/tags?post=414219"}],"curies":[{"name":"wp","href":"https:\/\/api.w.org\/{rel}","templated":true}]}}