{"id":414213,"date":"2026-03-18T06:00:00","date_gmt":"2026-03-18T09:00:00","guid":{"rendered":"https:\/\/portaltela.pt\/noticias\/2026\/03\/18\/eleicoes-municipais-nos-paises-baixos-votos-locais-e-abstencao-aumentam\/"},"modified":"2026-03-18T06:00:00","modified_gmt":"2026-03-18T09:00:00","slug":"eleicoes-municipais-nos-paises-baixos-votos-locais-e-abstencao-aumentam","status":"publish","type":"post","link":"https:\/\/portaltela.pt\/noticias\/internacional\/2026\/03\/18\/eleicoes-municipais-nos-paises-baixos-votos-locais-e-abstencao-aumentam\/","title":{"rendered":"Elei\u00e7\u00f5es municipais nos Pa\u00edses Baixos: votos locais e absten\u00e7\u00e3o aumentam"},"content":{"rendered":"<p>Os Pa\u00edses Baixos realizam hoje, quarta-feira, 18 de mar\u00e7o, elei\u00e7\u00f5es municipais em todo o territ\u00f3rio. A vota\u00e7\u00e3o serve para medir o pulso da popula\u00e7\u00e3o ap\u00f3s a tomada de posse de um governo minorit\u00e1rio liderado por Rob Jetten, em 23 de fevereiro. A participa\u00e7\u00e3o pode justificar preocupa\u00e7\u00f5es sobre o interesse c\u00edvico, com previs\u00f5es de m\u00ednimos hist\u00f3ricos.<\/p>\n<p>Analistas convidados pelo jornal explicam o que est\u00e1 em jogo. Sarah de Lange, da Universidade de Leiden, e Hans Vollaard, da Universidade de Utrecht, respondem por escrito ao jornal para esclarecer impactos e cen\u00e1rios prov\u00e1veis. A leitura comum aponta para o peso cont\u00ednuo dos partidos locais no equil\u00edbrio pol\u00edtico.<\/p>\n<p>A segunda leitura do processo aponta para a possibilidade de resultados desenhados pela for\u00e7a das candidaturas locais, al\u00e9m da urg\u00eancia de compreender se o novo formato de governo influencia o voto. A aus\u00eancia de uma linha clara entre prioridades nacionais e locais complica interpreta\u00e7\u00f5es imediatas dos dados eleitorais.<\/p>\n<p>A monitoriza\u00e7\u00e3o dos resultados centra-se na participa\u00e7\u00e3o e nos resultados por regi\u00e3o, com especial aten\u00e7\u00e3o aos distritos onde a gest\u00e3o municipal pode ter repercuss\u00f5es diretas na vida cotidiana. O escrut\u00ednio continuar\u00e1 a seguir a evolu\u00e7\u00e3o dos n\u00fameros ao longo da noite.<\/p>\n","protected":false},"excerpt":{"rendered":"<ul>\n<li>As elei\u00e7\u00f5es municipais nos Pa\u00edses Baixos decorrem nesta quarta-feira, 18 de mar\u00e7o, numa vota\u00e7\u00e3o que poder\u00e1 indicar o pulso da popula\u00e7\u00e3o ap\u00f3s o an\u00fancio do novo Governo minorit\u00e1rio.<\/li>\n<li>O Governo, liderado por Rob Jetten, foi empossado a 23 de fevereiro, mas ainda permanece com dom\u00ednio incerto entre os eleitores pela fraca participa\u00e7\u00e3o.<\/li>\n<li>O inqu\u00e9rito aponta que a participa\u00e7\u00e3o pode atingir m\u00ednimos hist\u00f3ricos, complicando a leitura dos resultados.<\/li>\n<li>Os analistas Sarah de Lange e Hans Vollaard, da Universidade de Leiden e da Universidade de Utrecht, responderam por escrito ao P\u00daBLICO e explicaram o que est\u00e1 em jogo nestas elei\u00e7\u00f5es.<\/li>\n<\/ul>\n","protected":false},"author":2,"featured_media":414217,"comment_status":"closed","ping_status":"closed","sticky":false,"template":"","format":"standard","meta":{"footnotes":""},"categories":[4,1],"tags":[3412,68,34,81,1809,2832],"class_list":["post-414213","post","type-post","status-publish","format-standard","has-post-thumbnail","hentry","category-internacional","category-noticias","tag-abstencao","tag-eleicoes","tag-governo","tag-internacionais","tag-paises-baixos","tag-politica"],"yoast_head":"<!-- This site is optimized with the Yoast SEO plugin v27.2 - https:\/\/yoast.com\/product\/yoast-seo-wordpress\/ -->\n<title>Elei\u00e7\u00f5es municipais nos Pa\u00edses Baixos: votos locais e absten\u00e7\u00e3o aumentam - Portal Tela Portugal<\/title>\n<meta name=\"robots\" content=\"index, follow, max-snippet:-1, max-image-preview:large, max-video-preview:-1\" \/>\n<meta property=\"og:locale\" content=\"pt_PT\" \/>\n<meta property=\"og:type\" content=\"article\" \/>\n<meta property=\"og:title\" content=\"Elei\u00e7\u00f5es municipais nos Pa\u00edses Baixos: votos locais e absten\u00e7\u00e3o aumentam - Portal Tela Portugal\" \/>\n<meta property=\"og:description\" content=\"As elei\u00e7\u00f5es municipais nos Pa\u00edses Baixos decorrem nesta quarta-feira, 18 de mar\u00e7o, numa vota\u00e7\u00e3o que poder\u00e1 indicar o pulso da popula\u00e7\u00e3o ap\u00f3s o an\u00fancio do novo Governo minorit\u00e1rio. O Governo, liderado por Rob Jetten, foi empossado a 23 de fevereiro, mas ainda permanece com dom\u00ednio incerto entre os eleitores pela fraca participa\u00e7\u00e3o. O inqu\u00e9rito aponta que a participa\u00e7\u00e3o pode atingir m\u00ednimos hist\u00f3ricos, complicando a leitura dos resultados. Os analistas Sarah de Lange e Hans Vollaard, da Universidade de Leiden e da Universidade de Utrecht, responderam por escrito ao P\u00daBLICO e explicaram o que est\u00e1 em jogo nestas elei\u00e7\u00f5es.\" \/>\n<meta property=\"og:url\" content=\"https:\/\/portaltela.pt\/noticias\/2026\/03\/18\/eleicoes-municipais-nos-paises-baixos-votos-locais-e-abstencao-aumentam\/\" \/>\n<meta property=\"og:site_name\" content=\"Portal Tela Portugal\" \/>\n<meta property=\"article:published_time\" content=\"2026-03-18T09:00:00+00:00\" \/>\n<meta name=\"author\" content=\"Telinha\" \/>\n<meta name=\"twitter:card\" content=\"summary_large_image\" \/>\n<meta name=\"twitter:label1\" content=\"Escrito por\" \/>\n\t<meta name=\"twitter:data1\" content=\"Telinha\" \/>\n\t<meta name=\"twitter:label2\" content=\"Tempo estimado de leitura\" \/>\n\t<meta name=\"twitter:data2\" content=\"1 minuto\" \/>\n<script type=\"application\/ld+json\" class=\"yoast-schema-graph\">{\"@context\":\"https:\/\/schema.org\",\"@graph\":[{\"@type\":\"Article\",\"@id\":\"https:\/\/portaltela.pt\/noticias\/2026\/03\/18\/eleicoes-municipais-nos-paises-baixos-votos-locais-e-abstencao-aumentam\/#article\",\"isPartOf\":{\"@id\":\"https:\/\/portaltela.pt\/noticias\/2026\/03\/18\/eleicoes-municipais-nos-paises-baixos-votos-locais-e-abstencao-aumentam\/\"},\"author\":{\"name\":\"Telinha\",\"@id\":\"https:\/\/portaltela.pt\/#\/schema\/person\/c4278d4a6028830caff9ee44b42d32ed\"},\"headline\":\"Elei\u00e7\u00f5es municipais nos Pa\u00edses Baixos: votos locais e absten\u00e7\u00e3o aumentam\",\"datePublished\":\"2026-03-18T09:00:00+00:00\",\"mainEntityOfPage\":{\"@id\":\"https:\/\/portaltela.pt\/noticias\/2026\/03\/18\/eleicoes-municipais-nos-paises-baixos-votos-locais-e-abstencao-aumentam\/\"},\"wordCount\":237,\"image\":{\"@id\":\"https:\/\/portaltela.pt\/noticias\/2026\/03\/18\/eleicoes-municipais-nos-paises-baixos-votos-locais-e-abstencao-aumentam\/#primaryimage\"},\"thumbnailUrl\":\"https:\/\/portaltela.pt\/s.01k8rhncp4jt1\/2026\/03\/2075010.jpg\",\"keywords\":[\"absten\u00e7\u00e3o\",\"elei\u00e7\u00f5es\",\"governo\",\"internacionais\",\"Pa\u00edses Baixos\",\"pol\u00edtica\"],\"articleSection\":[\"Internacional\",\"Not\u00edcias\"],\"inLanguage\":\"pt-PT\"},{\"@type\":\"WebPage\",\"@id\":\"https:\/\/portaltela.pt\/noticias\/2026\/03\/18\/eleicoes-municipais-nos-paises-baixos-votos-locais-e-abstencao-aumentam\/\",\"url\":\"https:\/\/portaltela.pt\/noticias\/2026\/03\/18\/eleicoes-municipais-nos-paises-baixos-votos-locais-e-abstencao-aumentam\/\",\"name\":\"Elei\u00e7\u00f5es municipais nos Pa\u00edses Baixos: votos locais e absten\u00e7\u00e3o aumentam - Portal Tela Portugal\",\"isPartOf\":{\"@id\":\"https:\/\/portaltela.pt\/#website\"},\"primaryImageOfPage\":{\"@id\":\"https:\/\/portaltela.pt\/noticias\/2026\/03\/18\/eleicoes-municipais-nos-paises-baixos-votos-locais-e-abstencao-aumentam\/#primaryimage\"},\"image\":{\"@id\":\"https:\/\/portaltela.pt\/noticias\/2026\/03\/18\/eleicoes-municipais-nos-paises-baixos-votos-locais-e-abstencao-aumentam\/#primaryimage\"},\"thumbnailUrl\":\"https:\/\/portaltela.pt\/s.01k8rhncp4jt1\/2026\/03\/2075010.jpg\",\"datePublished\":\"2026-03-18T09:00:00+00:00\",\"author\":{\"@id\":\"https:\/\/portaltela.pt\/#\/schema\/person\/c4278d4a6028830caff9ee44b42d32ed\"},\"breadcrumb\":{\"@id\":\"https:\/\/portaltela.pt\/noticias\/2026\/03\/18\/eleicoes-municipais-nos-paises-baixos-votos-locais-e-abstencao-aumentam\/#breadcrumb\"},\"inLanguage\":\"pt-PT\",\"potentialAction\":[{\"@type\":\"ReadAction\",\"target\":[\"https:\/\/portaltela.pt\/noticias\/2026\/03\/18\/eleicoes-municipais-nos-paises-baixos-votos-locais-e-abstencao-aumentam\/\"]}]},{\"@type\":\"ImageObject\",\"inLanguage\":\"pt-PT\",\"@id\":\"https:\/\/portaltela.pt\/noticias\/2026\/03\/18\/eleicoes-municipais-nos-paises-baixos-votos-locais-e-abstencao-aumentam\/#primaryimage\",\"url\":\"https:\/\/portaltela.pt\/s.01k8rhncp4jt1\/2026\/03\/2075010.jpg\",\"contentUrl\":\"https:\/\/portaltela.pt\/s.01k8rhncp4jt1\/2026\/03\/2075010.jpg\",\"width\":796,\"height\":448,\"caption\":\"Rob Jetten, primeiro-ministro dos Pa\u00edses Baixos, numa ac\u00e7\u00e3o de campanha em Leiden antes do dia de elei\u00e7\u00f5es municipais\"},{\"@type\":\"BreadcrumbList\",\"@id\":\"https:\/\/portaltela.pt\/noticias\/2026\/03\/18\/eleicoes-municipais-nos-paises-baixos-votos-locais-e-abstencao-aumentam\/#breadcrumb\",\"itemListElement\":[{\"@type\":\"ListItem\",\"position\":1,\"name\":\"In\u00edcio\",\"item\":\"https:\/\/portaltela.pt\/\"},{\"@type\":\"ListItem\",\"position\":2,\"name\":\"Elei\u00e7\u00f5es municipais nos Pa\u00edses Baixos: votos locais e absten\u00e7\u00e3o aumentam\"}]},{\"@type\":\"WebSite\",\"@id\":\"https:\/\/portaltela.pt\/#website\",\"url\":\"https:\/\/portaltela.pt\/\",\"name\":\"Portal Tela Portugal\",\"description\":\"\",\"potentialAction\":[{\"@type\":\"SearchAction\",\"target\":{\"@type\":\"EntryPoint\",\"urlTemplate\":\"https:\/\/portaltela.pt\/?s={search_term_string}\"},\"query-input\":{\"@type\":\"PropertyValueSpecification\",\"valueRequired\":true,\"valueName\":\"search_term_string\"}}],\"inLanguage\":\"pt-PT\"},{\"@type\":\"Person\",\"@id\":\"https:\/\/portaltela.pt\/#\/schema\/person\/c4278d4a6028830caff9ee44b42d32ed\",\"name\":\"Telinha\",\"image\":{\"@type\":\"ImageObject\",\"inLanguage\":\"pt-PT\",\"@id\":\"https:\/\/portaltela.pt\/s.01k8rhncp4jt1\/2025\/11\/talking-bot-125x125.png\",\"url\":\"https:\/\/portaltela.pt\/s.01k8rhncp4jt1\/2025\/11\/talking-bot-125x125.png\",\"contentUrl\":\"https:\/\/portaltela.pt\/s.01k8rhncp4jt1\/2025\/11\/talking-bot-125x125.png\",\"caption\":\"Telinha\"},\"sameAs\":[\"https:\/\/portaltela.pt\/\"],\"url\":\"https:\/\/portaltela.pt\/por\/367410592786\/\"}]}<\/script>\n<!-- \/ Yoast SEO plugin. -->","yoast_head_json":{"title":"Elei\u00e7\u00f5es municipais nos Pa\u00edses Baixos: votos locais e absten\u00e7\u00e3o aumentam - Portal Tela Portugal","robots":{"index":"index","follow":"follow","max-snippet":"max-snippet:-1","max-image-preview":"max-image-preview:large","max-video-preview":"max-video-preview:-1"},"og_locale":"pt_PT","og_type":"article","og_title":"Elei\u00e7\u00f5es municipais nos Pa\u00edses Baixos: votos locais e absten\u00e7\u00e3o aumentam - Portal Tela Portugal","og_description":"As elei\u00e7\u00f5es municipais nos Pa\u00edses Baixos decorrem nesta quarta-feira, 18 de mar\u00e7o, numa vota\u00e7\u00e3o que poder\u00e1 indicar o pulso da popula\u00e7\u00e3o ap\u00f3s o an\u00fancio do novo Governo minorit\u00e1rio. O Governo, liderado por Rob Jetten, foi empossado a 23 de fevereiro, mas ainda permanece com dom\u00ednio incerto entre os eleitores pela fraca participa\u00e7\u00e3o. O inqu\u00e9rito aponta que a participa\u00e7\u00e3o pode atingir m\u00ednimos hist\u00f3ricos, complicando a leitura dos resultados. Os analistas Sarah de Lange e Hans Vollaard, da Universidade de Leiden e da Universidade de Utrecht, responderam por escrito ao P\u00daBLICO e explicaram o que est\u00e1 em jogo nestas elei\u00e7\u00f5es.","og_url":"https:\/\/portaltela.pt\/noticias\/2026\/03\/18\/eleicoes-municipais-nos-paises-baixos-votos-locais-e-abstencao-aumentam\/","og_site_name":"Portal Tela Portugal","article_published_time":"2026-03-18T09:00:00+00:00","author":"Telinha","twitter_card":"summary_large_image","twitter_misc":{"Escrito por":"Telinha","Tempo estimado de leitura":"1 minuto"},"schema":{"@context":"https:\/\/schema.org","@graph":[{"@type":"Article","@id":"https:\/\/portaltela.pt\/noticias\/2026\/03\/18\/eleicoes-municipais-nos-paises-baixos-votos-locais-e-abstencao-aumentam\/#article","isPartOf":{"@id":"https:\/\/portaltela.pt\/noticias\/2026\/03\/18\/eleicoes-municipais-nos-paises-baixos-votos-locais-e-abstencao-aumentam\/"},"author":{"name":"Telinha","@id":"https:\/\/portaltela.pt\/#\/schema\/person\/c4278d4a6028830caff9ee44b42d32ed"},"headline":"Elei\u00e7\u00f5es municipais nos Pa\u00edses Baixos: votos locais e absten\u00e7\u00e3o aumentam","datePublished":"2026-03-18T09:00:00+00:00","mainEntityOfPage":{"@id":"https:\/\/portaltela.pt\/noticias\/2026\/03\/18\/eleicoes-municipais-nos-paises-baixos-votos-locais-e-abstencao-aumentam\/"},"wordCount":237,"image":{"@id":"https:\/\/portaltela.pt\/noticias\/2026\/03\/18\/eleicoes-municipais-nos-paises-baixos-votos-locais-e-abstencao-aumentam\/#primaryimage"},"thumbnailUrl":"https:\/\/portaltela.pt\/s.01k8rhncp4jt1\/2026\/03\/2075010.jpg","keywords":["absten\u00e7\u00e3o","elei\u00e7\u00f5es","governo","internacionais","Pa\u00edses Baixos","pol\u00edtica"],"articleSection":["Internacional","Not\u00edcias"],"inLanguage":"pt-PT"},{"@type":"WebPage","@id":"https:\/\/portaltela.pt\/noticias\/2026\/03\/18\/eleicoes-municipais-nos-paises-baixos-votos-locais-e-abstencao-aumentam\/","url":"https:\/\/portaltela.pt\/noticias\/2026\/03\/18\/eleicoes-municipais-nos-paises-baixos-votos-locais-e-abstencao-aumentam\/","name":"Elei\u00e7\u00f5es municipais nos Pa\u00edses Baixos: votos locais e absten\u00e7\u00e3o aumentam - Portal Tela Portugal","isPartOf":{"@id":"https:\/\/portaltela.pt\/#website"},"primaryImageOfPage":{"@id":"https:\/\/portaltela.pt\/noticias\/2026\/03\/18\/eleicoes-municipais-nos-paises-baixos-votos-locais-e-abstencao-aumentam\/#primaryimage"},"image":{"@id":"https:\/\/portaltela.pt\/noticias\/2026\/03\/18\/eleicoes-municipais-nos-paises-baixos-votos-locais-e-abstencao-aumentam\/#primaryimage"},"thumbnailUrl":"https:\/\/portaltela.pt\/s.01k8rhncp4jt1\/2026\/03\/2075010.jpg","datePublished":"2026-03-18T09:00:00+00:00","author":{"@id":"https:\/\/portaltela.pt\/#\/schema\/person\/c4278d4a6028830caff9ee44b42d32ed"},"breadcrumb":{"@id":"https:\/\/portaltela.pt\/noticias\/2026\/03\/18\/eleicoes-municipais-nos-paises-baixos-votos-locais-e-abstencao-aumentam\/#breadcrumb"},"inLanguage":"pt-PT","potentialAction":[{"@type":"ReadAction","target":["https:\/\/portaltela.pt\/noticias\/2026\/03\/18\/eleicoes-municipais-nos-paises-baixos-votos-locais-e-abstencao-aumentam\/"]}]},{"@type":"ImageObject","inLanguage":"pt-PT","@id":"https:\/\/portaltela.pt\/noticias\/2026\/03\/18\/eleicoes-municipais-nos-paises-baixos-votos-locais-e-abstencao-aumentam\/#primaryimage","url":"https:\/\/portaltela.pt\/s.01k8rhncp4jt1\/2026\/03\/2075010.jpg","contentUrl":"https:\/\/portaltela.pt\/s.01k8rhncp4jt1\/2026\/03\/2075010.jpg","width":796,"height":448,"caption":"Rob Jetten, primeiro-ministro dos Pa\u00edses Baixos, numa ac\u00e7\u00e3o de campanha em Leiden antes do dia de elei\u00e7\u00f5es municipais"},{"@type":"BreadcrumbList","@id":"https:\/\/portaltela.pt\/noticias\/2026\/03\/18\/eleicoes-municipais-nos-paises-baixos-votos-locais-e-abstencao-aumentam\/#breadcrumb","itemListElement":[{"@type":"ListItem","position":1,"name":"In\u00edcio","item":"https:\/\/portaltela.pt\/"},{"@type":"ListItem","position":2,"name":"Elei\u00e7\u00f5es municipais nos Pa\u00edses Baixos: votos locais e absten\u00e7\u00e3o aumentam"}]},{"@type":"WebSite","@id":"https:\/\/portaltela.pt\/#website","url":"https:\/\/portaltela.pt\/","name":"Portal Tela Portugal","description":"","potentialAction":[{"@type":"SearchAction","target":{"@type":"EntryPoint","urlTemplate":"https:\/\/portaltela.pt\/?s={search_term_string}"},"query-input":{"@type":"PropertyValueSpecification","valueRequired":true,"valueName":"search_term_string"}}],"inLanguage":"pt-PT"},{"@type":"Person","@id":"https:\/\/portaltela.pt\/#\/schema\/person\/c4278d4a6028830caff9ee44b42d32ed","name":"Telinha","image":{"@type":"ImageObject","inLanguage":"pt-PT","@id":"https:\/\/portaltela.pt\/s.01k8rhncp4jt1\/2025\/11\/talking-bot-125x125.png","url":"https:\/\/portaltela.pt\/s.01k8rhncp4jt1\/2025\/11\/talking-bot-125x125.png","contentUrl":"https:\/\/portaltela.pt\/s.01k8rhncp4jt1\/2025\/11\/talking-bot-125x125.png","caption":"Telinha"},"sameAs":["https:\/\/portaltela.pt\/"],"url":"https:\/\/portaltela.pt\/por\/367410592786\/"}]}},"_links":{"self":[{"href":"https:\/\/portaltela.pt\/api\/wp\/v2\/posts\/414213","targetHints":{"allow":["GET"]}}],"collection":[{"href":"https:\/\/portaltela.pt\/api\/wp\/v2\/posts"}],"about":[{"href":"https:\/\/portaltela.pt\/api\/wp\/v2\/types\/post"}],"author":[{"embeddable":true,"href":"https:\/\/portaltela.pt\/api\/wp\/v2\/users\/2"}],"replies":[{"embeddable":true,"href":"https:\/\/portaltela.pt\/api\/wp\/v2\/comments?post=414213"}],"version-history":[{"count":0,"href":"https:\/\/portaltela.pt\/api\/wp\/v2\/posts\/414213\/revisions"}],"wp:featuredmedia":[{"embeddable":true,"href":"https:\/\/portaltela.pt\/api\/wp\/v2\/media\/414217"}],"wp:attachment":[{"href":"https:\/\/portaltela.pt\/api\/wp\/v2\/media?parent=414213"}],"wp:term":[{"taxonomy":"category","embeddable":true,"href":"https:\/\/portaltela.pt\/api\/wp\/v2\/categories?post=414213"},{"taxonomy":"post_tag","embeddable":true,"href":"https:\/\/portaltela.pt\/api\/wp\/v2\/tags?post=414213"}],"curies":[{"name":"wp","href":"https:\/\/api.w.org\/{rel}","templated":true}]}}