{"id":414209,"date":"2026-03-18T06:08:00","date_gmt":"2026-03-18T09:08:00","guid":{"rendered":"https:\/\/portaltela.pt\/noticias\/2026\/03\/18\/mocambique-duplica-producao-de-grafite-para-baterias-de-ve-em-2025\/"},"modified":"2026-03-18T06:08:00","modified_gmt":"2026-03-18T09:08:00","slug":"mocambique-duplica-producao-de-grafite-para-baterias-de-ve-em-2025","status":"publish","type":"post","link":"https:\/\/portaltela.pt\/noticias\/2026\/03\/18\/mocambique-duplica-producao-de-grafite-para-baterias-de-ve-em-2025\/","title":{"rendered":"Mo\u00e7ambique duplica produ\u00e7\u00e3o de grafite para baterias de VE em 2025"},"content":{"rendered":"<p>Mo\u00e7ambique aumentou a produ\u00e7\u00e3o de grafite destinada a baterias de ve\u00edculos el\u00e9tricos em 2025, com o volume a chegar a 67 mil toneladas, segundo dados oficiais do Governo.<\/p>\n<p>A subida praticamente duplicou a produ\u00e7\u00e3o face ao ano anterior, refletindo o crescimento da ind\u00fastria de baterias para el\u00e9tricos no pa\u00eds.<\/p>\n<p>O uso principal do grafite \u00e9 na fabrica\u00e7\u00e3o de componentes de baterias. O aumento est\u00e1 ligado ao aumento da procura por ve\u00edculos el\u00e9tricos e aos objetivos de desenvolvimento da ind\u00fastria local.<\/p>\n<p>As autoridades destacam que a evolu\u00e7\u00e3o ajuda a fortalecer a posi\u00e7\u00e3o de Mo\u00e7ambique como fornecedor de mat\u00e9rias-primas para baterias a n\u00edvel regional, com impactos esperados na cadeia de valor e no emprego.<\/p>\n","protected":false},"excerpt":{"rendered":"<ul>\n<li>Em 2025, Mo\u00e7ambique duplicou a produ\u00e7\u00e3o de grafite destinada a baterias de ve\u00edculos el\u00e9tricos, segundo dados do Governo.<\/li>\n<li>A produ\u00e7\u00e3o atingiu 67 mil toneladas.<\/li>\n<li>O grafite mo\u00e7ambicano \u00e9 utilizado na fabrica\u00e7\u00e3o de baterias para carros el\u00e9tricos.<\/li>\n<li>Os dados foram divulgados pelo Governo mo\u00e7ambicano.<\/li>\n<\/ul>\n","protected":false},"author":2,"featured_media":414215,"comment_status":"closed","ping_status":"closed","sticky":false,"template":"","format":"standard","meta":{"footnotes":""},"categories":[1],"tags":[6115,174,3603,4431,6937,1911],"class_list":["post-414209","post","type-post","status-publish","format-standard","has-post-thumbnail","hentry","category-noticias","tag-_economia","tag-energia","tag-energias-renovaveis","tag-industria-transformadora","tag-materiais","tag-mocambique"],"yoast_head":"<!-- This site is optimized with the Yoast SEO plugin v27.2 - https:\/\/yoast.com\/product\/yoast-seo-wordpress\/ -->\n<title>Mo\u00e7ambique duplica produ\u00e7\u00e3o de grafite para baterias de VE em 2025 - Portal Tela Portugal<\/title>\n<meta name=\"robots\" content=\"index, follow, max-snippet:-1, max-image-preview:large, max-video-preview:-1\" \/>\n<meta property=\"og:locale\" content=\"pt_PT\" \/>\n<meta property=\"og:type\" content=\"article\" \/>\n<meta property=\"og:title\" content=\"Mo\u00e7ambique duplica produ\u00e7\u00e3o de grafite para baterias de VE em 2025 - Portal Tela Portugal\" \/>\n<meta property=\"og:description\" content=\"Em 2025, Mo\u00e7ambique duplicou a produ\u00e7\u00e3o de grafite destinada a baterias de ve\u00edculos el\u00e9tricos, segundo dados do Governo. A produ\u00e7\u00e3o atingiu 67 mil toneladas. O grafite mo\u00e7ambicano \u00e9 utilizado na fabrica\u00e7\u00e3o de baterias para carros el\u00e9tricos. Os dados foram divulgados pelo Governo mo\u00e7ambicano.\" \/>\n<meta property=\"og:url\" content=\"https:\/\/portaltela.pt\/noticias\/2026\/03\/18\/mocambique-duplica-producao-de-grafite-para-baterias-de-ve-em-2025\/\" \/>\n<meta property=\"og:site_name\" content=\"Portal Tela Portugal\" \/>\n<meta property=\"article:published_time\" content=\"2026-03-18T09:08:00+00:00\" \/>\n<meta name=\"author\" content=\"Telinha\" \/>\n<meta name=\"twitter:card\" content=\"summary_large_image\" \/>\n<meta name=\"twitter:label1\" content=\"Escrito por\" \/>\n\t<meta name=\"twitter:data1\" content=\"Telinha\" \/>\n\t<meta name=\"twitter:label2\" content=\"Tempo estimado de leitura\" \/>\n\t<meta name=\"twitter:data2\" content=\"1 minuto\" \/>\n<script type=\"application\/ld+json\" class=\"yoast-schema-graph\">{\"@context\":\"https:\/\/schema.org\",\"@graph\":[{\"@type\":\"Article\",\"@id\":\"https:\/\/portaltela.pt\/noticias\/2026\/03\/18\/mocambique-duplica-producao-de-grafite-para-baterias-de-ve-em-2025\/#article\",\"isPartOf\":{\"@id\":\"https:\/\/portaltela.pt\/noticias\/2026\/03\/18\/mocambique-duplica-producao-de-grafite-para-baterias-de-ve-em-2025\/\"},\"author\":{\"name\":\"Telinha\",\"@id\":\"https:\/\/portaltela.pt\/#\/schema\/person\/c4278d4a6028830caff9ee44b42d32ed\"},\"headline\":\"Mo\u00e7ambique duplica produ\u00e7\u00e3o de grafite para baterias de VE em 2025\",\"datePublished\":\"2026-03-18T09:08:00+00:00\",\"mainEntityOfPage\":{\"@id\":\"https:\/\/portaltela.pt\/noticias\/2026\/03\/18\/mocambique-duplica-producao-de-grafite-para-baterias-de-ve-em-2025\/\"},\"wordCount\":138,\"image\":{\"@id\":\"https:\/\/portaltela.pt\/noticias\/2026\/03\/18\/mocambique-duplica-producao-de-grafite-para-baterias-de-ve-em-2025\/#primaryimage\"},\"thumbnailUrl\":\"https:\/\/portaltela.pt\/s.01k8rhncp4jt1\/2026\/03\/CACHE_780X1200_ANALOG_WATERMARKED_45085796_601849319852643.jpg\",\"keywords\":[\"_economia\",\"energia\",\"energias renov\u00e1veis\",\"ind\u00fastria transformadora\",\"materiais\",\"Mo\u00e7ambique\"],\"articleSection\":[\"Not\u00edcias\"],\"inLanguage\":\"pt-PT\"},{\"@type\":\"WebPage\",\"@id\":\"https:\/\/portaltela.pt\/noticias\/2026\/03\/18\/mocambique-duplica-producao-de-grafite-para-baterias-de-ve-em-2025\/\",\"url\":\"https:\/\/portaltela.pt\/noticias\/2026\/03\/18\/mocambique-duplica-producao-de-grafite-para-baterias-de-ve-em-2025\/\",\"name\":\"Mo\u00e7ambique duplica produ\u00e7\u00e3o de grafite para baterias de VE em 2025 - Portal Tela Portugal\",\"isPartOf\":{\"@id\":\"https:\/\/portaltela.pt\/#website\"},\"primaryImageOfPage\":{\"@id\":\"https:\/\/portaltela.pt\/noticias\/2026\/03\/18\/mocambique-duplica-producao-de-grafite-para-baterias-de-ve-em-2025\/#primaryimage\"},\"image\":{\"@id\":\"https:\/\/portaltela.pt\/noticias\/2026\/03\/18\/mocambique-duplica-producao-de-grafite-para-baterias-de-ve-em-2025\/#primaryimage\"},\"thumbnailUrl\":\"https:\/\/portaltela.pt\/s.01k8rhncp4jt1\/2026\/03\/CACHE_780X1200_ANALOG_WATERMARKED_45085796_601849319852643.jpg\",\"datePublished\":\"2026-03-18T09:08:00+00:00\",\"author\":{\"@id\":\"https:\/\/portaltela.pt\/#\/schema\/person\/c4278d4a6028830caff9ee44b42d32ed\"},\"breadcrumb\":{\"@id\":\"https:\/\/portaltela.pt\/noticias\/2026\/03\/18\/mocambique-duplica-producao-de-grafite-para-baterias-de-ve-em-2025\/#breadcrumb\"},\"inLanguage\":\"pt-PT\",\"potentialAction\":[{\"@type\":\"ReadAction\",\"target\":[\"https:\/\/portaltela.pt\/noticias\/2026\/03\/18\/mocambique-duplica-producao-de-grafite-para-baterias-de-ve-em-2025\/\"]}]},{\"@type\":\"ImageObject\",\"inLanguage\":\"pt-PT\",\"@id\":\"https:\/\/portaltela.pt\/noticias\/2026\/03\/18\/mocambique-duplica-producao-de-grafite-para-baterias-de-ve-em-2025\/#primaryimage\",\"url\":\"https:\/\/portaltela.pt\/s.01k8rhncp4jt1\/2026\/03\/CACHE_780X1200_ANALOG_WATERMARKED_45085796_601849319852643.jpg\",\"contentUrl\":\"https:\/\/portaltela.pt\/s.01k8rhncp4jt1\/2026\/03\/CACHE_780X1200_ANALOG_WATERMARKED_45085796_601849319852643.jpg\",\"width\":796,\"height\":448,\"caption\":\"Mo\u00e7ambique duplicou produ\u00e7\u00e3o de grafite para baterias de ve\u00edculos el\u00e9tricos em 2025\"},{\"@type\":\"BreadcrumbList\",\"@id\":\"https:\/\/portaltela.pt\/noticias\/2026\/03\/18\/mocambique-duplica-producao-de-grafite-para-baterias-de-ve-em-2025\/#breadcrumb\",\"itemListElement\":[{\"@type\":\"ListItem\",\"position\":1,\"name\":\"In\u00edcio\",\"item\":\"https:\/\/portaltela.pt\/\"},{\"@type\":\"ListItem\",\"position\":2,\"name\":\"Mo\u00e7ambique duplica produ\u00e7\u00e3o de grafite para baterias de VE em 2025\"}]},{\"@type\":\"WebSite\",\"@id\":\"https:\/\/portaltela.pt\/#website\",\"url\":\"https:\/\/portaltela.pt\/\",\"name\":\"Portal Tela Portugal\",\"description\":\"\",\"potentialAction\":[{\"@type\":\"SearchAction\",\"target\":{\"@type\":\"EntryPoint\",\"urlTemplate\":\"https:\/\/portaltela.pt\/?s={search_term_string}\"},\"query-input\":{\"@type\":\"PropertyValueSpecification\",\"valueRequired\":true,\"valueName\":\"search_term_string\"}}],\"inLanguage\":\"pt-PT\"},{\"@type\":\"Person\",\"@id\":\"https:\/\/portaltela.pt\/#\/schema\/person\/c4278d4a6028830caff9ee44b42d32ed\",\"name\":\"Telinha\",\"image\":{\"@type\":\"ImageObject\",\"inLanguage\":\"pt-PT\",\"@id\":\"https:\/\/portaltela.pt\/s.01k8rhncp4jt1\/2025\/11\/talking-bot-125x125.png\",\"url\":\"https:\/\/portaltela.pt\/s.01k8rhncp4jt1\/2025\/11\/talking-bot-125x125.png\",\"contentUrl\":\"https:\/\/portaltela.pt\/s.01k8rhncp4jt1\/2025\/11\/talking-bot-125x125.png\",\"caption\":\"Telinha\"},\"sameAs\":[\"https:\/\/portaltela.pt\/\"],\"url\":\"https:\/\/portaltela.pt\/por\/367410592786\/\"}]}<\/script>\n<!-- \/ Yoast SEO plugin. -->","yoast_head_json":{"title":"Mo\u00e7ambique duplica produ\u00e7\u00e3o de grafite para baterias de VE em 2025 - Portal Tela Portugal","robots":{"index":"index","follow":"follow","max-snippet":"max-snippet:-1","max-image-preview":"max-image-preview:large","max-video-preview":"max-video-preview:-1"},"og_locale":"pt_PT","og_type":"article","og_title":"Mo\u00e7ambique duplica produ\u00e7\u00e3o de grafite para baterias de VE em 2025 - Portal Tela Portugal","og_description":"Em 2025, Mo\u00e7ambique duplicou a produ\u00e7\u00e3o de grafite destinada a baterias de ve\u00edculos el\u00e9tricos, segundo dados do Governo. A produ\u00e7\u00e3o atingiu 67 mil toneladas. O grafite mo\u00e7ambicano \u00e9 utilizado na fabrica\u00e7\u00e3o de baterias para carros el\u00e9tricos. Os dados foram divulgados pelo Governo mo\u00e7ambicano.","og_url":"https:\/\/portaltela.pt\/noticias\/2026\/03\/18\/mocambique-duplica-producao-de-grafite-para-baterias-de-ve-em-2025\/","og_site_name":"Portal Tela Portugal","article_published_time":"2026-03-18T09:08:00+00:00","author":"Telinha","twitter_card":"summary_large_image","twitter_misc":{"Escrito por":"Telinha","Tempo estimado de leitura":"1 minuto"},"schema":{"@context":"https:\/\/schema.org","@graph":[{"@type":"Article","@id":"https:\/\/portaltela.pt\/noticias\/2026\/03\/18\/mocambique-duplica-producao-de-grafite-para-baterias-de-ve-em-2025\/#article","isPartOf":{"@id":"https:\/\/portaltela.pt\/noticias\/2026\/03\/18\/mocambique-duplica-producao-de-grafite-para-baterias-de-ve-em-2025\/"},"author":{"name":"Telinha","@id":"https:\/\/portaltela.pt\/#\/schema\/person\/c4278d4a6028830caff9ee44b42d32ed"},"headline":"Mo\u00e7ambique duplica produ\u00e7\u00e3o de grafite para baterias de VE em 2025","datePublished":"2026-03-18T09:08:00+00:00","mainEntityOfPage":{"@id":"https:\/\/portaltela.pt\/noticias\/2026\/03\/18\/mocambique-duplica-producao-de-grafite-para-baterias-de-ve-em-2025\/"},"wordCount":138,"image":{"@id":"https:\/\/portaltela.pt\/noticias\/2026\/03\/18\/mocambique-duplica-producao-de-grafite-para-baterias-de-ve-em-2025\/#primaryimage"},"thumbnailUrl":"https:\/\/portaltela.pt\/s.01k8rhncp4jt1\/2026\/03\/CACHE_780X1200_ANALOG_WATERMARKED_45085796_601849319852643.jpg","keywords":["_economia","energia","energias renov\u00e1veis","ind\u00fastria transformadora","materiais","Mo\u00e7ambique"],"articleSection":["Not\u00edcias"],"inLanguage":"pt-PT"},{"@type":"WebPage","@id":"https:\/\/portaltela.pt\/noticias\/2026\/03\/18\/mocambique-duplica-producao-de-grafite-para-baterias-de-ve-em-2025\/","url":"https:\/\/portaltela.pt\/noticias\/2026\/03\/18\/mocambique-duplica-producao-de-grafite-para-baterias-de-ve-em-2025\/","name":"Mo\u00e7ambique duplica produ\u00e7\u00e3o de grafite para baterias de VE em 2025 - Portal Tela Portugal","isPartOf":{"@id":"https:\/\/portaltela.pt\/#website"},"primaryImageOfPage":{"@id":"https:\/\/portaltela.pt\/noticias\/2026\/03\/18\/mocambique-duplica-producao-de-grafite-para-baterias-de-ve-em-2025\/#primaryimage"},"image":{"@id":"https:\/\/portaltela.pt\/noticias\/2026\/03\/18\/mocambique-duplica-producao-de-grafite-para-baterias-de-ve-em-2025\/#primaryimage"},"thumbnailUrl":"https:\/\/portaltela.pt\/s.01k8rhncp4jt1\/2026\/03\/CACHE_780X1200_ANALOG_WATERMARKED_45085796_601849319852643.jpg","datePublished":"2026-03-18T09:08:00+00:00","author":{"@id":"https:\/\/portaltela.pt\/#\/schema\/person\/c4278d4a6028830caff9ee44b42d32ed"},"breadcrumb":{"@id":"https:\/\/portaltela.pt\/noticias\/2026\/03\/18\/mocambique-duplica-producao-de-grafite-para-baterias-de-ve-em-2025\/#breadcrumb"},"inLanguage":"pt-PT","potentialAction":[{"@type":"ReadAction","target":["https:\/\/portaltela.pt\/noticias\/2026\/03\/18\/mocambique-duplica-producao-de-grafite-para-baterias-de-ve-em-2025\/"]}]},{"@type":"ImageObject","inLanguage":"pt-PT","@id":"https:\/\/portaltela.pt\/noticias\/2026\/03\/18\/mocambique-duplica-producao-de-grafite-para-baterias-de-ve-em-2025\/#primaryimage","url":"https:\/\/portaltela.pt\/s.01k8rhncp4jt1\/2026\/03\/CACHE_780X1200_ANALOG_WATERMARKED_45085796_601849319852643.jpg","contentUrl":"https:\/\/portaltela.pt\/s.01k8rhncp4jt1\/2026\/03\/CACHE_780X1200_ANALOG_WATERMARKED_45085796_601849319852643.jpg","width":796,"height":448,"caption":"Mo\u00e7ambique duplicou produ\u00e7\u00e3o de grafite para baterias de ve\u00edculos el\u00e9tricos em 2025"},{"@type":"BreadcrumbList","@id":"https:\/\/portaltela.pt\/noticias\/2026\/03\/18\/mocambique-duplica-producao-de-grafite-para-baterias-de-ve-em-2025\/#breadcrumb","itemListElement":[{"@type":"ListItem","position":1,"name":"In\u00edcio","item":"https:\/\/portaltela.pt\/"},{"@type":"ListItem","position":2,"name":"Mo\u00e7ambique duplica produ\u00e7\u00e3o de grafite para baterias de VE em 2025"}]},{"@type":"WebSite","@id":"https:\/\/portaltela.pt\/#website","url":"https:\/\/portaltela.pt\/","name":"Portal Tela Portugal","description":"","potentialAction":[{"@type":"SearchAction","target":{"@type":"EntryPoint","urlTemplate":"https:\/\/portaltela.pt\/?s={search_term_string}"},"query-input":{"@type":"PropertyValueSpecification","valueRequired":true,"valueName":"search_term_string"}}],"inLanguage":"pt-PT"},{"@type":"Person","@id":"https:\/\/portaltela.pt\/#\/schema\/person\/c4278d4a6028830caff9ee44b42d32ed","name":"Telinha","image":{"@type":"ImageObject","inLanguage":"pt-PT","@id":"https:\/\/portaltela.pt\/s.01k8rhncp4jt1\/2025\/11\/talking-bot-125x125.png","url":"https:\/\/portaltela.pt\/s.01k8rhncp4jt1\/2025\/11\/talking-bot-125x125.png","contentUrl":"https:\/\/portaltela.pt\/s.01k8rhncp4jt1\/2025\/11\/talking-bot-125x125.png","caption":"Telinha"},"sameAs":["https:\/\/portaltela.pt\/"],"url":"https:\/\/portaltela.pt\/por\/367410592786\/"}]}},"_links":{"self":[{"href":"https:\/\/portaltela.pt\/api\/wp\/v2\/posts\/414209","targetHints":{"allow":["GET"]}}],"collection":[{"href":"https:\/\/portaltela.pt\/api\/wp\/v2\/posts"}],"about":[{"href":"https:\/\/portaltela.pt\/api\/wp\/v2\/types\/post"}],"author":[{"embeddable":true,"href":"https:\/\/portaltela.pt\/api\/wp\/v2\/users\/2"}],"replies":[{"embeddable":true,"href":"https:\/\/portaltela.pt\/api\/wp\/v2\/comments?post=414209"}],"version-history":[{"count":0,"href":"https:\/\/portaltela.pt\/api\/wp\/v2\/posts\/414209\/revisions"}],"wp:featuredmedia":[{"embeddable":true,"href":"https:\/\/portaltela.pt\/api\/wp\/v2\/media\/414215"}],"wp:attachment":[{"href":"https:\/\/portaltela.pt\/api\/wp\/v2\/media?parent=414209"}],"wp:term":[{"taxonomy":"category","embeddable":true,"href":"https:\/\/portaltela.pt\/api\/wp\/v2\/categories?post=414209"},{"taxonomy":"post_tag","embeddable":true,"href":"https:\/\/portaltela.pt\/api\/wp\/v2\/tags?post=414209"}],"curies":[{"name":"wp","href":"https:\/\/api.w.org\/{rel}","templated":true}]}}