{"id":414208,"date":"2026-03-18T06:10:00","date_gmt":"2026-03-18T09:10:00","guid":{"rendered":"https:\/\/portaltela.pt\/noticias\/2026\/03\/18\/credito-a-economia-mocambicana-recua-em-janeiro-pelo-terceiro-mes-consecutivo\/"},"modified":"2026-03-18T06:10:00","modified_gmt":"2026-03-18T09:10:00","slug":"credito-a-economia-mocambicana-recua-em-janeiro-pelo-terceiro-mes-consecutivo","status":"publish","type":"post","link":"https:\/\/portaltela.pt\/noticias\/economia\/2026\/03\/18\/credito-a-economia-mocambicana-recua-em-janeiro-pelo-terceiro-mes-consecutivo\/","title":{"rendered":"Cr\u00e9dito \u00e0 economia mo\u00e7ambicana recua em janeiro pelo terceiro m\u00eas consecutivo"},"content":{"rendered":"<p>O cr\u00e9dito \u00e0 economia mo\u00e7ambicana recuou em janeiro pelo terceiro m\u00eas consecutivo, atingindo 290.456 milh\u00f5es de meticais (3.962 milh\u00f5es de euros), segundo dados do Banco de Mo\u00e7ambique.<\/p>\n<p>O recuo, anunciado pelo banco central, indica uma continua\u00e7\u00e3o da tend\u00eancia de redu\u00e7\u00e3o do stock de cr\u00e9dito dispon\u00edvel para a economia mo\u00e7ambicana. Os n\u00fameros refletem a atua\u00e7\u00e3o recente das autoridades monet\u00e1rias no monitoramento do sistema financeiro.<\/p>\n","protected":false},"excerpt":{"rendered":"<ul>\n<li>O stock de cr\u00e9dito \u00e0 economia mo\u00e7ambicana recuou em janeiro, pelo terceiro m\u00eas consecutivo.<\/li>\n<li>O montante situou\u2011se em 290.456 milh\u00f5es de meticais (3.962 milh\u00f5es de euros).<\/li>\n<li>Os dados s\u00e3o do Banco de Mo\u00e7ambique.<\/li>\n<\/ul>\n","protected":false},"author":2,"featured_media":414212,"comment_status":"closed","ping_status":"closed","sticky":false,"template":"","format":"standard","meta":{"footnotes":""},"categories":[2,6850],"tags":[1960,5479,2324,28,2584,1911],"class_list":["post-414208","post","type-post","status-publish","format-standard","has-post-thumbnail","hentry","category-economia","category-financas","tag-credito","tag-credito-a-empresas-institucionais","tag-credito-ao-consumo","tag-economia","tag-financas","tag-mocambique"],"yoast_head":"<!-- This site is optimized with the Yoast SEO plugin v27.2 - https:\/\/yoast.com\/product\/yoast-seo-wordpress\/ -->\n<title>Cr\u00e9dito \u00e0 economia mo\u00e7ambicana recua em janeiro pelo terceiro m\u00eas consecutivo - Portal Tela Portugal<\/title>\n<meta name=\"robots\" content=\"index, follow, max-snippet:-1, max-image-preview:large, max-video-preview:-1\" \/>\n<meta property=\"og:locale\" content=\"pt_PT\" \/>\n<meta property=\"og:type\" content=\"article\" \/>\n<meta property=\"og:title\" content=\"Cr\u00e9dito \u00e0 economia mo\u00e7ambicana recua em janeiro pelo terceiro m\u00eas consecutivo - Portal Tela Portugal\" \/>\n<meta property=\"og:description\" content=\"O stock de cr\u00e9dito \u00e0 economia mo\u00e7ambicana recuou em janeiro, pelo terceiro m\u00eas consecutivo. O montante situou\u2011se em 290.456 milh\u00f5es de meticais (3.962 milh\u00f5es de euros). Os dados s\u00e3o do Banco de Mo\u00e7ambique.\" \/>\n<meta property=\"og:url\" content=\"https:\/\/portaltela.pt\/noticias\/2026\/03\/18\/credito-a-economia-mocambicana-recua-em-janeiro-pelo-terceiro-mes-consecutivo\/\" \/>\n<meta property=\"og:site_name\" content=\"Portal Tela Portugal\" \/>\n<meta property=\"article:published_time\" content=\"2026-03-18T09:10:00+00:00\" \/>\n<meta name=\"author\" content=\"Telinha\" \/>\n<meta name=\"twitter:card\" content=\"summary_large_image\" \/>\n<meta name=\"twitter:label1\" content=\"Escrito por\" \/>\n\t<meta name=\"twitter:data1\" content=\"Telinha\" \/>\n<script type=\"application\/ld+json\" class=\"yoast-schema-graph\">{\"@context\":\"https:\/\/schema.org\",\"@graph\":[{\"@type\":\"Article\",\"@id\":\"https:\/\/portaltela.pt\/noticias\/2026\/03\/18\/credito-a-economia-mocambicana-recua-em-janeiro-pelo-terceiro-mes-consecutivo\/#article\",\"isPartOf\":{\"@id\":\"https:\/\/portaltela.pt\/noticias\/2026\/03\/18\/credito-a-economia-mocambicana-recua-em-janeiro-pelo-terceiro-mes-consecutivo\/\"},\"author\":{\"name\":\"Telinha\",\"@id\":\"https:\/\/portaltela.pt\/#\/schema\/person\/c4278d4a6028830caff9ee44b42d32ed\"},\"headline\":\"Cr\u00e9dito \u00e0 economia mo\u00e7ambicana recua em janeiro pelo terceiro m\u00eas consecutivo\",\"datePublished\":\"2026-03-18T09:10:00+00:00\",\"mainEntityOfPage\":{\"@id\":\"https:\/\/portaltela.pt\/noticias\/2026\/03\/18\/credito-a-economia-mocambicana-recua-em-janeiro-pelo-terceiro-mes-consecutivo\/\"},\"wordCount\":88,\"image\":{\"@id\":\"https:\/\/portaltela.pt\/noticias\/2026\/03\/18\/credito-a-economia-mocambicana-recua-em-janeiro-pelo-terceiro-mes-consecutivo\/#primaryimage\"},\"thumbnailUrl\":\"https:\/\/portaltela.pt\/s.01k8rhncp4jt1\/2026\/03\/CACHE_780X1200_ANALOG_WATERMARKED_23945548_1716815_23032019054955.jpg\",\"keywords\":[\"cr\u00e9dito\",\"cr\u00e9dito a empresas\/institucionais\",\"Cr\u00e9dito ao Consumo\",\"economia\",\"finan\u00e7as\",\"Mo\u00e7ambique\"],\"articleSection\":[\"Economia\",\"Finan\u00e7as\"],\"inLanguage\":\"pt-PT\"},{\"@type\":\"WebPage\",\"@id\":\"https:\/\/portaltela.pt\/noticias\/2026\/03\/18\/credito-a-economia-mocambicana-recua-em-janeiro-pelo-terceiro-mes-consecutivo\/\",\"url\":\"https:\/\/portaltela.pt\/noticias\/2026\/03\/18\/credito-a-economia-mocambicana-recua-em-janeiro-pelo-terceiro-mes-consecutivo\/\",\"name\":\"Cr\u00e9dito \u00e0 economia mo\u00e7ambicana recua em janeiro pelo terceiro m\u00eas consecutivo - Portal Tela Portugal\",\"isPartOf\":{\"@id\":\"https:\/\/portaltela.pt\/#website\"},\"primaryImageOfPage\":{\"@id\":\"https:\/\/portaltela.pt\/noticias\/2026\/03\/18\/credito-a-economia-mocambicana-recua-em-janeiro-pelo-terceiro-mes-consecutivo\/#primaryimage\"},\"image\":{\"@id\":\"https:\/\/portaltela.pt\/noticias\/2026\/03\/18\/credito-a-economia-mocambicana-recua-em-janeiro-pelo-terceiro-mes-consecutivo\/#primaryimage\"},\"thumbnailUrl\":\"https:\/\/portaltela.pt\/s.01k8rhncp4jt1\/2026\/03\/CACHE_780X1200_ANALOG_WATERMARKED_23945548_1716815_23032019054955.jpg\",\"datePublished\":\"2026-03-18T09:10:00+00:00\",\"author\":{\"@id\":\"https:\/\/portaltela.pt\/#\/schema\/person\/c4278d4a6028830caff9ee44b42d32ed\"},\"breadcrumb\":{\"@id\":\"https:\/\/portaltela.pt\/noticias\/2026\/03\/18\/credito-a-economia-mocambicana-recua-em-janeiro-pelo-terceiro-mes-consecutivo\/#breadcrumb\"},\"inLanguage\":\"pt-PT\",\"potentialAction\":[{\"@type\":\"ReadAction\",\"target\":[\"https:\/\/portaltela.pt\/noticias\/2026\/03\/18\/credito-a-economia-mocambicana-recua-em-janeiro-pelo-terceiro-mes-consecutivo\/\"]}]},{\"@type\":\"ImageObject\",\"inLanguage\":\"pt-PT\",\"@id\":\"https:\/\/portaltela.pt\/noticias\/2026\/03\/18\/credito-a-economia-mocambicana-recua-em-janeiro-pelo-terceiro-mes-consecutivo\/#primaryimage\",\"url\":\"https:\/\/portaltela.pt\/s.01k8rhncp4jt1\/2026\/03\/CACHE_780X1200_ANALOG_WATERMARKED_23945548_1716815_23032019054955.jpg\",\"contentUrl\":\"https:\/\/portaltela.pt\/s.01k8rhncp4jt1\/2026\/03\/CACHE_780X1200_ANALOG_WATERMARKED_23945548_1716815_23032019054955.jpg\",\"width\":796,\"height\":448,\"caption\":\"Cr\u00e9dito \u00e0 economia mo\u00e7ambicana recua em janeiro pelo terceiro m\u00eas consecutivo\"},{\"@type\":\"BreadcrumbList\",\"@id\":\"https:\/\/portaltela.pt\/noticias\/2026\/03\/18\/credito-a-economia-mocambicana-recua-em-janeiro-pelo-terceiro-mes-consecutivo\/#breadcrumb\",\"itemListElement\":[{\"@type\":\"ListItem\",\"position\":1,\"name\":\"In\u00edcio\",\"item\":\"https:\/\/portaltela.pt\/\"},{\"@type\":\"ListItem\",\"position\":2,\"name\":\"Cr\u00e9dito \u00e0 economia mo\u00e7ambicana recua em janeiro pelo terceiro m\u00eas consecutivo\"}]},{\"@type\":\"WebSite\",\"@id\":\"https:\/\/portaltela.pt\/#website\",\"url\":\"https:\/\/portaltela.pt\/\",\"name\":\"Portal Tela Portugal\",\"description\":\"\",\"potentialAction\":[{\"@type\":\"SearchAction\",\"target\":{\"@type\":\"EntryPoint\",\"urlTemplate\":\"https:\/\/portaltela.pt\/?s={search_term_string}\"},\"query-input\":{\"@type\":\"PropertyValueSpecification\",\"valueRequired\":true,\"valueName\":\"search_term_string\"}}],\"inLanguage\":\"pt-PT\"},{\"@type\":\"Person\",\"@id\":\"https:\/\/portaltela.pt\/#\/schema\/person\/c4278d4a6028830caff9ee44b42d32ed\",\"name\":\"Telinha\",\"image\":{\"@type\":\"ImageObject\",\"inLanguage\":\"pt-PT\",\"@id\":\"https:\/\/portaltela.pt\/s.01k8rhncp4jt1\/2025\/11\/talking-bot-125x125.png\",\"url\":\"https:\/\/portaltela.pt\/s.01k8rhncp4jt1\/2025\/11\/talking-bot-125x125.png\",\"contentUrl\":\"https:\/\/portaltela.pt\/s.01k8rhncp4jt1\/2025\/11\/talking-bot-125x125.png\",\"caption\":\"Telinha\"},\"sameAs\":[\"https:\/\/portaltela.pt\/\"],\"url\":\"https:\/\/portaltela.pt\/por\/367410592786\/\"}]}<\/script>\n<!-- \/ Yoast SEO plugin. -->","yoast_head_json":{"title":"Cr\u00e9dito \u00e0 economia mo\u00e7ambicana recua em janeiro pelo terceiro m\u00eas consecutivo - Portal Tela Portugal","robots":{"index":"index","follow":"follow","max-snippet":"max-snippet:-1","max-image-preview":"max-image-preview:large","max-video-preview":"max-video-preview:-1"},"og_locale":"pt_PT","og_type":"article","og_title":"Cr\u00e9dito \u00e0 economia mo\u00e7ambicana recua em janeiro pelo terceiro m\u00eas consecutivo - Portal Tela Portugal","og_description":"O stock de cr\u00e9dito \u00e0 economia mo\u00e7ambicana recuou em janeiro, pelo terceiro m\u00eas consecutivo. O montante situou\u2011se em 290.456 milh\u00f5es de meticais (3.962 milh\u00f5es de euros). Os dados s\u00e3o do Banco de Mo\u00e7ambique.","og_url":"https:\/\/portaltela.pt\/noticias\/2026\/03\/18\/credito-a-economia-mocambicana-recua-em-janeiro-pelo-terceiro-mes-consecutivo\/","og_site_name":"Portal Tela Portugal","article_published_time":"2026-03-18T09:10:00+00:00","author":"Telinha","twitter_card":"summary_large_image","twitter_misc":{"Escrito por":"Telinha"},"schema":{"@context":"https:\/\/schema.org","@graph":[{"@type":"Article","@id":"https:\/\/portaltela.pt\/noticias\/2026\/03\/18\/credito-a-economia-mocambicana-recua-em-janeiro-pelo-terceiro-mes-consecutivo\/#article","isPartOf":{"@id":"https:\/\/portaltela.pt\/noticias\/2026\/03\/18\/credito-a-economia-mocambicana-recua-em-janeiro-pelo-terceiro-mes-consecutivo\/"},"author":{"name":"Telinha","@id":"https:\/\/portaltela.pt\/#\/schema\/person\/c4278d4a6028830caff9ee44b42d32ed"},"headline":"Cr\u00e9dito \u00e0 economia mo\u00e7ambicana recua em janeiro pelo terceiro m\u00eas consecutivo","datePublished":"2026-03-18T09:10:00+00:00","mainEntityOfPage":{"@id":"https:\/\/portaltela.pt\/noticias\/2026\/03\/18\/credito-a-economia-mocambicana-recua-em-janeiro-pelo-terceiro-mes-consecutivo\/"},"wordCount":88,"image":{"@id":"https:\/\/portaltela.pt\/noticias\/2026\/03\/18\/credito-a-economia-mocambicana-recua-em-janeiro-pelo-terceiro-mes-consecutivo\/#primaryimage"},"thumbnailUrl":"https:\/\/portaltela.pt\/s.01k8rhncp4jt1\/2026\/03\/CACHE_780X1200_ANALOG_WATERMARKED_23945548_1716815_23032019054955.jpg","keywords":["cr\u00e9dito","cr\u00e9dito a empresas\/institucionais","Cr\u00e9dito ao Consumo","economia","finan\u00e7as","Mo\u00e7ambique"],"articleSection":["Economia","Finan\u00e7as"],"inLanguage":"pt-PT"},{"@type":"WebPage","@id":"https:\/\/portaltela.pt\/noticias\/2026\/03\/18\/credito-a-economia-mocambicana-recua-em-janeiro-pelo-terceiro-mes-consecutivo\/","url":"https:\/\/portaltela.pt\/noticias\/2026\/03\/18\/credito-a-economia-mocambicana-recua-em-janeiro-pelo-terceiro-mes-consecutivo\/","name":"Cr\u00e9dito \u00e0 economia mo\u00e7ambicana recua em janeiro pelo terceiro m\u00eas consecutivo - Portal Tela Portugal","isPartOf":{"@id":"https:\/\/portaltela.pt\/#website"},"primaryImageOfPage":{"@id":"https:\/\/portaltela.pt\/noticias\/2026\/03\/18\/credito-a-economia-mocambicana-recua-em-janeiro-pelo-terceiro-mes-consecutivo\/#primaryimage"},"image":{"@id":"https:\/\/portaltela.pt\/noticias\/2026\/03\/18\/credito-a-economia-mocambicana-recua-em-janeiro-pelo-terceiro-mes-consecutivo\/#primaryimage"},"thumbnailUrl":"https:\/\/portaltela.pt\/s.01k8rhncp4jt1\/2026\/03\/CACHE_780X1200_ANALOG_WATERMARKED_23945548_1716815_23032019054955.jpg","datePublished":"2026-03-18T09:10:00+00:00","author":{"@id":"https:\/\/portaltela.pt\/#\/schema\/person\/c4278d4a6028830caff9ee44b42d32ed"},"breadcrumb":{"@id":"https:\/\/portaltela.pt\/noticias\/2026\/03\/18\/credito-a-economia-mocambicana-recua-em-janeiro-pelo-terceiro-mes-consecutivo\/#breadcrumb"},"inLanguage":"pt-PT","potentialAction":[{"@type":"ReadAction","target":["https:\/\/portaltela.pt\/noticias\/2026\/03\/18\/credito-a-economia-mocambicana-recua-em-janeiro-pelo-terceiro-mes-consecutivo\/"]}]},{"@type":"ImageObject","inLanguage":"pt-PT","@id":"https:\/\/portaltela.pt\/noticias\/2026\/03\/18\/credito-a-economia-mocambicana-recua-em-janeiro-pelo-terceiro-mes-consecutivo\/#primaryimage","url":"https:\/\/portaltela.pt\/s.01k8rhncp4jt1\/2026\/03\/CACHE_780X1200_ANALOG_WATERMARKED_23945548_1716815_23032019054955.jpg","contentUrl":"https:\/\/portaltela.pt\/s.01k8rhncp4jt1\/2026\/03\/CACHE_780X1200_ANALOG_WATERMARKED_23945548_1716815_23032019054955.jpg","width":796,"height":448,"caption":"Cr\u00e9dito \u00e0 economia mo\u00e7ambicana recua em janeiro pelo terceiro m\u00eas consecutivo"},{"@type":"BreadcrumbList","@id":"https:\/\/portaltela.pt\/noticias\/2026\/03\/18\/credito-a-economia-mocambicana-recua-em-janeiro-pelo-terceiro-mes-consecutivo\/#breadcrumb","itemListElement":[{"@type":"ListItem","position":1,"name":"In\u00edcio","item":"https:\/\/portaltela.pt\/"},{"@type":"ListItem","position":2,"name":"Cr\u00e9dito \u00e0 economia mo\u00e7ambicana recua em janeiro pelo terceiro m\u00eas consecutivo"}]},{"@type":"WebSite","@id":"https:\/\/portaltela.pt\/#website","url":"https:\/\/portaltela.pt\/","name":"Portal Tela Portugal","description":"","potentialAction":[{"@type":"SearchAction","target":{"@type":"EntryPoint","urlTemplate":"https:\/\/portaltela.pt\/?s={search_term_string}"},"query-input":{"@type":"PropertyValueSpecification","valueRequired":true,"valueName":"search_term_string"}}],"inLanguage":"pt-PT"},{"@type":"Person","@id":"https:\/\/portaltela.pt\/#\/schema\/person\/c4278d4a6028830caff9ee44b42d32ed","name":"Telinha","image":{"@type":"ImageObject","inLanguage":"pt-PT","@id":"https:\/\/portaltela.pt\/s.01k8rhncp4jt1\/2025\/11\/talking-bot-125x125.png","url":"https:\/\/portaltela.pt\/s.01k8rhncp4jt1\/2025\/11\/talking-bot-125x125.png","contentUrl":"https:\/\/portaltela.pt\/s.01k8rhncp4jt1\/2025\/11\/talking-bot-125x125.png","caption":"Telinha"},"sameAs":["https:\/\/portaltela.pt\/"],"url":"https:\/\/portaltela.pt\/por\/367410592786\/"}]}},"_links":{"self":[{"href":"https:\/\/portaltela.pt\/api\/wp\/v2\/posts\/414208","targetHints":{"allow":["GET"]}}],"collection":[{"href":"https:\/\/portaltela.pt\/api\/wp\/v2\/posts"}],"about":[{"href":"https:\/\/portaltela.pt\/api\/wp\/v2\/types\/post"}],"author":[{"embeddable":true,"href":"https:\/\/portaltela.pt\/api\/wp\/v2\/users\/2"}],"replies":[{"embeddable":true,"href":"https:\/\/portaltela.pt\/api\/wp\/v2\/comments?post=414208"}],"version-history":[{"count":0,"href":"https:\/\/portaltela.pt\/api\/wp\/v2\/posts\/414208\/revisions"}],"wp:featuredmedia":[{"embeddable":true,"href":"https:\/\/portaltela.pt\/api\/wp\/v2\/media\/414212"}],"wp:attachment":[{"href":"https:\/\/portaltela.pt\/api\/wp\/v2\/media?parent=414208"}],"wp:term":[{"taxonomy":"category","embeddable":true,"href":"https:\/\/portaltela.pt\/api\/wp\/v2\/categories?post=414208"},{"taxonomy":"post_tag","embeddable":true,"href":"https:\/\/portaltela.pt\/api\/wp\/v2\/tags?post=414208"}],"curies":[{"name":"wp","href":"https:\/\/api.w.org\/{rel}","templated":true}]}}