{"id":414178,"date":"2026-03-18T05:13:47","date_gmt":"2026-03-18T08:13:47","guid":{"rendered":"https:\/\/portaltela.pt\/noticias\/2026\/03\/18\/bolsa-de-lisboa-abre-em-subida-de-006\/"},"modified":"2026-03-18T05:13:47","modified_gmt":"2026-03-18T08:13:47","slug":"bolsa-de-lisboa-abre-em-subida-de-006","status":"publish","type":"post","link":"https:\/\/portaltela.pt\/noticias\/economia\/2026\/03\/18\/bolsa-de-lisboa-abre-em-subida-de-006\/","title":{"rendered":"Bolsa de Lisboa abre em subida de 0,06%"},"content":{"rendered":"<p>A bolsa de Lisboa abriu em terreno positivo nesta quarta-feira, com o PSI a subir 0,06% para 9.180,58 pontos. O primeiro bloco de negocia\u00e7\u00f5es indicou frescos ganhos para o \u00edndice, impulsionados por ganhos setoriais.<\/p>\n<p>Ontem, a sess\u00e3o foi marcada por uma subida de 0,50% do PSI, que fechou aos 9.175,24 pontos. O desempenho refletiu especialmente a leitura do setor energ\u00e9tico.<\/p>\n<p>Entre as a\u00e7\u00f5es que contribu\u00edram para o avan\u00e7o, Galp Energia e EDP Renov\u00e1veis registaram valoriza\u00e7\u00e3o superior a 2% no dia, ampliando o peso do setor no \u00edndice.<\/p>\n<p>O movimento de hoje segue os ganhos de ontem, com o mercado atento a resultados corporativos e \u00e0 evolu\u00e7\u00e3o de pre\u00e7os da energia, que influenciaram o sentimento dos investidores. Fontes indicam que o dia pode manter din\u00e2mica positiva, dependendo de novas informa\u00e7\u00f5es macroecon\u00f3micas.<\/p>\n","protected":false},"excerpt":{"rendered":"<ul>\n<li>A bolsa de Lisboa abriu esta quarta-feira em territ\u00f3rio positivo, com o PSI a subir 0,06% para 9.180,58 pontos.<\/li>\n<li>Na ter\u00e7a-feira, o PSI encerrou em alta, subindo 0,50% para 9.175,24 pontos, impulsionado pelos ganhos do setor energ\u00e9tico.<\/li>\n<li>Galp Energia e EDP Renov\u00e1veis contribu\u00edram para o avan\u00e7o, com ganhos que somaram mais de 2%.<\/li>\n<\/ul>\n","protected":false},"author":2,"featured_media":414179,"comment_status":"closed","ping_status":"closed","sticky":false,"template":"","format":"standard","meta":{"footnotes":""},"categories":[2,6735],"tags":[6115,176,7347,174,3603,1014],"class_list":["post-414178","post","type-post","status-publish","format-standard","has-post-thumbnail","hentry","category-economia","category-negocios","tag-_economia","tag-bolsa","tag-edp-renovaveis","tag-energia","tag-energias-renovaveis","tag-portugal"],"yoast_head":"<!-- This site is optimized with the Yoast SEO plugin v27.2 - https:\/\/yoast.com\/product\/yoast-seo-wordpress\/ -->\n<title>Bolsa de Lisboa abre em subida de 0,06% - Portal Tela Portugal<\/title>\n<meta name=\"robots\" content=\"index, follow, max-snippet:-1, max-image-preview:large, max-video-preview:-1\" \/>\n<meta property=\"og:locale\" content=\"pt_PT\" \/>\n<meta property=\"og:type\" content=\"article\" \/>\n<meta property=\"og:title\" content=\"Bolsa de Lisboa abre em subida de 0,06% - Portal Tela Portugal\" \/>\n<meta property=\"og:description\" content=\"A bolsa de Lisboa abriu esta quarta-feira em territ\u00f3rio positivo, com o PSI a subir 0,06% para 9.180,58 pontos. Na ter\u00e7a-feira, o PSI encerrou em alta, subindo 0,50% para 9.175,24 pontos, impulsionado pelos ganhos do setor energ\u00e9tico. Galp Energia e EDP Renov\u00e1veis contribu\u00edram para o avan\u00e7o, com ganhos que somaram mais de 2%.\" \/>\n<meta property=\"og:url\" content=\"https:\/\/portaltela.pt\/noticias\/2026\/03\/18\/bolsa-de-lisboa-abre-em-subida-de-006\/\" \/>\n<meta property=\"og:site_name\" content=\"Portal Tela Portugal\" \/>\n<meta property=\"article:published_time\" content=\"2026-03-18T08:13:47+00:00\" \/>\n<meta name=\"author\" content=\"Telinha\" \/>\n<meta name=\"twitter:card\" content=\"summary_large_image\" \/>\n<meta name=\"twitter:label1\" content=\"Escrito por\" \/>\n\t<meta name=\"twitter:data1\" content=\"Telinha\" \/>\n\t<meta name=\"twitter:label2\" content=\"Tempo estimado de leitura\" \/>\n\t<meta name=\"twitter:data2\" content=\"1 minuto\" \/>\n<script type=\"application\/ld+json\" class=\"yoast-schema-graph\">{\"@context\":\"https:\/\/schema.org\",\"@graph\":[{\"@type\":\"Article\",\"@id\":\"https:\/\/portaltela.pt\/noticias\/2026\/03\/18\/bolsa-de-lisboa-abre-em-subida-de-006\/#article\",\"isPartOf\":{\"@id\":\"https:\/\/portaltela.pt\/noticias\/2026\/03\/18\/bolsa-de-lisboa-abre-em-subida-de-006\/\"},\"author\":{\"name\":\"Telinha\",\"@id\":\"https:\/\/portaltela.pt\/#\/schema\/person\/c4278d4a6028830caff9ee44b42d32ed\"},\"headline\":\"Bolsa de Lisboa abre em subida de 0,06%\",\"datePublished\":\"2026-03-18T08:13:47+00:00\",\"mainEntityOfPage\":{\"@id\":\"https:\/\/portaltela.pt\/noticias\/2026\/03\/18\/bolsa-de-lisboa-abre-em-subida-de-006\/\"},\"wordCount\":144,\"image\":{\"@id\":\"https:\/\/portaltela.pt\/noticias\/2026\/03\/18\/bolsa-de-lisboa-abre-em-subida-de-006\/#primaryimage\"},\"thumbnailUrl\":\"https:\/\/portaltela.pt\/s.01k8rhncp4jt1\/2026\/03\/img_1500x1000uu2015-09-08-18-57-00-481846.jpg\",\"keywords\":[\"_economia\",\"bolsa\",\"EDP Renov\u00e1veis\",\"energia\",\"energias renov\u00e1veis\",\"Portugal\"],\"articleSection\":[\"Economia\",\"Neg\u00f3cios\"],\"inLanguage\":\"pt-PT\"},{\"@type\":\"WebPage\",\"@id\":\"https:\/\/portaltela.pt\/noticias\/2026\/03\/18\/bolsa-de-lisboa-abre-em-subida-de-006\/\",\"url\":\"https:\/\/portaltela.pt\/noticias\/2026\/03\/18\/bolsa-de-lisboa-abre-em-subida-de-006\/\",\"name\":\"Bolsa de Lisboa abre em subida de 0,06% - Portal Tela Portugal\",\"isPartOf\":{\"@id\":\"https:\/\/portaltela.pt\/#website\"},\"primaryImageOfPage\":{\"@id\":\"https:\/\/portaltela.pt\/noticias\/2026\/03\/18\/bolsa-de-lisboa-abre-em-subida-de-006\/#primaryimage\"},\"image\":{\"@id\":\"https:\/\/portaltela.pt\/noticias\/2026\/03\/18\/bolsa-de-lisboa-abre-em-subida-de-006\/#primaryimage\"},\"thumbnailUrl\":\"https:\/\/portaltela.pt\/s.01k8rhncp4jt1\/2026\/03\/img_1500x1000uu2015-09-08-18-57-00-481846.jpg\",\"datePublished\":\"2026-03-18T08:13:47+00:00\",\"author\":{\"@id\":\"https:\/\/portaltela.pt\/#\/schema\/person\/c4278d4a6028830caff9ee44b42d32ed\"},\"breadcrumb\":{\"@id\":\"https:\/\/portaltela.pt\/noticias\/2026\/03\/18\/bolsa-de-lisboa-abre-em-subida-de-006\/#breadcrumb\"},\"inLanguage\":\"pt-PT\",\"potentialAction\":[{\"@type\":\"ReadAction\",\"target\":[\"https:\/\/portaltela.pt\/noticias\/2026\/03\/18\/bolsa-de-lisboa-abre-em-subida-de-006\/\"]}]},{\"@type\":\"ImageObject\",\"inLanguage\":\"pt-PT\",\"@id\":\"https:\/\/portaltela.pt\/noticias\/2026\/03\/18\/bolsa-de-lisboa-abre-em-subida-de-006\/#primaryimage\",\"url\":\"https:\/\/portaltela.pt\/s.01k8rhncp4jt1\/2026\/03\/img_1500x1000uu2015-09-08-18-57-00-481846.jpg\",\"contentUrl\":\"https:\/\/portaltela.pt\/s.01k8rhncp4jt1\/2026\/03\/img_1500x1000uu2015-09-08-18-57-00-481846.jpg\",\"width\":796,\"height\":448,\"caption\":\"Bolsa Lisboa\"},{\"@type\":\"BreadcrumbList\",\"@id\":\"https:\/\/portaltela.pt\/noticias\/2026\/03\/18\/bolsa-de-lisboa-abre-em-subida-de-006\/#breadcrumb\",\"itemListElement\":[{\"@type\":\"ListItem\",\"position\":1,\"name\":\"In\u00edcio\",\"item\":\"https:\/\/portaltela.pt\/\"},{\"@type\":\"ListItem\",\"position\":2,\"name\":\"Bolsa de Lisboa abre em subida de 0,06%\"}]},{\"@type\":\"WebSite\",\"@id\":\"https:\/\/portaltela.pt\/#website\",\"url\":\"https:\/\/portaltela.pt\/\",\"name\":\"Portal Tela Portugal\",\"description\":\"\",\"potentialAction\":[{\"@type\":\"SearchAction\",\"target\":{\"@type\":\"EntryPoint\",\"urlTemplate\":\"https:\/\/portaltela.pt\/?s={search_term_string}\"},\"query-input\":{\"@type\":\"PropertyValueSpecification\",\"valueRequired\":true,\"valueName\":\"search_term_string\"}}],\"inLanguage\":\"pt-PT\"},{\"@type\":\"Person\",\"@id\":\"https:\/\/portaltela.pt\/#\/schema\/person\/c4278d4a6028830caff9ee44b42d32ed\",\"name\":\"Telinha\",\"image\":{\"@type\":\"ImageObject\",\"inLanguage\":\"pt-PT\",\"@id\":\"https:\/\/portaltela.pt\/s.01k8rhncp4jt1\/2025\/11\/talking-bot-125x125.png\",\"url\":\"https:\/\/portaltela.pt\/s.01k8rhncp4jt1\/2025\/11\/talking-bot-125x125.png\",\"contentUrl\":\"https:\/\/portaltela.pt\/s.01k8rhncp4jt1\/2025\/11\/talking-bot-125x125.png\",\"caption\":\"Telinha\"},\"sameAs\":[\"https:\/\/portaltela.pt\/\"],\"url\":\"https:\/\/portaltela.pt\/por\/367410592786\/\"}]}<\/script>\n<!-- \/ Yoast SEO plugin. -->","yoast_head_json":{"title":"Bolsa de Lisboa abre em subida de 0,06% - Portal Tela Portugal","robots":{"index":"index","follow":"follow","max-snippet":"max-snippet:-1","max-image-preview":"max-image-preview:large","max-video-preview":"max-video-preview:-1"},"og_locale":"pt_PT","og_type":"article","og_title":"Bolsa de Lisboa abre em subida de 0,06% - Portal Tela Portugal","og_description":"A bolsa de Lisboa abriu esta quarta-feira em territ\u00f3rio positivo, com o PSI a subir 0,06% para 9.180,58 pontos. Na ter\u00e7a-feira, o PSI encerrou em alta, subindo 0,50% para 9.175,24 pontos, impulsionado pelos ganhos do setor energ\u00e9tico. Galp Energia e EDP Renov\u00e1veis contribu\u00edram para o avan\u00e7o, com ganhos que somaram mais de 2%.","og_url":"https:\/\/portaltela.pt\/noticias\/2026\/03\/18\/bolsa-de-lisboa-abre-em-subida-de-006\/","og_site_name":"Portal Tela Portugal","article_published_time":"2026-03-18T08:13:47+00:00","author":"Telinha","twitter_card":"summary_large_image","twitter_misc":{"Escrito por":"Telinha","Tempo estimado de leitura":"1 minuto"},"schema":{"@context":"https:\/\/schema.org","@graph":[{"@type":"Article","@id":"https:\/\/portaltela.pt\/noticias\/2026\/03\/18\/bolsa-de-lisboa-abre-em-subida-de-006\/#article","isPartOf":{"@id":"https:\/\/portaltela.pt\/noticias\/2026\/03\/18\/bolsa-de-lisboa-abre-em-subida-de-006\/"},"author":{"name":"Telinha","@id":"https:\/\/portaltela.pt\/#\/schema\/person\/c4278d4a6028830caff9ee44b42d32ed"},"headline":"Bolsa de Lisboa abre em subida de 0,06%","datePublished":"2026-03-18T08:13:47+00:00","mainEntityOfPage":{"@id":"https:\/\/portaltela.pt\/noticias\/2026\/03\/18\/bolsa-de-lisboa-abre-em-subida-de-006\/"},"wordCount":144,"image":{"@id":"https:\/\/portaltela.pt\/noticias\/2026\/03\/18\/bolsa-de-lisboa-abre-em-subida-de-006\/#primaryimage"},"thumbnailUrl":"https:\/\/portaltela.pt\/s.01k8rhncp4jt1\/2026\/03\/img_1500x1000uu2015-09-08-18-57-00-481846.jpg","keywords":["_economia","bolsa","EDP Renov\u00e1veis","energia","energias renov\u00e1veis","Portugal"],"articleSection":["Economia","Neg\u00f3cios"],"inLanguage":"pt-PT"},{"@type":"WebPage","@id":"https:\/\/portaltela.pt\/noticias\/2026\/03\/18\/bolsa-de-lisboa-abre-em-subida-de-006\/","url":"https:\/\/portaltela.pt\/noticias\/2026\/03\/18\/bolsa-de-lisboa-abre-em-subida-de-006\/","name":"Bolsa de Lisboa abre em subida de 0,06% - Portal Tela Portugal","isPartOf":{"@id":"https:\/\/portaltela.pt\/#website"},"primaryImageOfPage":{"@id":"https:\/\/portaltela.pt\/noticias\/2026\/03\/18\/bolsa-de-lisboa-abre-em-subida-de-006\/#primaryimage"},"image":{"@id":"https:\/\/portaltela.pt\/noticias\/2026\/03\/18\/bolsa-de-lisboa-abre-em-subida-de-006\/#primaryimage"},"thumbnailUrl":"https:\/\/portaltela.pt\/s.01k8rhncp4jt1\/2026\/03\/img_1500x1000uu2015-09-08-18-57-00-481846.jpg","datePublished":"2026-03-18T08:13:47+00:00","author":{"@id":"https:\/\/portaltela.pt\/#\/schema\/person\/c4278d4a6028830caff9ee44b42d32ed"},"breadcrumb":{"@id":"https:\/\/portaltela.pt\/noticias\/2026\/03\/18\/bolsa-de-lisboa-abre-em-subida-de-006\/#breadcrumb"},"inLanguage":"pt-PT","potentialAction":[{"@type":"ReadAction","target":["https:\/\/portaltela.pt\/noticias\/2026\/03\/18\/bolsa-de-lisboa-abre-em-subida-de-006\/"]}]},{"@type":"ImageObject","inLanguage":"pt-PT","@id":"https:\/\/portaltela.pt\/noticias\/2026\/03\/18\/bolsa-de-lisboa-abre-em-subida-de-006\/#primaryimage","url":"https:\/\/portaltela.pt\/s.01k8rhncp4jt1\/2026\/03\/img_1500x1000uu2015-09-08-18-57-00-481846.jpg","contentUrl":"https:\/\/portaltela.pt\/s.01k8rhncp4jt1\/2026\/03\/img_1500x1000uu2015-09-08-18-57-00-481846.jpg","width":796,"height":448,"caption":"Bolsa Lisboa"},{"@type":"BreadcrumbList","@id":"https:\/\/portaltela.pt\/noticias\/2026\/03\/18\/bolsa-de-lisboa-abre-em-subida-de-006\/#breadcrumb","itemListElement":[{"@type":"ListItem","position":1,"name":"In\u00edcio","item":"https:\/\/portaltela.pt\/"},{"@type":"ListItem","position":2,"name":"Bolsa de Lisboa abre em subida de 0,06%"}]},{"@type":"WebSite","@id":"https:\/\/portaltela.pt\/#website","url":"https:\/\/portaltela.pt\/","name":"Portal Tela Portugal","description":"","potentialAction":[{"@type":"SearchAction","target":{"@type":"EntryPoint","urlTemplate":"https:\/\/portaltela.pt\/?s={search_term_string}"},"query-input":{"@type":"PropertyValueSpecification","valueRequired":true,"valueName":"search_term_string"}}],"inLanguage":"pt-PT"},{"@type":"Person","@id":"https:\/\/portaltela.pt\/#\/schema\/person\/c4278d4a6028830caff9ee44b42d32ed","name":"Telinha","image":{"@type":"ImageObject","inLanguage":"pt-PT","@id":"https:\/\/portaltela.pt\/s.01k8rhncp4jt1\/2025\/11\/talking-bot-125x125.png","url":"https:\/\/portaltela.pt\/s.01k8rhncp4jt1\/2025\/11\/talking-bot-125x125.png","contentUrl":"https:\/\/portaltela.pt\/s.01k8rhncp4jt1\/2025\/11\/talking-bot-125x125.png","caption":"Telinha"},"sameAs":["https:\/\/portaltela.pt\/"],"url":"https:\/\/portaltela.pt\/por\/367410592786\/"}]}},"_links":{"self":[{"href":"https:\/\/portaltela.pt\/api\/wp\/v2\/posts\/414178","targetHints":{"allow":["GET"]}}],"collection":[{"href":"https:\/\/portaltela.pt\/api\/wp\/v2\/posts"}],"about":[{"href":"https:\/\/portaltela.pt\/api\/wp\/v2\/types\/post"}],"author":[{"embeddable":true,"href":"https:\/\/portaltela.pt\/api\/wp\/v2\/users\/2"}],"replies":[{"embeddable":true,"href":"https:\/\/portaltela.pt\/api\/wp\/v2\/comments?post=414178"}],"version-history":[{"count":0,"href":"https:\/\/portaltela.pt\/api\/wp\/v2\/posts\/414178\/revisions"}],"wp:featuredmedia":[{"embeddable":true,"href":"https:\/\/portaltela.pt\/api\/wp\/v2\/media\/414179"}],"wp:attachment":[{"href":"https:\/\/portaltela.pt\/api\/wp\/v2\/media?parent=414178"}],"wp:term":[{"taxonomy":"category","embeddable":true,"href":"https:\/\/portaltela.pt\/api\/wp\/v2\/categories?post=414178"},{"taxonomy":"post_tag","embeddable":true,"href":"https:\/\/portaltela.pt\/api\/wp\/v2\/tags?post=414178"}],"curies":[{"name":"wp","href":"https:\/\/api.w.org\/{rel}","templated":true}]}}