{"id":414165,"date":"2026-03-18T04:41:00","date_gmt":"2026-03-18T07:41:00","guid":{"rendered":"https:\/\/portaltela.pt\/noticias\/2026\/03\/18\/ataques-no-libano-causam-19-mortos-ataque-a-telavive-deixa-duas-vitimas\/"},"modified":"2026-03-18T04:41:00","modified_gmt":"2026-03-18T07:41:00","slug":"ataques-no-libano-causam-19-mortos-ataque-a-telavive-deixa-duas-vitimas","status":"publish","type":"post","link":"https:\/\/portaltela.pt\/guerra\/2026\/03\/18\/ataques-no-libano-causam-19-mortos-ataque-a-telavive-deixa-duas-vitimas\/","title":{"rendered":"Ataques no L\u00edbano causam 19 mortos; ataque a Telavive deixa duas v\u00edtimas"},"content":{"rendered":"<p>Uma ofensiva com ataques israelitas no L\u00edbano deixou 19 mortos, segundo relatos de ag\u00eancias de not\u00edcias. Em territ\u00f3rio israelita, dois civis morreram num ataque pr\u00f3ximo de Telavive. As informa\u00e7\u00f5es indicam que a escalada envolve a\u00e7\u00f5es militares entre Israel, Beirute e a regi\u00e3o, com o Ir\u00e3o a prometer retalia\u00e7\u00e3o.<\/p>\n<p>Beirute, capital do L\u00edbano, foi alvo de ataques que atingiram bairros centrais, incluindo Zuqaq al-Blat e Bachoura. Equipes de emerg\u00eancia trabalham no local, em edif\u00edcios que tiveram desmoronamento e danos a infraestruturas. Testemunhas relatam ve\u00edculos danificados nas zonas atingidas.<\/p>\n<p>As autoridades libanesas descrevem os ataques como parte de uma sequ\u00eancia de bombardeamentos, enquanto registos visuais mostram sirenes em Telavive e atividade de resposta de emerg\u00eancia no centro de Isra\u00ebl. A divulga\u00e7\u00e3o de imagens refor\u00e7a a percep\u00e7\u00e3o de uma regi\u00e3o em estado de alerta elevado.<\/p>\n<h3>Contexto e desdobramentos<\/h3>\n<p>O governo israelita n\u00e3o confirmou detalhadamente todas as opera\u00e7\u00f5es, mas entidades internacionais registraram esfor\u00e7os de resposta militar na dire\u00e7\u00e3o de Beirute. O Ir\u00e3o j\u00e1 anunciou que vai responder, o que acrescenta tens\u00e3o \u00e0 situa\u00e7\u00e3o regional e alimenta a incerteza sobre novos ataques.<\/p>\n<p>Informa\u00e7\u00f5es adicionais apontam para um aumento da press\u00e3o sobre civis em v\u00e1rias comunidades na regi\u00e3o, com relatos de danos estruturais em \u00e1reas residenciais de Beirute. Autoridades libanesas pedem cautela enquanto avaliam o alcance das a\u00e7\u00f5es e as potenciais evolu\u00e7\u00f5es.<\/p>\n","protected":false},"excerpt":{"rendered":"<ul>\n<li>Novos ataques no L\u00edbano deixam 19 mortos.<\/li>\n<li>Em Israel, registam\u2011se duas v\u00edtimas mortais num ataque pr\u00f3ximo de Telavive.<\/li>\n<li>Beirute foi alvo de ataques israelitas, com danos em bairros centrais como Zuqaq al-Blat e Bachoura.<\/li>\n<li>O Ir\u00e3o promete retalia\u00e7\u00e3o pelo que descreve como ataques, aumentando as tens\u00f5es na regi\u00e3o.<\/li>\n<li>Equipes de emerg\u00eancia trabalham nos locais atingidos, com edif\u00edcios desmoronados em Bachoura.<\/li>\n<\/ul>\n","protected":false},"author":2,"featured_media":414173,"comment_status":"closed","ping_status":"closed","sticky":false,"template":"","format":"standard","meta":{"footnotes":""},"categories":[6790,6804],"tags":[6552,62,3153,3708,6635,2871],"class_list":["post-414165","post","type-post","status-publish","format-standard","has-post-thumbnail","hentry","category-conflitos","category-guerra","tag-beirute","tag-guerra","tag-ira","tag-israel","tag-libano","tag-telavive"],"yoast_head":"<!-- This site is optimized with the Yoast SEO plugin v27.2 - https:\/\/yoast.com\/product\/yoast-seo-wordpress\/ -->\n<title>Ataques no L\u00edbano causam 19 mortos; ataque a Telavive deixa duas v\u00edtimas - Portal Tela Portugal<\/title>\n<meta name=\"robots\" content=\"index, follow, max-snippet:-1, max-image-preview:large, max-video-preview:-1\" \/>\n<meta property=\"og:locale\" content=\"pt_PT\" \/>\n<meta property=\"og:type\" content=\"article\" \/>\n<meta property=\"og:title\" content=\"Ataques no L\u00edbano causam 19 mortos; ataque a Telavive deixa duas v\u00edtimas - Portal Tela Portugal\" \/>\n<meta property=\"og:description\" content=\"Novos ataques no L\u00edbano deixam 19 mortos. Em Israel, registam\u2011se duas v\u00edtimas mortais num ataque pr\u00f3ximo de Telavive. Beirute foi alvo de ataques israelitas, com danos em bairros centrais como Zuqaq al-Blat e Bachoura. O Ir\u00e3o promete retalia\u00e7\u00e3o pelo que descreve como ataques, aumentando as tens\u00f5es na regi\u00e3o. Equipes de emerg\u00eancia trabalham nos locais atingidos, com edif\u00edcios desmoronados em Bachoura.\" \/>\n<meta property=\"og:url\" content=\"https:\/\/portaltela.pt\/noticias\/2026\/03\/18\/ataques-no-libano-causam-19-mortos-ataque-a-telavive-deixa-duas-vitimas\/\" \/>\n<meta property=\"og:site_name\" content=\"Portal Tela Portugal\" \/>\n<meta property=\"article:published_time\" content=\"2026-03-18T07:41:00+00:00\" \/>\n<meta name=\"author\" content=\"Telinha\" \/>\n<meta name=\"twitter:card\" content=\"summary_large_image\" \/>\n<meta name=\"twitter:label1\" content=\"Escrito por\" \/>\n\t<meta name=\"twitter:data1\" content=\"Telinha\" \/>\n\t<meta name=\"twitter:label2\" content=\"Tempo estimado de leitura\" \/>\n\t<meta name=\"twitter:data2\" content=\"1 minuto\" \/>\n<script type=\"application\/ld+json\" class=\"yoast-schema-graph\">{\"@context\":\"https:\/\/schema.org\",\"@graph\":[{\"@type\":\"Article\",\"@id\":\"https:\/\/portaltela.pt\/noticias\/2026\/03\/18\/ataques-no-libano-causam-19-mortos-ataque-a-telavive-deixa-duas-vitimas\/#article\",\"isPartOf\":{\"@id\":\"https:\/\/portaltela.pt\/noticias\/2026\/03\/18\/ataques-no-libano-causam-19-mortos-ataque-a-telavive-deixa-duas-vitimas\/\"},\"author\":{\"name\":\"Telinha\",\"@id\":\"https:\/\/portaltela.pt\/#\/schema\/person\/c4278d4a6028830caff9ee44b42d32ed\"},\"headline\":\"Ataques no L\u00edbano causam 19 mortos; ataque a Telavive deixa duas v\u00edtimas\",\"datePublished\":\"2026-03-18T07:41:00+00:00\",\"mainEntityOfPage\":{\"@id\":\"https:\/\/portaltela.pt\/noticias\/2026\/03\/18\/ataques-no-libano-causam-19-mortos-ataque-a-telavive-deixa-duas-vitimas\/\"},\"wordCount\":261,\"image\":{\"@id\":\"https:\/\/portaltela.pt\/noticias\/2026\/03\/18\/ataques-no-libano-causam-19-mortos-ataque-a-telavive-deixa-duas-vitimas\/#primaryimage\"},\"thumbnailUrl\":\"https:\/\/portaltela.pt\/s.01k8rhncp4jt1\/2026\/03\/2075091.jpg\",\"keywords\":[\"Beirute\",\"guerra\",\"Ir\u00e3\",\"Israel\",\"L\u00edbano\",\"Telavive\"],\"articleSection\":[\"Conflitos\",\"Guerra\"],\"inLanguage\":\"pt-PT\"},{\"@type\":\"WebPage\",\"@id\":\"https:\/\/portaltela.pt\/noticias\/2026\/03\/18\/ataques-no-libano-causam-19-mortos-ataque-a-telavive-deixa-duas-vitimas\/\",\"url\":\"https:\/\/portaltela.pt\/noticias\/2026\/03\/18\/ataques-no-libano-causam-19-mortos-ataque-a-telavive-deixa-duas-vitimas\/\",\"name\":\"Ataques no L\u00edbano causam 19 mortos; ataque a Telavive deixa duas v\u00edtimas - Portal Tela Portugal\",\"isPartOf\":{\"@id\":\"https:\/\/portaltela.pt\/#website\"},\"primaryImageOfPage\":{\"@id\":\"https:\/\/portaltela.pt\/noticias\/2026\/03\/18\/ataques-no-libano-causam-19-mortos-ataque-a-telavive-deixa-duas-vitimas\/#primaryimage\"},\"image\":{\"@id\":\"https:\/\/portaltela.pt\/noticias\/2026\/03\/18\/ataques-no-libano-causam-19-mortos-ataque-a-telavive-deixa-duas-vitimas\/#primaryimage\"},\"thumbnailUrl\":\"https:\/\/portaltela.pt\/s.01k8rhncp4jt1\/2026\/03\/2075091.jpg\",\"datePublished\":\"2026-03-18T07:41:00+00:00\",\"author\":{\"@id\":\"https:\/\/portaltela.pt\/#\/schema\/person\/c4278d4a6028830caff9ee44b42d32ed\"},\"breadcrumb\":{\"@id\":\"https:\/\/portaltela.pt\/noticias\/2026\/03\/18\/ataques-no-libano-causam-19-mortos-ataque-a-telavive-deixa-duas-vitimas\/#breadcrumb\"},\"inLanguage\":\"pt-PT\",\"potentialAction\":[{\"@type\":\"ReadAction\",\"target\":[\"https:\/\/portaltela.pt\/noticias\/2026\/03\/18\/ataques-no-libano-causam-19-mortos-ataque-a-telavive-deixa-duas-vitimas\/\"]}]},{\"@type\":\"ImageObject\",\"inLanguage\":\"pt-PT\",\"@id\":\"https:\/\/portaltela.pt\/noticias\/2026\/03\/18\/ataques-no-libano-causam-19-mortos-ataque-a-telavive-deixa-duas-vitimas\/#primaryimage\",\"url\":\"https:\/\/portaltela.pt\/s.01k8rhncp4jt1\/2026\/03\/2075091.jpg\",\"contentUrl\":\"https:\/\/portaltela.pt\/s.01k8rhncp4jt1\/2026\/03\/2075091.jpg\",\"width\":796,\"height\":448,\"caption\":\"Pessoas caminham perto do local de um ataque israelita ao L\u00edbano\"},{\"@type\":\"BreadcrumbList\",\"@id\":\"https:\/\/portaltela.pt\/noticias\/2026\/03\/18\/ataques-no-libano-causam-19-mortos-ataque-a-telavive-deixa-duas-vitimas\/#breadcrumb\",\"itemListElement\":[{\"@type\":\"ListItem\",\"position\":1,\"name\":\"In\u00edcio\",\"item\":\"https:\/\/portaltela.pt\/\"},{\"@type\":\"ListItem\",\"position\":2,\"name\":\"Ataques no L\u00edbano causam 19 mortos; ataque a Telavive deixa duas v\u00edtimas\"}]},{\"@type\":\"WebSite\",\"@id\":\"https:\/\/portaltela.pt\/#website\",\"url\":\"https:\/\/portaltela.pt\/\",\"name\":\"Portal Tela Portugal\",\"description\":\"\",\"potentialAction\":[{\"@type\":\"SearchAction\",\"target\":{\"@type\":\"EntryPoint\",\"urlTemplate\":\"https:\/\/portaltela.pt\/?s={search_term_string}\"},\"query-input\":{\"@type\":\"PropertyValueSpecification\",\"valueRequired\":true,\"valueName\":\"search_term_string\"}}],\"inLanguage\":\"pt-PT\"},{\"@type\":\"Person\",\"@id\":\"https:\/\/portaltela.pt\/#\/schema\/person\/c4278d4a6028830caff9ee44b42d32ed\",\"name\":\"Telinha\",\"image\":{\"@type\":\"ImageObject\",\"inLanguage\":\"pt-PT\",\"@id\":\"https:\/\/portaltela.pt\/s.01k8rhncp4jt1\/2025\/11\/talking-bot-125x125.png\",\"url\":\"https:\/\/portaltela.pt\/s.01k8rhncp4jt1\/2025\/11\/talking-bot-125x125.png\",\"contentUrl\":\"https:\/\/portaltela.pt\/s.01k8rhncp4jt1\/2025\/11\/talking-bot-125x125.png\",\"caption\":\"Telinha\"},\"sameAs\":[\"https:\/\/portaltela.pt\/\"],\"url\":\"https:\/\/portaltela.pt\/por\/367410592786\/\"}]}<\/script>\n<!-- \/ Yoast SEO plugin. -->","yoast_head_json":{"title":"Ataques no L\u00edbano causam 19 mortos; ataque a Telavive deixa duas v\u00edtimas - Portal Tela Portugal","robots":{"index":"index","follow":"follow","max-snippet":"max-snippet:-1","max-image-preview":"max-image-preview:large","max-video-preview":"max-video-preview:-1"},"og_locale":"pt_PT","og_type":"article","og_title":"Ataques no L\u00edbano causam 19 mortos; ataque a Telavive deixa duas v\u00edtimas - Portal Tela Portugal","og_description":"Novos ataques no L\u00edbano deixam 19 mortos. Em Israel, registam\u2011se duas v\u00edtimas mortais num ataque pr\u00f3ximo de Telavive. Beirute foi alvo de ataques israelitas, com danos em bairros centrais como Zuqaq al-Blat e Bachoura. O Ir\u00e3o promete retalia\u00e7\u00e3o pelo que descreve como ataques, aumentando as tens\u00f5es na regi\u00e3o. Equipes de emerg\u00eancia trabalham nos locais atingidos, com edif\u00edcios desmoronados em Bachoura.","og_url":"https:\/\/portaltela.pt\/noticias\/2026\/03\/18\/ataques-no-libano-causam-19-mortos-ataque-a-telavive-deixa-duas-vitimas\/","og_site_name":"Portal Tela Portugal","article_published_time":"2026-03-18T07:41:00+00:00","author":"Telinha","twitter_card":"summary_large_image","twitter_misc":{"Escrito por":"Telinha","Tempo estimado de leitura":"1 minuto"},"schema":{"@context":"https:\/\/schema.org","@graph":[{"@type":"Article","@id":"https:\/\/portaltela.pt\/noticias\/2026\/03\/18\/ataques-no-libano-causam-19-mortos-ataque-a-telavive-deixa-duas-vitimas\/#article","isPartOf":{"@id":"https:\/\/portaltela.pt\/noticias\/2026\/03\/18\/ataques-no-libano-causam-19-mortos-ataque-a-telavive-deixa-duas-vitimas\/"},"author":{"name":"Telinha","@id":"https:\/\/portaltela.pt\/#\/schema\/person\/c4278d4a6028830caff9ee44b42d32ed"},"headline":"Ataques no L\u00edbano causam 19 mortos; ataque a Telavive deixa duas v\u00edtimas","datePublished":"2026-03-18T07:41:00+00:00","mainEntityOfPage":{"@id":"https:\/\/portaltela.pt\/noticias\/2026\/03\/18\/ataques-no-libano-causam-19-mortos-ataque-a-telavive-deixa-duas-vitimas\/"},"wordCount":261,"image":{"@id":"https:\/\/portaltela.pt\/noticias\/2026\/03\/18\/ataques-no-libano-causam-19-mortos-ataque-a-telavive-deixa-duas-vitimas\/#primaryimage"},"thumbnailUrl":"https:\/\/portaltela.pt\/s.01k8rhncp4jt1\/2026\/03\/2075091.jpg","keywords":["Beirute","guerra","Ir\u00e3","Israel","L\u00edbano","Telavive"],"articleSection":["Conflitos","Guerra"],"inLanguage":"pt-PT"},{"@type":"WebPage","@id":"https:\/\/portaltela.pt\/noticias\/2026\/03\/18\/ataques-no-libano-causam-19-mortos-ataque-a-telavive-deixa-duas-vitimas\/","url":"https:\/\/portaltela.pt\/noticias\/2026\/03\/18\/ataques-no-libano-causam-19-mortos-ataque-a-telavive-deixa-duas-vitimas\/","name":"Ataques no L\u00edbano causam 19 mortos; ataque a Telavive deixa duas v\u00edtimas - Portal Tela Portugal","isPartOf":{"@id":"https:\/\/portaltela.pt\/#website"},"primaryImageOfPage":{"@id":"https:\/\/portaltela.pt\/noticias\/2026\/03\/18\/ataques-no-libano-causam-19-mortos-ataque-a-telavive-deixa-duas-vitimas\/#primaryimage"},"image":{"@id":"https:\/\/portaltela.pt\/noticias\/2026\/03\/18\/ataques-no-libano-causam-19-mortos-ataque-a-telavive-deixa-duas-vitimas\/#primaryimage"},"thumbnailUrl":"https:\/\/portaltela.pt\/s.01k8rhncp4jt1\/2026\/03\/2075091.jpg","datePublished":"2026-03-18T07:41:00+00:00","author":{"@id":"https:\/\/portaltela.pt\/#\/schema\/person\/c4278d4a6028830caff9ee44b42d32ed"},"breadcrumb":{"@id":"https:\/\/portaltela.pt\/noticias\/2026\/03\/18\/ataques-no-libano-causam-19-mortos-ataque-a-telavive-deixa-duas-vitimas\/#breadcrumb"},"inLanguage":"pt-PT","potentialAction":[{"@type":"ReadAction","target":["https:\/\/portaltela.pt\/noticias\/2026\/03\/18\/ataques-no-libano-causam-19-mortos-ataque-a-telavive-deixa-duas-vitimas\/"]}]},{"@type":"ImageObject","inLanguage":"pt-PT","@id":"https:\/\/portaltela.pt\/noticias\/2026\/03\/18\/ataques-no-libano-causam-19-mortos-ataque-a-telavive-deixa-duas-vitimas\/#primaryimage","url":"https:\/\/portaltela.pt\/s.01k8rhncp4jt1\/2026\/03\/2075091.jpg","contentUrl":"https:\/\/portaltela.pt\/s.01k8rhncp4jt1\/2026\/03\/2075091.jpg","width":796,"height":448,"caption":"Pessoas caminham perto do local de um ataque israelita ao L\u00edbano"},{"@type":"BreadcrumbList","@id":"https:\/\/portaltela.pt\/noticias\/2026\/03\/18\/ataques-no-libano-causam-19-mortos-ataque-a-telavive-deixa-duas-vitimas\/#breadcrumb","itemListElement":[{"@type":"ListItem","position":1,"name":"In\u00edcio","item":"https:\/\/portaltela.pt\/"},{"@type":"ListItem","position":2,"name":"Ataques no L\u00edbano causam 19 mortos; ataque a Telavive deixa duas v\u00edtimas"}]},{"@type":"WebSite","@id":"https:\/\/portaltela.pt\/#website","url":"https:\/\/portaltela.pt\/","name":"Portal Tela Portugal","description":"","potentialAction":[{"@type":"SearchAction","target":{"@type":"EntryPoint","urlTemplate":"https:\/\/portaltela.pt\/?s={search_term_string}"},"query-input":{"@type":"PropertyValueSpecification","valueRequired":true,"valueName":"search_term_string"}}],"inLanguage":"pt-PT"},{"@type":"Person","@id":"https:\/\/portaltela.pt\/#\/schema\/person\/c4278d4a6028830caff9ee44b42d32ed","name":"Telinha","image":{"@type":"ImageObject","inLanguage":"pt-PT","@id":"https:\/\/portaltela.pt\/s.01k8rhncp4jt1\/2025\/11\/talking-bot-125x125.png","url":"https:\/\/portaltela.pt\/s.01k8rhncp4jt1\/2025\/11\/talking-bot-125x125.png","contentUrl":"https:\/\/portaltela.pt\/s.01k8rhncp4jt1\/2025\/11\/talking-bot-125x125.png","caption":"Telinha"},"sameAs":["https:\/\/portaltela.pt\/"],"url":"https:\/\/portaltela.pt\/por\/367410592786\/"}]}},"_links":{"self":[{"href":"https:\/\/portaltela.pt\/api\/wp\/v2\/posts\/414165","targetHints":{"allow":["GET"]}}],"collection":[{"href":"https:\/\/portaltela.pt\/api\/wp\/v2\/posts"}],"about":[{"href":"https:\/\/portaltela.pt\/api\/wp\/v2\/types\/post"}],"author":[{"embeddable":true,"href":"https:\/\/portaltela.pt\/api\/wp\/v2\/users\/2"}],"replies":[{"embeddable":true,"href":"https:\/\/portaltela.pt\/api\/wp\/v2\/comments?post=414165"}],"version-history":[{"count":0,"href":"https:\/\/portaltela.pt\/api\/wp\/v2\/posts\/414165\/revisions"}],"wp:featuredmedia":[{"embeddable":true,"href":"https:\/\/portaltela.pt\/api\/wp\/v2\/media\/414173"}],"wp:attachment":[{"href":"https:\/\/portaltela.pt\/api\/wp\/v2\/media?parent=414165"}],"wp:term":[{"taxonomy":"category","embeddable":true,"href":"https:\/\/portaltela.pt\/api\/wp\/v2\/categories?post=414165"},{"taxonomy":"post_tag","embeddable":true,"href":"https:\/\/portaltela.pt\/api\/wp\/v2\/tags?post=414165"}],"curies":[{"name":"wp","href":"https:\/\/api.w.org\/{rel}","templated":true}]}}