{"id":414162,"date":"2026-03-18T04:31:00","date_gmt":"2026-03-18T07:31:00","guid":{"rendered":"https:\/\/portaltela.pt\/noticias\/2026\/03\/18\/regra-dos-20-anos-na-moda-mudancas-de-estilos-ao-longo-das-decadas\/"},"modified":"2026-03-18T04:31:00","modified_gmt":"2026-03-18T07:31:00","slug":"regra-dos-20-anos-na-moda-mudancas-de-estilos-ao-longo-das-decadas","status":"publish","type":"post","link":"https:\/\/portaltela.pt\/noticias\/2026\/03\/18\/regra-dos-20-anos-na-moda-mudancas-de-estilos-ao-longo-das-decadas\/","title":{"rendered":"Regra dos 20 anos na moda: mudan\u00e7as de estilos ao longo das d\u00e9cadas"},"content":{"rendered":"<p>Num estudo recente, uma equipa da Universidade do Noroeste, nos EUA, desenvolveu um modelo matem\u00e1tico que sustenta a ideia de que as tend\u00eancias da moda ressurgem a cada 20 anos.<\/p>\n<p>O grupo de investigadores prop\u00f5e uma explica\u00e7\u00e3o quantitativa para o que especialistas j\u00e1 mencionavam: padr\u00f5es de vestu\u00e1rio como cal\u00e7as de boca-de-sino, boleros e minissaias podem reaparecer em ciclos de duas d\u00e9cadas.<\/p>\n<p>Segundo os autores, o modelo identifica sinais previs\u00edveis de recrescimento de estilos ao longo de per\u00edodos de aproximadamente 20 anos, com varia\u00e7\u00f5es dependendo de fatores culturais e mercadol\u00f3gicos.<\/p>\n<p>Os resultados indicam que a ind\u00fastria da moda pode observar ciclos de demanda e planeamento de cole\u00e7\u00f5es com base em padr\u00f5es recorrentes, oferecendo uma leitura mais objetiva sobre a renova\u00e7\u00e3o de estilos.<\/p>\n","protected":false},"excerpt":{"rendered":"<ul>\n<li>Um estudo da Universidade do Noroeste, nos Estados Unidos, criou um modelo matem\u00e1tico para analisar tend\u00eancias da moda.<\/li>\n<li>O trabalho afirma que as tend\u00eancias ressurgem aproximadamente a cada 20 anos.<\/li>\n<li>S\u00e3o citados exemplos como cal\u00e7as boca-de-sino, boleros e minissaias.<\/li>\n<li>A conclus\u00e3o devolve \u00e0 ideia da \u201cregra dos 20 anos\u201d o estatuto de realidade, n\u00e3o apenas de observa\u00e7\u00e3o.<\/li>\n<li>A pesquisa transforma a no\u00e7\u00e3o de moda em um fen\u00f3meno com base matem\u00e1tica.<\/li>\n<\/ul>\n","protected":false},"author":2,"featured_media":414168,"comment_status":"closed","ping_status":"closed","sticky":false,"template":"","format":"standard","meta":{"footnotes":""},"categories":[1],"tags":[6115,145,143,135,117],"class_list":["post-414162","post","type-post","status-publish","format-standard","has-post-thumbnail","hentry","category-noticias","tag-_economia","tag-cultura","tag-design","tag-moda","tag-tendencias"],"yoast_head":"<!-- This site is optimized with the Yoast SEO plugin v27.2 - https:\/\/yoast.com\/product\/yoast-seo-wordpress\/ -->\n<title>Regra dos 20 anos na moda: mudan\u00e7as de estilos ao longo das d\u00e9cadas - Portal Tela Portugal<\/title>\n<meta name=\"robots\" content=\"index, follow, max-snippet:-1, max-image-preview:large, max-video-preview:-1\" \/>\n<meta property=\"og:locale\" content=\"pt_PT\" \/>\n<meta property=\"og:type\" content=\"article\" \/>\n<meta property=\"og:title\" content=\"Regra dos 20 anos na moda: mudan\u00e7as de estilos ao longo das d\u00e9cadas - Portal Tela Portugal\" \/>\n<meta property=\"og:description\" content=\"Um estudo da Universidade do Noroeste, nos Estados Unidos, criou um modelo matem\u00e1tico para analisar tend\u00eancias da moda. O trabalho afirma que as tend\u00eancias ressurgem aproximadamente a cada 20 anos. S\u00e3o citados exemplos como cal\u00e7as boca-de-sino, boleros e minissaias. A conclus\u00e3o devolve \u00e0 ideia da \u201cregra dos 20 anos\u201d o estatuto de realidade, n\u00e3o apenas de observa\u00e7\u00e3o. A pesquisa transforma a no\u00e7\u00e3o de moda em um fen\u00f3meno com base matem\u00e1tica.\" \/>\n<meta property=\"og:url\" content=\"https:\/\/portaltela.pt\/noticias\/2026\/03\/18\/regra-dos-20-anos-na-moda-mudancas-de-estilos-ao-longo-das-decadas\/\" \/>\n<meta property=\"og:site_name\" content=\"Portal Tela Portugal\" \/>\n<meta property=\"article:published_time\" content=\"2026-03-18T07:31:00+00:00\" \/>\n<meta name=\"author\" content=\"Telinha\" \/>\n<meta name=\"twitter:card\" content=\"summary_large_image\" \/>\n<meta name=\"twitter:label1\" content=\"Escrito por\" \/>\n\t<meta name=\"twitter:data1\" content=\"Telinha\" \/>\n\t<meta name=\"twitter:label2\" content=\"Tempo estimado de leitura\" \/>\n\t<meta name=\"twitter:data2\" content=\"1 minuto\" \/>\n<script type=\"application\/ld+json\" class=\"yoast-schema-graph\">{\"@context\":\"https:\/\/schema.org\",\"@graph\":[{\"@type\":\"Article\",\"@id\":\"https:\/\/portaltela.pt\/noticias\/2026\/03\/18\/regra-dos-20-anos-na-moda-mudancas-de-estilos-ao-longo-das-decadas\/#article\",\"isPartOf\":{\"@id\":\"https:\/\/portaltela.pt\/noticias\/2026\/03\/18\/regra-dos-20-anos-na-moda-mudancas-de-estilos-ao-longo-das-decadas\/\"},\"author\":{\"name\":\"Telinha\",\"@id\":\"https:\/\/portaltela.pt\/#\/schema\/person\/c4278d4a6028830caff9ee44b42d32ed\"},\"headline\":\"Regra dos 20 anos na moda: mudan\u00e7as de estilos ao longo das d\u00e9cadas\",\"datePublished\":\"2026-03-18T07:31:00+00:00\",\"mainEntityOfPage\":{\"@id\":\"https:\/\/portaltela.pt\/noticias\/2026\/03\/18\/regra-dos-20-anos-na-moda-mudancas-de-estilos-ao-longo-das-decadas\/\"},\"wordCount\":149,\"image\":{\"@id\":\"https:\/\/portaltela.pt\/noticias\/2026\/03\/18\/regra-dos-20-anos-na-moda-mudancas-de-estilos-ao-longo-das-decadas\/#primaryimage\"},\"thumbnailUrl\":\"https:\/\/portaltela.pt\/s.01k8rhncp4jt1\/2026\/03\/2075025.jpg\",\"keywords\":[\"_economia\",\"cultura\",\"design\",\"moda\",\"tend\u00eancias\"],\"articleSection\":[\"Not\u00edcias\"],\"inLanguage\":\"pt-PT\"},{\"@type\":\"WebPage\",\"@id\":\"https:\/\/portaltela.pt\/noticias\/2026\/03\/18\/regra-dos-20-anos-na-moda-mudancas-de-estilos-ao-longo-das-decadas\/\",\"url\":\"https:\/\/portaltela.pt\/noticias\/2026\/03\/18\/regra-dos-20-anos-na-moda-mudancas-de-estilos-ao-longo-das-decadas\/\",\"name\":\"Regra dos 20 anos na moda: mudan\u00e7as de estilos ao longo das d\u00e9cadas - Portal Tela Portugal\",\"isPartOf\":{\"@id\":\"https:\/\/portaltela.pt\/#website\"},\"primaryImageOfPage\":{\"@id\":\"https:\/\/portaltela.pt\/noticias\/2026\/03\/18\/regra-dos-20-anos-na-moda-mudancas-de-estilos-ao-longo-das-decadas\/#primaryimage\"},\"image\":{\"@id\":\"https:\/\/portaltela.pt\/noticias\/2026\/03\/18\/regra-dos-20-anos-na-moda-mudancas-de-estilos-ao-longo-das-decadas\/#primaryimage\"},\"thumbnailUrl\":\"https:\/\/portaltela.pt\/s.01k8rhncp4jt1\/2026\/03\/2075025.jpg\",\"datePublished\":\"2026-03-18T07:31:00+00:00\",\"author\":{\"@id\":\"https:\/\/portaltela.pt\/#\/schema\/person\/c4278d4a6028830caff9ee44b42d32ed\"},\"breadcrumb\":{\"@id\":\"https:\/\/portaltela.pt\/noticias\/2026\/03\/18\/regra-dos-20-anos-na-moda-mudancas-de-estilos-ao-longo-das-decadas\/#breadcrumb\"},\"inLanguage\":\"pt-PT\",\"potentialAction\":[{\"@type\":\"ReadAction\",\"target\":[\"https:\/\/portaltela.pt\/noticias\/2026\/03\/18\/regra-dos-20-anos-na-moda-mudancas-de-estilos-ao-longo-das-decadas\/\"]}]},{\"@type\":\"ImageObject\",\"inLanguage\":\"pt-PT\",\"@id\":\"https:\/\/portaltela.pt\/noticias\/2026\/03\/18\/regra-dos-20-anos-na-moda-mudancas-de-estilos-ao-longo-das-decadas\/#primaryimage\",\"url\":\"https:\/\/portaltela.pt\/s.01k8rhncp4jt1\/2026\/03\/2075025.jpg\",\"contentUrl\":\"https:\/\/portaltela.pt\/s.01k8rhncp4jt1\/2026\/03\/2075025.jpg\",\"width\":796,\"height\":448,\"caption\":\"A evolu\u00e7\u00e3o dos vestidos ao longo dos anos\"},{\"@type\":\"BreadcrumbList\",\"@id\":\"https:\/\/portaltela.pt\/noticias\/2026\/03\/18\/regra-dos-20-anos-na-moda-mudancas-de-estilos-ao-longo-das-decadas\/#breadcrumb\",\"itemListElement\":[{\"@type\":\"ListItem\",\"position\":1,\"name\":\"In\u00edcio\",\"item\":\"https:\/\/portaltela.pt\/\"},{\"@type\":\"ListItem\",\"position\":2,\"name\":\"Regra dos 20 anos na moda: mudan\u00e7as de estilos ao longo das d\u00e9cadas\"}]},{\"@type\":\"WebSite\",\"@id\":\"https:\/\/portaltela.pt\/#website\",\"url\":\"https:\/\/portaltela.pt\/\",\"name\":\"Portal Tela Portugal\",\"description\":\"\",\"potentialAction\":[{\"@type\":\"SearchAction\",\"target\":{\"@type\":\"EntryPoint\",\"urlTemplate\":\"https:\/\/portaltela.pt\/?s={search_term_string}\"},\"query-input\":{\"@type\":\"PropertyValueSpecification\",\"valueRequired\":true,\"valueName\":\"search_term_string\"}}],\"inLanguage\":\"pt-PT\"},{\"@type\":\"Person\",\"@id\":\"https:\/\/portaltela.pt\/#\/schema\/person\/c4278d4a6028830caff9ee44b42d32ed\",\"name\":\"Telinha\",\"image\":{\"@type\":\"ImageObject\",\"inLanguage\":\"pt-PT\",\"@id\":\"https:\/\/portaltela.pt\/s.01k8rhncp4jt1\/2025\/11\/talking-bot-125x125.png\",\"url\":\"https:\/\/portaltela.pt\/s.01k8rhncp4jt1\/2025\/11\/talking-bot-125x125.png\",\"contentUrl\":\"https:\/\/portaltela.pt\/s.01k8rhncp4jt1\/2025\/11\/talking-bot-125x125.png\",\"caption\":\"Telinha\"},\"sameAs\":[\"https:\/\/portaltela.pt\/\"],\"url\":\"https:\/\/portaltela.pt\/por\/367410592786\/\"}]}<\/script>\n<!-- \/ Yoast SEO plugin. -->","yoast_head_json":{"title":"Regra dos 20 anos na moda: mudan\u00e7as de estilos ao longo das d\u00e9cadas - Portal Tela Portugal","robots":{"index":"index","follow":"follow","max-snippet":"max-snippet:-1","max-image-preview":"max-image-preview:large","max-video-preview":"max-video-preview:-1"},"og_locale":"pt_PT","og_type":"article","og_title":"Regra dos 20 anos na moda: mudan\u00e7as de estilos ao longo das d\u00e9cadas - Portal Tela Portugal","og_description":"Um estudo da Universidade do Noroeste, nos Estados Unidos, criou um modelo matem\u00e1tico para analisar tend\u00eancias da moda. O trabalho afirma que as tend\u00eancias ressurgem aproximadamente a cada 20 anos. S\u00e3o citados exemplos como cal\u00e7as boca-de-sino, boleros e minissaias. A conclus\u00e3o devolve \u00e0 ideia da \u201cregra dos 20 anos\u201d o estatuto de realidade, n\u00e3o apenas de observa\u00e7\u00e3o. A pesquisa transforma a no\u00e7\u00e3o de moda em um fen\u00f3meno com base matem\u00e1tica.","og_url":"https:\/\/portaltela.pt\/noticias\/2026\/03\/18\/regra-dos-20-anos-na-moda-mudancas-de-estilos-ao-longo-das-decadas\/","og_site_name":"Portal Tela Portugal","article_published_time":"2026-03-18T07:31:00+00:00","author":"Telinha","twitter_card":"summary_large_image","twitter_misc":{"Escrito por":"Telinha","Tempo estimado de leitura":"1 minuto"},"schema":{"@context":"https:\/\/schema.org","@graph":[{"@type":"Article","@id":"https:\/\/portaltela.pt\/noticias\/2026\/03\/18\/regra-dos-20-anos-na-moda-mudancas-de-estilos-ao-longo-das-decadas\/#article","isPartOf":{"@id":"https:\/\/portaltela.pt\/noticias\/2026\/03\/18\/regra-dos-20-anos-na-moda-mudancas-de-estilos-ao-longo-das-decadas\/"},"author":{"name":"Telinha","@id":"https:\/\/portaltela.pt\/#\/schema\/person\/c4278d4a6028830caff9ee44b42d32ed"},"headline":"Regra dos 20 anos na moda: mudan\u00e7as de estilos ao longo das d\u00e9cadas","datePublished":"2026-03-18T07:31:00+00:00","mainEntityOfPage":{"@id":"https:\/\/portaltela.pt\/noticias\/2026\/03\/18\/regra-dos-20-anos-na-moda-mudancas-de-estilos-ao-longo-das-decadas\/"},"wordCount":149,"image":{"@id":"https:\/\/portaltela.pt\/noticias\/2026\/03\/18\/regra-dos-20-anos-na-moda-mudancas-de-estilos-ao-longo-das-decadas\/#primaryimage"},"thumbnailUrl":"https:\/\/portaltela.pt\/s.01k8rhncp4jt1\/2026\/03\/2075025.jpg","keywords":["_economia","cultura","design","moda","tend\u00eancias"],"articleSection":["Not\u00edcias"],"inLanguage":"pt-PT"},{"@type":"WebPage","@id":"https:\/\/portaltela.pt\/noticias\/2026\/03\/18\/regra-dos-20-anos-na-moda-mudancas-de-estilos-ao-longo-das-decadas\/","url":"https:\/\/portaltela.pt\/noticias\/2026\/03\/18\/regra-dos-20-anos-na-moda-mudancas-de-estilos-ao-longo-das-decadas\/","name":"Regra dos 20 anos na moda: mudan\u00e7as de estilos ao longo das d\u00e9cadas - Portal Tela Portugal","isPartOf":{"@id":"https:\/\/portaltela.pt\/#website"},"primaryImageOfPage":{"@id":"https:\/\/portaltela.pt\/noticias\/2026\/03\/18\/regra-dos-20-anos-na-moda-mudancas-de-estilos-ao-longo-das-decadas\/#primaryimage"},"image":{"@id":"https:\/\/portaltela.pt\/noticias\/2026\/03\/18\/regra-dos-20-anos-na-moda-mudancas-de-estilos-ao-longo-das-decadas\/#primaryimage"},"thumbnailUrl":"https:\/\/portaltela.pt\/s.01k8rhncp4jt1\/2026\/03\/2075025.jpg","datePublished":"2026-03-18T07:31:00+00:00","author":{"@id":"https:\/\/portaltela.pt\/#\/schema\/person\/c4278d4a6028830caff9ee44b42d32ed"},"breadcrumb":{"@id":"https:\/\/portaltela.pt\/noticias\/2026\/03\/18\/regra-dos-20-anos-na-moda-mudancas-de-estilos-ao-longo-das-decadas\/#breadcrumb"},"inLanguage":"pt-PT","potentialAction":[{"@type":"ReadAction","target":["https:\/\/portaltela.pt\/noticias\/2026\/03\/18\/regra-dos-20-anos-na-moda-mudancas-de-estilos-ao-longo-das-decadas\/"]}]},{"@type":"ImageObject","inLanguage":"pt-PT","@id":"https:\/\/portaltela.pt\/noticias\/2026\/03\/18\/regra-dos-20-anos-na-moda-mudancas-de-estilos-ao-longo-das-decadas\/#primaryimage","url":"https:\/\/portaltela.pt\/s.01k8rhncp4jt1\/2026\/03\/2075025.jpg","contentUrl":"https:\/\/portaltela.pt\/s.01k8rhncp4jt1\/2026\/03\/2075025.jpg","width":796,"height":448,"caption":"A evolu\u00e7\u00e3o dos vestidos ao longo dos anos"},{"@type":"BreadcrumbList","@id":"https:\/\/portaltela.pt\/noticias\/2026\/03\/18\/regra-dos-20-anos-na-moda-mudancas-de-estilos-ao-longo-das-decadas\/#breadcrumb","itemListElement":[{"@type":"ListItem","position":1,"name":"In\u00edcio","item":"https:\/\/portaltela.pt\/"},{"@type":"ListItem","position":2,"name":"Regra dos 20 anos na moda: mudan\u00e7as de estilos ao longo das d\u00e9cadas"}]},{"@type":"WebSite","@id":"https:\/\/portaltela.pt\/#website","url":"https:\/\/portaltela.pt\/","name":"Portal Tela Portugal","description":"","potentialAction":[{"@type":"SearchAction","target":{"@type":"EntryPoint","urlTemplate":"https:\/\/portaltela.pt\/?s={search_term_string}"},"query-input":{"@type":"PropertyValueSpecification","valueRequired":true,"valueName":"search_term_string"}}],"inLanguage":"pt-PT"},{"@type":"Person","@id":"https:\/\/portaltela.pt\/#\/schema\/person\/c4278d4a6028830caff9ee44b42d32ed","name":"Telinha","image":{"@type":"ImageObject","inLanguage":"pt-PT","@id":"https:\/\/portaltela.pt\/s.01k8rhncp4jt1\/2025\/11\/talking-bot-125x125.png","url":"https:\/\/portaltela.pt\/s.01k8rhncp4jt1\/2025\/11\/talking-bot-125x125.png","contentUrl":"https:\/\/portaltela.pt\/s.01k8rhncp4jt1\/2025\/11\/talking-bot-125x125.png","caption":"Telinha"},"sameAs":["https:\/\/portaltela.pt\/"],"url":"https:\/\/portaltela.pt\/por\/367410592786\/"}]}},"_links":{"self":[{"href":"https:\/\/portaltela.pt\/api\/wp\/v2\/posts\/414162","targetHints":{"allow":["GET"]}}],"collection":[{"href":"https:\/\/portaltela.pt\/api\/wp\/v2\/posts"}],"about":[{"href":"https:\/\/portaltela.pt\/api\/wp\/v2\/types\/post"}],"author":[{"embeddable":true,"href":"https:\/\/portaltela.pt\/api\/wp\/v2\/users\/2"}],"replies":[{"embeddable":true,"href":"https:\/\/portaltela.pt\/api\/wp\/v2\/comments?post=414162"}],"version-history":[{"count":0,"href":"https:\/\/portaltela.pt\/api\/wp\/v2\/posts\/414162\/revisions"}],"wp:featuredmedia":[{"embeddable":true,"href":"https:\/\/portaltela.pt\/api\/wp\/v2\/media\/414168"}],"wp:attachment":[{"href":"https:\/\/portaltela.pt\/api\/wp\/v2\/media?parent=414162"}],"wp:term":[{"taxonomy":"category","embeddable":true,"href":"https:\/\/portaltela.pt\/api\/wp\/v2\/categories?post=414162"},{"taxonomy":"post_tag","embeddable":true,"href":"https:\/\/portaltela.pt\/api\/wp\/v2\/tags?post=414162"}],"curies":[{"name":"wp","href":"https:\/\/api.w.org\/{rel}","templated":true}]}}