{"id":414159,"date":"2026-03-18T04:45:04","date_gmt":"2026-03-18T07:45:04","guid":{"rendered":"https:\/\/portaltela.pt\/noticias\/2026\/03\/18\/quatro-coproducoes-portuguesas-em-destaque-no-festival-de-hong-kong-2\/"},"modified":"2026-03-18T04:45:04","modified_gmt":"2026-03-18T07:45:04","slug":"quatro-coproducoes-portuguesas-em-destaque-no-festival-de-hong-kong-2","status":"publish","type":"post","link":"https:\/\/portaltela.pt\/noticias\/2026\/03\/18\/quatro-coproducoes-portuguesas-em-destaque-no-festival-de-hong-kong-2\/","title":{"rendered":"Quatro coprodu\u00e7\u00f5es portuguesas em destaque no Festival de Hong Kong"},"content":{"rendered":"<p>Quatro coprodu\u00e7\u00f5es portuguesas integram o Festival Internacional de Cinema de Hong Kong (HKIFF), que decorre entre 1 e 12 de abril. A organiza\u00e7\u00e3o revelou a programa\u00e7\u00e3o, com foco na sec\u00e7\u00e3o Cinema do Mundo e em t\u00edtulos de ficci\u00f3n e document\u00e1rios.<\/p>\n<p>Entre as obras em competi\u00e7\u00e3o encontra-se O Riso e a Faca, segunda longa de fic\u00e7\u00e3o de Pedro Pinho, coprodu\u00e7\u00e3o entre Portugal, Brasil, Fran\u00e7a e Rom\u00e9nia. O filme j\u00e1 foi premiado em Cannes e candidatou-se aos Goya e aos pr\u00e9mios europeus de cinema de 2026.<\/p>\n<p>Na sec\u00e7\u00e3o Mestres e Autores, estreia Magalh\u00e3es, de Lav Diaz. O historiador filipino retrata o navegador Fern\u00e3o de Magalh\u00e3es, com participa\u00e7\u00e3o de atores como Gael Garc\u00eda Bernal e \u00c2ngela Machado em pap\u00e9is secund\u00e1rios, numa coprodu\u00e7\u00e3o que inclui Portugal pela Rosa Filmes.<\/p>\n<h3>Document\u00e1rios e outras coprodu\u00e7\u00f5es<\/h3>\n<p>Ainda na mesma sec\u00e7\u00e3o encontram-se Ghost Elephants, de Werner Herzog, filmado em Angola, e Am\u00edlcar, de Miguel Eek, sobre o l\u00edder pol\u00edtico Am\u00edlcar Cabral. Am\u00edlcar \u00e9 uma coprodu\u00e7\u00e3o entre Espanha, Fran\u00e7a, Su\u00ed\u00e7a, Cabo Verde e Portugal, com participa\u00e7\u00e3o portuguesa pela Lx Films.<\/p>\n<p>No \u00e2mbito de produ\u00e7\u00f5es em parceria, Last night I conquered the city of Thebes, de Gabriel Azor\u00edn, integra o conjunto Caleidosc\u00f3pio \u2013 Poesia em Movimento, com a colabora\u00e7\u00e3o de Primeira Idade, de Portugal.<\/p>\n<h3>Cl\u00e1ssicos restaurados e competi\u00e7\u00e3o<\/h3>\n<p>O HKIFF vai ainda exibir v\u00e1rios filmes cl\u00e1ssicos restaurados em 4K, entre os quais Aniki-B\u00f3b\u00f3 (1942), o primeiro longa de Manoel de Oliveira. A programa\u00e7\u00e3o inclui a competi\u00e7\u00e3o para curtas Firebirds, com Samba Infinito como uma das nomea\u00e7\u00f5es.<\/p>\n<p>O festival destaca ainda a presen\u00e7a de outras coprodu\u00e7\u00f5es portuguesas, refor\u00e7ando a colabora\u00e7\u00e3o entre Portugal e pa\u00edses como Brasil, Espanha, Fran\u00e7a e Rom\u00e9nia, em diferentes formatos e g\u00e9neros.<\/p>\n","protected":false},"excerpt":{"rendered":"<ul>\n<li>Quatro coprodu\u00e7\u00f5es portuguesas integram o Festival Internacional de Cinema de Hong Kong (HKIFF), que decorre entre 1 e 12 de abril.<\/li>\n<li>Entre as coprodu\u00e7\u00f5es est\u00e1 O Riso e a Faca, de Pedro Pinho, uma produ\u00e7\u00e3o entre Portugal, Brasil, Fran\u00e7a e Rom\u00e9nia, que j\u00e1 foi candidata aos Goya 2026 e aos pr\u00e9mios europeus de cinema de 2026.<\/li>\n<li>Magalh\u00e3es, de Lav Diaz, ter\u00e1 exibi\u00e7\u00e3o na sec\u00e7\u00e3o Mestres e Autores; \u00e9 uma coprodu\u00e7\u00e3o com Portugal pela Rosa Filmes e tem Gael Garc\u00eda Bernal no papel de Fern\u00e3o de Magalh\u00e3es.<\/li>\n<li>Ghost Elephants, de Werner Herzog, \u00e9 mais um document\u00e1rio exibido no HKIFF; foi gravado em Angola e estreou em Veneza.<\/li>\n<li>Am\u00edlcar, de Miguel Eek, \u00e9 outra coprodu\u00e7\u00e3o ibero-americana (Espanha, Fran\u00e7a, Su\u00ed\u00e7a, Cabo Verde e Portugal) que compete pelo pr\u00e9mio de melhor document\u00e1rio ibero-americano em Guadalajara.<\/li>\n<\/ul>\n","protected":false},"author":2,"featured_media":414161,"comment_status":"closed","ping_status":"closed","sticky":false,"template":"","format":"standard","meta":{"footnotes":""},"categories":[1],"tags":[2547,112,2158,2031,1856,1014],"class_list":["post-414159","post","type-post","status-publish","format-standard","has-post-thumbnail","hentry","category-noticias","tag-brasil","tag-cinema","tag-coproducoes-internacionais","tag-espanha","tag-franca","tag-portugal"],"yoast_head":"<!-- This site is optimized with the Yoast SEO plugin v27.2 - https:\/\/yoast.com\/product\/yoast-seo-wordpress\/ -->\n<title>Quatro coprodu\u00e7\u00f5es portuguesas em destaque no Festival de Hong Kong - Portal Tela Portugal<\/title>\n<meta name=\"robots\" content=\"index, follow, max-snippet:-1, max-image-preview:large, max-video-preview:-1\" \/>\n<meta property=\"og:locale\" content=\"pt_PT\" \/>\n<meta property=\"og:type\" content=\"article\" \/>\n<meta property=\"og:title\" content=\"Quatro coprodu\u00e7\u00f5es portuguesas em destaque no Festival de Hong Kong - Portal Tela Portugal\" \/>\n<meta property=\"og:description\" content=\"Quatro coprodu\u00e7\u00f5es portuguesas integram o Festival Internacional de Cinema de Hong Kong (HKIFF), que decorre entre 1 e 12 de abril. Entre as coprodu\u00e7\u00f5es est\u00e1 O Riso e a Faca, de Pedro Pinho, uma produ\u00e7\u00e3o entre Portugal, Brasil, Fran\u00e7a e Rom\u00e9nia, que j\u00e1 foi candidata aos Goya 2026 e aos pr\u00e9mios europeus de cinema de 2026. Magalh\u00e3es, de Lav Diaz, ter\u00e1 exibi\u00e7\u00e3o na sec\u00e7\u00e3o Mestres e Autores; \u00e9 uma coprodu\u00e7\u00e3o com Portugal pela Rosa Filmes e tem Gael Garc\u00eda Bernal no papel de Fern\u00e3o de Magalh\u00e3es. Ghost Elephants, de Werner Herzog, \u00e9 mais um document\u00e1rio exibido no HKIFF; foi gravado em Angola e estreou em Veneza. Am\u00edlcar, de Miguel Eek, \u00e9 outra coprodu\u00e7\u00e3o ibero-americana (Espanha, Fran\u00e7a, Su\u00ed\u00e7a, Cabo Verde e Portugal) que compete pelo pr\u00e9mio de melhor document\u00e1rio ibero-americano em Guadalajara.\" \/>\n<meta property=\"og:url\" content=\"https:\/\/portaltela.pt\/noticias\/2026\/03\/18\/quatro-coproducoes-portuguesas-em-destaque-no-festival-de-hong-kong-2\/\" \/>\n<meta property=\"og:site_name\" content=\"Portal Tela Portugal\" \/>\n<meta property=\"article:published_time\" content=\"2026-03-18T07:45:04+00:00\" \/>\n<meta name=\"author\" content=\"Telinha\" \/>\n<meta name=\"twitter:card\" content=\"summary_large_image\" \/>\n<meta name=\"twitter:label1\" content=\"Escrito por\" \/>\n\t<meta name=\"twitter:data1\" content=\"Telinha\" \/>\n\t<meta name=\"twitter:label2\" content=\"Tempo estimado de leitura\" \/>\n\t<meta name=\"twitter:data2\" content=\"2 minutos\" \/>\n<script type=\"application\/ld+json\" class=\"yoast-schema-graph\">{\"@context\":\"https:\/\/schema.org\",\"@graph\":[{\"@type\":\"Article\",\"@id\":\"https:\/\/portaltela.pt\/noticias\/2026\/03\/18\/quatro-coproducoes-portuguesas-em-destaque-no-festival-de-hong-kong-2\/#article\",\"isPartOf\":{\"@id\":\"https:\/\/portaltela.pt\/noticias\/2026\/03\/18\/quatro-coproducoes-portuguesas-em-destaque-no-festival-de-hong-kong-2\/\"},\"author\":{\"name\":\"Telinha\",\"@id\":\"https:\/\/portaltela.pt\/#\/schema\/person\/c4278d4a6028830caff9ee44b42d32ed\"},\"headline\":\"Quatro coprodu\u00e7\u00f5es portuguesas em destaque no Festival de Hong Kong\",\"datePublished\":\"2026-03-18T07:45:04+00:00\",\"mainEntityOfPage\":{\"@id\":\"https:\/\/portaltela.pt\/noticias\/2026\/03\/18\/quatro-coproducoes-portuguesas-em-destaque-no-festival-de-hong-kong-2\/\"},\"wordCount\":333,\"image\":{\"@id\":\"https:\/\/portaltela.pt\/noticias\/2026\/03\/18\/quatro-coproducoes-portuguesas-em-destaque-no-festival-de-hong-kong-2\/#primaryimage\"},\"thumbnailUrl\":\"https:\/\/portaltela.pt\/s.01k8rhncp4jt1\/2026\/03\/img_1500x1000uu2021-12-30-19-51-14-1112306.jpg\",\"keywords\":[\"Brasil\",\"cinema\",\"coprodu\u00e7\u00f5es internacionais\",\"Espanha\",\"Fran\u00e7a\",\"Portugal\"],\"articleSection\":[\"Not\u00edcias\"],\"inLanguage\":\"pt-PT\"},{\"@type\":\"WebPage\",\"@id\":\"https:\/\/portaltela.pt\/noticias\/2026\/03\/18\/quatro-coproducoes-portuguesas-em-destaque-no-festival-de-hong-kong-2\/\",\"url\":\"https:\/\/portaltela.pt\/noticias\/2026\/03\/18\/quatro-coproducoes-portuguesas-em-destaque-no-festival-de-hong-kong-2\/\",\"name\":\"Quatro coprodu\u00e7\u00f5es portuguesas em destaque no Festival de Hong Kong - Portal Tela Portugal\",\"isPartOf\":{\"@id\":\"https:\/\/portaltela.pt\/#website\"},\"primaryImageOfPage\":{\"@id\":\"https:\/\/portaltela.pt\/noticias\/2026\/03\/18\/quatro-coproducoes-portuguesas-em-destaque-no-festival-de-hong-kong-2\/#primaryimage\"},\"image\":{\"@id\":\"https:\/\/portaltela.pt\/noticias\/2026\/03\/18\/quatro-coproducoes-portuguesas-em-destaque-no-festival-de-hong-kong-2\/#primaryimage\"},\"thumbnailUrl\":\"https:\/\/portaltela.pt\/s.01k8rhncp4jt1\/2026\/03\/img_1500x1000uu2021-12-30-19-51-14-1112306.jpg\",\"datePublished\":\"2026-03-18T07:45:04+00:00\",\"author\":{\"@id\":\"https:\/\/portaltela.pt\/#\/schema\/person\/c4278d4a6028830caff9ee44b42d32ed\"},\"breadcrumb\":{\"@id\":\"https:\/\/portaltela.pt\/noticias\/2026\/03\/18\/quatro-coproducoes-portuguesas-em-destaque-no-festival-de-hong-kong-2\/#breadcrumb\"},\"inLanguage\":\"pt-PT\",\"potentialAction\":[{\"@type\":\"ReadAction\",\"target\":[\"https:\/\/portaltela.pt\/noticias\/2026\/03\/18\/quatro-coproducoes-portuguesas-em-destaque-no-festival-de-hong-kong-2\/\"]}]},{\"@type\":\"ImageObject\",\"inLanguage\":\"pt-PT\",\"@id\":\"https:\/\/portaltela.pt\/noticias\/2026\/03\/18\/quatro-coproducoes-portuguesas-em-destaque-no-festival-de-hong-kong-2\/#primaryimage\",\"url\":\"https:\/\/portaltela.pt\/s.01k8rhncp4jt1\/2026\/03\/img_1500x1000uu2021-12-30-19-51-14-1112306.jpg\",\"contentUrl\":\"https:\/\/portaltela.pt\/s.01k8rhncp4jt1\/2026\/03\/img_1500x1000uu2021-12-30-19-51-14-1112306.jpg\",\"width\":1500,\"height\":1000,\"caption\":\"Sala de cinema\"},{\"@type\":\"BreadcrumbList\",\"@id\":\"https:\/\/portaltela.pt\/noticias\/2026\/03\/18\/quatro-coproducoes-portuguesas-em-destaque-no-festival-de-hong-kong-2\/#breadcrumb\",\"itemListElement\":[{\"@type\":\"ListItem\",\"position\":1,\"name\":\"In\u00edcio\",\"item\":\"https:\/\/portaltela.pt\/\"},{\"@type\":\"ListItem\",\"position\":2,\"name\":\"Quatro coprodu\u00e7\u00f5es portuguesas em destaque no Festival de Hong Kong\"}]},{\"@type\":\"WebSite\",\"@id\":\"https:\/\/portaltela.pt\/#website\",\"url\":\"https:\/\/portaltela.pt\/\",\"name\":\"Portal Tela Portugal\",\"description\":\"\",\"potentialAction\":[{\"@type\":\"SearchAction\",\"target\":{\"@type\":\"EntryPoint\",\"urlTemplate\":\"https:\/\/portaltela.pt\/?s={search_term_string}\"},\"query-input\":{\"@type\":\"PropertyValueSpecification\",\"valueRequired\":true,\"valueName\":\"search_term_string\"}}],\"inLanguage\":\"pt-PT\"},{\"@type\":\"Person\",\"@id\":\"https:\/\/portaltela.pt\/#\/schema\/person\/c4278d4a6028830caff9ee44b42d32ed\",\"name\":\"Telinha\",\"image\":{\"@type\":\"ImageObject\",\"inLanguage\":\"pt-PT\",\"@id\":\"https:\/\/portaltela.pt\/s.01k8rhncp4jt1\/2025\/11\/talking-bot-125x125.png\",\"url\":\"https:\/\/portaltela.pt\/s.01k8rhncp4jt1\/2025\/11\/talking-bot-125x125.png\",\"contentUrl\":\"https:\/\/portaltela.pt\/s.01k8rhncp4jt1\/2025\/11\/talking-bot-125x125.png\",\"caption\":\"Telinha\"},\"sameAs\":[\"https:\/\/portaltela.pt\/\"],\"url\":\"https:\/\/portaltela.pt\/por\/367410592786\/\"}]}<\/script>\n<!-- \/ Yoast SEO plugin. -->","yoast_head_json":{"title":"Quatro coprodu\u00e7\u00f5es portuguesas em destaque no Festival de Hong Kong - Portal Tela Portugal","robots":{"index":"index","follow":"follow","max-snippet":"max-snippet:-1","max-image-preview":"max-image-preview:large","max-video-preview":"max-video-preview:-1"},"og_locale":"pt_PT","og_type":"article","og_title":"Quatro coprodu\u00e7\u00f5es portuguesas em destaque no Festival de Hong Kong - Portal Tela Portugal","og_description":"Quatro coprodu\u00e7\u00f5es portuguesas integram o Festival Internacional de Cinema de Hong Kong (HKIFF), que decorre entre 1 e 12 de abril. Entre as coprodu\u00e7\u00f5es est\u00e1 O Riso e a Faca, de Pedro Pinho, uma produ\u00e7\u00e3o entre Portugal, Brasil, Fran\u00e7a e Rom\u00e9nia, que j\u00e1 foi candidata aos Goya 2026 e aos pr\u00e9mios europeus de cinema de 2026. Magalh\u00e3es, de Lav Diaz, ter\u00e1 exibi\u00e7\u00e3o na sec\u00e7\u00e3o Mestres e Autores; \u00e9 uma coprodu\u00e7\u00e3o com Portugal pela Rosa Filmes e tem Gael Garc\u00eda Bernal no papel de Fern\u00e3o de Magalh\u00e3es. Ghost Elephants, de Werner Herzog, \u00e9 mais um document\u00e1rio exibido no HKIFF; foi gravado em Angola e estreou em Veneza. Am\u00edlcar, de Miguel Eek, \u00e9 outra coprodu\u00e7\u00e3o ibero-americana (Espanha, Fran\u00e7a, Su\u00ed\u00e7a, Cabo Verde e Portugal) que compete pelo pr\u00e9mio de melhor document\u00e1rio ibero-americano em Guadalajara.","og_url":"https:\/\/portaltela.pt\/noticias\/2026\/03\/18\/quatro-coproducoes-portuguesas-em-destaque-no-festival-de-hong-kong-2\/","og_site_name":"Portal Tela Portugal","article_published_time":"2026-03-18T07:45:04+00:00","author":"Telinha","twitter_card":"summary_large_image","twitter_misc":{"Escrito por":"Telinha","Tempo estimado de leitura":"2 minutos"},"schema":{"@context":"https:\/\/schema.org","@graph":[{"@type":"Article","@id":"https:\/\/portaltela.pt\/noticias\/2026\/03\/18\/quatro-coproducoes-portuguesas-em-destaque-no-festival-de-hong-kong-2\/#article","isPartOf":{"@id":"https:\/\/portaltela.pt\/noticias\/2026\/03\/18\/quatro-coproducoes-portuguesas-em-destaque-no-festival-de-hong-kong-2\/"},"author":{"name":"Telinha","@id":"https:\/\/portaltela.pt\/#\/schema\/person\/c4278d4a6028830caff9ee44b42d32ed"},"headline":"Quatro coprodu\u00e7\u00f5es portuguesas em destaque no Festival de Hong Kong","datePublished":"2026-03-18T07:45:04+00:00","mainEntityOfPage":{"@id":"https:\/\/portaltela.pt\/noticias\/2026\/03\/18\/quatro-coproducoes-portuguesas-em-destaque-no-festival-de-hong-kong-2\/"},"wordCount":333,"image":{"@id":"https:\/\/portaltela.pt\/noticias\/2026\/03\/18\/quatro-coproducoes-portuguesas-em-destaque-no-festival-de-hong-kong-2\/#primaryimage"},"thumbnailUrl":"https:\/\/portaltela.pt\/s.01k8rhncp4jt1\/2026\/03\/img_1500x1000uu2021-12-30-19-51-14-1112306.jpg","keywords":["Brasil","cinema","coprodu\u00e7\u00f5es internacionais","Espanha","Fran\u00e7a","Portugal"],"articleSection":["Not\u00edcias"],"inLanguage":"pt-PT"},{"@type":"WebPage","@id":"https:\/\/portaltela.pt\/noticias\/2026\/03\/18\/quatro-coproducoes-portuguesas-em-destaque-no-festival-de-hong-kong-2\/","url":"https:\/\/portaltela.pt\/noticias\/2026\/03\/18\/quatro-coproducoes-portuguesas-em-destaque-no-festival-de-hong-kong-2\/","name":"Quatro coprodu\u00e7\u00f5es portuguesas em destaque no Festival de Hong Kong - Portal Tela Portugal","isPartOf":{"@id":"https:\/\/portaltela.pt\/#website"},"primaryImageOfPage":{"@id":"https:\/\/portaltela.pt\/noticias\/2026\/03\/18\/quatro-coproducoes-portuguesas-em-destaque-no-festival-de-hong-kong-2\/#primaryimage"},"image":{"@id":"https:\/\/portaltela.pt\/noticias\/2026\/03\/18\/quatro-coproducoes-portuguesas-em-destaque-no-festival-de-hong-kong-2\/#primaryimage"},"thumbnailUrl":"https:\/\/portaltela.pt\/s.01k8rhncp4jt1\/2026\/03\/img_1500x1000uu2021-12-30-19-51-14-1112306.jpg","datePublished":"2026-03-18T07:45:04+00:00","author":{"@id":"https:\/\/portaltela.pt\/#\/schema\/person\/c4278d4a6028830caff9ee44b42d32ed"},"breadcrumb":{"@id":"https:\/\/portaltela.pt\/noticias\/2026\/03\/18\/quatro-coproducoes-portuguesas-em-destaque-no-festival-de-hong-kong-2\/#breadcrumb"},"inLanguage":"pt-PT","potentialAction":[{"@type":"ReadAction","target":["https:\/\/portaltela.pt\/noticias\/2026\/03\/18\/quatro-coproducoes-portuguesas-em-destaque-no-festival-de-hong-kong-2\/"]}]},{"@type":"ImageObject","inLanguage":"pt-PT","@id":"https:\/\/portaltela.pt\/noticias\/2026\/03\/18\/quatro-coproducoes-portuguesas-em-destaque-no-festival-de-hong-kong-2\/#primaryimage","url":"https:\/\/portaltela.pt\/s.01k8rhncp4jt1\/2026\/03\/img_1500x1000uu2021-12-30-19-51-14-1112306.jpg","contentUrl":"https:\/\/portaltela.pt\/s.01k8rhncp4jt1\/2026\/03\/img_1500x1000uu2021-12-30-19-51-14-1112306.jpg","width":1500,"height":1000,"caption":"Sala de cinema"},{"@type":"BreadcrumbList","@id":"https:\/\/portaltela.pt\/noticias\/2026\/03\/18\/quatro-coproducoes-portuguesas-em-destaque-no-festival-de-hong-kong-2\/#breadcrumb","itemListElement":[{"@type":"ListItem","position":1,"name":"In\u00edcio","item":"https:\/\/portaltela.pt\/"},{"@type":"ListItem","position":2,"name":"Quatro coprodu\u00e7\u00f5es portuguesas em destaque no Festival de Hong Kong"}]},{"@type":"WebSite","@id":"https:\/\/portaltela.pt\/#website","url":"https:\/\/portaltela.pt\/","name":"Portal Tela Portugal","description":"","potentialAction":[{"@type":"SearchAction","target":{"@type":"EntryPoint","urlTemplate":"https:\/\/portaltela.pt\/?s={search_term_string}"},"query-input":{"@type":"PropertyValueSpecification","valueRequired":true,"valueName":"search_term_string"}}],"inLanguage":"pt-PT"},{"@type":"Person","@id":"https:\/\/portaltela.pt\/#\/schema\/person\/c4278d4a6028830caff9ee44b42d32ed","name":"Telinha","image":{"@type":"ImageObject","inLanguage":"pt-PT","@id":"https:\/\/portaltela.pt\/s.01k8rhncp4jt1\/2025\/11\/talking-bot-125x125.png","url":"https:\/\/portaltela.pt\/s.01k8rhncp4jt1\/2025\/11\/talking-bot-125x125.png","contentUrl":"https:\/\/portaltela.pt\/s.01k8rhncp4jt1\/2025\/11\/talking-bot-125x125.png","caption":"Telinha"},"sameAs":["https:\/\/portaltela.pt\/"],"url":"https:\/\/portaltela.pt\/por\/367410592786\/"}]}},"_links":{"self":[{"href":"https:\/\/portaltela.pt\/api\/wp\/v2\/posts\/414159","targetHints":{"allow":["GET"]}}],"collection":[{"href":"https:\/\/portaltela.pt\/api\/wp\/v2\/posts"}],"about":[{"href":"https:\/\/portaltela.pt\/api\/wp\/v2\/types\/post"}],"author":[{"embeddable":true,"href":"https:\/\/portaltela.pt\/api\/wp\/v2\/users\/2"}],"replies":[{"embeddable":true,"href":"https:\/\/portaltela.pt\/api\/wp\/v2\/comments?post=414159"}],"version-history":[{"count":0,"href":"https:\/\/portaltela.pt\/api\/wp\/v2\/posts\/414159\/revisions"}],"wp:featuredmedia":[{"embeddable":true,"href":"https:\/\/portaltela.pt\/api\/wp\/v2\/media\/414161"}],"wp:attachment":[{"href":"https:\/\/portaltela.pt\/api\/wp\/v2\/media?parent=414159"}],"wp:term":[{"taxonomy":"category","embeddable":true,"href":"https:\/\/portaltela.pt\/api\/wp\/v2\/categories?post=414159"},{"taxonomy":"post_tag","embeddable":true,"href":"https:\/\/portaltela.pt\/api\/wp\/v2\/tags?post=414159"}],"curies":[{"name":"wp","href":"https:\/\/api.w.org\/{rel}","templated":true}]}}