{"id":414158,"date":"2026-03-18T04:32:41","date_gmt":"2026-03-18T07:32:41","guid":{"rendered":"https:\/\/portaltela.pt\/noticias\/2026\/03\/18\/coloquio-internacional-homenageia-fernando-gil-aos-20-anos-da-sua-morte\/"},"modified":"2026-03-18T04:32:41","modified_gmt":"2026-03-18T07:32:41","slug":"coloquio-internacional-homenageia-fernando-gil-aos-20-anos-da-sua-morte","status":"publish","type":"post","link":"https:\/\/portaltela.pt\/noticias\/2026\/03\/18\/coloquio-internacional-homenageia-fernando-gil-aos-20-anos-da-sua-morte\/","title":{"rendered":"Col\u00f3quio internacional homenageia Fernando Gil aos 20 anos da sua morte"},"content":{"rendered":"<p>Um col\u00f3quio internacional dedicado a Fernando Gil come\u00e7a nesta quarta-feira na Funda\u00e7\u00e3o Calouste Gulbenkian, em Lisboa, por celebra\u00e7\u00e3o dos 20 anos da sua morte e da reedi\u00e7\u00e3o da sua obra pela Imprensa Nacional Casa da Moeda. A organiza\u00e7\u00e3o re\u00fane estudiosos nacionais e estrangeiros.<\/p>\n<p>O evento \u00e9 organizado pela Gulbenkian e pelo CHAM. A comiss\u00e3o inclui Maria Filomena Molder e Andr\u00e9 Santos Campos, do IFILNOVA, que atuar\u00e3o como moderadores e oradores. Est\u00e3o tamb\u00e9m confirmados Marta Mendon\u00e7a, N\u00e9lio Concei\u00e7\u00e3o e Nuno Fonseca.<\/p>\n<p>Durante a manh\u00e3, Jean Petitot analisa o pensamento de Gil com a perspetiva &#8220;Vinte anos depois&#8221;. Seguem Olga Pombo e Niccol\u00f2 Guicciardini, com estudos sobre ci\u00eancia, raz\u00e3o e determinismo no s\u00e9culo XIX.<\/p>\n<p>Da tarde, Antonia Soulez e Sofia Miguens discutem linguagem, metaf\u00edsica e a rela\u00e7\u00e3o de Gil com Kant e Wittgenstein. Ainda h\u00e1 uma mesa-redonda sobre &#8220;Mim\u00e9sis e nega\u00e7\u00e3o&#8221; e testemunhos de Jos\u00e9 Gil, Helder Macedo e Maria Lu\u00edsa Couto Soares.<\/p>\n<p>Est\u00e1 prevista a apresenta\u00e7\u00e3o do primeiro volume das Obras de Fernando Gil, intitulado Acentos. O hospital e a lei moral, no \u00e2mbito do lan\u00e7amento editorial. A organiza\u00e7\u00e3o destaca a import\u00e2ncia do pensador no contexto acad\u00e9mico de Lisboa e Paris.<\/p>\n<p>Na quinta-feira, pela manh\u00e3, participam Nuno Miguel Proen\u00e7a, In\u00eas Sousa e Renato Lessa em temas como fic\u00e7\u00e3o, aten\u00e7\u00e3o, evid\u00eancia e filosofia pol\u00edtica. \u00c0 tarde, Marta Mendon\u00e7a e Rui Bertrand Rom\u00e3o tratam de ci\u00eancia, metaf\u00edsica e est\u00e9tica na obra de Gil, com outra mesa-redonda, La Conviction.<\/p>\n<p>O col\u00f3quio encerra com a exibi\u00e7\u00e3o do filme Fernando Gil: A Alegria do Pensamento, (2023), de Ab\u00edlio Leit\u00e3o, que retrata a vida e o pensamento do fil\u00f3sofo.<\/p>\n","protected":false},"excerpt":{"rendered":"<ul>\n<li>Col\u00f3quio internacional homenageia o fil\u00f3sofo Fernando Gil, a prop\u00f3sito dos 20 anos da sua morte, e marca o in\u00edcio da reedi\u00e7\u00e3o da obra pela Imprensa Nacional Casa da Moeda, na Funda\u00e7\u00e3o Calouste Gulbenkian, em Lisboa.<\/li>\n<li>Organiza\u00e7\u00e3o conjunta da Funda\u00e7\u00e3o Calouste Gulbenkian e do CHAM, com uma comiss\u00e3o que inclui Maria Filomena Molder e Andr\u00e9 Santos Campos do IFILNOVA, que moderar\u00e3o e proferir\u00e3o palestras.<\/li>\n<li>Programa de dois dias: pela manh\u00e3, an\u00e1lise de Jean Petitot intitulada \u201cVinte anos depois\u201d, seguida de interven\u00e7\u00f5es de Olga Pombo e Niccol\u00f2 Guicciardini; \u00e0 tarde, Antonia Soulez e Sofia Miguens discutem linguagem, metaf\u00edsica e a rela\u00e7\u00e3o de Gil com Kant e Wittgenstein.<\/li>\n<li>Mesa-redonda sobre \u201cMim\u00e9sis e nega\u00e7\u00e3o\u201d, testemunhos de Jos\u00e9 Gil, Helder Macedo e Maria Lu\u00edsa Couto Soares, e lan\u00e7amento do primeiro volume das Obras de Fernando Gil, \u201cAcentos. O hospital e a lei moral\u201d.<\/li>\n<li>Quinta-feira envolve comunica\u00e7\u00f5es sobre fic\u00e7\u00e3o, aten\u00e7\u00e3o, evid\u00eancia e filosofia pol\u00edtica em Fernando Gil, debates de ci\u00eancia, metaf\u00edsica e est\u00e9tica, e a exibi\u00e7\u00e3o do filme \u201cFernando Gil: A Alegria do Pensamento\u201d (2023) de Ab\u00edlio Leit\u00e3o.<\/li>\n<\/ul>\n","protected":false},"author":2,"featured_media":414160,"comment_status":"closed","ping_status":"closed","sticky":false,"template":"","format":"standard","meta":{"footnotes":""},"categories":[1],"tags":[145,2894,81,981,1014,58],"class_list":["post-414158","post","type-post","status-publish","format-standard","has-post-thumbnail","hentry","category-noticias","tag-cultura","tag-filosofia","tag-internacionais","tag-lisboa","tag-portugal","tag-universidades"],"yoast_head":"<!-- This site is optimized with the Yoast SEO plugin v27.2 - https:\/\/yoast.com\/product\/yoast-seo-wordpress\/ -->\n<title>Col\u00f3quio internacional homenageia Fernando Gil aos 20 anos da sua morte - Portal Tela Portugal<\/title>\n<meta name=\"robots\" content=\"index, follow, max-snippet:-1, max-image-preview:large, max-video-preview:-1\" \/>\n<meta property=\"og:locale\" content=\"pt_PT\" \/>\n<meta property=\"og:type\" content=\"article\" \/>\n<meta property=\"og:title\" content=\"Col\u00f3quio internacional homenageia Fernando Gil aos 20 anos da sua morte - Portal Tela Portugal\" \/>\n<meta property=\"og:description\" content=\"Col\u00f3quio internacional homenageia o fil\u00f3sofo Fernando Gil, a prop\u00f3sito dos 20 anos da sua morte, e marca o in\u00edcio da reedi\u00e7\u00e3o da obra pela Imprensa Nacional Casa da Moeda, na Funda\u00e7\u00e3o Calouste Gulbenkian, em Lisboa. Organiza\u00e7\u00e3o conjunta da Funda\u00e7\u00e3o Calouste Gulbenkian e do CHAM, com uma comiss\u00e3o que inclui Maria Filomena Molder e Andr\u00e9 Santos Campos do IFILNOVA, que moderar\u00e3o e proferir\u00e3o palestras. Programa de dois dias: pela manh\u00e3, an\u00e1lise de Jean Petitot intitulada \u201cVinte anos depois\u201d, seguida de interven\u00e7\u00f5es de Olga Pombo e Niccol\u00f2 Guicciardini; \u00e0 tarde, Antonia Soulez e Sofia Miguens discutem linguagem, metaf\u00edsica e a rela\u00e7\u00e3o de Gil com Kant e Wittgenstein. Mesa-redonda sobre \u201cMim\u00e9sis e nega\u00e7\u00e3o\u201d, testemunhos de Jos\u00e9 Gil, Helder Macedo e Maria Lu\u00edsa Couto Soares, e lan\u00e7amento do primeiro volume das Obras de Fernando Gil, \u201cAcentos. O hospital e a lei moral\u201d. Quinta-feira envolve comunica\u00e7\u00f5es sobre fic\u00e7\u00e3o, aten\u00e7\u00e3o, evid\u00eancia e filosofia pol\u00edtica em Fernando Gil, debates de ci\u00eancia, metaf\u00edsica e est\u00e9tica, e a exibi\u00e7\u00e3o do filme \u201cFernando Gil: A Alegria do Pensamento\u201d (2023) de Ab\u00edlio Leit\u00e3o.\" \/>\n<meta property=\"og:url\" content=\"https:\/\/portaltela.pt\/noticias\/2026\/03\/18\/coloquio-internacional-homenageia-fernando-gil-aos-20-anos-da-sua-morte\/\" \/>\n<meta property=\"og:site_name\" content=\"Portal Tela Portugal\" \/>\n<meta property=\"article:published_time\" content=\"2026-03-18T07:32:41+00:00\" \/>\n<meta name=\"author\" content=\"Telinha\" \/>\n<meta name=\"twitter:card\" content=\"summary_large_image\" \/>\n<meta name=\"twitter:label1\" content=\"Escrito por\" \/>\n\t<meta name=\"twitter:data1\" content=\"Telinha\" \/>\n\t<meta name=\"twitter:label2\" content=\"Tempo estimado de leitura\" \/>\n\t<meta name=\"twitter:data2\" content=\"2 minutos\" \/>\n<script type=\"application\/ld+json\" class=\"yoast-schema-graph\">{\"@context\":\"https:\/\/schema.org\",\"@graph\":[{\"@type\":\"Article\",\"@id\":\"https:\/\/portaltela.pt\/noticias\/2026\/03\/18\/coloquio-internacional-homenageia-fernando-gil-aos-20-anos-da-sua-morte\/#article\",\"isPartOf\":{\"@id\":\"https:\/\/portaltela.pt\/noticias\/2026\/03\/18\/coloquio-internacional-homenageia-fernando-gil-aos-20-anos-da-sua-morte\/\"},\"author\":{\"name\":\"Telinha\",\"@id\":\"https:\/\/portaltela.pt\/#\/schema\/person\/c4278d4a6028830caff9ee44b42d32ed\"},\"headline\":\"Col\u00f3quio internacional homenageia Fernando Gil aos 20 anos da sua morte\",\"datePublished\":\"2026-03-18T07:32:41+00:00\",\"mainEntityOfPage\":{\"@id\":\"https:\/\/portaltela.pt\/noticias\/2026\/03\/18\/coloquio-internacional-homenageia-fernando-gil-aos-20-anos-da-sua-morte\/\"},\"wordCount\":312,\"image\":{\"@id\":\"https:\/\/portaltela.pt\/noticias\/2026\/03\/18\/coloquio-internacional-homenageia-fernando-gil-aos-20-anos-da-sua-morte\/#primaryimage\"},\"thumbnailUrl\":\"https:\/\/portaltela.pt\/s.01k8rhncp4jt1\/2026\/03\/img_1500x1000uu2026-03-18-07-31-51-2273088.jpg\",\"keywords\":[\"cultura\",\"filosofia\",\"internacionais\",\"Lisboa\",\"Portugal\",\"universidades\"],\"articleSection\":[\"Not\u00edcias\"],\"inLanguage\":\"pt-PT\"},{\"@type\":\"WebPage\",\"@id\":\"https:\/\/portaltela.pt\/noticias\/2026\/03\/18\/coloquio-internacional-homenageia-fernando-gil-aos-20-anos-da-sua-morte\/\",\"url\":\"https:\/\/portaltela.pt\/noticias\/2026\/03\/18\/coloquio-internacional-homenageia-fernando-gil-aos-20-anos-da-sua-morte\/\",\"name\":\"Col\u00f3quio internacional homenageia Fernando Gil aos 20 anos da sua morte - Portal Tela Portugal\",\"isPartOf\":{\"@id\":\"https:\/\/portaltela.pt\/#website\"},\"primaryImageOfPage\":{\"@id\":\"https:\/\/portaltela.pt\/noticias\/2026\/03\/18\/coloquio-internacional-homenageia-fernando-gil-aos-20-anos-da-sua-morte\/#primaryimage\"},\"image\":{\"@id\":\"https:\/\/portaltela.pt\/noticias\/2026\/03\/18\/coloquio-internacional-homenageia-fernando-gil-aos-20-anos-da-sua-morte\/#primaryimage\"},\"thumbnailUrl\":\"https:\/\/portaltela.pt\/s.01k8rhncp4jt1\/2026\/03\/img_1500x1000uu2026-03-18-07-31-51-2273088.jpg\",\"datePublished\":\"2026-03-18T07:32:41+00:00\",\"author\":{\"@id\":\"https:\/\/portaltela.pt\/#\/schema\/person\/c4278d4a6028830caff9ee44b42d32ed\"},\"breadcrumb\":{\"@id\":\"https:\/\/portaltela.pt\/noticias\/2026\/03\/18\/coloquio-internacional-homenageia-fernando-gil-aos-20-anos-da-sua-morte\/#breadcrumb\"},\"inLanguage\":\"pt-PT\",\"potentialAction\":[{\"@type\":\"ReadAction\",\"target\":[\"https:\/\/portaltela.pt\/noticias\/2026\/03\/18\/coloquio-internacional-homenageia-fernando-gil-aos-20-anos-da-sua-morte\/\"]}]},{\"@type\":\"ImageObject\",\"inLanguage\":\"pt-PT\",\"@id\":\"https:\/\/portaltela.pt\/noticias\/2026\/03\/18\/coloquio-internacional-homenageia-fernando-gil-aos-20-anos-da-sua-morte\/#primaryimage\",\"url\":\"https:\/\/portaltela.pt\/s.01k8rhncp4jt1\/2026\/03\/img_1500x1000uu2026-03-18-07-31-51-2273088.jpg\",\"contentUrl\":\"https:\/\/portaltela.pt\/s.01k8rhncp4jt1\/2026\/03\/img_1500x1000uu2026-03-18-07-31-51-2273088.jpg\",\"width\":1500,\"height\":1000,\"caption\":\"Fernando Gil\"},{\"@type\":\"BreadcrumbList\",\"@id\":\"https:\/\/portaltela.pt\/noticias\/2026\/03\/18\/coloquio-internacional-homenageia-fernando-gil-aos-20-anos-da-sua-morte\/#breadcrumb\",\"itemListElement\":[{\"@type\":\"ListItem\",\"position\":1,\"name\":\"In\u00edcio\",\"item\":\"https:\/\/portaltela.pt\/\"},{\"@type\":\"ListItem\",\"position\":2,\"name\":\"Col\u00f3quio internacional homenageia Fernando Gil aos 20 anos da sua morte\"}]},{\"@type\":\"WebSite\",\"@id\":\"https:\/\/portaltela.pt\/#website\",\"url\":\"https:\/\/portaltela.pt\/\",\"name\":\"Portal Tela Portugal\",\"description\":\"\",\"potentialAction\":[{\"@type\":\"SearchAction\",\"target\":{\"@type\":\"EntryPoint\",\"urlTemplate\":\"https:\/\/portaltela.pt\/?s={search_term_string}\"},\"query-input\":{\"@type\":\"PropertyValueSpecification\",\"valueRequired\":true,\"valueName\":\"search_term_string\"}}],\"inLanguage\":\"pt-PT\"},{\"@type\":\"Person\",\"@id\":\"https:\/\/portaltela.pt\/#\/schema\/person\/c4278d4a6028830caff9ee44b42d32ed\",\"name\":\"Telinha\",\"image\":{\"@type\":\"ImageObject\",\"inLanguage\":\"pt-PT\",\"@id\":\"https:\/\/portaltela.pt\/s.01k8rhncp4jt1\/2025\/11\/talking-bot-125x125.png\",\"url\":\"https:\/\/portaltela.pt\/s.01k8rhncp4jt1\/2025\/11\/talking-bot-125x125.png\",\"contentUrl\":\"https:\/\/portaltela.pt\/s.01k8rhncp4jt1\/2025\/11\/talking-bot-125x125.png\",\"caption\":\"Telinha\"},\"sameAs\":[\"https:\/\/portaltela.pt\/\"],\"url\":\"https:\/\/portaltela.pt\/por\/367410592786\/\"}]}<\/script>\n<!-- \/ Yoast SEO plugin. -->","yoast_head_json":{"title":"Col\u00f3quio internacional homenageia Fernando Gil aos 20 anos da sua morte - Portal Tela Portugal","robots":{"index":"index","follow":"follow","max-snippet":"max-snippet:-1","max-image-preview":"max-image-preview:large","max-video-preview":"max-video-preview:-1"},"og_locale":"pt_PT","og_type":"article","og_title":"Col\u00f3quio internacional homenageia Fernando Gil aos 20 anos da sua morte - Portal Tela Portugal","og_description":"Col\u00f3quio internacional homenageia o fil\u00f3sofo Fernando Gil, a prop\u00f3sito dos 20 anos da sua morte, e marca o in\u00edcio da reedi\u00e7\u00e3o da obra pela Imprensa Nacional Casa da Moeda, na Funda\u00e7\u00e3o Calouste Gulbenkian, em Lisboa. Organiza\u00e7\u00e3o conjunta da Funda\u00e7\u00e3o Calouste Gulbenkian e do CHAM, com uma comiss\u00e3o que inclui Maria Filomena Molder e Andr\u00e9 Santos Campos do IFILNOVA, que moderar\u00e3o e proferir\u00e3o palestras. Programa de dois dias: pela manh\u00e3, an\u00e1lise de Jean Petitot intitulada \u201cVinte anos depois\u201d, seguida de interven\u00e7\u00f5es de Olga Pombo e Niccol\u00f2 Guicciardini; \u00e0 tarde, Antonia Soulez e Sofia Miguens discutem linguagem, metaf\u00edsica e a rela\u00e7\u00e3o de Gil com Kant e Wittgenstein. Mesa-redonda sobre \u201cMim\u00e9sis e nega\u00e7\u00e3o\u201d, testemunhos de Jos\u00e9 Gil, Helder Macedo e Maria Lu\u00edsa Couto Soares, e lan\u00e7amento do primeiro volume das Obras de Fernando Gil, \u201cAcentos. O hospital e a lei moral\u201d. Quinta-feira envolve comunica\u00e7\u00f5es sobre fic\u00e7\u00e3o, aten\u00e7\u00e3o, evid\u00eancia e filosofia pol\u00edtica em Fernando Gil, debates de ci\u00eancia, metaf\u00edsica e est\u00e9tica, e a exibi\u00e7\u00e3o do filme \u201cFernando Gil: A Alegria do Pensamento\u201d (2023) de Ab\u00edlio Leit\u00e3o.","og_url":"https:\/\/portaltela.pt\/noticias\/2026\/03\/18\/coloquio-internacional-homenageia-fernando-gil-aos-20-anos-da-sua-morte\/","og_site_name":"Portal Tela Portugal","article_published_time":"2026-03-18T07:32:41+00:00","author":"Telinha","twitter_card":"summary_large_image","twitter_misc":{"Escrito por":"Telinha","Tempo estimado de leitura":"2 minutos"},"schema":{"@context":"https:\/\/schema.org","@graph":[{"@type":"Article","@id":"https:\/\/portaltela.pt\/noticias\/2026\/03\/18\/coloquio-internacional-homenageia-fernando-gil-aos-20-anos-da-sua-morte\/#article","isPartOf":{"@id":"https:\/\/portaltela.pt\/noticias\/2026\/03\/18\/coloquio-internacional-homenageia-fernando-gil-aos-20-anos-da-sua-morte\/"},"author":{"name":"Telinha","@id":"https:\/\/portaltela.pt\/#\/schema\/person\/c4278d4a6028830caff9ee44b42d32ed"},"headline":"Col\u00f3quio internacional homenageia Fernando Gil aos 20 anos da sua morte","datePublished":"2026-03-18T07:32:41+00:00","mainEntityOfPage":{"@id":"https:\/\/portaltela.pt\/noticias\/2026\/03\/18\/coloquio-internacional-homenageia-fernando-gil-aos-20-anos-da-sua-morte\/"},"wordCount":312,"image":{"@id":"https:\/\/portaltela.pt\/noticias\/2026\/03\/18\/coloquio-internacional-homenageia-fernando-gil-aos-20-anos-da-sua-morte\/#primaryimage"},"thumbnailUrl":"https:\/\/portaltela.pt\/s.01k8rhncp4jt1\/2026\/03\/img_1500x1000uu2026-03-18-07-31-51-2273088.jpg","keywords":["cultura","filosofia","internacionais","Lisboa","Portugal","universidades"],"articleSection":["Not\u00edcias"],"inLanguage":"pt-PT"},{"@type":"WebPage","@id":"https:\/\/portaltela.pt\/noticias\/2026\/03\/18\/coloquio-internacional-homenageia-fernando-gil-aos-20-anos-da-sua-morte\/","url":"https:\/\/portaltela.pt\/noticias\/2026\/03\/18\/coloquio-internacional-homenageia-fernando-gil-aos-20-anos-da-sua-morte\/","name":"Col\u00f3quio internacional homenageia Fernando Gil aos 20 anos da sua morte - Portal Tela Portugal","isPartOf":{"@id":"https:\/\/portaltela.pt\/#website"},"primaryImageOfPage":{"@id":"https:\/\/portaltela.pt\/noticias\/2026\/03\/18\/coloquio-internacional-homenageia-fernando-gil-aos-20-anos-da-sua-morte\/#primaryimage"},"image":{"@id":"https:\/\/portaltela.pt\/noticias\/2026\/03\/18\/coloquio-internacional-homenageia-fernando-gil-aos-20-anos-da-sua-morte\/#primaryimage"},"thumbnailUrl":"https:\/\/portaltela.pt\/s.01k8rhncp4jt1\/2026\/03\/img_1500x1000uu2026-03-18-07-31-51-2273088.jpg","datePublished":"2026-03-18T07:32:41+00:00","author":{"@id":"https:\/\/portaltela.pt\/#\/schema\/person\/c4278d4a6028830caff9ee44b42d32ed"},"breadcrumb":{"@id":"https:\/\/portaltela.pt\/noticias\/2026\/03\/18\/coloquio-internacional-homenageia-fernando-gil-aos-20-anos-da-sua-morte\/#breadcrumb"},"inLanguage":"pt-PT","potentialAction":[{"@type":"ReadAction","target":["https:\/\/portaltela.pt\/noticias\/2026\/03\/18\/coloquio-internacional-homenageia-fernando-gil-aos-20-anos-da-sua-morte\/"]}]},{"@type":"ImageObject","inLanguage":"pt-PT","@id":"https:\/\/portaltela.pt\/noticias\/2026\/03\/18\/coloquio-internacional-homenageia-fernando-gil-aos-20-anos-da-sua-morte\/#primaryimage","url":"https:\/\/portaltela.pt\/s.01k8rhncp4jt1\/2026\/03\/img_1500x1000uu2026-03-18-07-31-51-2273088.jpg","contentUrl":"https:\/\/portaltela.pt\/s.01k8rhncp4jt1\/2026\/03\/img_1500x1000uu2026-03-18-07-31-51-2273088.jpg","width":1500,"height":1000,"caption":"Fernando Gil"},{"@type":"BreadcrumbList","@id":"https:\/\/portaltela.pt\/noticias\/2026\/03\/18\/coloquio-internacional-homenageia-fernando-gil-aos-20-anos-da-sua-morte\/#breadcrumb","itemListElement":[{"@type":"ListItem","position":1,"name":"In\u00edcio","item":"https:\/\/portaltela.pt\/"},{"@type":"ListItem","position":2,"name":"Col\u00f3quio internacional homenageia Fernando Gil aos 20 anos da sua morte"}]},{"@type":"WebSite","@id":"https:\/\/portaltela.pt\/#website","url":"https:\/\/portaltela.pt\/","name":"Portal Tela Portugal","description":"","potentialAction":[{"@type":"SearchAction","target":{"@type":"EntryPoint","urlTemplate":"https:\/\/portaltela.pt\/?s={search_term_string}"},"query-input":{"@type":"PropertyValueSpecification","valueRequired":true,"valueName":"search_term_string"}}],"inLanguage":"pt-PT"},{"@type":"Person","@id":"https:\/\/portaltela.pt\/#\/schema\/person\/c4278d4a6028830caff9ee44b42d32ed","name":"Telinha","image":{"@type":"ImageObject","inLanguage":"pt-PT","@id":"https:\/\/portaltela.pt\/s.01k8rhncp4jt1\/2025\/11\/talking-bot-125x125.png","url":"https:\/\/portaltela.pt\/s.01k8rhncp4jt1\/2025\/11\/talking-bot-125x125.png","contentUrl":"https:\/\/portaltela.pt\/s.01k8rhncp4jt1\/2025\/11\/talking-bot-125x125.png","caption":"Telinha"},"sameAs":["https:\/\/portaltela.pt\/"],"url":"https:\/\/portaltela.pt\/por\/367410592786\/"}]}},"_links":{"self":[{"href":"https:\/\/portaltela.pt\/api\/wp\/v2\/posts\/414158","targetHints":{"allow":["GET"]}}],"collection":[{"href":"https:\/\/portaltela.pt\/api\/wp\/v2\/posts"}],"about":[{"href":"https:\/\/portaltela.pt\/api\/wp\/v2\/types\/post"}],"author":[{"embeddable":true,"href":"https:\/\/portaltela.pt\/api\/wp\/v2\/users\/2"}],"replies":[{"embeddable":true,"href":"https:\/\/portaltela.pt\/api\/wp\/v2\/comments?post=414158"}],"version-history":[{"count":0,"href":"https:\/\/portaltela.pt\/api\/wp\/v2\/posts\/414158\/revisions"}],"wp:featuredmedia":[{"embeddable":true,"href":"https:\/\/portaltela.pt\/api\/wp\/v2\/media\/414160"}],"wp:attachment":[{"href":"https:\/\/portaltela.pt\/api\/wp\/v2\/media?parent=414158"}],"wp:term":[{"taxonomy":"category","embeddable":true,"href":"https:\/\/portaltela.pt\/api\/wp\/v2\/categories?post=414158"},{"taxonomy":"post_tag","embeddable":true,"href":"https:\/\/portaltela.pt\/api\/wp\/v2\/tags?post=414158"}],"curies":[{"name":"wp","href":"https:\/\/api.w.org\/{rel}","templated":true}]}}