{"id":414125,"date":"2026-03-18T04:08:00","date_gmt":"2026-03-18T07:08:00","guid":{"rendered":"https:\/\/portaltela.pt\/noticias\/2026\/03\/18\/mais-de-dois-tercos-dos-portugueses-tem-seguro-de-vida-mas-ja-foram-mais\/"},"modified":"2026-03-18T04:08:00","modified_gmt":"2026-03-18T07:08:00","slug":"mais-de-dois-tercos-dos-portugueses-tem-seguro-de-vida-mas-ja-foram-mais","status":"publish","type":"post","link":"https:\/\/portaltela.pt\/noticias\/economia\/2026\/03\/18\/mais-de-dois-tercos-dos-portugueses-tem-seguro-de-vida-mas-ja-foram-mais\/","title":{"rendered":"Mais de dois ter\u00e7os dos portugueses t\u00eam seguro de vida, mas j\u00e1 foram mais"},"content":{"rendered":"<p>Mais de 7,6 milh\u00f5es de pessoas em Portugal est\u00e3o protegidas por algum tipo de seguro do ramo vida, segundo dados da ASF. A prote\u00e7\u00e3o abrange falecimento e tamb\u00e9m utiliza o seguro como produto de investimento.<\/p>\n<p>Apesar do volume significativo de segurados, o universo j\u00e1 foi maior, aponta a Autoridade de Supervis\u00e3o de Seguros e Fundos de Pens\u00f5es (ASF). O recuo evidencia uma evolu\u00e7\u00e3o ao longo do tempo.<\/p>\n<p>O p\u00fablico-alvo principal s\u00e3o titulares de cr\u00e9dito \u00e0 habita\u00e7\u00e3o, cujo peso na carteira de contratos registou uma descida nos \u00faltimos nove anos. Este fator influencia a procura e a utiliza\u00e7\u00e3o dos seguros de vida.<\/p>\n<h3>Quem \u00e9 o p\u00fablico-alvo<\/h3>\n<p>Os contratos de cr\u00e9dito \u00e0 habita\u00e7\u00e3o ligados a seguros de vida continuam a ser o motor do mercado, ainda que em queda. A ASF confirma que a redu\u00e7\u00e3o afetou sobretudo a parcela de clientes com esse tipo de empr\u00e9stimo.<\/p>\n<p>A mudan\u00e7a pode refletir altera\u00e7\u00f5es nas condi\u00e7\u00f5es de cr\u00e9dito, nos custos dos seguros e na perce\u00e7\u00e3o de utilidade entre os consumidores. As autoridades mant\u00eam o acompanhamento do setor para avaliar impactos futuros.<\/p>\n","protected":false},"excerpt":{"rendered":"<ul>\n<li>Em Portugal, mais de 7,6 milh\u00f5es de pessoas t\u00eam seguro de vida, cobrindo falecimento ou uso como investimento.<\/li>\n<li>Os dados s\u00e3o da Autoridade de Supervis\u00e3o de Seguros e Fundos de Pens\u00f5es (ASF).<\/li>\n<li>O universo de segurados \u00e9 superior \u00e0 m\u00e9dia, mas j\u00e1 esteve mais elevado no passado.<\/li>\n<li>O segmento-alvo do seguro de vida inclui quem tem cr\u00e9dito \u00e0 habita\u00e7\u00e3o, cujos contratos na carteira recuaram nos \u00faltimos nove anos.<\/li>\n<li>A descida dos contratos de cr\u00e9dito \u00e0 habita\u00e7\u00e3o coincide com a publica\u00e7\u00e3o de dados que mostram menos pessoas em carteira, apesar do volume atual de prote\u00e7\u00e3o.<\/li>\n<\/ul>\n","protected":false},"author":2,"featured_media":414137,"comment_status":"closed","ping_status":"closed","sticky":false,"template":"","format":"standard","meta":{"footnotes":""},"categories":[2,6850],"tags":[1960,2323,28,150,173,2325],"class_list":["post-414125","post","type-post","status-publish","format-standard","has-post-thumbnail","hentry","category-economia","category-financas","tag-credito","tag-credito-habitacao","tag-economia","tag-habitacao","tag-protecao-social","tag-seguro-habitacao"],"yoast_head":"<!-- This site is optimized with the Yoast SEO plugin v27.2 - https:\/\/yoast.com\/product\/yoast-seo-wordpress\/ -->\n<title>Mais de dois ter\u00e7os dos portugueses t\u00eam seguro de vida, mas j\u00e1 foram mais - Portal Tela Portugal<\/title>\n<meta name=\"robots\" content=\"index, follow, max-snippet:-1, max-image-preview:large, max-video-preview:-1\" \/>\n<meta property=\"og:locale\" content=\"pt_PT\" \/>\n<meta property=\"og:type\" content=\"article\" \/>\n<meta property=\"og:title\" content=\"Mais de dois ter\u00e7os dos portugueses t\u00eam seguro de vida, mas j\u00e1 foram mais - Portal Tela Portugal\" \/>\n<meta property=\"og:description\" content=\"Em Portugal, mais de 7,6 milh\u00f5es de pessoas t\u00eam seguro de vida, cobrindo falecimento ou uso como investimento. Os dados s\u00e3o da Autoridade de Supervis\u00e3o de Seguros e Fundos de Pens\u00f5es (ASF). O universo de segurados \u00e9 superior \u00e0 m\u00e9dia, mas j\u00e1 esteve mais elevado no passado. O segmento-alvo do seguro de vida inclui quem tem cr\u00e9dito \u00e0 habita\u00e7\u00e3o, cujos contratos na carteira recuaram nos \u00faltimos nove anos. A descida dos contratos de cr\u00e9dito \u00e0 habita\u00e7\u00e3o coincide com a publica\u00e7\u00e3o de dados que mostram menos pessoas em carteira, apesar do volume atual de prote\u00e7\u00e3o.\" \/>\n<meta property=\"og:url\" content=\"https:\/\/portaltela.pt\/noticias\/2026\/03\/18\/mais-de-dois-tercos-dos-portugueses-tem-seguro-de-vida-mas-ja-foram-mais\/\" \/>\n<meta property=\"og:site_name\" content=\"Portal Tela Portugal\" \/>\n<meta property=\"article:published_time\" content=\"2026-03-18T07:08:00+00:00\" \/>\n<meta name=\"author\" content=\"Telinha\" \/>\n<meta name=\"twitter:card\" content=\"summary_large_image\" \/>\n<meta name=\"twitter:label1\" content=\"Escrito por\" \/>\n\t<meta name=\"twitter:data1\" content=\"Telinha\" \/>\n\t<meta name=\"twitter:label2\" content=\"Tempo estimado de leitura\" \/>\n\t<meta name=\"twitter:data2\" content=\"1 minuto\" \/>\n<script type=\"application\/ld+json\" class=\"yoast-schema-graph\">{\"@context\":\"https:\/\/schema.org\",\"@graph\":[{\"@type\":\"Article\",\"@id\":\"https:\/\/portaltela.pt\/noticias\/2026\/03\/18\/mais-de-dois-tercos-dos-portugueses-tem-seguro-de-vida-mas-ja-foram-mais\/#article\",\"isPartOf\":{\"@id\":\"https:\/\/portaltela.pt\/noticias\/2026\/03\/18\/mais-de-dois-tercos-dos-portugueses-tem-seguro-de-vida-mas-ja-foram-mais\/\"},\"author\":{\"name\":\"Telinha\",\"@id\":\"https:\/\/portaltela.pt\/#\/schema\/person\/c4278d4a6028830caff9ee44b42d32ed\"},\"headline\":\"Mais de dois ter\u00e7os dos portugueses t\u00eam seguro de vida, mas j\u00e1 foram mais\",\"datePublished\":\"2026-03-18T07:08:00+00:00\",\"mainEntityOfPage\":{\"@id\":\"https:\/\/portaltela.pt\/noticias\/2026\/03\/18\/mais-de-dois-tercos-dos-portugueses-tem-seguro-de-vida-mas-ja-foram-mais\/\"},\"wordCount\":211,\"image\":{\"@id\":\"https:\/\/portaltela.pt\/noticias\/2026\/03\/18\/mais-de-dois-tercos-dos-portugueses-tem-seguro-de-vida-mas-ja-foram-mais\/#primaryimage\"},\"thumbnailUrl\":\"https:\/\/portaltela.pt\/s.01k8rhncp4jt1\/2026\/03\/image-1168.jpg\",\"keywords\":[\"cr\u00e9dito\",\"Cr\u00e9dito Habita\u00e7\u00e3o\",\"economia\",\"habita\u00e7\u00e3o\",\"prote\u00e7\u00e3o social\",\"Seguro Habita\u00e7\u00e3o\"],\"articleSection\":[\"Economia\",\"Finan\u00e7as\"],\"inLanguage\":\"pt-PT\"},{\"@type\":\"WebPage\",\"@id\":\"https:\/\/portaltela.pt\/noticias\/2026\/03\/18\/mais-de-dois-tercos-dos-portugueses-tem-seguro-de-vida-mas-ja-foram-mais\/\",\"url\":\"https:\/\/portaltela.pt\/noticias\/2026\/03\/18\/mais-de-dois-tercos-dos-portugueses-tem-seguro-de-vida-mas-ja-foram-mais\/\",\"name\":\"Mais de dois ter\u00e7os dos portugueses t\u00eam seguro de vida, mas j\u00e1 foram mais - Portal Tela Portugal\",\"isPartOf\":{\"@id\":\"https:\/\/portaltela.pt\/#website\"},\"primaryImageOfPage\":{\"@id\":\"https:\/\/portaltela.pt\/noticias\/2026\/03\/18\/mais-de-dois-tercos-dos-portugueses-tem-seguro-de-vida-mas-ja-foram-mais\/#primaryimage\"},\"image\":{\"@id\":\"https:\/\/portaltela.pt\/noticias\/2026\/03\/18\/mais-de-dois-tercos-dos-portugueses-tem-seguro-de-vida-mas-ja-foram-mais\/#primaryimage\"},\"thumbnailUrl\":\"https:\/\/portaltela.pt\/s.01k8rhncp4jt1\/2026\/03\/image-1168.jpg\",\"datePublished\":\"2026-03-18T07:08:00+00:00\",\"author\":{\"@id\":\"https:\/\/portaltela.pt\/#\/schema\/person\/c4278d4a6028830caff9ee44b42d32ed\"},\"breadcrumb\":{\"@id\":\"https:\/\/portaltela.pt\/noticias\/2026\/03\/18\/mais-de-dois-tercos-dos-portugueses-tem-seguro-de-vida-mas-ja-foram-mais\/#breadcrumb\"},\"inLanguage\":\"pt-PT\",\"potentialAction\":[{\"@type\":\"ReadAction\",\"target\":[\"https:\/\/portaltela.pt\/noticias\/2026\/03\/18\/mais-de-dois-tercos-dos-portugueses-tem-seguro-de-vida-mas-ja-foram-mais\/\"]}]},{\"@type\":\"ImageObject\",\"inLanguage\":\"pt-PT\",\"@id\":\"https:\/\/portaltela.pt\/noticias\/2026\/03\/18\/mais-de-dois-tercos-dos-portugueses-tem-seguro-de-vida-mas-ja-foram-mais\/#primaryimage\",\"url\":\"https:\/\/portaltela.pt\/s.01k8rhncp4jt1\/2026\/03\/image-1168.jpg\",\"contentUrl\":\"https:\/\/portaltela.pt\/s.01k8rhncp4jt1\/2026\/03\/image-1168.jpg\",\"width\":796,\"height\":448,\"caption\":\"Bancos exigem contratualiza\u00e7\u00e3o de seguro de vida para a compra de casa\"},{\"@type\":\"BreadcrumbList\",\"@id\":\"https:\/\/portaltela.pt\/noticias\/2026\/03\/18\/mais-de-dois-tercos-dos-portugueses-tem-seguro-de-vida-mas-ja-foram-mais\/#breadcrumb\",\"itemListElement\":[{\"@type\":\"ListItem\",\"position\":1,\"name\":\"In\u00edcio\",\"item\":\"https:\/\/portaltela.pt\/\"},{\"@type\":\"ListItem\",\"position\":2,\"name\":\"Mais de dois ter\u00e7os dos portugueses t\u00eam seguro de vida, mas j\u00e1 foram mais\"}]},{\"@type\":\"WebSite\",\"@id\":\"https:\/\/portaltela.pt\/#website\",\"url\":\"https:\/\/portaltela.pt\/\",\"name\":\"Portal Tela Portugal\",\"description\":\"\",\"potentialAction\":[{\"@type\":\"SearchAction\",\"target\":{\"@type\":\"EntryPoint\",\"urlTemplate\":\"https:\/\/portaltela.pt\/?s={search_term_string}\"},\"query-input\":{\"@type\":\"PropertyValueSpecification\",\"valueRequired\":true,\"valueName\":\"search_term_string\"}}],\"inLanguage\":\"pt-PT\"},{\"@type\":\"Person\",\"@id\":\"https:\/\/portaltela.pt\/#\/schema\/person\/c4278d4a6028830caff9ee44b42d32ed\",\"name\":\"Telinha\",\"image\":{\"@type\":\"ImageObject\",\"inLanguage\":\"pt-PT\",\"@id\":\"https:\/\/portaltela.pt\/s.01k8rhncp4jt1\/2025\/11\/talking-bot-125x125.png\",\"url\":\"https:\/\/portaltela.pt\/s.01k8rhncp4jt1\/2025\/11\/talking-bot-125x125.png\",\"contentUrl\":\"https:\/\/portaltela.pt\/s.01k8rhncp4jt1\/2025\/11\/talking-bot-125x125.png\",\"caption\":\"Telinha\"},\"sameAs\":[\"https:\/\/portaltela.pt\/\"],\"url\":\"https:\/\/portaltela.pt\/por\/367410592786\/\"}]}<\/script>\n<!-- \/ Yoast SEO plugin. -->","yoast_head_json":{"title":"Mais de dois ter\u00e7os dos portugueses t\u00eam seguro de vida, mas j\u00e1 foram mais - Portal Tela Portugal","robots":{"index":"index","follow":"follow","max-snippet":"max-snippet:-1","max-image-preview":"max-image-preview:large","max-video-preview":"max-video-preview:-1"},"og_locale":"pt_PT","og_type":"article","og_title":"Mais de dois ter\u00e7os dos portugueses t\u00eam seguro de vida, mas j\u00e1 foram mais - Portal Tela Portugal","og_description":"Em Portugal, mais de 7,6 milh\u00f5es de pessoas t\u00eam seguro de vida, cobrindo falecimento ou uso como investimento. Os dados s\u00e3o da Autoridade de Supervis\u00e3o de Seguros e Fundos de Pens\u00f5es (ASF). O universo de segurados \u00e9 superior \u00e0 m\u00e9dia, mas j\u00e1 esteve mais elevado no passado. O segmento-alvo do seguro de vida inclui quem tem cr\u00e9dito \u00e0 habita\u00e7\u00e3o, cujos contratos na carteira recuaram nos \u00faltimos nove anos. A descida dos contratos de cr\u00e9dito \u00e0 habita\u00e7\u00e3o coincide com a publica\u00e7\u00e3o de dados que mostram menos pessoas em carteira, apesar do volume atual de prote\u00e7\u00e3o.","og_url":"https:\/\/portaltela.pt\/noticias\/2026\/03\/18\/mais-de-dois-tercos-dos-portugueses-tem-seguro-de-vida-mas-ja-foram-mais\/","og_site_name":"Portal Tela Portugal","article_published_time":"2026-03-18T07:08:00+00:00","author":"Telinha","twitter_card":"summary_large_image","twitter_misc":{"Escrito por":"Telinha","Tempo estimado de leitura":"1 minuto"},"schema":{"@context":"https:\/\/schema.org","@graph":[{"@type":"Article","@id":"https:\/\/portaltela.pt\/noticias\/2026\/03\/18\/mais-de-dois-tercos-dos-portugueses-tem-seguro-de-vida-mas-ja-foram-mais\/#article","isPartOf":{"@id":"https:\/\/portaltela.pt\/noticias\/2026\/03\/18\/mais-de-dois-tercos-dos-portugueses-tem-seguro-de-vida-mas-ja-foram-mais\/"},"author":{"name":"Telinha","@id":"https:\/\/portaltela.pt\/#\/schema\/person\/c4278d4a6028830caff9ee44b42d32ed"},"headline":"Mais de dois ter\u00e7os dos portugueses t\u00eam seguro de vida, mas j\u00e1 foram mais","datePublished":"2026-03-18T07:08:00+00:00","mainEntityOfPage":{"@id":"https:\/\/portaltela.pt\/noticias\/2026\/03\/18\/mais-de-dois-tercos-dos-portugueses-tem-seguro-de-vida-mas-ja-foram-mais\/"},"wordCount":211,"image":{"@id":"https:\/\/portaltela.pt\/noticias\/2026\/03\/18\/mais-de-dois-tercos-dos-portugueses-tem-seguro-de-vida-mas-ja-foram-mais\/#primaryimage"},"thumbnailUrl":"https:\/\/portaltela.pt\/s.01k8rhncp4jt1\/2026\/03\/image-1168.jpg","keywords":["cr\u00e9dito","Cr\u00e9dito Habita\u00e7\u00e3o","economia","habita\u00e7\u00e3o","prote\u00e7\u00e3o social","Seguro Habita\u00e7\u00e3o"],"articleSection":["Economia","Finan\u00e7as"],"inLanguage":"pt-PT"},{"@type":"WebPage","@id":"https:\/\/portaltela.pt\/noticias\/2026\/03\/18\/mais-de-dois-tercos-dos-portugueses-tem-seguro-de-vida-mas-ja-foram-mais\/","url":"https:\/\/portaltela.pt\/noticias\/2026\/03\/18\/mais-de-dois-tercos-dos-portugueses-tem-seguro-de-vida-mas-ja-foram-mais\/","name":"Mais de dois ter\u00e7os dos portugueses t\u00eam seguro de vida, mas j\u00e1 foram mais - Portal Tela Portugal","isPartOf":{"@id":"https:\/\/portaltela.pt\/#website"},"primaryImageOfPage":{"@id":"https:\/\/portaltela.pt\/noticias\/2026\/03\/18\/mais-de-dois-tercos-dos-portugueses-tem-seguro-de-vida-mas-ja-foram-mais\/#primaryimage"},"image":{"@id":"https:\/\/portaltela.pt\/noticias\/2026\/03\/18\/mais-de-dois-tercos-dos-portugueses-tem-seguro-de-vida-mas-ja-foram-mais\/#primaryimage"},"thumbnailUrl":"https:\/\/portaltela.pt\/s.01k8rhncp4jt1\/2026\/03\/image-1168.jpg","datePublished":"2026-03-18T07:08:00+00:00","author":{"@id":"https:\/\/portaltela.pt\/#\/schema\/person\/c4278d4a6028830caff9ee44b42d32ed"},"breadcrumb":{"@id":"https:\/\/portaltela.pt\/noticias\/2026\/03\/18\/mais-de-dois-tercos-dos-portugueses-tem-seguro-de-vida-mas-ja-foram-mais\/#breadcrumb"},"inLanguage":"pt-PT","potentialAction":[{"@type":"ReadAction","target":["https:\/\/portaltela.pt\/noticias\/2026\/03\/18\/mais-de-dois-tercos-dos-portugueses-tem-seguro-de-vida-mas-ja-foram-mais\/"]}]},{"@type":"ImageObject","inLanguage":"pt-PT","@id":"https:\/\/portaltela.pt\/noticias\/2026\/03\/18\/mais-de-dois-tercos-dos-portugueses-tem-seguro-de-vida-mas-ja-foram-mais\/#primaryimage","url":"https:\/\/portaltela.pt\/s.01k8rhncp4jt1\/2026\/03\/image-1168.jpg","contentUrl":"https:\/\/portaltela.pt\/s.01k8rhncp4jt1\/2026\/03\/image-1168.jpg","width":796,"height":448,"caption":"Bancos exigem contratualiza\u00e7\u00e3o de seguro de vida para a compra de casa"},{"@type":"BreadcrumbList","@id":"https:\/\/portaltela.pt\/noticias\/2026\/03\/18\/mais-de-dois-tercos-dos-portugueses-tem-seguro-de-vida-mas-ja-foram-mais\/#breadcrumb","itemListElement":[{"@type":"ListItem","position":1,"name":"In\u00edcio","item":"https:\/\/portaltela.pt\/"},{"@type":"ListItem","position":2,"name":"Mais de dois ter\u00e7os dos portugueses t\u00eam seguro de vida, mas j\u00e1 foram mais"}]},{"@type":"WebSite","@id":"https:\/\/portaltela.pt\/#website","url":"https:\/\/portaltela.pt\/","name":"Portal Tela Portugal","description":"","potentialAction":[{"@type":"SearchAction","target":{"@type":"EntryPoint","urlTemplate":"https:\/\/portaltela.pt\/?s={search_term_string}"},"query-input":{"@type":"PropertyValueSpecification","valueRequired":true,"valueName":"search_term_string"}}],"inLanguage":"pt-PT"},{"@type":"Person","@id":"https:\/\/portaltela.pt\/#\/schema\/person\/c4278d4a6028830caff9ee44b42d32ed","name":"Telinha","image":{"@type":"ImageObject","inLanguage":"pt-PT","@id":"https:\/\/portaltela.pt\/s.01k8rhncp4jt1\/2025\/11\/talking-bot-125x125.png","url":"https:\/\/portaltela.pt\/s.01k8rhncp4jt1\/2025\/11\/talking-bot-125x125.png","contentUrl":"https:\/\/portaltela.pt\/s.01k8rhncp4jt1\/2025\/11\/talking-bot-125x125.png","caption":"Telinha"},"sameAs":["https:\/\/portaltela.pt\/"],"url":"https:\/\/portaltela.pt\/por\/367410592786\/"}]}},"_links":{"self":[{"href":"https:\/\/portaltela.pt\/api\/wp\/v2\/posts\/414125","targetHints":{"allow":["GET"]}}],"collection":[{"href":"https:\/\/portaltela.pt\/api\/wp\/v2\/posts"}],"about":[{"href":"https:\/\/portaltela.pt\/api\/wp\/v2\/types\/post"}],"author":[{"embeddable":true,"href":"https:\/\/portaltela.pt\/api\/wp\/v2\/users\/2"}],"replies":[{"embeddable":true,"href":"https:\/\/portaltela.pt\/api\/wp\/v2\/comments?post=414125"}],"version-history":[{"count":0,"href":"https:\/\/portaltela.pt\/api\/wp\/v2\/posts\/414125\/revisions"}],"wp:featuredmedia":[{"embeddable":true,"href":"https:\/\/portaltela.pt\/api\/wp\/v2\/media\/414137"}],"wp:attachment":[{"href":"https:\/\/portaltela.pt\/api\/wp\/v2\/media?parent=414125"}],"wp:term":[{"taxonomy":"category","embeddable":true,"href":"https:\/\/portaltela.pt\/api\/wp\/v2\/categories?post=414125"},{"taxonomy":"post_tag","embeddable":true,"href":"https:\/\/portaltela.pt\/api\/wp\/v2\/tags?post=414125"}],"curies":[{"name":"wp","href":"https:\/\/api.w.org\/{rel}","templated":true}]}}