{"id":414124,"date":"2026-03-18T03:00:00","date_gmt":"2026-03-18T06:00:00","guid":{"rendered":"https:\/\/portaltela.pt\/noticias\/2026\/03\/18\/eixo-de-ditaduras-torna-se-principio-organizador-do-autoritarismo-do-seculo-xxi\/"},"modified":"2026-03-18T03:00:00","modified_gmt":"2026-03-18T06:00:00","slug":"eixo-de-ditaduras-torna-se-principio-organizador-do-autoritarismo-do-seculo-xxi","status":"publish","type":"post","link":"https:\/\/portaltela.pt\/noticias\/internacional\/2026\/03\/18\/eixo-de-ditaduras-torna-se-principio-organizador-do-autoritarismo-do-seculo-xxi\/","title":{"rendered":"Eixo de ditaduras torna-se princ\u00edpio organizador do autoritarismo do s\u00e9culo XXI"},"content":{"rendered":"<p>O estudo da Action for Democracy aponta que regimes autorit\u00e1rios est\u00e3o a intensificar e a institucionalizar a coopera\u00e7\u00e3o, al\u00e9m das cimeiras peri\u00f3dicas, para criar redes de propaganda e de controlo.<\/p>\n<p>A pesquisa identifica a R\u00fassia e a China como n\u00facle central de uma rede em expans\u00e3o, com aliados que partilham ferramentas, t\u00e9cnicas de repress\u00e3o e estrat\u00e9gias de influ\u00eancia dentro e fora das fronteiras.<\/p>\n<p>A apresenta\u00e7\u00e3o ocorreu nesta quarta-feira, num eixo que alega ter ganhado for\u00e7a face \u00e0 desunidade entre democracias e \u00e0 fragmenta\u00e7\u00e3o internacional existente.<\/p>\n<p>Segundo o relat\u00f3rio, os regimes autorit\u00e1rios articulam produ\u00e7\u00e3o e difus\u00e3o de conte\u00fados, bem como partilha de tecnologias de vigil\u00e2ncia e de repress\u00e3o para refor\u00e7ar o controle interno.<\/p>\n<p>O estudo exorta as democracias a responderem de forma coordenada, com maior coopera\u00e7\u00e3o regional e internacional, para enfrentar o que descreve como novo \u201cprinc\u00edpio organizador\u201d do autoritarismo do s\u00e9culo XXI.<\/p>\n","protected":false},"excerpt":{"rendered":"<ul>\n<li>Regimes autorit\u00e1rios est\u00e3o a intensificar e a institucionalizar a coopera\u00e7\u00e3o al\u00e9m de encontros peri\u00f3dicos.<\/li>\n<li>Um estudo da Action for Democracy mapeia a ascens\u00e3o de uma nova \u201cinternacional\u201d autorit\u00e1ria.<\/li>\n<li>A an\u00e1lise aponta a R\u00fassia e a China como centros de uma rede em expans\u00e3o.<\/li>\n<li>As redes visam produ\u00e7\u00e3o e difus\u00e3o de propaganda, bem como partilha de ferramentas e estrat\u00e9gias de controlo e repress\u00e3o.<\/li>\n<li>As democracias s\u00e3o exortadas a responder e adaptar-se a este fen\u00f3meno, que se desenvolve dentro e fora das suas fronteiras.<\/li>\n<\/ul>\n","protected":false},"author":2,"featured_media":414130,"comment_status":"closed","ping_status":"closed","sticky":false,"template":"","format":"standard","meta":{"footnotes":""},"categories":[4,7127],"tags":[5913,6308,2198,256,2795,3045],"class_list":["post-414124","post","type-post","status-publish","format-standard","has-post-thumbnail","hentry","category-internacional","category-politica-internacional","tag-a-china","tag-a-russia","tag-conflitos-internacionais","tag-cooperacao-internacional","tag-democracia","tag-vigilancia-electronica"],"yoast_head":"<!-- This site is optimized with the Yoast SEO plugin v27.2 - https:\/\/yoast.com\/product\/yoast-seo-wordpress\/ -->\n<title>Eixo de ditaduras torna-se princ\u00edpio organizador do autoritarismo do s\u00e9culo XXI - Portal Tela Portugal<\/title>\n<meta name=\"robots\" content=\"index, follow, max-snippet:-1, max-image-preview:large, max-video-preview:-1\" \/>\n<meta property=\"og:locale\" content=\"pt_PT\" \/>\n<meta property=\"og:type\" content=\"article\" \/>\n<meta property=\"og:title\" content=\"Eixo de ditaduras torna-se princ\u00edpio organizador do autoritarismo do s\u00e9culo XXI - Portal Tela Portugal\" \/>\n<meta property=\"og:description\" content=\"Regimes autorit\u00e1rios est\u00e3o a intensificar e a institucionalizar a coopera\u00e7\u00e3o al\u00e9m de encontros peri\u00f3dicos. Um estudo da Action for Democracy mapeia a ascens\u00e3o de uma nova \u201cinternacional\u201d autorit\u00e1ria. A an\u00e1lise aponta a R\u00fassia e a China como centros de uma rede em expans\u00e3o. As redes visam produ\u00e7\u00e3o e difus\u00e3o de propaganda, bem como partilha de ferramentas e estrat\u00e9gias de controlo e repress\u00e3o. As democracias s\u00e3o exortadas a responder e adaptar-se a este fen\u00f3meno, que se desenvolve dentro e fora das suas fronteiras.\" \/>\n<meta property=\"og:url\" content=\"https:\/\/portaltela.pt\/noticias\/2026\/03\/18\/eixo-de-ditaduras-torna-se-principio-organizador-do-autoritarismo-do-seculo-xxi\/\" \/>\n<meta property=\"og:site_name\" content=\"Portal Tela Portugal\" \/>\n<meta property=\"article:published_time\" content=\"2026-03-18T06:00:00+00:00\" \/>\n<meta name=\"author\" content=\"Telinha\" \/>\n<meta name=\"twitter:card\" content=\"summary_large_image\" \/>\n<meta name=\"twitter:label1\" content=\"Escrito por\" \/>\n\t<meta name=\"twitter:data1\" content=\"Telinha\" \/>\n\t<meta name=\"twitter:label2\" content=\"Tempo estimado de leitura\" \/>\n\t<meta name=\"twitter:data2\" content=\"1 minuto\" \/>\n<script type=\"application\/ld+json\" class=\"yoast-schema-graph\">{\"@context\":\"https:\/\/schema.org\",\"@graph\":[{\"@type\":\"Article\",\"@id\":\"https:\/\/portaltela.pt\/noticias\/2026\/03\/18\/eixo-de-ditaduras-torna-se-principio-organizador-do-autoritarismo-do-seculo-xxi\/#article\",\"isPartOf\":{\"@id\":\"https:\/\/portaltela.pt\/noticias\/2026\/03\/18\/eixo-de-ditaduras-torna-se-principio-organizador-do-autoritarismo-do-seculo-xxi\/\"},\"author\":{\"name\":\"Telinha\",\"@id\":\"https:\/\/portaltela.pt\/#\/schema\/person\/c4278d4a6028830caff9ee44b42d32ed\"},\"headline\":\"Eixo de ditaduras torna-se princ\u00edpio organizador do autoritarismo do s\u00e9culo XXI\",\"datePublished\":\"2026-03-18T06:00:00+00:00\",\"mainEntityOfPage\":{\"@id\":\"https:\/\/portaltela.pt\/noticias\/2026\/03\/18\/eixo-de-ditaduras-torna-se-principio-organizador-do-autoritarismo-do-seculo-xxi\/\"},\"wordCount\":179,\"image\":{\"@id\":\"https:\/\/portaltela.pt\/noticias\/2026\/03\/18\/eixo-de-ditaduras-torna-se-principio-organizador-do-autoritarismo-do-seculo-xxi\/#primaryimage\"},\"thumbnailUrl\":\"https:\/\/portaltela.pt\/s.01k8rhncp4jt1\/2026\/03\/2075006.jpg\",\"keywords\":[\"a china\",\"a R\u00fassia\",\"conflitos internacionais\",\"coopera\u00e7\u00e3o internacional\",\"democracia\",\"vigil\u00e2ncia electr\u00f3nica\"],\"articleSection\":[\"Internacional\",\"Pol\u00edtica Internacional\"],\"inLanguage\":\"pt-PT\"},{\"@type\":\"WebPage\",\"@id\":\"https:\/\/portaltela.pt\/noticias\/2026\/03\/18\/eixo-de-ditaduras-torna-se-principio-organizador-do-autoritarismo-do-seculo-xxi\/\",\"url\":\"https:\/\/portaltela.pt\/noticias\/2026\/03\/18\/eixo-de-ditaduras-torna-se-principio-organizador-do-autoritarismo-do-seculo-xxi\/\",\"name\":\"Eixo de ditaduras torna-se princ\u00edpio organizador do autoritarismo do s\u00e9culo XXI - Portal Tela Portugal\",\"isPartOf\":{\"@id\":\"https:\/\/portaltela.pt\/#website\"},\"primaryImageOfPage\":{\"@id\":\"https:\/\/portaltela.pt\/noticias\/2026\/03\/18\/eixo-de-ditaduras-torna-se-principio-organizador-do-autoritarismo-do-seculo-xxi\/#primaryimage\"},\"image\":{\"@id\":\"https:\/\/portaltela.pt\/noticias\/2026\/03\/18\/eixo-de-ditaduras-torna-se-principio-organizador-do-autoritarismo-do-seculo-xxi\/#primaryimage\"},\"thumbnailUrl\":\"https:\/\/portaltela.pt\/s.01k8rhncp4jt1\/2026\/03\/2075006.jpg\",\"datePublished\":\"2026-03-18T06:00:00+00:00\",\"author\":{\"@id\":\"https:\/\/portaltela.pt\/#\/schema\/person\/c4278d4a6028830caff9ee44b42d32ed\"},\"breadcrumb\":{\"@id\":\"https:\/\/portaltela.pt\/noticias\/2026\/03\/18\/eixo-de-ditaduras-torna-se-principio-organizador-do-autoritarismo-do-seculo-xxi\/#breadcrumb\"},\"inLanguage\":\"pt-PT\",\"potentialAction\":[{\"@type\":\"ReadAction\",\"target\":[\"https:\/\/portaltela.pt\/noticias\/2026\/03\/18\/eixo-de-ditaduras-torna-se-principio-organizador-do-autoritarismo-do-seculo-xxi\/\"]}]},{\"@type\":\"ImageObject\",\"inLanguage\":\"pt-PT\",\"@id\":\"https:\/\/portaltela.pt\/noticias\/2026\/03\/18\/eixo-de-ditaduras-torna-se-principio-organizador-do-autoritarismo-do-seculo-xxi\/#primaryimage\",\"url\":\"https:\/\/portaltela.pt\/s.01k8rhncp4jt1\/2026\/03\/2075006.jpg\",\"contentUrl\":\"https:\/\/portaltela.pt\/s.01k8rhncp4jt1\/2026\/03\/2075006.jpg\",\"width\":796,\"height\":448,\"caption\":\"O Presidente russo Vladimir Putin, o hom\u00f3logo chin\u00eas Xi Jinping e o primeiro-ministro Narendra Modi numa cimeira realizada em Xiamen, na China, em 2017\"},{\"@type\":\"BreadcrumbList\",\"@id\":\"https:\/\/portaltela.pt\/noticias\/2026\/03\/18\/eixo-de-ditaduras-torna-se-principio-organizador-do-autoritarismo-do-seculo-xxi\/#breadcrumb\",\"itemListElement\":[{\"@type\":\"ListItem\",\"position\":1,\"name\":\"In\u00edcio\",\"item\":\"https:\/\/portaltela.pt\/\"},{\"@type\":\"ListItem\",\"position\":2,\"name\":\"Eixo de ditaduras torna-se princ\u00edpio organizador do autoritarismo do s\u00e9culo XXI\"}]},{\"@type\":\"WebSite\",\"@id\":\"https:\/\/portaltela.pt\/#website\",\"url\":\"https:\/\/portaltela.pt\/\",\"name\":\"Portal Tela Portugal\",\"description\":\"\",\"potentialAction\":[{\"@type\":\"SearchAction\",\"target\":{\"@type\":\"EntryPoint\",\"urlTemplate\":\"https:\/\/portaltela.pt\/?s={search_term_string}\"},\"query-input\":{\"@type\":\"PropertyValueSpecification\",\"valueRequired\":true,\"valueName\":\"search_term_string\"}}],\"inLanguage\":\"pt-PT\"},{\"@type\":\"Person\",\"@id\":\"https:\/\/portaltela.pt\/#\/schema\/person\/c4278d4a6028830caff9ee44b42d32ed\",\"name\":\"Telinha\",\"image\":{\"@type\":\"ImageObject\",\"inLanguage\":\"pt-PT\",\"@id\":\"https:\/\/portaltela.pt\/s.01k8rhncp4jt1\/2025\/11\/talking-bot-125x125.png\",\"url\":\"https:\/\/portaltela.pt\/s.01k8rhncp4jt1\/2025\/11\/talking-bot-125x125.png\",\"contentUrl\":\"https:\/\/portaltela.pt\/s.01k8rhncp4jt1\/2025\/11\/talking-bot-125x125.png\",\"caption\":\"Telinha\"},\"sameAs\":[\"https:\/\/portaltela.pt\/\"],\"url\":\"https:\/\/portaltela.pt\/por\/367410592786\/\"}]}<\/script>\n<!-- \/ Yoast SEO plugin. -->","yoast_head_json":{"title":"Eixo de ditaduras torna-se princ\u00edpio organizador do autoritarismo do s\u00e9culo XXI - Portal Tela Portugal","robots":{"index":"index","follow":"follow","max-snippet":"max-snippet:-1","max-image-preview":"max-image-preview:large","max-video-preview":"max-video-preview:-1"},"og_locale":"pt_PT","og_type":"article","og_title":"Eixo de ditaduras torna-se princ\u00edpio organizador do autoritarismo do s\u00e9culo XXI - Portal Tela Portugal","og_description":"Regimes autorit\u00e1rios est\u00e3o a intensificar e a institucionalizar a coopera\u00e7\u00e3o al\u00e9m de encontros peri\u00f3dicos. Um estudo da Action for Democracy mapeia a ascens\u00e3o de uma nova \u201cinternacional\u201d autorit\u00e1ria. A an\u00e1lise aponta a R\u00fassia e a China como centros de uma rede em expans\u00e3o. As redes visam produ\u00e7\u00e3o e difus\u00e3o de propaganda, bem como partilha de ferramentas e estrat\u00e9gias de controlo e repress\u00e3o. As democracias s\u00e3o exortadas a responder e adaptar-se a este fen\u00f3meno, que se desenvolve dentro e fora das suas fronteiras.","og_url":"https:\/\/portaltela.pt\/noticias\/2026\/03\/18\/eixo-de-ditaduras-torna-se-principio-organizador-do-autoritarismo-do-seculo-xxi\/","og_site_name":"Portal Tela Portugal","article_published_time":"2026-03-18T06:00:00+00:00","author":"Telinha","twitter_card":"summary_large_image","twitter_misc":{"Escrito por":"Telinha","Tempo estimado de leitura":"1 minuto"},"schema":{"@context":"https:\/\/schema.org","@graph":[{"@type":"Article","@id":"https:\/\/portaltela.pt\/noticias\/2026\/03\/18\/eixo-de-ditaduras-torna-se-principio-organizador-do-autoritarismo-do-seculo-xxi\/#article","isPartOf":{"@id":"https:\/\/portaltela.pt\/noticias\/2026\/03\/18\/eixo-de-ditaduras-torna-se-principio-organizador-do-autoritarismo-do-seculo-xxi\/"},"author":{"name":"Telinha","@id":"https:\/\/portaltela.pt\/#\/schema\/person\/c4278d4a6028830caff9ee44b42d32ed"},"headline":"Eixo de ditaduras torna-se princ\u00edpio organizador do autoritarismo do s\u00e9culo XXI","datePublished":"2026-03-18T06:00:00+00:00","mainEntityOfPage":{"@id":"https:\/\/portaltela.pt\/noticias\/2026\/03\/18\/eixo-de-ditaduras-torna-se-principio-organizador-do-autoritarismo-do-seculo-xxi\/"},"wordCount":179,"image":{"@id":"https:\/\/portaltela.pt\/noticias\/2026\/03\/18\/eixo-de-ditaduras-torna-se-principio-organizador-do-autoritarismo-do-seculo-xxi\/#primaryimage"},"thumbnailUrl":"https:\/\/portaltela.pt\/s.01k8rhncp4jt1\/2026\/03\/2075006.jpg","keywords":["a china","a R\u00fassia","conflitos internacionais","coopera\u00e7\u00e3o internacional","democracia","vigil\u00e2ncia electr\u00f3nica"],"articleSection":["Internacional","Pol\u00edtica Internacional"],"inLanguage":"pt-PT"},{"@type":"WebPage","@id":"https:\/\/portaltela.pt\/noticias\/2026\/03\/18\/eixo-de-ditaduras-torna-se-principio-organizador-do-autoritarismo-do-seculo-xxi\/","url":"https:\/\/portaltela.pt\/noticias\/2026\/03\/18\/eixo-de-ditaduras-torna-se-principio-organizador-do-autoritarismo-do-seculo-xxi\/","name":"Eixo de ditaduras torna-se princ\u00edpio organizador do autoritarismo do s\u00e9culo XXI - Portal Tela Portugal","isPartOf":{"@id":"https:\/\/portaltela.pt\/#website"},"primaryImageOfPage":{"@id":"https:\/\/portaltela.pt\/noticias\/2026\/03\/18\/eixo-de-ditaduras-torna-se-principio-organizador-do-autoritarismo-do-seculo-xxi\/#primaryimage"},"image":{"@id":"https:\/\/portaltela.pt\/noticias\/2026\/03\/18\/eixo-de-ditaduras-torna-se-principio-organizador-do-autoritarismo-do-seculo-xxi\/#primaryimage"},"thumbnailUrl":"https:\/\/portaltela.pt\/s.01k8rhncp4jt1\/2026\/03\/2075006.jpg","datePublished":"2026-03-18T06:00:00+00:00","author":{"@id":"https:\/\/portaltela.pt\/#\/schema\/person\/c4278d4a6028830caff9ee44b42d32ed"},"breadcrumb":{"@id":"https:\/\/portaltela.pt\/noticias\/2026\/03\/18\/eixo-de-ditaduras-torna-se-principio-organizador-do-autoritarismo-do-seculo-xxi\/#breadcrumb"},"inLanguage":"pt-PT","potentialAction":[{"@type":"ReadAction","target":["https:\/\/portaltela.pt\/noticias\/2026\/03\/18\/eixo-de-ditaduras-torna-se-principio-organizador-do-autoritarismo-do-seculo-xxi\/"]}]},{"@type":"ImageObject","inLanguage":"pt-PT","@id":"https:\/\/portaltela.pt\/noticias\/2026\/03\/18\/eixo-de-ditaduras-torna-se-principio-organizador-do-autoritarismo-do-seculo-xxi\/#primaryimage","url":"https:\/\/portaltela.pt\/s.01k8rhncp4jt1\/2026\/03\/2075006.jpg","contentUrl":"https:\/\/portaltela.pt\/s.01k8rhncp4jt1\/2026\/03\/2075006.jpg","width":796,"height":448,"caption":"O Presidente russo Vladimir Putin, o hom\u00f3logo chin\u00eas Xi Jinping e o primeiro-ministro Narendra Modi numa cimeira realizada em Xiamen, na China, em 2017"},{"@type":"BreadcrumbList","@id":"https:\/\/portaltela.pt\/noticias\/2026\/03\/18\/eixo-de-ditaduras-torna-se-principio-organizador-do-autoritarismo-do-seculo-xxi\/#breadcrumb","itemListElement":[{"@type":"ListItem","position":1,"name":"In\u00edcio","item":"https:\/\/portaltela.pt\/"},{"@type":"ListItem","position":2,"name":"Eixo de ditaduras torna-se princ\u00edpio organizador do autoritarismo do s\u00e9culo XXI"}]},{"@type":"WebSite","@id":"https:\/\/portaltela.pt\/#website","url":"https:\/\/portaltela.pt\/","name":"Portal Tela Portugal","description":"","potentialAction":[{"@type":"SearchAction","target":{"@type":"EntryPoint","urlTemplate":"https:\/\/portaltela.pt\/?s={search_term_string}"},"query-input":{"@type":"PropertyValueSpecification","valueRequired":true,"valueName":"search_term_string"}}],"inLanguage":"pt-PT"},{"@type":"Person","@id":"https:\/\/portaltela.pt\/#\/schema\/person\/c4278d4a6028830caff9ee44b42d32ed","name":"Telinha","image":{"@type":"ImageObject","inLanguage":"pt-PT","@id":"https:\/\/portaltela.pt\/s.01k8rhncp4jt1\/2025\/11\/talking-bot-125x125.png","url":"https:\/\/portaltela.pt\/s.01k8rhncp4jt1\/2025\/11\/talking-bot-125x125.png","contentUrl":"https:\/\/portaltela.pt\/s.01k8rhncp4jt1\/2025\/11\/talking-bot-125x125.png","caption":"Telinha"},"sameAs":["https:\/\/portaltela.pt\/"],"url":"https:\/\/portaltela.pt\/por\/367410592786\/"}]}},"_links":{"self":[{"href":"https:\/\/portaltela.pt\/api\/wp\/v2\/posts\/414124","targetHints":{"allow":["GET"]}}],"collection":[{"href":"https:\/\/portaltela.pt\/api\/wp\/v2\/posts"}],"about":[{"href":"https:\/\/portaltela.pt\/api\/wp\/v2\/types\/post"}],"author":[{"embeddable":true,"href":"https:\/\/portaltela.pt\/api\/wp\/v2\/users\/2"}],"replies":[{"embeddable":true,"href":"https:\/\/portaltela.pt\/api\/wp\/v2\/comments?post=414124"}],"version-history":[{"count":0,"href":"https:\/\/portaltela.pt\/api\/wp\/v2\/posts\/414124\/revisions"}],"wp:featuredmedia":[{"embeddable":true,"href":"https:\/\/portaltela.pt\/api\/wp\/v2\/media\/414130"}],"wp:attachment":[{"href":"https:\/\/portaltela.pt\/api\/wp\/v2\/media?parent=414124"}],"wp:term":[{"taxonomy":"category","embeddable":true,"href":"https:\/\/portaltela.pt\/api\/wp\/v2\/categories?post=414124"},{"taxonomy":"post_tag","embeddable":true,"href":"https:\/\/portaltela.pt\/api\/wp\/v2\/tags?post=414124"}],"curies":[{"name":"wp","href":"https:\/\/api.w.org\/{rel}","templated":true}]}}