{"id":414099,"date":"2026-03-18T02:18:00","date_gmt":"2026-03-18T05:18:00","guid":{"rendered":"https:\/\/portaltela.pt\/noticias\/2026\/03\/18\/quatro-coproducoes-portuguesas-em-destaque-no-festival-de-hong-kong\/"},"modified":"2026-03-18T02:18:00","modified_gmt":"2026-03-18T05:18:00","slug":"quatro-coproducoes-portuguesas-em-destaque-no-festival-de-hong-kong","status":"publish","type":"post","link":"https:\/\/portaltela.pt\/noticias\/2026\/03\/18\/quatro-coproducoes-portuguesas-em-destaque-no-festival-de-hong-kong\/","title":{"rendered":"Quatro coprodu\u00e7\u00f5es portuguesas em destaque no Festival de Hong Kong"},"content":{"rendered":"<p>Quatro coprodu\u00e7\u00f5es portuguesas foram destacadas no Festival de Cinema de Hong Kong, sinalizando o reconhecimento do cinema nacional em palco internacional. O comunicado indica a presen\u00e7a de obras de produ\u00e7\u00e3o portuguesa no certame, sem especificar quais.<\/p>\n<p>Os nomes dos filmes, realizadores e detalhes das equipas n\u00e3o foram divulgados no material fornecido. O texto aponta apenas para a participa\u00e7\u00e3o portuguesa como conjunto, sem indicar parceiros espec\u00edficos.<\/p>\n<p>N\u00e3o foram partilhadas informa\u00e7\u00f5es sobre sess\u00f5es, datas de exibi\u00e7\u00e3o ou rea\u00e7\u00f5es do p\u00fablico. A cobertura limita-se aos dados oficiais dispon\u00edveis e n\u00e3o apresenta avalia\u00e7\u00f5es ou conclus\u00f5es.<\/p>\n","protected":false},"excerpt":{"rendered":"<ul>\n<li>Quatro coprodu\u00e7\u00f5es portuguesas est\u00e3o em destaque no Festival de Cinema de Hong Kong.<\/li>\n<li>As obras integram a sele\u00e7\u00e3o do festival realizado em Hong Kong.<\/li>\n<li>A not\u00edcia refere a participa\u00e7\u00e3o de produ\u00e7\u00f5es de Portugal no certame.<\/li>\n<li>A mat\u00e9ria \u00e9 atribu\u00edda \u00e0 ag\u00eancia Lusa.<\/li>\n<\/ul>\n","protected":false},"author":2,"featured_media":414103,"comment_status":"closed","ping_status":"closed","sticky":false,"template":"","format":"standard","meta":{"footnotes":""},"categories":[1],"tags":[112,4294,3674,81,1014],"class_list":["post-414099","post","type-post","status-publish","format-standard","has-post-thumbnail","hentry","category-noticias","tag-cinema","tag-co-producoes-internacionais","tag-festival","tag-internacionais","tag-portugal"],"yoast_head":"<!-- This site is optimized with the Yoast SEO plugin v27.2 - https:\/\/yoast.com\/product\/yoast-seo-wordpress\/ -->\n<title>Quatro coprodu\u00e7\u00f5es portuguesas em destaque no Festival de Hong Kong - Portal Tela Portugal<\/title>\n<meta name=\"robots\" content=\"index, follow, max-snippet:-1, max-image-preview:large, max-video-preview:-1\" \/>\n<meta property=\"og:locale\" content=\"pt_PT\" \/>\n<meta property=\"og:type\" content=\"article\" \/>\n<meta property=\"og:title\" content=\"Quatro coprodu\u00e7\u00f5es portuguesas em destaque no Festival de Hong Kong - Portal Tela Portugal\" \/>\n<meta property=\"og:description\" content=\"Quatro coprodu\u00e7\u00f5es portuguesas est\u00e3o em destaque no Festival de Cinema de Hong Kong. As obras integram a sele\u00e7\u00e3o do festival realizado em Hong Kong. A not\u00edcia refere a participa\u00e7\u00e3o de produ\u00e7\u00f5es de Portugal no certame. A mat\u00e9ria \u00e9 atribu\u00edda \u00e0 ag\u00eancia Lusa.\" \/>\n<meta property=\"og:url\" content=\"https:\/\/portaltela.pt\/noticias\/2026\/03\/18\/quatro-coproducoes-portuguesas-em-destaque-no-festival-de-hong-kong\/\" \/>\n<meta property=\"og:site_name\" content=\"Portal Tela Portugal\" \/>\n<meta property=\"article:published_time\" content=\"2026-03-18T05:18:00+00:00\" \/>\n<meta name=\"author\" content=\"Telinha\" \/>\n<meta name=\"twitter:card\" content=\"summary_large_image\" \/>\n<meta name=\"twitter:label1\" content=\"Escrito por\" \/>\n\t<meta name=\"twitter:data1\" content=\"Telinha\" \/>\n\t<meta name=\"twitter:label2\" content=\"Tempo estimado de leitura\" \/>\n\t<meta name=\"twitter:data2\" content=\"1 minuto\" \/>\n<script type=\"application\/ld+json\" class=\"yoast-schema-graph\">{\"@context\":\"https:\/\/schema.org\",\"@graph\":[{\"@type\":\"Article\",\"@id\":\"https:\/\/portaltela.pt\/noticias\/2026\/03\/18\/quatro-coproducoes-portuguesas-em-destaque-no-festival-de-hong-kong\/#article\",\"isPartOf\":{\"@id\":\"https:\/\/portaltela.pt\/noticias\/2026\/03\/18\/quatro-coproducoes-portuguesas-em-destaque-no-festival-de-hong-kong\/\"},\"author\":{\"name\":\"Telinha\",\"@id\":\"https:\/\/portaltela.pt\/#\/schema\/person\/c4278d4a6028830caff9ee44b42d32ed\"},\"headline\":\"Quatro coprodu\u00e7\u00f5es portuguesas em destaque no Festival de Hong Kong\",\"datePublished\":\"2026-03-18T05:18:00+00:00\",\"mainEntityOfPage\":{\"@id\":\"https:\/\/portaltela.pt\/noticias\/2026\/03\/18\/quatro-coproducoes-portuguesas-em-destaque-no-festival-de-hong-kong\/\"},\"wordCount\":118,\"image\":{\"@id\":\"https:\/\/portaltela.pt\/noticias\/2026\/03\/18\/quatro-coproducoes-portuguesas-em-destaque-no-festival-de-hong-kong\/#primaryimage\"},\"thumbnailUrl\":\"https:\/\/portaltela.pt\/s.01k8rhncp4jt1\/2026\/03\/CACHE_780X1200_ANALOG_WATERMARKED_44987968_879973436163981.jpg\",\"keywords\":[\"cinema\",\"co-produ\u00e7\u00f5es internacionais\",\"festival\",\"internacionais\",\"Portugal\"],\"articleSection\":[\"Not\u00edcias\"],\"inLanguage\":\"pt-PT\"},{\"@type\":\"WebPage\",\"@id\":\"https:\/\/portaltela.pt\/noticias\/2026\/03\/18\/quatro-coproducoes-portuguesas-em-destaque-no-festival-de-hong-kong\/\",\"url\":\"https:\/\/portaltela.pt\/noticias\/2026\/03\/18\/quatro-coproducoes-portuguesas-em-destaque-no-festival-de-hong-kong\/\",\"name\":\"Quatro coprodu\u00e7\u00f5es portuguesas em destaque no Festival de Hong Kong - Portal Tela Portugal\",\"isPartOf\":{\"@id\":\"https:\/\/portaltela.pt\/#website\"},\"primaryImageOfPage\":{\"@id\":\"https:\/\/portaltela.pt\/noticias\/2026\/03\/18\/quatro-coproducoes-portuguesas-em-destaque-no-festival-de-hong-kong\/#primaryimage\"},\"image\":{\"@id\":\"https:\/\/portaltela.pt\/noticias\/2026\/03\/18\/quatro-coproducoes-portuguesas-em-destaque-no-festival-de-hong-kong\/#primaryimage\"},\"thumbnailUrl\":\"https:\/\/portaltela.pt\/s.01k8rhncp4jt1\/2026\/03\/CACHE_780X1200_ANALOG_WATERMARKED_44987968_879973436163981.jpg\",\"datePublished\":\"2026-03-18T05:18:00+00:00\",\"author\":{\"@id\":\"https:\/\/portaltela.pt\/#\/schema\/person\/c4278d4a6028830caff9ee44b42d32ed\"},\"breadcrumb\":{\"@id\":\"https:\/\/portaltela.pt\/noticias\/2026\/03\/18\/quatro-coproducoes-portuguesas-em-destaque-no-festival-de-hong-kong\/#breadcrumb\"},\"inLanguage\":\"pt-PT\",\"potentialAction\":[{\"@type\":\"ReadAction\",\"target\":[\"https:\/\/portaltela.pt\/noticias\/2026\/03\/18\/quatro-coproducoes-portuguesas-em-destaque-no-festival-de-hong-kong\/\"]}]},{\"@type\":\"ImageObject\",\"inLanguage\":\"pt-PT\",\"@id\":\"https:\/\/portaltela.pt\/noticias\/2026\/03\/18\/quatro-coproducoes-portuguesas-em-destaque-no-festival-de-hong-kong\/#primaryimage\",\"url\":\"https:\/\/portaltela.pt\/s.01k8rhncp4jt1\/2026\/03\/CACHE_780X1200_ANALOG_WATERMARKED_44987968_879973436163981.jpg\",\"contentUrl\":\"https:\/\/portaltela.pt\/s.01k8rhncp4jt1\/2026\/03\/CACHE_780X1200_ANALOG_WATERMARKED_44987968_879973436163981.jpg\",\"width\":796,\"height\":448,\"caption\":\"Quatro coprodu\u00e7\u00f5es portuguesas em destaque no Festival de Cinema de Hong Kong\"},{\"@type\":\"BreadcrumbList\",\"@id\":\"https:\/\/portaltela.pt\/noticias\/2026\/03\/18\/quatro-coproducoes-portuguesas-em-destaque-no-festival-de-hong-kong\/#breadcrumb\",\"itemListElement\":[{\"@type\":\"ListItem\",\"position\":1,\"name\":\"In\u00edcio\",\"item\":\"https:\/\/portaltela.pt\/\"},{\"@type\":\"ListItem\",\"position\":2,\"name\":\"Quatro coprodu\u00e7\u00f5es portuguesas em destaque no Festival de Hong Kong\"}]},{\"@type\":\"WebSite\",\"@id\":\"https:\/\/portaltela.pt\/#website\",\"url\":\"https:\/\/portaltela.pt\/\",\"name\":\"Portal Tela Portugal\",\"description\":\"\",\"potentialAction\":[{\"@type\":\"SearchAction\",\"target\":{\"@type\":\"EntryPoint\",\"urlTemplate\":\"https:\/\/portaltela.pt\/?s={search_term_string}\"},\"query-input\":{\"@type\":\"PropertyValueSpecification\",\"valueRequired\":true,\"valueName\":\"search_term_string\"}}],\"inLanguage\":\"pt-PT\"},{\"@type\":\"Person\",\"@id\":\"https:\/\/portaltela.pt\/#\/schema\/person\/c4278d4a6028830caff9ee44b42d32ed\",\"name\":\"Telinha\",\"image\":{\"@type\":\"ImageObject\",\"inLanguage\":\"pt-PT\",\"@id\":\"https:\/\/portaltela.pt\/s.01k8rhncp4jt1\/2025\/11\/talking-bot-125x125.png\",\"url\":\"https:\/\/portaltela.pt\/s.01k8rhncp4jt1\/2025\/11\/talking-bot-125x125.png\",\"contentUrl\":\"https:\/\/portaltela.pt\/s.01k8rhncp4jt1\/2025\/11\/talking-bot-125x125.png\",\"caption\":\"Telinha\"},\"sameAs\":[\"https:\/\/portaltela.pt\/\"],\"url\":\"https:\/\/portaltela.pt\/por\/367410592786\/\"}]}<\/script>\n<!-- \/ Yoast SEO plugin. -->","yoast_head_json":{"title":"Quatro coprodu\u00e7\u00f5es portuguesas em destaque no Festival de Hong Kong - Portal Tela Portugal","robots":{"index":"index","follow":"follow","max-snippet":"max-snippet:-1","max-image-preview":"max-image-preview:large","max-video-preview":"max-video-preview:-1"},"og_locale":"pt_PT","og_type":"article","og_title":"Quatro coprodu\u00e7\u00f5es portuguesas em destaque no Festival de Hong Kong - Portal Tela Portugal","og_description":"Quatro coprodu\u00e7\u00f5es portuguesas est\u00e3o em destaque no Festival de Cinema de Hong Kong. As obras integram a sele\u00e7\u00e3o do festival realizado em Hong Kong. A not\u00edcia refere a participa\u00e7\u00e3o de produ\u00e7\u00f5es de Portugal no certame. A mat\u00e9ria \u00e9 atribu\u00edda \u00e0 ag\u00eancia Lusa.","og_url":"https:\/\/portaltela.pt\/noticias\/2026\/03\/18\/quatro-coproducoes-portuguesas-em-destaque-no-festival-de-hong-kong\/","og_site_name":"Portal Tela Portugal","article_published_time":"2026-03-18T05:18:00+00:00","author":"Telinha","twitter_card":"summary_large_image","twitter_misc":{"Escrito por":"Telinha","Tempo estimado de leitura":"1 minuto"},"schema":{"@context":"https:\/\/schema.org","@graph":[{"@type":"Article","@id":"https:\/\/portaltela.pt\/noticias\/2026\/03\/18\/quatro-coproducoes-portuguesas-em-destaque-no-festival-de-hong-kong\/#article","isPartOf":{"@id":"https:\/\/portaltela.pt\/noticias\/2026\/03\/18\/quatro-coproducoes-portuguesas-em-destaque-no-festival-de-hong-kong\/"},"author":{"name":"Telinha","@id":"https:\/\/portaltela.pt\/#\/schema\/person\/c4278d4a6028830caff9ee44b42d32ed"},"headline":"Quatro coprodu\u00e7\u00f5es portuguesas em destaque no Festival de Hong Kong","datePublished":"2026-03-18T05:18:00+00:00","mainEntityOfPage":{"@id":"https:\/\/portaltela.pt\/noticias\/2026\/03\/18\/quatro-coproducoes-portuguesas-em-destaque-no-festival-de-hong-kong\/"},"wordCount":118,"image":{"@id":"https:\/\/portaltela.pt\/noticias\/2026\/03\/18\/quatro-coproducoes-portuguesas-em-destaque-no-festival-de-hong-kong\/#primaryimage"},"thumbnailUrl":"https:\/\/portaltela.pt\/s.01k8rhncp4jt1\/2026\/03\/CACHE_780X1200_ANALOG_WATERMARKED_44987968_879973436163981.jpg","keywords":["cinema","co-produ\u00e7\u00f5es internacionais","festival","internacionais","Portugal"],"articleSection":["Not\u00edcias"],"inLanguage":"pt-PT"},{"@type":"WebPage","@id":"https:\/\/portaltela.pt\/noticias\/2026\/03\/18\/quatro-coproducoes-portuguesas-em-destaque-no-festival-de-hong-kong\/","url":"https:\/\/portaltela.pt\/noticias\/2026\/03\/18\/quatro-coproducoes-portuguesas-em-destaque-no-festival-de-hong-kong\/","name":"Quatro coprodu\u00e7\u00f5es portuguesas em destaque no Festival de Hong Kong - Portal Tela Portugal","isPartOf":{"@id":"https:\/\/portaltela.pt\/#website"},"primaryImageOfPage":{"@id":"https:\/\/portaltela.pt\/noticias\/2026\/03\/18\/quatro-coproducoes-portuguesas-em-destaque-no-festival-de-hong-kong\/#primaryimage"},"image":{"@id":"https:\/\/portaltela.pt\/noticias\/2026\/03\/18\/quatro-coproducoes-portuguesas-em-destaque-no-festival-de-hong-kong\/#primaryimage"},"thumbnailUrl":"https:\/\/portaltela.pt\/s.01k8rhncp4jt1\/2026\/03\/CACHE_780X1200_ANALOG_WATERMARKED_44987968_879973436163981.jpg","datePublished":"2026-03-18T05:18:00+00:00","author":{"@id":"https:\/\/portaltela.pt\/#\/schema\/person\/c4278d4a6028830caff9ee44b42d32ed"},"breadcrumb":{"@id":"https:\/\/portaltela.pt\/noticias\/2026\/03\/18\/quatro-coproducoes-portuguesas-em-destaque-no-festival-de-hong-kong\/#breadcrumb"},"inLanguage":"pt-PT","potentialAction":[{"@type":"ReadAction","target":["https:\/\/portaltela.pt\/noticias\/2026\/03\/18\/quatro-coproducoes-portuguesas-em-destaque-no-festival-de-hong-kong\/"]}]},{"@type":"ImageObject","inLanguage":"pt-PT","@id":"https:\/\/portaltela.pt\/noticias\/2026\/03\/18\/quatro-coproducoes-portuguesas-em-destaque-no-festival-de-hong-kong\/#primaryimage","url":"https:\/\/portaltela.pt\/s.01k8rhncp4jt1\/2026\/03\/CACHE_780X1200_ANALOG_WATERMARKED_44987968_879973436163981.jpg","contentUrl":"https:\/\/portaltela.pt\/s.01k8rhncp4jt1\/2026\/03\/CACHE_780X1200_ANALOG_WATERMARKED_44987968_879973436163981.jpg","width":796,"height":448,"caption":"Quatro coprodu\u00e7\u00f5es portuguesas em destaque no Festival de Cinema de Hong Kong"},{"@type":"BreadcrumbList","@id":"https:\/\/portaltela.pt\/noticias\/2026\/03\/18\/quatro-coproducoes-portuguesas-em-destaque-no-festival-de-hong-kong\/#breadcrumb","itemListElement":[{"@type":"ListItem","position":1,"name":"In\u00edcio","item":"https:\/\/portaltela.pt\/"},{"@type":"ListItem","position":2,"name":"Quatro coprodu\u00e7\u00f5es portuguesas em destaque no Festival de Hong Kong"}]},{"@type":"WebSite","@id":"https:\/\/portaltela.pt\/#website","url":"https:\/\/portaltela.pt\/","name":"Portal Tela Portugal","description":"","potentialAction":[{"@type":"SearchAction","target":{"@type":"EntryPoint","urlTemplate":"https:\/\/portaltela.pt\/?s={search_term_string}"},"query-input":{"@type":"PropertyValueSpecification","valueRequired":true,"valueName":"search_term_string"}}],"inLanguage":"pt-PT"},{"@type":"Person","@id":"https:\/\/portaltela.pt\/#\/schema\/person\/c4278d4a6028830caff9ee44b42d32ed","name":"Telinha","image":{"@type":"ImageObject","inLanguage":"pt-PT","@id":"https:\/\/portaltela.pt\/s.01k8rhncp4jt1\/2025\/11\/talking-bot-125x125.png","url":"https:\/\/portaltela.pt\/s.01k8rhncp4jt1\/2025\/11\/talking-bot-125x125.png","contentUrl":"https:\/\/portaltela.pt\/s.01k8rhncp4jt1\/2025\/11\/talking-bot-125x125.png","caption":"Telinha"},"sameAs":["https:\/\/portaltela.pt\/"],"url":"https:\/\/portaltela.pt\/por\/367410592786\/"}]}},"_links":{"self":[{"href":"https:\/\/portaltela.pt\/api\/wp\/v2\/posts\/414099","targetHints":{"allow":["GET"]}}],"collection":[{"href":"https:\/\/portaltela.pt\/api\/wp\/v2\/posts"}],"about":[{"href":"https:\/\/portaltela.pt\/api\/wp\/v2\/types\/post"}],"author":[{"embeddable":true,"href":"https:\/\/portaltela.pt\/api\/wp\/v2\/users\/2"}],"replies":[{"embeddable":true,"href":"https:\/\/portaltela.pt\/api\/wp\/v2\/comments?post=414099"}],"version-history":[{"count":0,"href":"https:\/\/portaltela.pt\/api\/wp\/v2\/posts\/414099\/revisions"}],"wp:featuredmedia":[{"embeddable":true,"href":"https:\/\/portaltela.pt\/api\/wp\/v2\/media\/414103"}],"wp:attachment":[{"href":"https:\/\/portaltela.pt\/api\/wp\/v2\/media?parent=414099"}],"wp:term":[{"taxonomy":"category","embeddable":true,"href":"https:\/\/portaltela.pt\/api\/wp\/v2\/categories?post=414099"},{"taxonomy":"post_tag","embeddable":true,"href":"https:\/\/portaltela.pt\/api\/wp\/v2\/tags?post=414099"}],"curies":[{"name":"wp","href":"https:\/\/api.w.org\/{rel}","templated":true}]}}