{"id":414063,"date":"2026-03-17T22:30:00","date_gmt":"2026-03-18T01:30:00","guid":{"rendered":"https:\/\/portaltela.pt\/noticias\/2026\/03\/17\/idosos-pagam-1921-euros-por-quarto-individual-em-residencias-seniores\/"},"modified":"2026-03-17T22:30:00","modified_gmt":"2026-03-18T01:30:00","slug":"idosos-pagam-1921-euros-por-quarto-individual-em-residencias-seniores","status":"publish","type":"post","link":"https:\/\/portaltela.pt\/noticias\/2026\/03\/17\/idosos-pagam-1921-euros-por-quarto-individual-em-residencias-seniores\/","title":{"rendered":"Idosos pagam 1921 euros por quarto individual em resid\u00eancias seniores"},"content":{"rendered":"<p>Nos dados mais recentes sobre resid\u00eancias seniores em Portugal, o custo de alojamento privado tem registado aumentos consider\u00e1veis. Em 2025, o custo m\u00e9dio de uma cama em quarto duplo \u00e9 de 1717 euros, enquanto um quarto individual atinge 1921 euros. Os valores variam conforme o tipo de acomoda\u00e7\u00e3o.<\/p>\n<p>O estudo, realizado pela Via S\u00e9nior e pela BA&amp;N Research Unit, abrange respostas que representam 45% das mais de 105 mil camas privadas existentes. A an\u00e1lise aponta que 84,5% das resid\u00eancias aumentaram os pre\u00e7os face a 2024, com subidas que, nalguns casos, ultrapassam 7%.<\/p>\n<h3>Custos m\u00e9dios e varia\u00e7\u00f5es<\/h3>\n<p>Em quartos duplos, os pre\u00e7os situam-se entre 1000 e 3000 euros. Os quartos individuais apresentam uma m\u00e9dia de 1921 euros, com faixas entre 1125 e 3000 euros. J\u00e1 as camas em quartos triplos s\u00e3o mais acess\u00edveis, com valores entre 750 e 3000 euros e uma m\u00e9dia de 1482 euros.<\/p>\n<h3>Disponibilidade de vagas<\/h3>\n<p>A procura por vagas tem aumentado a dificuldade de acesso. Apenas 8% das entidades indicam ter algumas vagas dispon\u00edveis, enquanto dois ter\u00e7os mant\u00eam listas de espera. Em 36% dos casos, a espera superou os seis meses.<\/p>\n<h3>Perfil dos utentes<\/h3>\n<p>Mais da metade dos utentes t\u00eam entre 86 e 90 anos (52%). Esta tend\u00eancia refor\u00e7a a press\u00e3o sobre o sistema de resid\u00eancias privadas, que continua a evoluir face \u00e0s necessidades de popula\u00e7\u00e3o s\u00e9nior em Portugal.<\/p>\n","protected":false},"excerpt":{"rendered":"<ul>\n<li>Em 2025, o custo m\u00e9dio de uma cama em quarto duplo nas resid\u00eancias seniores ficou em 1717 euros; o quarto individual custa 1921 euros.<\/li>\n<li>84,5% das resid\u00eancias aumentaram os pre\u00e7os face a 2024, com aumentos que, nalguns casos, chegaram a mais de sete por cento.<\/li>\n<li>A disponibilidade \u00e9 limitada: apenas 8% das entidades dizem ter algumas vagas; dois ter\u00e7os t\u00eam lista de espera, com 36% acima de seis meses.<\/li>\n<li>O retrato \u00e9 da Via S\u00e9nior e da BA&amp;N Research Unit e representa 45% das mais de 105 mil camas privadas.<\/li>\n<li>Mais de metade dos utentes tem entre 86 e 90 anos.<\/li>\n<\/ul>\n","protected":false},"author":2,"featured_media":414073,"comment_status":"closed","ping_status":"closed","sticky":false,"template":"","format":"standard","meta":{"footnotes":""},"categories":[1],"tags":[6115,2172,150,2736,1014,4115],"class_list":["post-414063","post","type-post","status-publish","format-standard","has-post-thumbnail","hentry","category-noticias","tag-_economia","tag-assistencia-social","tag-habitacao","tag-idosos","tag-portugal","tag-residencias"],"yoast_head":"<!-- This site is optimized with the Yoast SEO plugin v27.2 - https:\/\/yoast.com\/product\/yoast-seo-wordpress\/ -->\n<title>Idosos pagam 1921 euros por quarto individual em resid\u00eancias seniores - Portal Tela Portugal<\/title>\n<meta name=\"robots\" content=\"index, follow, max-snippet:-1, max-image-preview:large, max-video-preview:-1\" \/>\n<meta property=\"og:locale\" content=\"pt_PT\" \/>\n<meta property=\"og:type\" content=\"article\" \/>\n<meta property=\"og:title\" content=\"Idosos pagam 1921 euros por quarto individual em resid\u00eancias seniores - Portal Tela Portugal\" \/>\n<meta property=\"og:description\" content=\"Em 2025, o custo m\u00e9dio de uma cama em quarto duplo nas resid\u00eancias seniores ficou em 1717 euros; o quarto individual custa 1921 euros. 84,5% das resid\u00eancias aumentaram os pre\u00e7os face a 2024, com aumentos que, nalguns casos, chegaram a mais de sete por cento. A disponibilidade \u00e9 limitada: apenas 8% das entidades dizem ter algumas vagas; dois ter\u00e7os t\u00eam lista de espera, com 36% acima de seis meses. O retrato \u00e9 da Via S\u00e9nior e da BA&amp;N Research Unit e representa 45% das mais de 105 mil camas privadas. Mais de metade dos utentes tem entre 86 e 90 anos.\" \/>\n<meta property=\"og:url\" content=\"https:\/\/portaltela.pt\/noticias\/2026\/03\/17\/idosos-pagam-1921-euros-por-quarto-individual-em-residencias-seniores\/\" \/>\n<meta property=\"og:site_name\" content=\"Portal Tela Portugal\" \/>\n<meta property=\"article:published_time\" content=\"2026-03-18T01:30:00+00:00\" \/>\n<meta name=\"author\" content=\"Telinha\" \/>\n<meta name=\"twitter:card\" content=\"summary_large_image\" \/>\n<meta name=\"twitter:label1\" content=\"Escrito por\" \/>\n\t<meta name=\"twitter:data1\" content=\"Telinha\" \/>\n\t<meta name=\"twitter:label2\" content=\"Tempo estimado de leitura\" \/>\n\t<meta name=\"twitter:data2\" content=\"1 minuto\" \/>\n<script type=\"application\/ld+json\" class=\"yoast-schema-graph\">{\"@context\":\"https:\/\/schema.org\",\"@graph\":[{\"@type\":\"Article\",\"@id\":\"https:\/\/portaltela.pt\/noticias\/2026\/03\/17\/idosos-pagam-1921-euros-por-quarto-individual-em-residencias-seniores\/#article\",\"isPartOf\":{\"@id\":\"https:\/\/portaltela.pt\/noticias\/2026\/03\/17\/idosos-pagam-1921-euros-por-quarto-individual-em-residencias-seniores\/\"},\"author\":{\"name\":\"Telinha\",\"@id\":\"https:\/\/portaltela.pt\/#\/schema\/person\/c4278d4a6028830caff9ee44b42d32ed\"},\"headline\":\"Idosos pagam 1921 euros por quarto individual em resid\u00eancias seniores\",\"datePublished\":\"2026-03-18T01:30:00+00:00\",\"mainEntityOfPage\":{\"@id\":\"https:\/\/portaltela.pt\/noticias\/2026\/03\/17\/idosos-pagam-1921-euros-por-quarto-individual-em-residencias-seniores\/\"},\"wordCount\":237,\"image\":{\"@id\":\"https:\/\/portaltela.pt\/noticias\/2026\/03\/17\/idosos-pagam-1921-euros-por-quarto-individual-em-residencias-seniores\/#primaryimage\"},\"thumbnailUrl\":\"https:\/\/portaltela.pt\/s.01k8rhncp4jt1\/2026\/03\/img_1500x1000uu2026-03-18-00-34-14-2273082.jpg\",\"keywords\":[\"_economia\",\"assist\u00eancia social\",\"habita\u00e7\u00e3o\",\"idosos\",\"Portugal\",\"resid\u00eancias\"],\"articleSection\":[\"Not\u00edcias\"],\"inLanguage\":\"pt-PT\"},{\"@type\":\"WebPage\",\"@id\":\"https:\/\/portaltela.pt\/noticias\/2026\/03\/17\/idosos-pagam-1921-euros-por-quarto-individual-em-residencias-seniores\/\",\"url\":\"https:\/\/portaltela.pt\/noticias\/2026\/03\/17\/idosos-pagam-1921-euros-por-quarto-individual-em-residencias-seniores\/\",\"name\":\"Idosos pagam 1921 euros por quarto individual em resid\u00eancias seniores - Portal Tela Portugal\",\"isPartOf\":{\"@id\":\"https:\/\/portaltela.pt\/#website\"},\"primaryImageOfPage\":{\"@id\":\"https:\/\/portaltela.pt\/noticias\/2026\/03\/17\/idosos-pagam-1921-euros-por-quarto-individual-em-residencias-seniores\/#primaryimage\"},\"image\":{\"@id\":\"https:\/\/portaltela.pt\/noticias\/2026\/03\/17\/idosos-pagam-1921-euros-por-quarto-individual-em-residencias-seniores\/#primaryimage\"},\"thumbnailUrl\":\"https:\/\/portaltela.pt\/s.01k8rhncp4jt1\/2026\/03\/img_1500x1000uu2026-03-18-00-34-14-2273082.jpg\",\"datePublished\":\"2026-03-18T01:30:00+00:00\",\"author\":{\"@id\":\"https:\/\/portaltela.pt\/#\/schema\/person\/c4278d4a6028830caff9ee44b42d32ed\"},\"breadcrumb\":{\"@id\":\"https:\/\/portaltela.pt\/noticias\/2026\/03\/17\/idosos-pagam-1921-euros-por-quarto-individual-em-residencias-seniores\/#breadcrumb\"},\"inLanguage\":\"pt-PT\",\"potentialAction\":[{\"@type\":\"ReadAction\",\"target\":[\"https:\/\/portaltela.pt\/noticias\/2026\/03\/17\/idosos-pagam-1921-euros-por-quarto-individual-em-residencias-seniores\/\"]}]},{\"@type\":\"ImageObject\",\"inLanguage\":\"pt-PT\",\"@id\":\"https:\/\/portaltela.pt\/noticias\/2026\/03\/17\/idosos-pagam-1921-euros-por-quarto-individual-em-residencias-seniores\/#primaryimage\",\"url\":\"https:\/\/portaltela.pt\/s.01k8rhncp4jt1\/2026\/03\/img_1500x1000uu2026-03-18-00-34-14-2273082.jpg\",\"contentUrl\":\"https:\/\/portaltela.pt\/s.01k8rhncp4jt1\/2026\/03\/img_1500x1000uu2026-03-18-00-34-14-2273082.jpg\",\"width\":796,\"height\":448,\"caption\":\"Resid\u00eancias seniores t\u00eam poucas vagas\"},{\"@type\":\"BreadcrumbList\",\"@id\":\"https:\/\/portaltela.pt\/noticias\/2026\/03\/17\/idosos-pagam-1921-euros-por-quarto-individual-em-residencias-seniores\/#breadcrumb\",\"itemListElement\":[{\"@type\":\"ListItem\",\"position\":1,\"name\":\"In\u00edcio\",\"item\":\"https:\/\/portaltela.pt\/\"},{\"@type\":\"ListItem\",\"position\":2,\"name\":\"Idosos pagam 1921 euros por quarto individual em resid\u00eancias seniores\"}]},{\"@type\":\"WebSite\",\"@id\":\"https:\/\/portaltela.pt\/#website\",\"url\":\"https:\/\/portaltela.pt\/\",\"name\":\"Portal Tela Portugal\",\"description\":\"\",\"potentialAction\":[{\"@type\":\"SearchAction\",\"target\":{\"@type\":\"EntryPoint\",\"urlTemplate\":\"https:\/\/portaltela.pt\/?s={search_term_string}\"},\"query-input\":{\"@type\":\"PropertyValueSpecification\",\"valueRequired\":true,\"valueName\":\"search_term_string\"}}],\"inLanguage\":\"pt-PT\"},{\"@type\":\"Person\",\"@id\":\"https:\/\/portaltela.pt\/#\/schema\/person\/c4278d4a6028830caff9ee44b42d32ed\",\"name\":\"Telinha\",\"image\":{\"@type\":\"ImageObject\",\"inLanguage\":\"pt-PT\",\"@id\":\"https:\/\/portaltela.pt\/s.01k8rhncp4jt1\/2025\/11\/talking-bot-125x125.png\",\"url\":\"https:\/\/portaltela.pt\/s.01k8rhncp4jt1\/2025\/11\/talking-bot-125x125.png\",\"contentUrl\":\"https:\/\/portaltela.pt\/s.01k8rhncp4jt1\/2025\/11\/talking-bot-125x125.png\",\"caption\":\"Telinha\"},\"sameAs\":[\"https:\/\/portaltela.pt\/\"],\"url\":\"https:\/\/portaltela.pt\/por\/367410592786\/\"}]}<\/script>\n<!-- \/ Yoast SEO plugin. -->","yoast_head_json":{"title":"Idosos pagam 1921 euros por quarto individual em resid\u00eancias seniores - Portal Tela Portugal","robots":{"index":"index","follow":"follow","max-snippet":"max-snippet:-1","max-image-preview":"max-image-preview:large","max-video-preview":"max-video-preview:-1"},"og_locale":"pt_PT","og_type":"article","og_title":"Idosos pagam 1921 euros por quarto individual em resid\u00eancias seniores - Portal Tela Portugal","og_description":"Em 2025, o custo m\u00e9dio de uma cama em quarto duplo nas resid\u00eancias seniores ficou em 1717 euros; o quarto individual custa 1921 euros. 84,5% das resid\u00eancias aumentaram os pre\u00e7os face a 2024, com aumentos que, nalguns casos, chegaram a mais de sete por cento. A disponibilidade \u00e9 limitada: apenas 8% das entidades dizem ter algumas vagas; dois ter\u00e7os t\u00eam lista de espera, com 36% acima de seis meses. O retrato \u00e9 da Via S\u00e9nior e da BA&amp;N Research Unit e representa 45% das mais de 105 mil camas privadas. Mais de metade dos utentes tem entre 86 e 90 anos.","og_url":"https:\/\/portaltela.pt\/noticias\/2026\/03\/17\/idosos-pagam-1921-euros-por-quarto-individual-em-residencias-seniores\/","og_site_name":"Portal Tela Portugal","article_published_time":"2026-03-18T01:30:00+00:00","author":"Telinha","twitter_card":"summary_large_image","twitter_misc":{"Escrito por":"Telinha","Tempo estimado de leitura":"1 minuto"},"schema":{"@context":"https:\/\/schema.org","@graph":[{"@type":"Article","@id":"https:\/\/portaltela.pt\/noticias\/2026\/03\/17\/idosos-pagam-1921-euros-por-quarto-individual-em-residencias-seniores\/#article","isPartOf":{"@id":"https:\/\/portaltela.pt\/noticias\/2026\/03\/17\/idosos-pagam-1921-euros-por-quarto-individual-em-residencias-seniores\/"},"author":{"name":"Telinha","@id":"https:\/\/portaltela.pt\/#\/schema\/person\/c4278d4a6028830caff9ee44b42d32ed"},"headline":"Idosos pagam 1921 euros por quarto individual em resid\u00eancias seniores","datePublished":"2026-03-18T01:30:00+00:00","mainEntityOfPage":{"@id":"https:\/\/portaltela.pt\/noticias\/2026\/03\/17\/idosos-pagam-1921-euros-por-quarto-individual-em-residencias-seniores\/"},"wordCount":237,"image":{"@id":"https:\/\/portaltela.pt\/noticias\/2026\/03\/17\/idosos-pagam-1921-euros-por-quarto-individual-em-residencias-seniores\/#primaryimage"},"thumbnailUrl":"https:\/\/portaltela.pt\/s.01k8rhncp4jt1\/2026\/03\/img_1500x1000uu2026-03-18-00-34-14-2273082.jpg","keywords":["_economia","assist\u00eancia social","habita\u00e7\u00e3o","idosos","Portugal","resid\u00eancias"],"articleSection":["Not\u00edcias"],"inLanguage":"pt-PT"},{"@type":"WebPage","@id":"https:\/\/portaltela.pt\/noticias\/2026\/03\/17\/idosos-pagam-1921-euros-por-quarto-individual-em-residencias-seniores\/","url":"https:\/\/portaltela.pt\/noticias\/2026\/03\/17\/idosos-pagam-1921-euros-por-quarto-individual-em-residencias-seniores\/","name":"Idosos pagam 1921 euros por quarto individual em resid\u00eancias seniores - Portal Tela Portugal","isPartOf":{"@id":"https:\/\/portaltela.pt\/#website"},"primaryImageOfPage":{"@id":"https:\/\/portaltela.pt\/noticias\/2026\/03\/17\/idosos-pagam-1921-euros-por-quarto-individual-em-residencias-seniores\/#primaryimage"},"image":{"@id":"https:\/\/portaltela.pt\/noticias\/2026\/03\/17\/idosos-pagam-1921-euros-por-quarto-individual-em-residencias-seniores\/#primaryimage"},"thumbnailUrl":"https:\/\/portaltela.pt\/s.01k8rhncp4jt1\/2026\/03\/img_1500x1000uu2026-03-18-00-34-14-2273082.jpg","datePublished":"2026-03-18T01:30:00+00:00","author":{"@id":"https:\/\/portaltela.pt\/#\/schema\/person\/c4278d4a6028830caff9ee44b42d32ed"},"breadcrumb":{"@id":"https:\/\/portaltela.pt\/noticias\/2026\/03\/17\/idosos-pagam-1921-euros-por-quarto-individual-em-residencias-seniores\/#breadcrumb"},"inLanguage":"pt-PT","potentialAction":[{"@type":"ReadAction","target":["https:\/\/portaltela.pt\/noticias\/2026\/03\/17\/idosos-pagam-1921-euros-por-quarto-individual-em-residencias-seniores\/"]}]},{"@type":"ImageObject","inLanguage":"pt-PT","@id":"https:\/\/portaltela.pt\/noticias\/2026\/03\/17\/idosos-pagam-1921-euros-por-quarto-individual-em-residencias-seniores\/#primaryimage","url":"https:\/\/portaltela.pt\/s.01k8rhncp4jt1\/2026\/03\/img_1500x1000uu2026-03-18-00-34-14-2273082.jpg","contentUrl":"https:\/\/portaltela.pt\/s.01k8rhncp4jt1\/2026\/03\/img_1500x1000uu2026-03-18-00-34-14-2273082.jpg","width":796,"height":448,"caption":"Resid\u00eancias seniores t\u00eam poucas vagas"},{"@type":"BreadcrumbList","@id":"https:\/\/portaltela.pt\/noticias\/2026\/03\/17\/idosos-pagam-1921-euros-por-quarto-individual-em-residencias-seniores\/#breadcrumb","itemListElement":[{"@type":"ListItem","position":1,"name":"In\u00edcio","item":"https:\/\/portaltela.pt\/"},{"@type":"ListItem","position":2,"name":"Idosos pagam 1921 euros por quarto individual em resid\u00eancias seniores"}]},{"@type":"WebSite","@id":"https:\/\/portaltela.pt\/#website","url":"https:\/\/portaltela.pt\/","name":"Portal Tela Portugal","description":"","potentialAction":[{"@type":"SearchAction","target":{"@type":"EntryPoint","urlTemplate":"https:\/\/portaltela.pt\/?s={search_term_string}"},"query-input":{"@type":"PropertyValueSpecification","valueRequired":true,"valueName":"search_term_string"}}],"inLanguage":"pt-PT"},{"@type":"Person","@id":"https:\/\/portaltela.pt\/#\/schema\/person\/c4278d4a6028830caff9ee44b42d32ed","name":"Telinha","image":{"@type":"ImageObject","inLanguage":"pt-PT","@id":"https:\/\/portaltela.pt\/s.01k8rhncp4jt1\/2025\/11\/talking-bot-125x125.png","url":"https:\/\/portaltela.pt\/s.01k8rhncp4jt1\/2025\/11\/talking-bot-125x125.png","contentUrl":"https:\/\/portaltela.pt\/s.01k8rhncp4jt1\/2025\/11\/talking-bot-125x125.png","caption":"Telinha"},"sameAs":["https:\/\/portaltela.pt\/"],"url":"https:\/\/portaltela.pt\/por\/367410592786\/"}]}},"_links":{"self":[{"href":"https:\/\/portaltela.pt\/api\/wp\/v2\/posts\/414063","targetHints":{"allow":["GET"]}}],"collection":[{"href":"https:\/\/portaltela.pt\/api\/wp\/v2\/posts"}],"about":[{"href":"https:\/\/portaltela.pt\/api\/wp\/v2\/types\/post"}],"author":[{"embeddable":true,"href":"https:\/\/portaltela.pt\/api\/wp\/v2\/users\/2"}],"replies":[{"embeddable":true,"href":"https:\/\/portaltela.pt\/api\/wp\/v2\/comments?post=414063"}],"version-history":[{"count":0,"href":"https:\/\/portaltela.pt\/api\/wp\/v2\/posts\/414063\/revisions"}],"wp:featuredmedia":[{"embeddable":true,"href":"https:\/\/portaltela.pt\/api\/wp\/v2\/media\/414073"}],"wp:attachment":[{"href":"https:\/\/portaltela.pt\/api\/wp\/v2\/media?parent=414063"}],"wp:term":[{"taxonomy":"category","embeddable":true,"href":"https:\/\/portaltela.pt\/api\/wp\/v2\/categories?post=414063"},{"taxonomy":"post_tag","embeddable":true,"href":"https:\/\/portaltela.pt\/api\/wp\/v2\/tags?post=414063"}],"curies":[{"name":"wp","href":"https:\/\/api.w.org\/{rel}","templated":true}]}}