{"id":413997,"date":"2026-03-17T18:40:00","date_gmt":"2026-03-17T21:40:00","guid":{"rendered":"https:\/\/portaltela.pt\/noticias\/2026\/03\/17\/aguas-de-gaia-em-inspecao-pela-act\/"},"modified":"2026-03-17T18:40:00","modified_gmt":"2026-03-17T21:40:00","slug":"aguas-de-gaia-em-inspecao-pela-act","status":"publish","type":"post","link":"https:\/\/portaltela.pt\/noticias\/2026\/03\/17\/aguas-de-gaia-em-inspecao-pela-act\/","title":{"rendered":"\u00c1guas de Gaia em inspe\u00e7\u00e3o pela ACT"},"content":{"rendered":"<p>A Autoridade para as Condi\u00e7\u00f5es do Trabalho (ACT) realizou uma inspe\u00e7\u00e3o na empresa \u00c1guas de Gaia, num processo que tamb\u00e9m envolve o contrato de 14 mil euros mensais com Po\u00e7as Martins. A informa\u00e7\u00e3o foi partilhada durante a reuni\u00e3o da C\u00e2mara Municipal.<\/p>\n<p>A revela\u00e7\u00e3o foi feita por Jo\u00e3o Paulo Correia, membro do PS, e depois confirmada pelo presidente da C\u00e2mara, Lu\u00eds Filipe Menezes (PSD\/CDS\/IL). O consistiu no foco da discuss\u00e3o que antecedeu o per\u00edodo da Ordem de Trabalhos.<\/p>\n<p>Menezes referiu que a inspe\u00e7\u00e3o \u00e9 da ACT, e lembrou que, em anos anteriores, j\u00e1 estiveram envolvidas entidades como a Pol\u00edcia Judici\u00e1ria (PJ) e a Procuradoria-Geral da Rep\u00fablica (PGR) no processo relacionado ao anterior gestor da empresa.<\/p>\n<p>O presidente n\u00e3o detalhou resultados nem san\u00e7\u00f5es, mantendo o tom de avalia\u00e7\u00e3o institucional sobre o evoluir da inspe\u00e7\u00e3o e o impacto no contrato vigente com a empresa. A C\u00e2mara aguarda desfechos oficiais da ACT.<\/p>\n","protected":false},"excerpt":{"rendered":"<ul>\n<li>A ACT inspeccionou a \u00c1guas de Gaia, associando-se ao contrato de 14 mil euros mensais de Po\u00e7as Martins com a empresa.<\/li>\n<li>A discuss\u00e3o sobre a inspe\u00e7\u00e3o ocorreu na reuni\u00e3o da C\u00e2mara Municipal, ainda antes da Ordem de Trabalhos.<\/li>\n<li>A revela\u00e7\u00e3o foi feita por Jo\u00e3o Paulo Correia (PS) e posteriormente confirmada pelo presidente da C\u00e2mara, Lu\u00eds Filipe Menezes (PSD\/CDS\/IL).<\/li>\n<li>Menezes afirmou estar confiante nos resultados, referindo que, al\u00e9m da ACT, j\u00e1 participaram na investiga\u00e7\u00e3o a Pol\u00edcia Judici\u00e1ria e a Procuradoria-Geral da Rep\u00fablica, apontando para o ex-presidente da empresa Miguel Lemos, suspenso por crimes econ\u00f3micos.<\/li>\n<\/ul>\n","protected":false},"author":2,"featured_media":413998,"comment_status":"closed","ping_status":"closed","sticky":false,"template":"","format":"standard","meta":{"footnotes":""},"categories":[1],"tags":[168,2434,3177,6331,5852,1802],"class_list":["post-413997","post","type-post","status-publish","format-standard","has-post-thumbnail","hentry","category-noticias","tag-administracao-publica","tag-aguas","tag-autoridade-publica","tag-condicoes-de-trabalho","tag-inspecao-de-danos","tag-policia-judiciaria"],"yoast_head":"<!-- This site is optimized with the Yoast SEO plugin v27.2 - https:\/\/yoast.com\/product\/yoast-seo-wordpress\/ -->\n<title>\u00c1guas de Gaia em inspe\u00e7\u00e3o pela ACT - Portal Tela Portugal<\/title>\n<meta name=\"robots\" content=\"index, follow, max-snippet:-1, max-image-preview:large, max-video-preview:-1\" \/>\n<meta property=\"og:locale\" content=\"pt_PT\" \/>\n<meta property=\"og:type\" content=\"article\" \/>\n<meta property=\"og:title\" content=\"\u00c1guas de Gaia em inspe\u00e7\u00e3o pela ACT - Portal Tela Portugal\" \/>\n<meta property=\"og:description\" content=\"A ACT inspeccionou a \u00c1guas de Gaia, associando-se ao contrato de 14 mil euros mensais de Po\u00e7as Martins com a empresa. A discuss\u00e3o sobre a inspe\u00e7\u00e3o ocorreu na reuni\u00e3o da C\u00e2mara Municipal, ainda antes da Ordem de Trabalhos. A revela\u00e7\u00e3o foi feita por Jo\u00e3o Paulo Correia (PS) e posteriormente confirmada pelo presidente da C\u00e2mara, Lu\u00eds Filipe Menezes (PSD\/CDS\/IL). Menezes afirmou estar confiante nos resultados, referindo que, al\u00e9m da ACT, j\u00e1 participaram na investiga\u00e7\u00e3o a Pol\u00edcia Judici\u00e1ria e a Procuradoria-Geral da Rep\u00fablica, apontando para o ex-presidente da empresa Miguel Lemos, suspenso por crimes econ\u00f3micos.\" \/>\n<meta property=\"og:url\" content=\"https:\/\/portaltela.pt\/noticias\/2026\/03\/17\/aguas-de-gaia-em-inspecao-pela-act\/\" \/>\n<meta property=\"og:site_name\" content=\"Portal Tela Portugal\" \/>\n<meta property=\"article:published_time\" content=\"2026-03-17T21:40:00+00:00\" \/>\n<meta name=\"author\" content=\"Telinha\" \/>\n<meta name=\"twitter:card\" content=\"summary_large_image\" \/>\n<meta name=\"twitter:label1\" content=\"Escrito por\" \/>\n\t<meta name=\"twitter:data1\" content=\"Telinha\" \/>\n\t<meta name=\"twitter:label2\" content=\"Tempo estimado de leitura\" \/>\n\t<meta name=\"twitter:data2\" content=\"1 minuto\" \/>\n<script type=\"application\/ld+json\" class=\"yoast-schema-graph\">{\"@context\":\"https:\/\/schema.org\",\"@graph\":[{\"@type\":\"Article\",\"@id\":\"https:\/\/portaltela.pt\/noticias\/2026\/03\/17\/aguas-de-gaia-em-inspecao-pela-act\/#article\",\"isPartOf\":{\"@id\":\"https:\/\/portaltela.pt\/noticias\/2026\/03\/17\/aguas-de-gaia-em-inspecao-pela-act\/\"},\"author\":{\"name\":\"Telinha\",\"@id\":\"https:\/\/portaltela.pt\/#\/schema\/person\/c4278d4a6028830caff9ee44b42d32ed\"},\"headline\":\"\u00c1guas de Gaia em inspe\u00e7\u00e3o pela ACT\",\"datePublished\":\"2026-03-17T21:40:00+00:00\",\"mainEntityOfPage\":{\"@id\":\"https:\/\/portaltela.pt\/noticias\/2026\/03\/17\/aguas-de-gaia-em-inspecao-pela-act\/\"},\"wordCount\":178,\"image\":{\"@id\":\"https:\/\/portaltela.pt\/noticias\/2026\/03\/17\/aguas-de-gaia-em-inspecao-pela-act\/#primaryimage\"},\"thumbnailUrl\":\"https:\/\/portaltela.pt\/s.01k8rhncp4jt1\/2026\/03\/image-1165.jpg\",\"keywords\":[\"administra\u00e7\u00e3o p\u00fablica\",\"\u00e1guas\",\"autoridade p\u00fablica\",\"condi\u00e7\u00f5es de trabalho\",\"inspe\u00e7\u00e3o de danos\",\"Pol\u00edcia Judici\u00e1ria\"],\"articleSection\":[\"Not\u00edcias\"],\"inLanguage\":\"pt-PT\"},{\"@type\":\"WebPage\",\"@id\":\"https:\/\/portaltela.pt\/noticias\/2026\/03\/17\/aguas-de-gaia-em-inspecao-pela-act\/\",\"url\":\"https:\/\/portaltela.pt\/noticias\/2026\/03\/17\/aguas-de-gaia-em-inspecao-pela-act\/\",\"name\":\"\u00c1guas de Gaia em inspe\u00e7\u00e3o pela ACT - Portal Tela Portugal\",\"isPartOf\":{\"@id\":\"https:\/\/portaltela.pt\/#website\"},\"primaryImageOfPage\":{\"@id\":\"https:\/\/portaltela.pt\/noticias\/2026\/03\/17\/aguas-de-gaia-em-inspecao-pela-act\/#primaryimage\"},\"image\":{\"@id\":\"https:\/\/portaltela.pt\/noticias\/2026\/03\/17\/aguas-de-gaia-em-inspecao-pela-act\/#primaryimage\"},\"thumbnailUrl\":\"https:\/\/portaltela.pt\/s.01k8rhncp4jt1\/2026\/03\/image-1165.jpg\",\"datePublished\":\"2026-03-17T21:40:00+00:00\",\"author\":{\"@id\":\"https:\/\/portaltela.pt\/#\/schema\/person\/c4278d4a6028830caff9ee44b42d32ed\"},\"breadcrumb\":{\"@id\":\"https:\/\/portaltela.pt\/noticias\/2026\/03\/17\/aguas-de-gaia-em-inspecao-pela-act\/#breadcrumb\"},\"inLanguage\":\"pt-PT\",\"potentialAction\":[{\"@type\":\"ReadAction\",\"target\":[\"https:\/\/portaltela.pt\/noticias\/2026\/03\/17\/aguas-de-gaia-em-inspecao-pela-act\/\"]}]},{\"@type\":\"ImageObject\",\"inLanguage\":\"pt-PT\",\"@id\":\"https:\/\/portaltela.pt\/noticias\/2026\/03\/17\/aguas-de-gaia-em-inspecao-pela-act\/#primaryimage\",\"url\":\"https:\/\/portaltela.pt\/s.01k8rhncp4jt1\/2026\/03\/image-1165.jpg\",\"contentUrl\":\"https:\/\/portaltela.pt\/s.01k8rhncp4jt1\/2026\/03\/image-1165.jpg\",\"width\":796,\"height\":448,\"caption\":\"Empresa municipal \u00c1guas de Gaia recebeu a visita da Autoridade para as Condi\u00e7\u00f5es do Trabalho (ACT)\"},{\"@type\":\"BreadcrumbList\",\"@id\":\"https:\/\/portaltela.pt\/noticias\/2026\/03\/17\/aguas-de-gaia-em-inspecao-pela-act\/#breadcrumb\",\"itemListElement\":[{\"@type\":\"ListItem\",\"position\":1,\"name\":\"In\u00edcio\",\"item\":\"https:\/\/portaltela.pt\/\"},{\"@type\":\"ListItem\",\"position\":2,\"name\":\"\u00c1guas de Gaia em inspe\u00e7\u00e3o pela ACT\"}]},{\"@type\":\"WebSite\",\"@id\":\"https:\/\/portaltela.pt\/#website\",\"url\":\"https:\/\/portaltela.pt\/\",\"name\":\"Portal Tela Portugal\",\"description\":\"\",\"potentialAction\":[{\"@type\":\"SearchAction\",\"target\":{\"@type\":\"EntryPoint\",\"urlTemplate\":\"https:\/\/portaltela.pt\/?s={search_term_string}\"},\"query-input\":{\"@type\":\"PropertyValueSpecification\",\"valueRequired\":true,\"valueName\":\"search_term_string\"}}],\"inLanguage\":\"pt-PT\"},{\"@type\":\"Person\",\"@id\":\"https:\/\/portaltela.pt\/#\/schema\/person\/c4278d4a6028830caff9ee44b42d32ed\",\"name\":\"Telinha\",\"image\":{\"@type\":\"ImageObject\",\"inLanguage\":\"pt-PT\",\"@id\":\"https:\/\/portaltela.pt\/s.01k8rhncp4jt1\/2025\/11\/talking-bot-125x125.png\",\"url\":\"https:\/\/portaltela.pt\/s.01k8rhncp4jt1\/2025\/11\/talking-bot-125x125.png\",\"contentUrl\":\"https:\/\/portaltela.pt\/s.01k8rhncp4jt1\/2025\/11\/talking-bot-125x125.png\",\"caption\":\"Telinha\"},\"sameAs\":[\"https:\/\/portaltela.pt\/\"],\"url\":\"https:\/\/portaltela.pt\/por\/367410592786\/\"}]}<\/script>\n<!-- \/ Yoast SEO plugin. -->","yoast_head_json":{"title":"\u00c1guas de Gaia em inspe\u00e7\u00e3o pela ACT - Portal Tela Portugal","robots":{"index":"index","follow":"follow","max-snippet":"max-snippet:-1","max-image-preview":"max-image-preview:large","max-video-preview":"max-video-preview:-1"},"og_locale":"pt_PT","og_type":"article","og_title":"\u00c1guas de Gaia em inspe\u00e7\u00e3o pela ACT - Portal Tela Portugal","og_description":"A ACT inspeccionou a \u00c1guas de Gaia, associando-se ao contrato de 14 mil euros mensais de Po\u00e7as Martins com a empresa. A discuss\u00e3o sobre a inspe\u00e7\u00e3o ocorreu na reuni\u00e3o da C\u00e2mara Municipal, ainda antes da Ordem de Trabalhos. A revela\u00e7\u00e3o foi feita por Jo\u00e3o Paulo Correia (PS) e posteriormente confirmada pelo presidente da C\u00e2mara, Lu\u00eds Filipe Menezes (PSD\/CDS\/IL). Menezes afirmou estar confiante nos resultados, referindo que, al\u00e9m da ACT, j\u00e1 participaram na investiga\u00e7\u00e3o a Pol\u00edcia Judici\u00e1ria e a Procuradoria-Geral da Rep\u00fablica, apontando para o ex-presidente da empresa Miguel Lemos, suspenso por crimes econ\u00f3micos.","og_url":"https:\/\/portaltela.pt\/noticias\/2026\/03\/17\/aguas-de-gaia-em-inspecao-pela-act\/","og_site_name":"Portal Tela Portugal","article_published_time":"2026-03-17T21:40:00+00:00","author":"Telinha","twitter_card":"summary_large_image","twitter_misc":{"Escrito por":"Telinha","Tempo estimado de leitura":"1 minuto"},"schema":{"@context":"https:\/\/schema.org","@graph":[{"@type":"Article","@id":"https:\/\/portaltela.pt\/noticias\/2026\/03\/17\/aguas-de-gaia-em-inspecao-pela-act\/#article","isPartOf":{"@id":"https:\/\/portaltela.pt\/noticias\/2026\/03\/17\/aguas-de-gaia-em-inspecao-pela-act\/"},"author":{"name":"Telinha","@id":"https:\/\/portaltela.pt\/#\/schema\/person\/c4278d4a6028830caff9ee44b42d32ed"},"headline":"\u00c1guas de Gaia em inspe\u00e7\u00e3o pela ACT","datePublished":"2026-03-17T21:40:00+00:00","mainEntityOfPage":{"@id":"https:\/\/portaltela.pt\/noticias\/2026\/03\/17\/aguas-de-gaia-em-inspecao-pela-act\/"},"wordCount":178,"image":{"@id":"https:\/\/portaltela.pt\/noticias\/2026\/03\/17\/aguas-de-gaia-em-inspecao-pela-act\/#primaryimage"},"thumbnailUrl":"https:\/\/portaltela.pt\/s.01k8rhncp4jt1\/2026\/03\/image-1165.jpg","keywords":["administra\u00e7\u00e3o p\u00fablica","\u00e1guas","autoridade p\u00fablica","condi\u00e7\u00f5es de trabalho","inspe\u00e7\u00e3o de danos","Pol\u00edcia Judici\u00e1ria"],"articleSection":["Not\u00edcias"],"inLanguage":"pt-PT"},{"@type":"WebPage","@id":"https:\/\/portaltela.pt\/noticias\/2026\/03\/17\/aguas-de-gaia-em-inspecao-pela-act\/","url":"https:\/\/portaltela.pt\/noticias\/2026\/03\/17\/aguas-de-gaia-em-inspecao-pela-act\/","name":"\u00c1guas de Gaia em inspe\u00e7\u00e3o pela ACT - Portal Tela Portugal","isPartOf":{"@id":"https:\/\/portaltela.pt\/#website"},"primaryImageOfPage":{"@id":"https:\/\/portaltela.pt\/noticias\/2026\/03\/17\/aguas-de-gaia-em-inspecao-pela-act\/#primaryimage"},"image":{"@id":"https:\/\/portaltela.pt\/noticias\/2026\/03\/17\/aguas-de-gaia-em-inspecao-pela-act\/#primaryimage"},"thumbnailUrl":"https:\/\/portaltela.pt\/s.01k8rhncp4jt1\/2026\/03\/image-1165.jpg","datePublished":"2026-03-17T21:40:00+00:00","author":{"@id":"https:\/\/portaltela.pt\/#\/schema\/person\/c4278d4a6028830caff9ee44b42d32ed"},"breadcrumb":{"@id":"https:\/\/portaltela.pt\/noticias\/2026\/03\/17\/aguas-de-gaia-em-inspecao-pela-act\/#breadcrumb"},"inLanguage":"pt-PT","potentialAction":[{"@type":"ReadAction","target":["https:\/\/portaltela.pt\/noticias\/2026\/03\/17\/aguas-de-gaia-em-inspecao-pela-act\/"]}]},{"@type":"ImageObject","inLanguage":"pt-PT","@id":"https:\/\/portaltela.pt\/noticias\/2026\/03\/17\/aguas-de-gaia-em-inspecao-pela-act\/#primaryimage","url":"https:\/\/portaltela.pt\/s.01k8rhncp4jt1\/2026\/03\/image-1165.jpg","contentUrl":"https:\/\/portaltela.pt\/s.01k8rhncp4jt1\/2026\/03\/image-1165.jpg","width":796,"height":448,"caption":"Empresa municipal \u00c1guas de Gaia recebeu a visita da Autoridade para as Condi\u00e7\u00f5es do Trabalho (ACT)"},{"@type":"BreadcrumbList","@id":"https:\/\/portaltela.pt\/noticias\/2026\/03\/17\/aguas-de-gaia-em-inspecao-pela-act\/#breadcrumb","itemListElement":[{"@type":"ListItem","position":1,"name":"In\u00edcio","item":"https:\/\/portaltela.pt\/"},{"@type":"ListItem","position":2,"name":"\u00c1guas de Gaia em inspe\u00e7\u00e3o pela ACT"}]},{"@type":"WebSite","@id":"https:\/\/portaltela.pt\/#website","url":"https:\/\/portaltela.pt\/","name":"Portal Tela Portugal","description":"","potentialAction":[{"@type":"SearchAction","target":{"@type":"EntryPoint","urlTemplate":"https:\/\/portaltela.pt\/?s={search_term_string}"},"query-input":{"@type":"PropertyValueSpecification","valueRequired":true,"valueName":"search_term_string"}}],"inLanguage":"pt-PT"},{"@type":"Person","@id":"https:\/\/portaltela.pt\/#\/schema\/person\/c4278d4a6028830caff9ee44b42d32ed","name":"Telinha","image":{"@type":"ImageObject","inLanguage":"pt-PT","@id":"https:\/\/portaltela.pt\/s.01k8rhncp4jt1\/2025\/11\/talking-bot-125x125.png","url":"https:\/\/portaltela.pt\/s.01k8rhncp4jt1\/2025\/11\/talking-bot-125x125.png","contentUrl":"https:\/\/portaltela.pt\/s.01k8rhncp4jt1\/2025\/11\/talking-bot-125x125.png","caption":"Telinha"},"sameAs":["https:\/\/portaltela.pt\/"],"url":"https:\/\/portaltela.pt\/por\/367410592786\/"}]}},"_links":{"self":[{"href":"https:\/\/portaltela.pt\/api\/wp\/v2\/posts\/413997","targetHints":{"allow":["GET"]}}],"collection":[{"href":"https:\/\/portaltela.pt\/api\/wp\/v2\/posts"}],"about":[{"href":"https:\/\/portaltela.pt\/api\/wp\/v2\/types\/post"}],"author":[{"embeddable":true,"href":"https:\/\/portaltela.pt\/api\/wp\/v2\/users\/2"}],"replies":[{"embeddable":true,"href":"https:\/\/portaltela.pt\/api\/wp\/v2\/comments?post=413997"}],"version-history":[{"count":0,"href":"https:\/\/portaltela.pt\/api\/wp\/v2\/posts\/413997\/revisions"}],"wp:featuredmedia":[{"embeddable":true,"href":"https:\/\/portaltela.pt\/api\/wp\/v2\/media\/413998"}],"wp:attachment":[{"href":"https:\/\/portaltela.pt\/api\/wp\/v2\/media?parent=413997"}],"wp:term":[{"taxonomy":"category","embeddable":true,"href":"https:\/\/portaltela.pt\/api\/wp\/v2\/categories?post=413997"},{"taxonomy":"post_tag","embeddable":true,"href":"https:\/\/portaltela.pt\/api\/wp\/v2\/tags?post=413997"}],"curies":[{"name":"wp","href":"https:\/\/api.w.org\/{rel}","templated":true}]}}