{"id":413962,"date":"2026-03-17T19:30:00","date_gmt":"2026-03-17T22:30:00","guid":{"rendered":"https:\/\/portaltela.pt\/noticias\/2026\/03\/17\/a-moda-segue-ciclos-de-20-anos-segundo-a-matematica\/"},"modified":"2026-03-17T19:30:00","modified_gmt":"2026-03-17T22:30:00","slug":"a-moda-segue-ciclos-de-20-anos-segundo-a-matematica","status":"publish","type":"post","link":"https:\/\/portaltela.pt\/noticias\/2026\/03\/17\/a-moda-segue-ciclos-de-20-anos-segundo-a-matematica\/","title":{"rendered":"A moda segue ciclos de 20 anos, segundo a matem\u00e1tica"},"content":{"rendered":"<p>O estudo internacional liderado por cientistas da Northwestern revela que a moda tende a repetir-se aproximadamente a cada duas d\u00e9cadas. A conclus\u00e3o baseia-se num modelo matem\u00e1tico que confirma uma posi\u00e7\u00e3o j\u00e1 defendida empiricamente.<\/p>\n<p>A investiga\u00e7\u00e3o analisou cerca de 37 mil imagens de vestu\u00e1rio feminino, cobrindo o per\u00edodo de 1869 at\u00e9 aos dias de hoje. Os resultados indicam que estilos ganham popularidade, caem em desuso e voltam a renovar-se ao longo de gera\u00e7\u00f5es.<\/p>\n<p>A equipa afirma que, apesar de a moda evoluir de forma gradual, as oscila\u00e7\u00f5es de estilos repetem-se num ciclo de duas d\u00e9cadas, com picos peri\u00f3dicos identificados no estudo apresentado na Cimeira Global de F\u00edsica em Denver.<\/p>\n<h3>Dados e m\u00e9todo<\/h3>\n<p>Os investigadores utilizaram uma das bases de dados de moda mais amplas j\u00e1 reunidas, apoiando-se em moldes hist\u00f3ricos e colec\u00e7\u00f5es de desfiles para medir caracter\u00edsticas como bainha, decote e cintura.<\/p>\n<p>A transforma\u00e7\u00e3o dessas medidas em dados num\u00e9ricos permitiu construir um modelo que descreve o conflito entre a necessidade de se diferenciar e a press\u00e3o para se manter dispon\u00edvel socialmente.<\/p>\n<p>Segundo a l\u00edder do estudo, Emma Zajdela, a base de dados extensa permite medir tend\u00eancias ao longo de mais de um s\u00e9culo, o que refor\u00e7a a validade das conclus\u00f5es.<\/p>\n<p>O estudo destaca ainda que o comprimento da bainha \u00e9 um dos padr\u00f5es mais marcantes. Ao longo do s\u00e9culo XX, a bainha oscila entre saias curtas na d\u00e9cada de 1920 e comprimentos mais longos nas d\u00e9cadas seguintes, com varia\u00e7\u00f5es pontuais.<\/p>\n<p>No entanto, nas \u00faltimas d\u00e9cadas, os dados sugerem uma maior diversidade de comprimentos de saia, dificultando a identifica\u00e7\u00e3o de um s\u00f3 eixo temporal simples.<\/p>\n","protected":false},"excerpt":{"rendered":"<ul>\n<li>Cientistas da Northwestern confirmam um ciclo de moda de cerca de vinte anos, com o comprimento da bainha a ser um dos padr\u00f5es mais marcantes.<\/li>\n<li>O estudo analisou cerca de 37 mil imagens de vestu\u00e1rio feminino, cobrindo o per\u00edodo de 1869 at\u00e9 hoje, para medir caracter\u00edsticas como bainha, decote e cintura.<\/li>\n<li>O modelo matem\u00e1tico mostra que as tend\u00eancias sobem, caem e se renovam em ciclos aproximadamente a cada duas d\u00e9cadas, explicando como ideias se espalham.<\/li>\n<li>Os resultados foram apresentados na Cimeira Global de F\u00edsica da Sociedade Americana de F\u00edsica, em Denver, pela autora principal Emma Zajdela.<\/li>\n<li>Entre os dados est\u00e1 a observa\u00e7\u00e3o de que, ao longo do s\u00e9culo passado, o comprimento da saia oscila de forma marcada, com varia\u00e7\u00f5es significativas na d\u00e9cada de 1980, quando surgiram v\u00e1rios comprimentos ao mesmo tempo.<\/li>\n<\/ul>\n","protected":false},"author":2,"featured_media":413966,"comment_status":"closed","ping_status":"closed","sticky":false,"template":"","format":"standard","meta":{"footnotes":""},"categories":[1],"tags":[1992,145,143,299,135,117],"class_list":["post-413962","post","type-post","status-publish","format-standard","has-post-thumbnail","hentry","category-noticias","tag-ciencia","tag-cultura","tag-design","tag-historia","tag-moda","tag-tendencias"],"yoast_head":"<!-- This site is optimized with the Yoast SEO plugin v27.2 - https:\/\/yoast.com\/product\/yoast-seo-wordpress\/ -->\n<title>A moda segue ciclos de 20 anos, segundo a matem\u00e1tica - Portal Tela Portugal<\/title>\n<meta name=\"robots\" content=\"index, follow, max-snippet:-1, max-image-preview:large, max-video-preview:-1\" \/>\n<meta property=\"og:locale\" content=\"pt_PT\" \/>\n<meta property=\"og:type\" content=\"article\" \/>\n<meta property=\"og:title\" content=\"A moda segue ciclos de 20 anos, segundo a matem\u00e1tica - Portal Tela Portugal\" \/>\n<meta property=\"og:description\" content=\"Cientistas da Northwestern confirmam um ciclo de moda de cerca de vinte anos, com o comprimento da bainha a ser um dos padr\u00f5es mais marcantes. O estudo analisou cerca de 37 mil imagens de vestu\u00e1rio feminino, cobrindo o per\u00edodo de 1869 at\u00e9 hoje, para medir caracter\u00edsticas como bainha, decote e cintura. O modelo matem\u00e1tico mostra que as tend\u00eancias sobem, caem e se renovam em ciclos aproximadamente a cada duas d\u00e9cadas, explicando como ideias se espalham. Os resultados foram apresentados na Cimeira Global de F\u00edsica da Sociedade Americana de F\u00edsica, em Denver, pela autora principal Emma Zajdela. Entre os dados est\u00e1 a observa\u00e7\u00e3o de que, ao longo do s\u00e9culo passado, o comprimento da saia oscila de forma marcada, com varia\u00e7\u00f5es significativas na d\u00e9cada de 1980, quando surgiram v\u00e1rios comprimentos ao mesmo tempo.\" \/>\n<meta property=\"og:url\" content=\"https:\/\/portaltela.pt\/noticias\/2026\/03\/17\/a-moda-segue-ciclos-de-20-anos-segundo-a-matematica\/\" \/>\n<meta property=\"og:site_name\" content=\"Portal Tela Portugal\" \/>\n<meta property=\"article:published_time\" content=\"2026-03-17T22:30:00+00:00\" \/>\n<meta name=\"author\" content=\"Telinha\" \/>\n<meta name=\"twitter:card\" content=\"summary_large_image\" \/>\n<meta name=\"twitter:label1\" content=\"Escrito por\" \/>\n\t<meta name=\"twitter:data1\" content=\"Telinha\" \/>\n\t<meta name=\"twitter:label2\" content=\"Tempo estimado de leitura\" \/>\n\t<meta name=\"twitter:data2\" content=\"1 minuto\" \/>\n<script type=\"application\/ld+json\" class=\"yoast-schema-graph\">{\"@context\":\"https:\/\/schema.org\",\"@graph\":[{\"@type\":\"Article\",\"@id\":\"https:\/\/portaltela.pt\/noticias\/2026\/03\/17\/a-moda-segue-ciclos-de-20-anos-segundo-a-matematica\/#article\",\"isPartOf\":{\"@id\":\"https:\/\/portaltela.pt\/noticias\/2026\/03\/17\/a-moda-segue-ciclos-de-20-anos-segundo-a-matematica\/\"},\"author\":{\"name\":\"Telinha\",\"@id\":\"https:\/\/portaltela.pt\/#\/schema\/person\/c4278d4a6028830caff9ee44b42d32ed\"},\"headline\":\"A moda segue ciclos de 20 anos, segundo a matem\u00e1tica\",\"datePublished\":\"2026-03-17T22:30:00+00:00\",\"mainEntityOfPage\":{\"@id\":\"https:\/\/portaltela.pt\/noticias\/2026\/03\/17\/a-moda-segue-ciclos-de-20-anos-segundo-a-matematica\/\"},\"wordCount\":301,\"image\":{\"@id\":\"https:\/\/portaltela.pt\/noticias\/2026\/03\/17\/a-moda-segue-ciclos-de-20-anos-segundo-a-matematica\/#primaryimage\"},\"thumbnailUrl\":\"https:\/\/portaltela.pt\/s.01k8rhncp4jt1\/2026\/03\/2074882.jpg\",\"keywords\":[\"ci\u00eancia\",\"cultura\",\"design\",\"hist\u00f3ria\",\"moda\",\"tend\u00eancias\"],\"articleSection\":[\"Not\u00edcias\"],\"inLanguage\":\"pt-PT\"},{\"@type\":\"WebPage\",\"@id\":\"https:\/\/portaltela.pt\/noticias\/2026\/03\/17\/a-moda-segue-ciclos-de-20-anos-segundo-a-matematica\/\",\"url\":\"https:\/\/portaltela.pt\/noticias\/2026\/03\/17\/a-moda-segue-ciclos-de-20-anos-segundo-a-matematica\/\",\"name\":\"A moda segue ciclos de 20 anos, segundo a matem\u00e1tica - Portal Tela Portugal\",\"isPartOf\":{\"@id\":\"https:\/\/portaltela.pt\/#website\"},\"primaryImageOfPage\":{\"@id\":\"https:\/\/portaltela.pt\/noticias\/2026\/03\/17\/a-moda-segue-ciclos-de-20-anos-segundo-a-matematica\/#primaryimage\"},\"image\":{\"@id\":\"https:\/\/portaltela.pt\/noticias\/2026\/03\/17\/a-moda-segue-ciclos-de-20-anos-segundo-a-matematica\/#primaryimage\"},\"thumbnailUrl\":\"https:\/\/portaltela.pt\/s.01k8rhncp4jt1\/2026\/03\/2074882.jpg\",\"datePublished\":\"2026-03-17T22:30:00+00:00\",\"author\":{\"@id\":\"https:\/\/portaltela.pt\/#\/schema\/person\/c4278d4a6028830caff9ee44b42d32ed\"},\"breadcrumb\":{\"@id\":\"https:\/\/portaltela.pt\/noticias\/2026\/03\/17\/a-moda-segue-ciclos-de-20-anos-segundo-a-matematica\/#breadcrumb\"},\"inLanguage\":\"pt-PT\",\"potentialAction\":[{\"@type\":\"ReadAction\",\"target\":[\"https:\/\/portaltela.pt\/noticias\/2026\/03\/17\/a-moda-segue-ciclos-de-20-anos-segundo-a-matematica\/\"]}]},{\"@type\":\"ImageObject\",\"inLanguage\":\"pt-PT\",\"@id\":\"https:\/\/portaltela.pt\/noticias\/2026\/03\/17\/a-moda-segue-ciclos-de-20-anos-segundo-a-matematica\/#primaryimage\",\"url\":\"https:\/\/portaltela.pt\/s.01k8rhncp4jt1\/2026\/03\/2074882.jpg\",\"contentUrl\":\"https:\/\/portaltela.pt\/s.01k8rhncp4jt1\/2026\/03\/2074882.jpg\",\"width\":796,\"height\":448,\"caption\":\"O desfile de Lidija Kolovrat na Moda Lisboa\"},{\"@type\":\"BreadcrumbList\",\"@id\":\"https:\/\/portaltela.pt\/noticias\/2026\/03\/17\/a-moda-segue-ciclos-de-20-anos-segundo-a-matematica\/#breadcrumb\",\"itemListElement\":[{\"@type\":\"ListItem\",\"position\":1,\"name\":\"In\u00edcio\",\"item\":\"https:\/\/portaltela.pt\/\"},{\"@type\":\"ListItem\",\"position\":2,\"name\":\"A moda segue ciclos de 20 anos, segundo a matem\u00e1tica\"}]},{\"@type\":\"WebSite\",\"@id\":\"https:\/\/portaltela.pt\/#website\",\"url\":\"https:\/\/portaltela.pt\/\",\"name\":\"Portal Tela Portugal\",\"description\":\"\",\"potentialAction\":[{\"@type\":\"SearchAction\",\"target\":{\"@type\":\"EntryPoint\",\"urlTemplate\":\"https:\/\/portaltela.pt\/?s={search_term_string}\"},\"query-input\":{\"@type\":\"PropertyValueSpecification\",\"valueRequired\":true,\"valueName\":\"search_term_string\"}}],\"inLanguage\":\"pt-PT\"},{\"@type\":\"Person\",\"@id\":\"https:\/\/portaltela.pt\/#\/schema\/person\/c4278d4a6028830caff9ee44b42d32ed\",\"name\":\"Telinha\",\"image\":{\"@type\":\"ImageObject\",\"inLanguage\":\"pt-PT\",\"@id\":\"https:\/\/portaltela.pt\/s.01k8rhncp4jt1\/2025\/11\/talking-bot-125x125.png\",\"url\":\"https:\/\/portaltela.pt\/s.01k8rhncp4jt1\/2025\/11\/talking-bot-125x125.png\",\"contentUrl\":\"https:\/\/portaltela.pt\/s.01k8rhncp4jt1\/2025\/11\/talking-bot-125x125.png\",\"caption\":\"Telinha\"},\"sameAs\":[\"https:\/\/portaltela.pt\/\"],\"url\":\"https:\/\/portaltela.pt\/por\/367410592786\/\"}]}<\/script>\n<!-- \/ Yoast SEO plugin. -->","yoast_head_json":{"title":"A moda segue ciclos de 20 anos, segundo a matem\u00e1tica - Portal Tela Portugal","robots":{"index":"index","follow":"follow","max-snippet":"max-snippet:-1","max-image-preview":"max-image-preview:large","max-video-preview":"max-video-preview:-1"},"og_locale":"pt_PT","og_type":"article","og_title":"A moda segue ciclos de 20 anos, segundo a matem\u00e1tica - Portal Tela Portugal","og_description":"Cientistas da Northwestern confirmam um ciclo de moda de cerca de vinte anos, com o comprimento da bainha a ser um dos padr\u00f5es mais marcantes. O estudo analisou cerca de 37 mil imagens de vestu\u00e1rio feminino, cobrindo o per\u00edodo de 1869 at\u00e9 hoje, para medir caracter\u00edsticas como bainha, decote e cintura. O modelo matem\u00e1tico mostra que as tend\u00eancias sobem, caem e se renovam em ciclos aproximadamente a cada duas d\u00e9cadas, explicando como ideias se espalham. Os resultados foram apresentados na Cimeira Global de F\u00edsica da Sociedade Americana de F\u00edsica, em Denver, pela autora principal Emma Zajdela. Entre os dados est\u00e1 a observa\u00e7\u00e3o de que, ao longo do s\u00e9culo passado, o comprimento da saia oscila de forma marcada, com varia\u00e7\u00f5es significativas na d\u00e9cada de 1980, quando surgiram v\u00e1rios comprimentos ao mesmo tempo.","og_url":"https:\/\/portaltela.pt\/noticias\/2026\/03\/17\/a-moda-segue-ciclos-de-20-anos-segundo-a-matematica\/","og_site_name":"Portal Tela Portugal","article_published_time":"2026-03-17T22:30:00+00:00","author":"Telinha","twitter_card":"summary_large_image","twitter_misc":{"Escrito por":"Telinha","Tempo estimado de leitura":"1 minuto"},"schema":{"@context":"https:\/\/schema.org","@graph":[{"@type":"Article","@id":"https:\/\/portaltela.pt\/noticias\/2026\/03\/17\/a-moda-segue-ciclos-de-20-anos-segundo-a-matematica\/#article","isPartOf":{"@id":"https:\/\/portaltela.pt\/noticias\/2026\/03\/17\/a-moda-segue-ciclos-de-20-anos-segundo-a-matematica\/"},"author":{"name":"Telinha","@id":"https:\/\/portaltela.pt\/#\/schema\/person\/c4278d4a6028830caff9ee44b42d32ed"},"headline":"A moda segue ciclos de 20 anos, segundo a matem\u00e1tica","datePublished":"2026-03-17T22:30:00+00:00","mainEntityOfPage":{"@id":"https:\/\/portaltela.pt\/noticias\/2026\/03\/17\/a-moda-segue-ciclos-de-20-anos-segundo-a-matematica\/"},"wordCount":301,"image":{"@id":"https:\/\/portaltela.pt\/noticias\/2026\/03\/17\/a-moda-segue-ciclos-de-20-anos-segundo-a-matematica\/#primaryimage"},"thumbnailUrl":"https:\/\/portaltela.pt\/s.01k8rhncp4jt1\/2026\/03\/2074882.jpg","keywords":["ci\u00eancia","cultura","design","hist\u00f3ria","moda","tend\u00eancias"],"articleSection":["Not\u00edcias"],"inLanguage":"pt-PT"},{"@type":"WebPage","@id":"https:\/\/portaltela.pt\/noticias\/2026\/03\/17\/a-moda-segue-ciclos-de-20-anos-segundo-a-matematica\/","url":"https:\/\/portaltela.pt\/noticias\/2026\/03\/17\/a-moda-segue-ciclos-de-20-anos-segundo-a-matematica\/","name":"A moda segue ciclos de 20 anos, segundo a matem\u00e1tica - Portal Tela Portugal","isPartOf":{"@id":"https:\/\/portaltela.pt\/#website"},"primaryImageOfPage":{"@id":"https:\/\/portaltela.pt\/noticias\/2026\/03\/17\/a-moda-segue-ciclos-de-20-anos-segundo-a-matematica\/#primaryimage"},"image":{"@id":"https:\/\/portaltela.pt\/noticias\/2026\/03\/17\/a-moda-segue-ciclos-de-20-anos-segundo-a-matematica\/#primaryimage"},"thumbnailUrl":"https:\/\/portaltela.pt\/s.01k8rhncp4jt1\/2026\/03\/2074882.jpg","datePublished":"2026-03-17T22:30:00+00:00","author":{"@id":"https:\/\/portaltela.pt\/#\/schema\/person\/c4278d4a6028830caff9ee44b42d32ed"},"breadcrumb":{"@id":"https:\/\/portaltela.pt\/noticias\/2026\/03\/17\/a-moda-segue-ciclos-de-20-anos-segundo-a-matematica\/#breadcrumb"},"inLanguage":"pt-PT","potentialAction":[{"@type":"ReadAction","target":["https:\/\/portaltela.pt\/noticias\/2026\/03\/17\/a-moda-segue-ciclos-de-20-anos-segundo-a-matematica\/"]}]},{"@type":"ImageObject","inLanguage":"pt-PT","@id":"https:\/\/portaltela.pt\/noticias\/2026\/03\/17\/a-moda-segue-ciclos-de-20-anos-segundo-a-matematica\/#primaryimage","url":"https:\/\/portaltela.pt\/s.01k8rhncp4jt1\/2026\/03\/2074882.jpg","contentUrl":"https:\/\/portaltela.pt\/s.01k8rhncp4jt1\/2026\/03\/2074882.jpg","width":796,"height":448,"caption":"O desfile de Lidija Kolovrat na Moda Lisboa"},{"@type":"BreadcrumbList","@id":"https:\/\/portaltela.pt\/noticias\/2026\/03\/17\/a-moda-segue-ciclos-de-20-anos-segundo-a-matematica\/#breadcrumb","itemListElement":[{"@type":"ListItem","position":1,"name":"In\u00edcio","item":"https:\/\/portaltela.pt\/"},{"@type":"ListItem","position":2,"name":"A moda segue ciclos de 20 anos, segundo a matem\u00e1tica"}]},{"@type":"WebSite","@id":"https:\/\/portaltela.pt\/#website","url":"https:\/\/portaltela.pt\/","name":"Portal Tela Portugal","description":"","potentialAction":[{"@type":"SearchAction","target":{"@type":"EntryPoint","urlTemplate":"https:\/\/portaltela.pt\/?s={search_term_string}"},"query-input":{"@type":"PropertyValueSpecification","valueRequired":true,"valueName":"search_term_string"}}],"inLanguage":"pt-PT"},{"@type":"Person","@id":"https:\/\/portaltela.pt\/#\/schema\/person\/c4278d4a6028830caff9ee44b42d32ed","name":"Telinha","image":{"@type":"ImageObject","inLanguage":"pt-PT","@id":"https:\/\/portaltela.pt\/s.01k8rhncp4jt1\/2025\/11\/talking-bot-125x125.png","url":"https:\/\/portaltela.pt\/s.01k8rhncp4jt1\/2025\/11\/talking-bot-125x125.png","contentUrl":"https:\/\/portaltela.pt\/s.01k8rhncp4jt1\/2025\/11\/talking-bot-125x125.png","caption":"Telinha"},"sameAs":["https:\/\/portaltela.pt\/"],"url":"https:\/\/portaltela.pt\/por\/367410592786\/"}]}},"_links":{"self":[{"href":"https:\/\/portaltela.pt\/api\/wp\/v2\/posts\/413962","targetHints":{"allow":["GET"]}}],"collection":[{"href":"https:\/\/portaltela.pt\/api\/wp\/v2\/posts"}],"about":[{"href":"https:\/\/portaltela.pt\/api\/wp\/v2\/types\/post"}],"author":[{"embeddable":true,"href":"https:\/\/portaltela.pt\/api\/wp\/v2\/users\/2"}],"replies":[{"embeddable":true,"href":"https:\/\/portaltela.pt\/api\/wp\/v2\/comments?post=413962"}],"version-history":[{"count":0,"href":"https:\/\/portaltela.pt\/api\/wp\/v2\/posts\/413962\/revisions"}],"wp:featuredmedia":[{"embeddable":true,"href":"https:\/\/portaltela.pt\/api\/wp\/v2\/media\/413966"}],"wp:attachment":[{"href":"https:\/\/portaltela.pt\/api\/wp\/v2\/media?parent=413962"}],"wp:term":[{"taxonomy":"category","embeddable":true,"href":"https:\/\/portaltela.pt\/api\/wp\/v2\/categories?post=413962"},{"taxonomy":"post_tag","embeddable":true,"href":"https:\/\/portaltela.pt\/api\/wp\/v2\/tags?post=413962"}],"curies":[{"name":"wp","href":"https:\/\/api.w.org\/{rel}","templated":true}]}}