{"id":413959,"date":"2026-03-17T16:48:00","date_gmt":"2026-03-17T19:48:00","guid":{"rendered":"https:\/\/portaltela.pt\/noticias\/2026\/03\/17\/imagem-mostra-residuos-deixados-por-celebridades-apos-a-gala-dos-oscares\/"},"modified":"2026-03-17T16:48:00","modified_gmt":"2026-03-17T19:48:00","slug":"imagem-mostra-residuos-deixados-por-celebridades-apos-a-gala-dos-oscares","status":"publish","type":"post","link":"https:\/\/portaltela.pt\/entretenimento\/2026\/03\/17\/imagem-mostra-residuos-deixados-por-celebridades-apos-a-gala-dos-oscares\/","title":{"rendered":"Imagem mostra res\u00edduos deixados por celebridades ap\u00f3s a gala dos \u00d3scares"},"content":{"rendered":"<p>A gala dos \u00d3scares terminou com um cen\u00e1rio menos glamoroso nos bastidores. Uma fotografia captada no Dolby Theatre, em Los Angeles, mostra lixo deixado pelas celebridades na sala ap\u00f3s a cerim\u00f3nia. A imagem, publicada pelo jornalista Matt Neglia, tornou-se viral nas redes sociais.<\/p>\n<p>Na legenda, a mensagem refere uma necessidade de limpeza imediata dos corredores, ap\u00f3s o fim do evento. No ch\u00e3o aparecem garrafas de \u00e1gua, caixas, restos de comida e pap\u00e9is, indicativos do desfecho da gala.<\/p>\n<p>A circula\u00e7\u00e3o da imagem gerou protestos entre utilizadores. Muitos apontaram que, mesmo com o brilho da cerim\u00f3nia, o comportamento de alguns presentes \u00e9 question\u00e1vel. Coment\u00e1rios criticam a gest\u00e3o de res\u00edduos no recinto.<\/p>\n<p>Outros leitores sublinham a discrep\u00e2ncia entre o estatuto das celebridades e a responsabilidade ambiental, sugerindo que a limpeza deveria ser tarefa partilhada entre convidados e organizadores.<\/p>\n<p>Este caso acontece numa altura em que o cinema tem vindo a enfatizar pr\u00e1ticas mais sustent\u00e1veis. A avalia\u00e7\u00e3o p\u00fablica recai sobre o equil\u00edbrio entre glamour e responsabilidade social.<\/p>\n<p>Para al\u00e9m da pol\u00e9mica, a cerim\u00f3nia manteve o padr\u00e3o de confer\u00eancia e protocolo habitual, com pr\u00e9mios anunciados e apresenta\u00e7\u00f5es de apelo aos f\u00e3s. A imagem n\u00e3o altera a decis\u00e3o de quem levou galard\u00f5es.<\/p>\n<p>Os coment\u00e1rios refletem uma divis\u00e3o entre admira\u00e7\u00e3o pelo evento e cr\u00edticas \u00e0 gest\u00e3o de res\u00edduos. A discuss\u00e3o prossegue online, com v\u00e1rias perspetivas sobre educa\u00e7\u00e3o ambiental e etiqueta em eventos de grande escala.<\/p>\n","protected":false},"excerpt":{"rendered":"<ul>\n<li>Ap\u00f3s a gala dos \u00d3scares, surgiu uma imagem que mostra lixo deixado no Dolby Theatre, em Los Angeles, pelos convidados.<\/li>\n<li>A fotografia, publicada pelo jornalista Matt Neglia, documenta garrafas de \u00e1gua, caixas, restos de comida e pap\u00e9is no ch\u00e3o.<\/li>\n<li>A imagem tornou-se viral, com mais de cinco milh\u00f5es de visualiza\u00e7\u00f5es, gerando indigna\u00e7\u00e3o nas redes sociais.<\/li>\n<li>Coment\u00e1rios de internautas criticam o comportamento das celebridades e questionam quem deve fazer a limpeza.<\/li>\n<li>A not\u00edcia n\u00e3o detalha a\u00e7\u00f5es oficiais de limpeza ou medidas tomadas pela organiza\u00e7\u00e3o da cerim\u00f3nia.<\/li>\n<\/ul>\n","protected":false},"author":2,"featured_media":413963,"comment_status":"closed","ping_status":"closed","sticky":false,"template":"","format":"standard","meta":{"footnotes":""},"categories":[6675,12],"tags":[1958,2667,1831,45,645,3444],"class_list":["post-413959","post","type-post","status-publish","format-standard","has-post-thumbnail","hentry","category-celebridades","category-entretenimento","tag-educacao-ambiental","tag-gestao-de-residuos","tag-limpeza-urbana","tag-meio-ambiente","tag-residuos","tag-sustentabilidade"],"yoast_head":"<!-- This site is optimized with the Yoast SEO plugin v27.2 - https:\/\/yoast.com\/product\/yoast-seo-wordpress\/ -->\n<title>Imagem mostra res\u00edduos deixados por celebridades ap\u00f3s a gala dos \u00d3scares - Portal Tela Portugal<\/title>\n<meta name=\"robots\" content=\"index, follow, max-snippet:-1, max-image-preview:large, max-video-preview:-1\" \/>\n<meta property=\"og:locale\" content=\"pt_PT\" \/>\n<meta property=\"og:type\" content=\"article\" \/>\n<meta property=\"og:title\" content=\"Imagem mostra res\u00edduos deixados por celebridades ap\u00f3s a gala dos \u00d3scares - Portal Tela Portugal\" \/>\n<meta property=\"og:description\" content=\"Ap\u00f3s a gala dos \u00d3scares, surgiu uma imagem que mostra lixo deixado no Dolby Theatre, em Los Angeles, pelos convidados. A fotografia, publicada pelo jornalista Matt Neglia, documenta garrafas de \u00e1gua, caixas, restos de comida e pap\u00e9is no ch\u00e3o. A imagem tornou-se viral, com mais de cinco milh\u00f5es de visualiza\u00e7\u00f5es, gerando indigna\u00e7\u00e3o nas redes sociais. Coment\u00e1rios de internautas criticam o comportamento das celebridades e questionam quem deve fazer a limpeza. A not\u00edcia n\u00e3o detalha a\u00e7\u00f5es oficiais de limpeza ou medidas tomadas pela organiza\u00e7\u00e3o da cerim\u00f3nia.\" \/>\n<meta property=\"og:url\" content=\"https:\/\/portaltela.pt\/noticias\/2026\/03\/17\/imagem-mostra-residuos-deixados-por-celebridades-apos-a-gala-dos-oscares\/\" \/>\n<meta property=\"og:site_name\" content=\"Portal Tela Portugal\" \/>\n<meta property=\"article:published_time\" content=\"2026-03-17T19:48:00+00:00\" \/>\n<meta name=\"author\" content=\"Telinha\" \/>\n<meta name=\"twitter:card\" content=\"summary_large_image\" \/>\n<meta name=\"twitter:label1\" content=\"Escrito por\" \/>\n\t<meta name=\"twitter:data1\" content=\"Telinha\" \/>\n\t<meta name=\"twitter:label2\" content=\"Tempo estimado de leitura\" \/>\n\t<meta name=\"twitter:data2\" content=\"1 minuto\" \/>\n<script type=\"application\/ld+json\" class=\"yoast-schema-graph\">{\"@context\":\"https:\/\/schema.org\",\"@graph\":[{\"@type\":\"Article\",\"@id\":\"https:\/\/portaltela.pt\/noticias\/2026\/03\/17\/imagem-mostra-residuos-deixados-por-celebridades-apos-a-gala-dos-oscares\/#article\",\"isPartOf\":{\"@id\":\"https:\/\/portaltela.pt\/noticias\/2026\/03\/17\/imagem-mostra-residuos-deixados-por-celebridades-apos-a-gala-dos-oscares\/\"},\"author\":{\"name\":\"Telinha\",\"@id\":\"https:\/\/portaltela.pt\/#\/schema\/person\/c4278d4a6028830caff9ee44b42d32ed\"},\"headline\":\"Imagem mostra res\u00edduos deixados por celebridades ap\u00f3s a gala dos \u00d3scares\",\"datePublished\":\"2026-03-17T19:48:00+00:00\",\"mainEntityOfPage\":{\"@id\":\"https:\/\/portaltela.pt\/noticias\/2026\/03\/17\/imagem-mostra-residuos-deixados-por-celebridades-apos-a-gala-dos-oscares\/\"},\"wordCount\":277,\"image\":{\"@id\":\"https:\/\/portaltela.pt\/noticias\/2026\/03\/17\/imagem-mostra-residuos-deixados-por-celebridades-apos-a-gala-dos-oscares\/#primaryimage\"},\"thumbnailUrl\":\"https:\/\/portaltela.pt\/s.01k8rhncp4jt1\/2026\/03\/img_1280x718uu2026-03-16-16-02-14-2272768.jpg\",\"keywords\":[\"educa\u00e7\u00e3o ambiental\",\"gest\u00e3o de res\u00edduos\",\"limpeza urbana\",\"meio-ambiente\",\"res\u00edduos\",\"Sustentabilidade\"],\"articleSection\":[\"Celebridades\",\"Entretenimento\"],\"inLanguage\":\"pt-PT\"},{\"@type\":\"WebPage\",\"@id\":\"https:\/\/portaltela.pt\/noticias\/2026\/03\/17\/imagem-mostra-residuos-deixados-por-celebridades-apos-a-gala-dos-oscares\/\",\"url\":\"https:\/\/portaltela.pt\/noticias\/2026\/03\/17\/imagem-mostra-residuos-deixados-por-celebridades-apos-a-gala-dos-oscares\/\",\"name\":\"Imagem mostra res\u00edduos deixados por celebridades ap\u00f3s a gala dos \u00d3scares - Portal Tela Portugal\",\"isPartOf\":{\"@id\":\"https:\/\/portaltela.pt\/#website\"},\"primaryImageOfPage\":{\"@id\":\"https:\/\/portaltela.pt\/noticias\/2026\/03\/17\/imagem-mostra-residuos-deixados-por-celebridades-apos-a-gala-dos-oscares\/#primaryimage\"},\"image\":{\"@id\":\"https:\/\/portaltela.pt\/noticias\/2026\/03\/17\/imagem-mostra-residuos-deixados-por-celebridades-apos-a-gala-dos-oscares\/#primaryimage\"},\"thumbnailUrl\":\"https:\/\/portaltela.pt\/s.01k8rhncp4jt1\/2026\/03\/img_1280x718uu2026-03-16-16-02-14-2272768.jpg\",\"datePublished\":\"2026-03-17T19:48:00+00:00\",\"author\":{\"@id\":\"https:\/\/portaltela.pt\/#\/schema\/person\/c4278d4a6028830caff9ee44b42d32ed\"},\"breadcrumb\":{\"@id\":\"https:\/\/portaltela.pt\/noticias\/2026\/03\/17\/imagem-mostra-residuos-deixados-por-celebridades-apos-a-gala-dos-oscares\/#breadcrumb\"},\"inLanguage\":\"pt-PT\",\"potentialAction\":[{\"@type\":\"ReadAction\",\"target\":[\"https:\/\/portaltela.pt\/noticias\/2026\/03\/17\/imagem-mostra-residuos-deixados-por-celebridades-apos-a-gala-dos-oscares\/\"]}]},{\"@type\":\"ImageObject\",\"inLanguage\":\"pt-PT\",\"@id\":\"https:\/\/portaltela.pt\/noticias\/2026\/03\/17\/imagem-mostra-residuos-deixados-por-celebridades-apos-a-gala-dos-oscares\/#primaryimage\",\"url\":\"https:\/\/portaltela.pt\/s.01k8rhncp4jt1\/2026\/03\/img_1280x718uu2026-03-16-16-02-14-2272768.jpg\",\"contentUrl\":\"https:\/\/portaltela.pt\/s.01k8rhncp4jt1\/2026\/03\/img_1280x718uu2026-03-16-16-02-14-2272768.jpg\",\"width\":796,\"height\":448,\"caption\":\"Celebridades como Emma Stone e Kate Hudson posam para selfie nos \u00d3scares 2024\"},{\"@type\":\"BreadcrumbList\",\"@id\":\"https:\/\/portaltela.pt\/noticias\/2026\/03\/17\/imagem-mostra-residuos-deixados-por-celebridades-apos-a-gala-dos-oscares\/#breadcrumb\",\"itemListElement\":[{\"@type\":\"ListItem\",\"position\":1,\"name\":\"In\u00edcio\",\"item\":\"https:\/\/portaltela.pt\/\"},{\"@type\":\"ListItem\",\"position\":2,\"name\":\"Imagem mostra res\u00edduos deixados por celebridades ap\u00f3s a gala dos \u00d3scares\"}]},{\"@type\":\"WebSite\",\"@id\":\"https:\/\/portaltela.pt\/#website\",\"url\":\"https:\/\/portaltela.pt\/\",\"name\":\"Portal Tela Portugal\",\"description\":\"\",\"potentialAction\":[{\"@type\":\"SearchAction\",\"target\":{\"@type\":\"EntryPoint\",\"urlTemplate\":\"https:\/\/portaltela.pt\/?s={search_term_string}\"},\"query-input\":{\"@type\":\"PropertyValueSpecification\",\"valueRequired\":true,\"valueName\":\"search_term_string\"}}],\"inLanguage\":\"pt-PT\"},{\"@type\":\"Person\",\"@id\":\"https:\/\/portaltela.pt\/#\/schema\/person\/c4278d4a6028830caff9ee44b42d32ed\",\"name\":\"Telinha\",\"image\":{\"@type\":\"ImageObject\",\"inLanguage\":\"pt-PT\",\"@id\":\"https:\/\/portaltela.pt\/s.01k8rhncp4jt1\/2025\/11\/talking-bot-125x125.png\",\"url\":\"https:\/\/portaltela.pt\/s.01k8rhncp4jt1\/2025\/11\/talking-bot-125x125.png\",\"contentUrl\":\"https:\/\/portaltela.pt\/s.01k8rhncp4jt1\/2025\/11\/talking-bot-125x125.png\",\"caption\":\"Telinha\"},\"sameAs\":[\"https:\/\/portaltela.pt\/\"],\"url\":\"https:\/\/portaltela.pt\/por\/367410592786\/\"}]}<\/script>\n<!-- \/ Yoast SEO plugin. -->","yoast_head_json":{"title":"Imagem mostra res\u00edduos deixados por celebridades ap\u00f3s a gala dos \u00d3scares - Portal Tela Portugal","robots":{"index":"index","follow":"follow","max-snippet":"max-snippet:-1","max-image-preview":"max-image-preview:large","max-video-preview":"max-video-preview:-1"},"og_locale":"pt_PT","og_type":"article","og_title":"Imagem mostra res\u00edduos deixados por celebridades ap\u00f3s a gala dos \u00d3scares - Portal Tela Portugal","og_description":"Ap\u00f3s a gala dos \u00d3scares, surgiu uma imagem que mostra lixo deixado no Dolby Theatre, em Los Angeles, pelos convidados. A fotografia, publicada pelo jornalista Matt Neglia, documenta garrafas de \u00e1gua, caixas, restos de comida e pap\u00e9is no ch\u00e3o. A imagem tornou-se viral, com mais de cinco milh\u00f5es de visualiza\u00e7\u00f5es, gerando indigna\u00e7\u00e3o nas redes sociais. Coment\u00e1rios de internautas criticam o comportamento das celebridades e questionam quem deve fazer a limpeza. A not\u00edcia n\u00e3o detalha a\u00e7\u00f5es oficiais de limpeza ou medidas tomadas pela organiza\u00e7\u00e3o da cerim\u00f3nia.","og_url":"https:\/\/portaltela.pt\/noticias\/2026\/03\/17\/imagem-mostra-residuos-deixados-por-celebridades-apos-a-gala-dos-oscares\/","og_site_name":"Portal Tela Portugal","article_published_time":"2026-03-17T19:48:00+00:00","author":"Telinha","twitter_card":"summary_large_image","twitter_misc":{"Escrito por":"Telinha","Tempo estimado de leitura":"1 minuto"},"schema":{"@context":"https:\/\/schema.org","@graph":[{"@type":"Article","@id":"https:\/\/portaltela.pt\/noticias\/2026\/03\/17\/imagem-mostra-residuos-deixados-por-celebridades-apos-a-gala-dos-oscares\/#article","isPartOf":{"@id":"https:\/\/portaltela.pt\/noticias\/2026\/03\/17\/imagem-mostra-residuos-deixados-por-celebridades-apos-a-gala-dos-oscares\/"},"author":{"name":"Telinha","@id":"https:\/\/portaltela.pt\/#\/schema\/person\/c4278d4a6028830caff9ee44b42d32ed"},"headline":"Imagem mostra res\u00edduos deixados por celebridades ap\u00f3s a gala dos \u00d3scares","datePublished":"2026-03-17T19:48:00+00:00","mainEntityOfPage":{"@id":"https:\/\/portaltela.pt\/noticias\/2026\/03\/17\/imagem-mostra-residuos-deixados-por-celebridades-apos-a-gala-dos-oscares\/"},"wordCount":277,"image":{"@id":"https:\/\/portaltela.pt\/noticias\/2026\/03\/17\/imagem-mostra-residuos-deixados-por-celebridades-apos-a-gala-dos-oscares\/#primaryimage"},"thumbnailUrl":"https:\/\/portaltela.pt\/s.01k8rhncp4jt1\/2026\/03\/img_1280x718uu2026-03-16-16-02-14-2272768.jpg","keywords":["educa\u00e7\u00e3o ambiental","gest\u00e3o de res\u00edduos","limpeza urbana","meio-ambiente","res\u00edduos","Sustentabilidade"],"articleSection":["Celebridades","Entretenimento"],"inLanguage":"pt-PT"},{"@type":"WebPage","@id":"https:\/\/portaltela.pt\/noticias\/2026\/03\/17\/imagem-mostra-residuos-deixados-por-celebridades-apos-a-gala-dos-oscares\/","url":"https:\/\/portaltela.pt\/noticias\/2026\/03\/17\/imagem-mostra-residuos-deixados-por-celebridades-apos-a-gala-dos-oscares\/","name":"Imagem mostra res\u00edduos deixados por celebridades ap\u00f3s a gala dos \u00d3scares - Portal Tela Portugal","isPartOf":{"@id":"https:\/\/portaltela.pt\/#website"},"primaryImageOfPage":{"@id":"https:\/\/portaltela.pt\/noticias\/2026\/03\/17\/imagem-mostra-residuos-deixados-por-celebridades-apos-a-gala-dos-oscares\/#primaryimage"},"image":{"@id":"https:\/\/portaltela.pt\/noticias\/2026\/03\/17\/imagem-mostra-residuos-deixados-por-celebridades-apos-a-gala-dos-oscares\/#primaryimage"},"thumbnailUrl":"https:\/\/portaltela.pt\/s.01k8rhncp4jt1\/2026\/03\/img_1280x718uu2026-03-16-16-02-14-2272768.jpg","datePublished":"2026-03-17T19:48:00+00:00","author":{"@id":"https:\/\/portaltela.pt\/#\/schema\/person\/c4278d4a6028830caff9ee44b42d32ed"},"breadcrumb":{"@id":"https:\/\/portaltela.pt\/noticias\/2026\/03\/17\/imagem-mostra-residuos-deixados-por-celebridades-apos-a-gala-dos-oscares\/#breadcrumb"},"inLanguage":"pt-PT","potentialAction":[{"@type":"ReadAction","target":["https:\/\/portaltela.pt\/noticias\/2026\/03\/17\/imagem-mostra-residuos-deixados-por-celebridades-apos-a-gala-dos-oscares\/"]}]},{"@type":"ImageObject","inLanguage":"pt-PT","@id":"https:\/\/portaltela.pt\/noticias\/2026\/03\/17\/imagem-mostra-residuos-deixados-por-celebridades-apos-a-gala-dos-oscares\/#primaryimage","url":"https:\/\/portaltela.pt\/s.01k8rhncp4jt1\/2026\/03\/img_1280x718uu2026-03-16-16-02-14-2272768.jpg","contentUrl":"https:\/\/portaltela.pt\/s.01k8rhncp4jt1\/2026\/03\/img_1280x718uu2026-03-16-16-02-14-2272768.jpg","width":796,"height":448,"caption":"Celebridades como Emma Stone e Kate Hudson posam para selfie nos \u00d3scares 2024"},{"@type":"BreadcrumbList","@id":"https:\/\/portaltela.pt\/noticias\/2026\/03\/17\/imagem-mostra-residuos-deixados-por-celebridades-apos-a-gala-dos-oscares\/#breadcrumb","itemListElement":[{"@type":"ListItem","position":1,"name":"In\u00edcio","item":"https:\/\/portaltela.pt\/"},{"@type":"ListItem","position":2,"name":"Imagem mostra res\u00edduos deixados por celebridades ap\u00f3s a gala dos \u00d3scares"}]},{"@type":"WebSite","@id":"https:\/\/portaltela.pt\/#website","url":"https:\/\/portaltela.pt\/","name":"Portal Tela Portugal","description":"","potentialAction":[{"@type":"SearchAction","target":{"@type":"EntryPoint","urlTemplate":"https:\/\/portaltela.pt\/?s={search_term_string}"},"query-input":{"@type":"PropertyValueSpecification","valueRequired":true,"valueName":"search_term_string"}}],"inLanguage":"pt-PT"},{"@type":"Person","@id":"https:\/\/portaltela.pt\/#\/schema\/person\/c4278d4a6028830caff9ee44b42d32ed","name":"Telinha","image":{"@type":"ImageObject","inLanguage":"pt-PT","@id":"https:\/\/portaltela.pt\/s.01k8rhncp4jt1\/2025\/11\/talking-bot-125x125.png","url":"https:\/\/portaltela.pt\/s.01k8rhncp4jt1\/2025\/11\/talking-bot-125x125.png","contentUrl":"https:\/\/portaltela.pt\/s.01k8rhncp4jt1\/2025\/11\/talking-bot-125x125.png","caption":"Telinha"},"sameAs":["https:\/\/portaltela.pt\/"],"url":"https:\/\/portaltela.pt\/por\/367410592786\/"}]}},"_links":{"self":[{"href":"https:\/\/portaltela.pt\/api\/wp\/v2\/posts\/413959","targetHints":{"allow":["GET"]}}],"collection":[{"href":"https:\/\/portaltela.pt\/api\/wp\/v2\/posts"}],"about":[{"href":"https:\/\/portaltela.pt\/api\/wp\/v2\/types\/post"}],"author":[{"embeddable":true,"href":"https:\/\/portaltela.pt\/api\/wp\/v2\/users\/2"}],"replies":[{"embeddable":true,"href":"https:\/\/portaltela.pt\/api\/wp\/v2\/comments?post=413959"}],"version-history":[{"count":0,"href":"https:\/\/portaltela.pt\/api\/wp\/v2\/posts\/413959\/revisions"}],"wp:featuredmedia":[{"embeddable":true,"href":"https:\/\/portaltela.pt\/api\/wp\/v2\/media\/413963"}],"wp:attachment":[{"href":"https:\/\/portaltela.pt\/api\/wp\/v2\/media?parent=413959"}],"wp:term":[{"taxonomy":"category","embeddable":true,"href":"https:\/\/portaltela.pt\/api\/wp\/v2\/categories?post=413959"},{"taxonomy":"post_tag","embeddable":true,"href":"https:\/\/portaltela.pt\/api\/wp\/v2\/tags?post=413959"}],"curies":[{"name":"wp","href":"https:\/\/api.w.org\/{rel}","templated":true}]}}