{"id":413853,"date":"2026-03-17T18:09:00","date_gmt":"2026-03-17T21:09:00","guid":{"rendered":"https:\/\/portaltela.pt\/noticias\/2026\/03\/17\/rafael-nel-fecha-goleada-historica-do-sporting-e-revela-sonho-da-academia\/"},"modified":"2026-03-17T18:09:00","modified_gmt":"2026-03-17T21:09:00","slug":"rafael-nel-fecha-goleada-historica-do-sporting-e-revela-sonho-da-academia","status":"publish","type":"post","link":"https:\/\/portaltela.pt\/desporto\/futebol\/2026\/03\/17\/rafael-nel-fecha-goleada-historica-do-sporting-e-revela-sonho-da-academia\/","title":{"rendered":"Rafael Nel fecha goleada hist\u00f3rica do Sporting e revela sonho da Academia"},"content":{"rendered":"<p>Rafael Nel marcou o golo que consolidou a vit\u00f3ria hist\u00f3rica do Sporting diante do Bodo\/Glimt, num encontro em que o jovem avan\u00e7ado estreou-se a marcar pela equipa de Alvalade. O triunfo ocorreu na noite de ontem, no est\u00e1gio atual da competi\u00e7\u00e3o europeia.<\/p>\n<p>O atacante alcan\u00e7ou o feito numa reviravolta que ficou marcada pela aproxima\u00e7\u00e3o do marcador a meio do segundo tempo, transformando a atua\u00e7\u00e3o de destaque numa conquista de relev\u00e2ncia para o plantel leonino e para a Academia.<\/p>\n<p>Nel descreveu o momento como inesquec\u00edvel, real\u00e7ando a qualidade do apoio dos adeptos e o esfor\u00e7o coletivo que permitiu o regresso da equipa ao marcador. O jogador agradeceu \u00e0 gente do clube que o tem acompanhado e trabalhado com ele.<\/p>\n<p>A estreia goleadora do jovem surge num contexto de planifica\u00e7\u00e3o desportiva integrada, que envolve a equipa t\u00e9cnica, a estrutura de forma\u00e7\u00e3o e os respons\u00e1veis pelo desempenho, reconhecendo o contributo de toda a forma\u00e7\u00e3o para o sucesso.<\/p>\n<p>O Sporting continua a ambicionar a progress\u00e3o na competi\u00e7\u00e3o europeia, com este golo a ser visto como marco significativo na evolu\u00e7\u00e3o do atleta e na estrat\u00e9gia de desenvolvimento do clube para jovens talentos.<\/p>\n","protected":false},"excerpt":{"rendered":"<ul>\n<li>Rafael Nel marcou o golo que fechou a goleada hist\u00f3rica do Sporting frente ao Bodo\/Glimt, em jogo em que somou o seu primeiro tento pela equipa principal.<\/li>\n<li>A estreia a marcar pelo Sporting traduz-se num momento duplamente especial para o jogador e para a forma\u00e7\u00e3o leonina.<\/li>\n<li>O jovem mostrou-se satisfeito, destacando o apoio dos adeptos e o esfor\u00e7o de toda a gente que o tem acompanhado.<\/li>\n<li>Nel afirmou \u00e0 SportTV que tinha o sonho de chegar \u00e0 equipa principal e ajudar o clube, o que hoje se concretizou.<\/li>\n<li>O pr\u00f3prio nome dele passa a ficar ligado a uma reviravolta hist\u00f3rica do Sporting na partida frente ao Bodo\/Glimt.<\/li>\n<\/ul>\n","protected":false},"author":2,"featured_media":413857,"comment_status":"closed","ping_status":"closed","sticky":false,"template":"","format":"standard","meta":{"footnotes":""},"categories":[21,24],"tags":[5544,1290,32,242,2241,1652],"class_list":["post-413853","post","type-post","status-publish","format-standard","has-post-thumbnail","hentry","category-desporto","category-futebol","tag-europa-league","tag-formacao","tag-futebol","tag-jogadores","tag-jovens-talentos","tag-sporting"],"yoast_head":"<!-- This site is optimized with the Yoast SEO plugin v27.2 - https:\/\/yoast.com\/product\/yoast-seo-wordpress\/ -->\n<title>Rafael Nel fecha goleada hist\u00f3rica do Sporting e revela sonho da Academia - Portal Tela Portugal<\/title>\n<meta name=\"robots\" content=\"index, follow, max-snippet:-1, max-image-preview:large, max-video-preview:-1\" \/>\n<meta property=\"og:locale\" content=\"pt_PT\" \/>\n<meta property=\"og:type\" content=\"article\" \/>\n<meta property=\"og:title\" content=\"Rafael Nel fecha goleada hist\u00f3rica do Sporting e revela sonho da Academia - Portal Tela Portugal\" \/>\n<meta property=\"og:description\" content=\"Rafael Nel marcou o golo que fechou a goleada hist\u00f3rica do Sporting frente ao Bodo\/Glimt, em jogo em que somou o seu primeiro tento pela equipa principal. A estreia a marcar pelo Sporting traduz-se num momento duplamente especial para o jogador e para a forma\u00e7\u00e3o leonina. O jovem mostrou-se satisfeito, destacando o apoio dos adeptos e o esfor\u00e7o de toda a gente que o tem acompanhado. Nel afirmou \u00e0 SportTV que tinha o sonho de chegar \u00e0 equipa principal e ajudar o clube, o que hoje se concretizou. O pr\u00f3prio nome dele passa a ficar ligado a uma reviravolta hist\u00f3rica do Sporting na partida frente ao Bodo\/Glimt.\" \/>\n<meta property=\"og:url\" content=\"https:\/\/portaltela.pt\/noticias\/2026\/03\/17\/rafael-nel-fecha-goleada-historica-do-sporting-e-revela-sonho-da-academia\/\" \/>\n<meta property=\"og:site_name\" content=\"Portal Tela Portugal\" \/>\n<meta property=\"article:published_time\" content=\"2026-03-17T21:09:00+00:00\" \/>\n<meta name=\"author\" content=\"Telinha\" \/>\n<meta name=\"twitter:card\" content=\"summary_large_image\" \/>\n<meta name=\"twitter:label1\" content=\"Escrito por\" \/>\n\t<meta name=\"twitter:data1\" content=\"Telinha\" \/>\n\t<meta name=\"twitter:label2\" content=\"Tempo estimado de leitura\" \/>\n\t<meta name=\"twitter:data2\" content=\"1 minuto\" \/>\n<script type=\"application\/ld+json\" class=\"yoast-schema-graph\">{\"@context\":\"https:\/\/schema.org\",\"@graph\":[{\"@type\":\"Article\",\"@id\":\"https:\/\/portaltela.pt\/noticias\/2026\/03\/17\/rafael-nel-fecha-goleada-historica-do-sporting-e-revela-sonho-da-academia\/#article\",\"isPartOf\":{\"@id\":\"https:\/\/portaltela.pt\/noticias\/2026\/03\/17\/rafael-nel-fecha-goleada-historica-do-sporting-e-revela-sonho-da-academia\/\"},\"author\":{\"name\":\"Telinha\",\"@id\":\"https:\/\/portaltela.pt\/#\/schema\/person\/c4278d4a6028830caff9ee44b42d32ed\"},\"headline\":\"Rafael Nel fecha goleada hist\u00f3rica do Sporting e revela sonho da Academia\",\"datePublished\":\"2026-03-17T21:09:00+00:00\",\"mainEntityOfPage\":{\"@id\":\"https:\/\/portaltela.pt\/noticias\/2026\/03\/17\/rafael-nel-fecha-goleada-historica-do-sporting-e-revela-sonho-da-academia\/\"},\"wordCount\":221,\"image\":{\"@id\":\"https:\/\/portaltela.pt\/noticias\/2026\/03\/17\/rafael-nel-fecha-goleada-historica-do-sporting-e-revela-sonho-da-academia\/#primaryimage\"},\"thumbnailUrl\":\"https:\/\/portaltela.pt\/s.01k8rhncp4jt1\/2026\/03\/img_920x518uu2026-03-17-21-07-35-2427701.jpg\",\"keywords\":[\"Europa League\",\"forma\u00e7\u00e3o\",\"futebol\",\"jogadores\",\"Jovens Talentos\",\"Sporting\"],\"articleSection\":[\"Desporto\",\"Futebol\"],\"inLanguage\":\"pt-PT\"},{\"@type\":\"WebPage\",\"@id\":\"https:\/\/portaltela.pt\/noticias\/2026\/03\/17\/rafael-nel-fecha-goleada-historica-do-sporting-e-revela-sonho-da-academia\/\",\"url\":\"https:\/\/portaltela.pt\/noticias\/2026\/03\/17\/rafael-nel-fecha-goleada-historica-do-sporting-e-revela-sonho-da-academia\/\",\"name\":\"Rafael Nel fecha goleada hist\u00f3rica do Sporting e revela sonho da Academia - Portal Tela Portugal\",\"isPartOf\":{\"@id\":\"https:\/\/portaltela.pt\/#website\"},\"primaryImageOfPage\":{\"@id\":\"https:\/\/portaltela.pt\/noticias\/2026\/03\/17\/rafael-nel-fecha-goleada-historica-do-sporting-e-revela-sonho-da-academia\/#primaryimage\"},\"image\":{\"@id\":\"https:\/\/portaltela.pt\/noticias\/2026\/03\/17\/rafael-nel-fecha-goleada-historica-do-sporting-e-revela-sonho-da-academia\/#primaryimage\"},\"thumbnailUrl\":\"https:\/\/portaltela.pt\/s.01k8rhncp4jt1\/2026\/03\/img_920x518uu2026-03-17-21-07-35-2427701.jpg\",\"datePublished\":\"2026-03-17T21:09:00+00:00\",\"author\":{\"@id\":\"https:\/\/portaltela.pt\/#\/schema\/person\/c4278d4a6028830caff9ee44b42d32ed\"},\"breadcrumb\":{\"@id\":\"https:\/\/portaltela.pt\/noticias\/2026\/03\/17\/rafael-nel-fecha-goleada-historica-do-sporting-e-revela-sonho-da-academia\/#breadcrumb\"},\"inLanguage\":\"pt-PT\",\"potentialAction\":[{\"@type\":\"ReadAction\",\"target\":[\"https:\/\/portaltela.pt\/noticias\/2026\/03\/17\/rafael-nel-fecha-goleada-historica-do-sporting-e-revela-sonho-da-academia\/\"]}]},{\"@type\":\"ImageObject\",\"inLanguage\":\"pt-PT\",\"@id\":\"https:\/\/portaltela.pt\/noticias\/2026\/03\/17\/rafael-nel-fecha-goleada-historica-do-sporting-e-revela-sonho-da-academia\/#primaryimage\",\"url\":\"https:\/\/portaltela.pt\/s.01k8rhncp4jt1\/2026\/03\/img_920x518uu2026-03-17-21-07-35-2427701.jpg\",\"contentUrl\":\"https:\/\/portaltela.pt\/s.01k8rhncp4jt1\/2026\/03\/img_920x518uu2026-03-17-21-07-35-2427701.jpg\",\"width\":796,\"height\":448,\"caption\":\"Rafael Nel celebra golo\"},{\"@type\":\"BreadcrumbList\",\"@id\":\"https:\/\/portaltela.pt\/noticias\/2026\/03\/17\/rafael-nel-fecha-goleada-historica-do-sporting-e-revela-sonho-da-academia\/#breadcrumb\",\"itemListElement\":[{\"@type\":\"ListItem\",\"position\":1,\"name\":\"In\u00edcio\",\"item\":\"https:\/\/portaltela.pt\/\"},{\"@type\":\"ListItem\",\"position\":2,\"name\":\"Rafael Nel fecha goleada hist\u00f3rica do Sporting e revela sonho da Academia\"}]},{\"@type\":\"WebSite\",\"@id\":\"https:\/\/portaltela.pt\/#website\",\"url\":\"https:\/\/portaltela.pt\/\",\"name\":\"Portal Tela Portugal\",\"description\":\"\",\"potentialAction\":[{\"@type\":\"SearchAction\",\"target\":{\"@type\":\"EntryPoint\",\"urlTemplate\":\"https:\/\/portaltela.pt\/?s={search_term_string}\"},\"query-input\":{\"@type\":\"PropertyValueSpecification\",\"valueRequired\":true,\"valueName\":\"search_term_string\"}}],\"inLanguage\":\"pt-PT\"},{\"@type\":\"Person\",\"@id\":\"https:\/\/portaltela.pt\/#\/schema\/person\/c4278d4a6028830caff9ee44b42d32ed\",\"name\":\"Telinha\",\"image\":{\"@type\":\"ImageObject\",\"inLanguage\":\"pt-PT\",\"@id\":\"https:\/\/portaltela.pt\/s.01k8rhncp4jt1\/2025\/11\/talking-bot-125x125.png\",\"url\":\"https:\/\/portaltela.pt\/s.01k8rhncp4jt1\/2025\/11\/talking-bot-125x125.png\",\"contentUrl\":\"https:\/\/portaltela.pt\/s.01k8rhncp4jt1\/2025\/11\/talking-bot-125x125.png\",\"caption\":\"Telinha\"},\"sameAs\":[\"https:\/\/portaltela.pt\/\"],\"url\":\"https:\/\/portaltela.pt\/por\/367410592786\/\"}]}<\/script>\n<!-- \/ Yoast SEO plugin. -->","yoast_head_json":{"title":"Rafael Nel fecha goleada hist\u00f3rica do Sporting e revela sonho da Academia - Portal Tela Portugal","robots":{"index":"index","follow":"follow","max-snippet":"max-snippet:-1","max-image-preview":"max-image-preview:large","max-video-preview":"max-video-preview:-1"},"og_locale":"pt_PT","og_type":"article","og_title":"Rafael Nel fecha goleada hist\u00f3rica do Sporting e revela sonho da Academia - Portal Tela Portugal","og_description":"Rafael Nel marcou o golo que fechou a goleada hist\u00f3rica do Sporting frente ao Bodo\/Glimt, em jogo em que somou o seu primeiro tento pela equipa principal. A estreia a marcar pelo Sporting traduz-se num momento duplamente especial para o jogador e para a forma\u00e7\u00e3o leonina. O jovem mostrou-se satisfeito, destacando o apoio dos adeptos e o esfor\u00e7o de toda a gente que o tem acompanhado. Nel afirmou \u00e0 SportTV que tinha o sonho de chegar \u00e0 equipa principal e ajudar o clube, o que hoje se concretizou. O pr\u00f3prio nome dele passa a ficar ligado a uma reviravolta hist\u00f3rica do Sporting na partida frente ao Bodo\/Glimt.","og_url":"https:\/\/portaltela.pt\/noticias\/2026\/03\/17\/rafael-nel-fecha-goleada-historica-do-sporting-e-revela-sonho-da-academia\/","og_site_name":"Portal Tela Portugal","article_published_time":"2026-03-17T21:09:00+00:00","author":"Telinha","twitter_card":"summary_large_image","twitter_misc":{"Escrito por":"Telinha","Tempo estimado de leitura":"1 minuto"},"schema":{"@context":"https:\/\/schema.org","@graph":[{"@type":"Article","@id":"https:\/\/portaltela.pt\/noticias\/2026\/03\/17\/rafael-nel-fecha-goleada-historica-do-sporting-e-revela-sonho-da-academia\/#article","isPartOf":{"@id":"https:\/\/portaltela.pt\/noticias\/2026\/03\/17\/rafael-nel-fecha-goleada-historica-do-sporting-e-revela-sonho-da-academia\/"},"author":{"name":"Telinha","@id":"https:\/\/portaltela.pt\/#\/schema\/person\/c4278d4a6028830caff9ee44b42d32ed"},"headline":"Rafael Nel fecha goleada hist\u00f3rica do Sporting e revela sonho da Academia","datePublished":"2026-03-17T21:09:00+00:00","mainEntityOfPage":{"@id":"https:\/\/portaltela.pt\/noticias\/2026\/03\/17\/rafael-nel-fecha-goleada-historica-do-sporting-e-revela-sonho-da-academia\/"},"wordCount":221,"image":{"@id":"https:\/\/portaltela.pt\/noticias\/2026\/03\/17\/rafael-nel-fecha-goleada-historica-do-sporting-e-revela-sonho-da-academia\/#primaryimage"},"thumbnailUrl":"https:\/\/portaltela.pt\/s.01k8rhncp4jt1\/2026\/03\/img_920x518uu2026-03-17-21-07-35-2427701.jpg","keywords":["Europa League","forma\u00e7\u00e3o","futebol","jogadores","Jovens Talentos","Sporting"],"articleSection":["Desporto","Futebol"],"inLanguage":"pt-PT"},{"@type":"WebPage","@id":"https:\/\/portaltela.pt\/noticias\/2026\/03\/17\/rafael-nel-fecha-goleada-historica-do-sporting-e-revela-sonho-da-academia\/","url":"https:\/\/portaltela.pt\/noticias\/2026\/03\/17\/rafael-nel-fecha-goleada-historica-do-sporting-e-revela-sonho-da-academia\/","name":"Rafael Nel fecha goleada hist\u00f3rica do Sporting e revela sonho da Academia - Portal Tela Portugal","isPartOf":{"@id":"https:\/\/portaltela.pt\/#website"},"primaryImageOfPage":{"@id":"https:\/\/portaltela.pt\/noticias\/2026\/03\/17\/rafael-nel-fecha-goleada-historica-do-sporting-e-revela-sonho-da-academia\/#primaryimage"},"image":{"@id":"https:\/\/portaltela.pt\/noticias\/2026\/03\/17\/rafael-nel-fecha-goleada-historica-do-sporting-e-revela-sonho-da-academia\/#primaryimage"},"thumbnailUrl":"https:\/\/portaltela.pt\/s.01k8rhncp4jt1\/2026\/03\/img_920x518uu2026-03-17-21-07-35-2427701.jpg","datePublished":"2026-03-17T21:09:00+00:00","author":{"@id":"https:\/\/portaltela.pt\/#\/schema\/person\/c4278d4a6028830caff9ee44b42d32ed"},"breadcrumb":{"@id":"https:\/\/portaltela.pt\/noticias\/2026\/03\/17\/rafael-nel-fecha-goleada-historica-do-sporting-e-revela-sonho-da-academia\/#breadcrumb"},"inLanguage":"pt-PT","potentialAction":[{"@type":"ReadAction","target":["https:\/\/portaltela.pt\/noticias\/2026\/03\/17\/rafael-nel-fecha-goleada-historica-do-sporting-e-revela-sonho-da-academia\/"]}]},{"@type":"ImageObject","inLanguage":"pt-PT","@id":"https:\/\/portaltela.pt\/noticias\/2026\/03\/17\/rafael-nel-fecha-goleada-historica-do-sporting-e-revela-sonho-da-academia\/#primaryimage","url":"https:\/\/portaltela.pt\/s.01k8rhncp4jt1\/2026\/03\/img_920x518uu2026-03-17-21-07-35-2427701.jpg","contentUrl":"https:\/\/portaltela.pt\/s.01k8rhncp4jt1\/2026\/03\/img_920x518uu2026-03-17-21-07-35-2427701.jpg","width":796,"height":448,"caption":"Rafael Nel celebra golo"},{"@type":"BreadcrumbList","@id":"https:\/\/portaltela.pt\/noticias\/2026\/03\/17\/rafael-nel-fecha-goleada-historica-do-sporting-e-revela-sonho-da-academia\/#breadcrumb","itemListElement":[{"@type":"ListItem","position":1,"name":"In\u00edcio","item":"https:\/\/portaltela.pt\/"},{"@type":"ListItem","position":2,"name":"Rafael Nel fecha goleada hist\u00f3rica do Sporting e revela sonho da Academia"}]},{"@type":"WebSite","@id":"https:\/\/portaltela.pt\/#website","url":"https:\/\/portaltela.pt\/","name":"Portal Tela Portugal","description":"","potentialAction":[{"@type":"SearchAction","target":{"@type":"EntryPoint","urlTemplate":"https:\/\/portaltela.pt\/?s={search_term_string}"},"query-input":{"@type":"PropertyValueSpecification","valueRequired":true,"valueName":"search_term_string"}}],"inLanguage":"pt-PT"},{"@type":"Person","@id":"https:\/\/portaltela.pt\/#\/schema\/person\/c4278d4a6028830caff9ee44b42d32ed","name":"Telinha","image":{"@type":"ImageObject","inLanguage":"pt-PT","@id":"https:\/\/portaltela.pt\/s.01k8rhncp4jt1\/2025\/11\/talking-bot-125x125.png","url":"https:\/\/portaltela.pt\/s.01k8rhncp4jt1\/2025\/11\/talking-bot-125x125.png","contentUrl":"https:\/\/portaltela.pt\/s.01k8rhncp4jt1\/2025\/11\/talking-bot-125x125.png","caption":"Telinha"},"sameAs":["https:\/\/portaltela.pt\/"],"url":"https:\/\/portaltela.pt\/por\/367410592786\/"}]}},"_links":{"self":[{"href":"https:\/\/portaltela.pt\/api\/wp\/v2\/posts\/413853","targetHints":{"allow":["GET"]}}],"collection":[{"href":"https:\/\/portaltela.pt\/api\/wp\/v2\/posts"}],"about":[{"href":"https:\/\/portaltela.pt\/api\/wp\/v2\/types\/post"}],"author":[{"embeddable":true,"href":"https:\/\/portaltela.pt\/api\/wp\/v2\/users\/2"}],"replies":[{"embeddable":true,"href":"https:\/\/portaltela.pt\/api\/wp\/v2\/comments?post=413853"}],"version-history":[{"count":0,"href":"https:\/\/portaltela.pt\/api\/wp\/v2\/posts\/413853\/revisions"}],"wp:featuredmedia":[{"embeddable":true,"href":"https:\/\/portaltela.pt\/api\/wp\/v2\/media\/413857"}],"wp:attachment":[{"href":"https:\/\/portaltela.pt\/api\/wp\/v2\/media?parent=413853"}],"wp:term":[{"taxonomy":"category","embeddable":true,"href":"https:\/\/portaltela.pt\/api\/wp\/v2\/categories?post=413853"},{"taxonomy":"post_tag","embeddable":true,"href":"https:\/\/portaltela.pt\/api\/wp\/v2\/tags?post=413853"}],"curies":[{"name":"wp","href":"https:\/\/api.w.org\/{rel}","templated":true}]}}