{"id":413823,"date":"2026-03-17T17:35:17","date_gmt":"2026-03-17T20:35:17","guid":{"rendered":"https:\/\/portaltela.pt\/noticias\/2026\/03\/17\/am-de-lisboa-considera-inaceitavel-o-estado-devoluto-do-quartel-da-graca\/"},"modified":"2026-03-17T17:35:17","modified_gmt":"2026-03-17T20:35:17","slug":"am-de-lisboa-considera-inaceitavel-o-estado-devoluto-do-quartel-da-graca","status":"publish","type":"post","link":"https:\/\/portaltela.pt\/noticias\/2026\/03\/17\/am-de-lisboa-considera-inaceitavel-o-estado-devoluto-do-quartel-da-graca\/","title":{"rendered":"AM de Lisboa considera inaceit\u00e1vel o estado devoluto do Quartel da Gra\u00e7a"},"content":{"rendered":"<p>A Assembleia Municipal de Lisboa (AML) aprovou, esta ter\u00e7a-feira, pontos de uma mo\u00e7\u00e3o do PCP sobre a valoriza\u00e7\u00e3o do Quartel da Gra\u00e7a. Entre eles, ficou instalada a ideia de que \u00e9 inaceit\u00e1vel que o im\u00f3vel de elevado valor patrimonial permane\u00e7a devoluto e em degrada\u00e7\u00e3o. A vota\u00e7\u00e3o ocorreu na reuni\u00e3o da AML, por pontos, com posi\u00e7\u00f5es d\u00edspares entre os partidos.<\/p>\n<p>A mo\u00e7\u00e3o, apresentada pelo grupo municipal do PCP, pediu transpar\u00eancia total sobre o contrato de concess\u00e3o e o estado de execu\u00e7\u00e3o, bem como responsabilidades no eventual incumprimento. Os votos a favor chegaram de PS, PCP, BE, Livre, PAN e PEV, com absten\u00e7\u00e3o do PSD e oposi\u00e7\u00e3o de IL, CDS-PP e Chega.<\/p>\n<p>Foi ainda aprovado um ponto que instou o Governo a assumir responsabilidades, avaliando inclusive revogar a concess\u00e3o se se confirmar incumprimento, e a promover, em articula\u00e7\u00e3o com o munic\u00edpio, uma solu\u00e7\u00e3o p\u00fablica para o im\u00f3vel. Este ponto foi aprovado pela esquerda, com oposi\u00e7\u00e3o de IL, CDS-PP e Chega e absten\u00e7\u00e3o do PSD.<\/p>\n<p>Os pontos que defendiam manter o Quartel da Gra\u00e7a na esfera p\u00fablica, para usos como habita\u00e7\u00e3o p\u00fablica ou equipamentos sociais, foram rejeitados. A vota\u00e7\u00e3o dividiu-se entre for\u00e7as de esquerda, favor\u00e1veis \u00e0 manuten\u00e7\u00e3o, e de direita, contr\u00e1rias.<\/p>\n<p>Contexto recente<\/p>\n<p>Em fevereiro, o jornal P\u00fablico revelou que o grupo hoteleiro Sana falhou v\u00e1rias cl\u00e1usulas do contrato com o Estado para transformar o Quartel da Gra\u00e7a num hotel cinco estrelas, em 2019. O edif\u00edcio ficou abandonado e em degrada\u00e7\u00e3o crescente, segundo a not\u00edcia. A popula\u00e7\u00e3o do bairro da Gra\u00e7a pediu que o espa\u00e7o tenha outros empregos p\u00fablicos.<\/p>\n<p>Desdobramentos na linha de potenciais despejos<\/p>\n<p>Na mesma reuni\u00e3o, a AML discutiu recomenda\u00e7\u00f5es do PS e do PCP para suspender despejos no P\u00e1tio da Quintinha, Beato. As propostas foram rejeitadas com o voto contra de PSD, IL, Chega e CDS-PP. Activistas alertaram para 33 fam\u00edlias a serem intimadas a sair, defendendo aquisi\u00e7\u00e3o do edif\u00edcio pela autarquia.<\/p>\n<p>Projeto urban\u00edstico da antiga Artilharia 1<\/p>\n<p>A AML aprovou uma recomenda\u00e7\u00e3o da IL para acompanhar o projeto urban\u00edstico da antiga Artilharia 1. A vota\u00e7\u00e3o resultou na maioria das for\u00e7as pol\u00edticas alinhadas contra BE, PAN, PEV, PCP, com Livre a abster-se.<\/p>\n","protected":false},"excerpt":{"rendered":"<ul>\n<li>A Assembleia Municipal de Lisboa aprovou pontos da mo\u00e7\u00e3o do PCP pela valoriza\u00e7\u00e3o do Quartel da Gra\u00e7a, considerando inaceit\u00e1vel que o im\u00f3vel de elevado valor patrimonial permane\u00e7a devoluto e em degrada\u00e7\u00e3o.<\/li>\n<li>Foi ainda aprovada a exig\u00eancia de total transpar\u00eancia sobre o contrato de concess\u00e3o, o estado de execu\u00e7\u00e3o e as responsabilidades decorrentes de eventual incumprimento, com votos contra da IL e do CDS-PP.<\/li>\n<li>Entre os pontos aprovados, a AML pediu ao Governo que assuma plenamente as suas responsabilidades, avaliando a revoga\u00e7\u00e3o da concess\u00e3o se se confirmar incumprimento, e que, em parceria com o munic\u00edpio, se encontre uma solu\u00e7\u00e3o p\u00fablica para o im\u00f3vel; contou com votos a favor de PS, PCP, BE, Livre, PAN e PEV, e votos contra de IL, CDS-PP e Chega, mais uma absten\u00e7\u00e3o do PSD.<\/li>\n<li>Os pontos que defendiam manter o Quartel da Gra\u00e7a na esfera p\u00fablica \u2014 para habita\u00e7\u00e3o p\u00fablica, equipamentos sociais, culturais ou servi\u00e7os \u00e0 popula\u00e7\u00e3o \u2014 foram rejeitados, com apoio da esquerda e oposi\u00e7\u00e3o da direita.<\/li>\n<li>No mesmo encontro, foi discutida a situa\u00e7\u00e3o de despejos no P\u00e1tio da Quintinha, com recomenda\u00e7\u00f5es para suspens\u00e3o; as propostas foram rejeitadas com votos contra de PSD, IL, Chega e CDS-PP.<\/li>\n<\/ul>\n","protected":false},"author":2,"featured_media":413828,"comment_status":"closed","ping_status":"closed","sticky":false,"template":"","format":"standard","meta":{"footnotes":""},"categories":[1],"tags":[6372,5334,150,1010,981,229],"class_list":["post-413823","post","type-post","status-publish","format-standard","has-post-thumbnail","hentry","category-noticias","tag-despejos","tag-gestao-publica","tag-habitacao","tag-habitacao-publica","tag-lisboa","tag-politica-publica"],"yoast_head":"<!-- This site is optimized with the Yoast SEO plugin v27.2 - https:\/\/yoast.com\/product\/yoast-seo-wordpress\/ -->\n<title>AM de Lisboa considera inaceit\u00e1vel o estado devoluto do Quartel da Gra\u00e7a - Portal Tela Portugal<\/title>\n<meta name=\"robots\" content=\"index, follow, max-snippet:-1, max-image-preview:large, max-video-preview:-1\" \/>\n<meta property=\"og:locale\" content=\"pt_PT\" \/>\n<meta property=\"og:type\" content=\"article\" \/>\n<meta property=\"og:title\" content=\"AM de Lisboa considera inaceit\u00e1vel o estado devoluto do Quartel da Gra\u00e7a - Portal Tela Portugal\" \/>\n<meta property=\"og:description\" content=\"A Assembleia Municipal de Lisboa aprovou pontos da mo\u00e7\u00e3o do PCP pela valoriza\u00e7\u00e3o do Quartel da Gra\u00e7a, considerando inaceit\u00e1vel que o im\u00f3vel de elevado valor patrimonial permane\u00e7a devoluto e em degrada\u00e7\u00e3o. Foi ainda aprovada a exig\u00eancia de total transpar\u00eancia sobre o contrato de concess\u00e3o, o estado de execu\u00e7\u00e3o e as responsabilidades decorrentes de eventual incumprimento, com votos contra da IL e do CDS-PP. Entre os pontos aprovados, a AML pediu ao Governo que assuma plenamente as suas responsabilidades, avaliando a revoga\u00e7\u00e3o da concess\u00e3o se se confirmar incumprimento, e que, em parceria com o munic\u00edpio, se encontre uma solu\u00e7\u00e3o p\u00fablica para o im\u00f3vel; contou com votos a favor de PS, PCP, BE, Livre, PAN e PEV, e votos contra de IL, CDS-PP e Chega, mais uma absten\u00e7\u00e3o do PSD. Os pontos que defendiam manter o Quartel da Gra\u00e7a na esfera p\u00fablica \u2014 para habita\u00e7\u00e3o p\u00fablica, equipamentos sociais, culturais ou servi\u00e7os \u00e0 popula\u00e7\u00e3o \u2014 foram rejeitados, com apoio da esquerda e oposi\u00e7\u00e3o da direita. No mesmo encontro, foi discutida a situa\u00e7\u00e3o de despejos no P\u00e1tio da Quintinha, com recomenda\u00e7\u00f5es para suspens\u00e3o; as propostas foram rejeitadas com votos contra de PSD, IL, Chega e CDS-PP.\" \/>\n<meta property=\"og:url\" content=\"https:\/\/portaltela.pt\/noticias\/2026\/03\/17\/am-de-lisboa-considera-inaceitavel-o-estado-devoluto-do-quartel-da-graca\/\" \/>\n<meta property=\"og:site_name\" content=\"Portal Tela Portugal\" \/>\n<meta property=\"article:published_time\" content=\"2026-03-17T20:35:17+00:00\" \/>\n<meta name=\"author\" content=\"Telinha\" \/>\n<meta name=\"twitter:card\" content=\"summary_large_image\" \/>\n<meta name=\"twitter:label1\" content=\"Escrito por\" \/>\n\t<meta name=\"twitter:data1\" content=\"Telinha\" \/>\n\t<meta name=\"twitter:label2\" content=\"Tempo estimado de leitura\" \/>\n\t<meta name=\"twitter:data2\" content=\"2 minutos\" \/>\n<script type=\"application\/ld+json\" class=\"yoast-schema-graph\">{\"@context\":\"https:\/\/schema.org\",\"@graph\":[{\"@type\":\"Article\",\"@id\":\"https:\/\/portaltela.pt\/noticias\/2026\/03\/17\/am-de-lisboa-considera-inaceitavel-o-estado-devoluto-do-quartel-da-graca\/#article\",\"isPartOf\":{\"@id\":\"https:\/\/portaltela.pt\/noticias\/2026\/03\/17\/am-de-lisboa-considera-inaceitavel-o-estado-devoluto-do-quartel-da-graca\/\"},\"author\":{\"name\":\"Telinha\",\"@id\":\"https:\/\/portaltela.pt\/#\/schema\/person\/c4278d4a6028830caff9ee44b42d32ed\"},\"headline\":\"AM de Lisboa considera inaceit\u00e1vel o estado devoluto do Quartel da Gra\u00e7a\",\"datePublished\":\"2026-03-17T20:35:17+00:00\",\"mainEntityOfPage\":{\"@id\":\"https:\/\/portaltela.pt\/noticias\/2026\/03\/17\/am-de-lisboa-considera-inaceitavel-o-estado-devoluto-do-quartel-da-graca\/\"},\"wordCount\":418,\"image\":{\"@id\":\"https:\/\/portaltela.pt\/noticias\/2026\/03\/17\/am-de-lisboa-considera-inaceitavel-o-estado-devoluto-do-quartel-da-graca\/#primaryimage\"},\"thumbnailUrl\":\"https:\/\/portaltela.pt\/s.01k8rhncp4jt1\/2026\/03\/img_1500x1000uu2026-03-17-20-35-09-2273044.jpg\",\"keywords\":[\"despejos\",\"gest\u00e3o p\u00fablica\",\"habita\u00e7\u00e3o\",\"habita\u00e7\u00e3o p\u00fablica\",\"Lisboa\",\"pol\u00edtica p\u00fablica\"],\"articleSection\":[\"Not\u00edcias\"],\"inLanguage\":\"pt-PT\"},{\"@type\":\"WebPage\",\"@id\":\"https:\/\/portaltela.pt\/noticias\/2026\/03\/17\/am-de-lisboa-considera-inaceitavel-o-estado-devoluto-do-quartel-da-graca\/\",\"url\":\"https:\/\/portaltela.pt\/noticias\/2026\/03\/17\/am-de-lisboa-considera-inaceitavel-o-estado-devoluto-do-quartel-da-graca\/\",\"name\":\"AM de Lisboa considera inaceit\u00e1vel o estado devoluto do Quartel da Gra\u00e7a - Portal Tela Portugal\",\"isPartOf\":{\"@id\":\"https:\/\/portaltela.pt\/#website\"},\"primaryImageOfPage\":{\"@id\":\"https:\/\/portaltela.pt\/noticias\/2026\/03\/17\/am-de-lisboa-considera-inaceitavel-o-estado-devoluto-do-quartel-da-graca\/#primaryimage\"},\"image\":{\"@id\":\"https:\/\/portaltela.pt\/noticias\/2026\/03\/17\/am-de-lisboa-considera-inaceitavel-o-estado-devoluto-do-quartel-da-graca\/#primaryimage\"},\"thumbnailUrl\":\"https:\/\/portaltela.pt\/s.01k8rhncp4jt1\/2026\/03\/img_1500x1000uu2026-03-17-20-35-09-2273044.jpg\",\"datePublished\":\"2026-03-17T20:35:17+00:00\",\"author\":{\"@id\":\"https:\/\/portaltela.pt\/#\/schema\/person\/c4278d4a6028830caff9ee44b42d32ed\"},\"breadcrumb\":{\"@id\":\"https:\/\/portaltela.pt\/noticias\/2026\/03\/17\/am-de-lisboa-considera-inaceitavel-o-estado-devoluto-do-quartel-da-graca\/#breadcrumb\"},\"inLanguage\":\"pt-PT\",\"potentialAction\":[{\"@type\":\"ReadAction\",\"target\":[\"https:\/\/portaltela.pt\/noticias\/2026\/03\/17\/am-de-lisboa-considera-inaceitavel-o-estado-devoluto-do-quartel-da-graca\/\"]}]},{\"@type\":\"ImageObject\",\"inLanguage\":\"pt-PT\",\"@id\":\"https:\/\/portaltela.pt\/noticias\/2026\/03\/17\/am-de-lisboa-considera-inaceitavel-o-estado-devoluto-do-quartel-da-graca\/#primaryimage\",\"url\":\"https:\/\/portaltela.pt\/s.01k8rhncp4jt1\/2026\/03\/img_1500x1000uu2026-03-17-20-35-09-2273044.jpg\",\"contentUrl\":\"https:\/\/portaltela.pt\/s.01k8rhncp4jt1\/2026\/03\/img_1500x1000uu2026-03-17-20-35-09-2273044.jpg\",\"width\":796,\"height\":448,\"caption\":\"Fachada do edif\u00edcio militar do quartel da Gra\u00e7a ao abandono e degradado\"},{\"@type\":\"BreadcrumbList\",\"@id\":\"https:\/\/portaltela.pt\/noticias\/2026\/03\/17\/am-de-lisboa-considera-inaceitavel-o-estado-devoluto-do-quartel-da-graca\/#breadcrumb\",\"itemListElement\":[{\"@type\":\"ListItem\",\"position\":1,\"name\":\"In\u00edcio\",\"item\":\"https:\/\/portaltela.pt\/\"},{\"@type\":\"ListItem\",\"position\":2,\"name\":\"AM de Lisboa considera inaceit\u00e1vel o estado devoluto do Quartel da Gra\u00e7a\"}]},{\"@type\":\"WebSite\",\"@id\":\"https:\/\/portaltela.pt\/#website\",\"url\":\"https:\/\/portaltela.pt\/\",\"name\":\"Portal Tela Portugal\",\"description\":\"\",\"potentialAction\":[{\"@type\":\"SearchAction\",\"target\":{\"@type\":\"EntryPoint\",\"urlTemplate\":\"https:\/\/portaltela.pt\/?s={search_term_string}\"},\"query-input\":{\"@type\":\"PropertyValueSpecification\",\"valueRequired\":true,\"valueName\":\"search_term_string\"}}],\"inLanguage\":\"pt-PT\"},{\"@type\":\"Person\",\"@id\":\"https:\/\/portaltela.pt\/#\/schema\/person\/c4278d4a6028830caff9ee44b42d32ed\",\"name\":\"Telinha\",\"image\":{\"@type\":\"ImageObject\",\"inLanguage\":\"pt-PT\",\"@id\":\"https:\/\/portaltela.pt\/s.01k8rhncp4jt1\/2025\/11\/talking-bot-125x125.png\",\"url\":\"https:\/\/portaltela.pt\/s.01k8rhncp4jt1\/2025\/11\/talking-bot-125x125.png\",\"contentUrl\":\"https:\/\/portaltela.pt\/s.01k8rhncp4jt1\/2025\/11\/talking-bot-125x125.png\",\"caption\":\"Telinha\"},\"sameAs\":[\"https:\/\/portaltela.pt\/\"],\"url\":\"https:\/\/portaltela.pt\/por\/367410592786\/\"}]}<\/script>\n<!-- \/ Yoast SEO plugin. -->","yoast_head_json":{"title":"AM de Lisboa considera inaceit\u00e1vel o estado devoluto do Quartel da Gra\u00e7a - Portal Tela Portugal","robots":{"index":"index","follow":"follow","max-snippet":"max-snippet:-1","max-image-preview":"max-image-preview:large","max-video-preview":"max-video-preview:-1"},"og_locale":"pt_PT","og_type":"article","og_title":"AM de Lisboa considera inaceit\u00e1vel o estado devoluto do Quartel da Gra\u00e7a - Portal Tela Portugal","og_description":"A Assembleia Municipal de Lisboa aprovou pontos da mo\u00e7\u00e3o do PCP pela valoriza\u00e7\u00e3o do Quartel da Gra\u00e7a, considerando inaceit\u00e1vel que o im\u00f3vel de elevado valor patrimonial permane\u00e7a devoluto e em degrada\u00e7\u00e3o. Foi ainda aprovada a exig\u00eancia de total transpar\u00eancia sobre o contrato de concess\u00e3o, o estado de execu\u00e7\u00e3o e as responsabilidades decorrentes de eventual incumprimento, com votos contra da IL e do CDS-PP. Entre os pontos aprovados, a AML pediu ao Governo que assuma plenamente as suas responsabilidades, avaliando a revoga\u00e7\u00e3o da concess\u00e3o se se confirmar incumprimento, e que, em parceria com o munic\u00edpio, se encontre uma solu\u00e7\u00e3o p\u00fablica para o im\u00f3vel; contou com votos a favor de PS, PCP, BE, Livre, PAN e PEV, e votos contra de IL, CDS-PP e Chega, mais uma absten\u00e7\u00e3o do PSD. Os pontos que defendiam manter o Quartel da Gra\u00e7a na esfera p\u00fablica \u2014 para habita\u00e7\u00e3o p\u00fablica, equipamentos sociais, culturais ou servi\u00e7os \u00e0 popula\u00e7\u00e3o \u2014 foram rejeitados, com apoio da esquerda e oposi\u00e7\u00e3o da direita. No mesmo encontro, foi discutida a situa\u00e7\u00e3o de despejos no P\u00e1tio da Quintinha, com recomenda\u00e7\u00f5es para suspens\u00e3o; as propostas foram rejeitadas com votos contra de PSD, IL, Chega e CDS-PP.","og_url":"https:\/\/portaltela.pt\/noticias\/2026\/03\/17\/am-de-lisboa-considera-inaceitavel-o-estado-devoluto-do-quartel-da-graca\/","og_site_name":"Portal Tela Portugal","article_published_time":"2026-03-17T20:35:17+00:00","author":"Telinha","twitter_card":"summary_large_image","twitter_misc":{"Escrito por":"Telinha","Tempo estimado de leitura":"2 minutos"},"schema":{"@context":"https:\/\/schema.org","@graph":[{"@type":"Article","@id":"https:\/\/portaltela.pt\/noticias\/2026\/03\/17\/am-de-lisboa-considera-inaceitavel-o-estado-devoluto-do-quartel-da-graca\/#article","isPartOf":{"@id":"https:\/\/portaltela.pt\/noticias\/2026\/03\/17\/am-de-lisboa-considera-inaceitavel-o-estado-devoluto-do-quartel-da-graca\/"},"author":{"name":"Telinha","@id":"https:\/\/portaltela.pt\/#\/schema\/person\/c4278d4a6028830caff9ee44b42d32ed"},"headline":"AM de Lisboa considera inaceit\u00e1vel o estado devoluto do Quartel da Gra\u00e7a","datePublished":"2026-03-17T20:35:17+00:00","mainEntityOfPage":{"@id":"https:\/\/portaltela.pt\/noticias\/2026\/03\/17\/am-de-lisboa-considera-inaceitavel-o-estado-devoluto-do-quartel-da-graca\/"},"wordCount":418,"image":{"@id":"https:\/\/portaltela.pt\/noticias\/2026\/03\/17\/am-de-lisboa-considera-inaceitavel-o-estado-devoluto-do-quartel-da-graca\/#primaryimage"},"thumbnailUrl":"https:\/\/portaltela.pt\/s.01k8rhncp4jt1\/2026\/03\/img_1500x1000uu2026-03-17-20-35-09-2273044.jpg","keywords":["despejos","gest\u00e3o p\u00fablica","habita\u00e7\u00e3o","habita\u00e7\u00e3o p\u00fablica","Lisboa","pol\u00edtica p\u00fablica"],"articleSection":["Not\u00edcias"],"inLanguage":"pt-PT"},{"@type":"WebPage","@id":"https:\/\/portaltela.pt\/noticias\/2026\/03\/17\/am-de-lisboa-considera-inaceitavel-o-estado-devoluto-do-quartel-da-graca\/","url":"https:\/\/portaltela.pt\/noticias\/2026\/03\/17\/am-de-lisboa-considera-inaceitavel-o-estado-devoluto-do-quartel-da-graca\/","name":"AM de Lisboa considera inaceit\u00e1vel o estado devoluto do Quartel da Gra\u00e7a - Portal Tela Portugal","isPartOf":{"@id":"https:\/\/portaltela.pt\/#website"},"primaryImageOfPage":{"@id":"https:\/\/portaltela.pt\/noticias\/2026\/03\/17\/am-de-lisboa-considera-inaceitavel-o-estado-devoluto-do-quartel-da-graca\/#primaryimage"},"image":{"@id":"https:\/\/portaltela.pt\/noticias\/2026\/03\/17\/am-de-lisboa-considera-inaceitavel-o-estado-devoluto-do-quartel-da-graca\/#primaryimage"},"thumbnailUrl":"https:\/\/portaltela.pt\/s.01k8rhncp4jt1\/2026\/03\/img_1500x1000uu2026-03-17-20-35-09-2273044.jpg","datePublished":"2026-03-17T20:35:17+00:00","author":{"@id":"https:\/\/portaltela.pt\/#\/schema\/person\/c4278d4a6028830caff9ee44b42d32ed"},"breadcrumb":{"@id":"https:\/\/portaltela.pt\/noticias\/2026\/03\/17\/am-de-lisboa-considera-inaceitavel-o-estado-devoluto-do-quartel-da-graca\/#breadcrumb"},"inLanguage":"pt-PT","potentialAction":[{"@type":"ReadAction","target":["https:\/\/portaltela.pt\/noticias\/2026\/03\/17\/am-de-lisboa-considera-inaceitavel-o-estado-devoluto-do-quartel-da-graca\/"]}]},{"@type":"ImageObject","inLanguage":"pt-PT","@id":"https:\/\/portaltela.pt\/noticias\/2026\/03\/17\/am-de-lisboa-considera-inaceitavel-o-estado-devoluto-do-quartel-da-graca\/#primaryimage","url":"https:\/\/portaltela.pt\/s.01k8rhncp4jt1\/2026\/03\/img_1500x1000uu2026-03-17-20-35-09-2273044.jpg","contentUrl":"https:\/\/portaltela.pt\/s.01k8rhncp4jt1\/2026\/03\/img_1500x1000uu2026-03-17-20-35-09-2273044.jpg","width":796,"height":448,"caption":"Fachada do edif\u00edcio militar do quartel da Gra\u00e7a ao abandono e degradado"},{"@type":"BreadcrumbList","@id":"https:\/\/portaltela.pt\/noticias\/2026\/03\/17\/am-de-lisboa-considera-inaceitavel-o-estado-devoluto-do-quartel-da-graca\/#breadcrumb","itemListElement":[{"@type":"ListItem","position":1,"name":"In\u00edcio","item":"https:\/\/portaltela.pt\/"},{"@type":"ListItem","position":2,"name":"AM de Lisboa considera inaceit\u00e1vel o estado devoluto do Quartel da Gra\u00e7a"}]},{"@type":"WebSite","@id":"https:\/\/portaltela.pt\/#website","url":"https:\/\/portaltela.pt\/","name":"Portal Tela Portugal","description":"","potentialAction":[{"@type":"SearchAction","target":{"@type":"EntryPoint","urlTemplate":"https:\/\/portaltela.pt\/?s={search_term_string}"},"query-input":{"@type":"PropertyValueSpecification","valueRequired":true,"valueName":"search_term_string"}}],"inLanguage":"pt-PT"},{"@type":"Person","@id":"https:\/\/portaltela.pt\/#\/schema\/person\/c4278d4a6028830caff9ee44b42d32ed","name":"Telinha","image":{"@type":"ImageObject","inLanguage":"pt-PT","@id":"https:\/\/portaltela.pt\/s.01k8rhncp4jt1\/2025\/11\/talking-bot-125x125.png","url":"https:\/\/portaltela.pt\/s.01k8rhncp4jt1\/2025\/11\/talking-bot-125x125.png","contentUrl":"https:\/\/portaltela.pt\/s.01k8rhncp4jt1\/2025\/11\/talking-bot-125x125.png","caption":"Telinha"},"sameAs":["https:\/\/portaltela.pt\/"],"url":"https:\/\/portaltela.pt\/por\/367410592786\/"}]}},"_links":{"self":[{"href":"https:\/\/portaltela.pt\/api\/wp\/v2\/posts\/413823","targetHints":{"allow":["GET"]}}],"collection":[{"href":"https:\/\/portaltela.pt\/api\/wp\/v2\/posts"}],"about":[{"href":"https:\/\/portaltela.pt\/api\/wp\/v2\/types\/post"}],"author":[{"embeddable":true,"href":"https:\/\/portaltela.pt\/api\/wp\/v2\/users\/2"}],"replies":[{"embeddable":true,"href":"https:\/\/portaltela.pt\/api\/wp\/v2\/comments?post=413823"}],"version-history":[{"count":0,"href":"https:\/\/portaltela.pt\/api\/wp\/v2\/posts\/413823\/revisions"}],"wp:featuredmedia":[{"embeddable":true,"href":"https:\/\/portaltela.pt\/api\/wp\/v2\/media\/413828"}],"wp:attachment":[{"href":"https:\/\/portaltela.pt\/api\/wp\/v2\/media?parent=413823"}],"wp:term":[{"taxonomy":"category","embeddable":true,"href":"https:\/\/portaltela.pt\/api\/wp\/v2\/categories?post=413823"},{"taxonomy":"post_tag","embeddable":true,"href":"https:\/\/portaltela.pt\/api\/wp\/v2\/tags?post=413823"}],"curies":[{"name":"wp","href":"https:\/\/api.w.org\/{rel}","templated":true}]}}