{"id":413813,"date":"2026-03-17T17:16:00","date_gmt":"2026-03-17T20:16:00","guid":{"rendered":"https:\/\/portaltela.pt\/noticias\/2026\/03\/17\/transmissao-em-direto-da-gala-cosme-damiao-do-benfica\/"},"modified":"2026-03-17T17:16:00","modified_gmt":"2026-03-17T20:16:00","slug":"transmissao-em-direto-da-gala-cosme-damiao-do-benfica","status":"publish","type":"post","link":"https:\/\/portaltela.pt\/desporto\/futebol\/2026\/03\/17\/transmissao-em-direto-da-gala-cosme-damiao-do-benfica\/","title":{"rendered":"Transmiss\u00e3o em direto da gala Cosme Dami\u00e3o do Benfica"},"content":{"rendered":"<p>No \u00e2mbito das comemora\u00e7\u00f5es do 122.\u00ba anivers\u00e1rio, o Benfica realiza esta ter\u00e7a-feira a gala Cosme Dami\u00e3o, que distingue os melhores atletas e treinadores do clube no \u00faltimo ano. A cerim\u00f3nia tem lugar no Pavilh\u00e3o n.\u00ba2 do Complexo Desportivo do Est\u00e1dio da Luz, a partir das 21h00.<\/p>\n<p>A vota\u00e7\u00e3o decorreu no site do clube at\u00e9 \u00e0 passada sexta-feira. O pr\u00e9mio de <strong>Futebolista do Ano<\/strong> tem como headliners o defesa Otamendi, com contendor(es) como Ant\u00f3nio Silva, Tom\u00e1s Ara\u00fajo, Aursnes e Pavlidis.<\/p>\n<p>A lista de nomeados cobre sete categorias, incluindo revela\u00e7\u00e3o no futebol masculino, futebolista feminina do ano, revela\u00e7\u00e3o no futebol feminino, modalidade do ano, treinador do ano, atleta de alta competi\u00e7\u00e3o e revela\u00e7\u00e3o nas modalidades. Entre os nomes aparecem An\u00edsio Cabral, Samuel Soares, Schjelderup, L\u00facia Alves, Anna Gasper, Christy Ucheibe, Carolina Trist\u00e3o, Clarinha, Tha\u00eds Lima, Norberto Alves, Cassiano Klein, Rui Moreira, Paulo Almeida, Aim\u00e9e Blackman, Arhtur, Isaac Nader, Salom\u00e9 Afonso, Kutchy, Mariana Garcez, Pedro Afonso e Viti.<\/p>\n<h3>Nomeados da noite<\/h3>\n<p>Os nomeados est\u00e3o distribu\u00eddos por sete \u00e1reas distintas, conforme a vota\u00e7\u00e3o promovida pelo clube. A escolha final visa reconhecer os talentos que marcaram o \u00faltimo ano desportivo do Benfica.<\/p>\n<h3>Cerim\u00f3nia de entrega e log\u00edstica<\/h3>\n<p>A gala decorre no Pavilh\u00e3o n.\u00ba2 do Complexo Desportivo do Est\u00e1dio da Luz, com in\u00edcio previsto para as 21h00. A organiza\u00e7\u00e3o refor\u00e7a que a cerim\u00f3nia \u00e9 parte das celebra\u00e7\u00f5es do 122.\u00ba anivers\u00e1rio do clube. Hor\u00e1rios, din\u00e2micas e retratos dos vencedores ser\u00e3o partilhados ao longo da noite.<\/p>\n","protected":false},"excerpt":{"rendered":"<ul>\n<li>Gala Cosme Dami\u00e3o acontece hoje, \u00e0s 21h00, no Pavilh\u00e3o n.\u00ba 2 do Complexo Desportivo do Est\u00e1dio da Luz, para premiar atletas e treinadores do \u00faltimo ano, em celebra\u00e7\u00e3o do 122.\u00ba anivers\u00e1rio do Benfica.<\/li>\n<li>Otamendi tenta revalidar o t\u00edtulo de Futebolista do Ano, com Ant\u00f3nio Silva, Tom\u00e1s Ara\u00fajo, Aursnes e Pavlidis na luta pelo pr\u00e9mio.<\/li>\n<li>Nomeados incluem Revela\u00e7\u00e3o no futebol masculino (An\u00edsio Cabral, Samuel Soares, Schjelderup) e Futebolista feminina do ano (L\u00facia Alves, Anna Gasper, Christy Ucheibe, Cristina Prieto, Lena Pauels).<\/li>\n<li>Outras categorias incluem Modalidade do Ano (basquetebol, futsal masculino, voleibol feminino) e Treinador do Ano (Norberto Alves, Cassiano Klein, Rui Moreira, Paulo Almeida).<\/li>\n<li>Ainda constam Atleta de alta competi\u00e7\u00e3o (Aim\u00e9e Blackman, Arhtur, Isaac Nader, Salom\u00e9 Afonso) e Revela\u00e7\u00e3o nas modalidades (Kutchy, Mariana Garcez, Pedro Afonso, Viti).<\/li>\n<\/ul>\n","protected":false},"author":2,"featured_media":413817,"comment_status":"closed","ping_status":"closed","sticky":false,"template":"","format":"standard","meta":{"footnotes":""},"categories":[21,24],"tags":[1946,3972,152,32,1030,280],"class_list":["post-413813","post","type-post","status-publish","format-standard","has-post-thumbnail","hentry","category-desporto","category-futebol","tag-benfica","tag-benfica-sad","tag-desporto","tag-futebol","tag-futebol-feminino","tag-treinador-do-ano"],"yoast_head":"<!-- This site is optimized with the Yoast SEO plugin v27.2 - https:\/\/yoast.com\/product\/yoast-seo-wordpress\/ -->\n<title>Transmiss\u00e3o em direto da gala Cosme Dami\u00e3o do Benfica - Portal Tela Portugal<\/title>\n<meta name=\"robots\" content=\"index, follow, max-snippet:-1, max-image-preview:large, max-video-preview:-1\" \/>\n<meta property=\"og:locale\" content=\"pt_PT\" \/>\n<meta property=\"og:type\" content=\"article\" \/>\n<meta property=\"og:title\" content=\"Transmiss\u00e3o em direto da gala Cosme Dami\u00e3o do Benfica - Portal Tela Portugal\" \/>\n<meta property=\"og:description\" content=\"Gala Cosme Dami\u00e3o acontece hoje, \u00e0s 21h00, no Pavilh\u00e3o n.\u00ba 2 do Complexo Desportivo do Est\u00e1dio da Luz, para premiar atletas e treinadores do \u00faltimo ano, em celebra\u00e7\u00e3o do 122.\u00ba anivers\u00e1rio do Benfica. Otamendi tenta revalidar o t\u00edtulo de Futebolista do Ano, com Ant\u00f3nio Silva, Tom\u00e1s Ara\u00fajo, Aursnes e Pavlidis na luta pelo pr\u00e9mio. Nomeados incluem Revela\u00e7\u00e3o no futebol masculino (An\u00edsio Cabral, Samuel Soares, Schjelderup) e Futebolista feminina do ano (L\u00facia Alves, Anna Gasper, Christy Ucheibe, Cristina Prieto, Lena Pauels). Outras categorias incluem Modalidade do Ano (basquetebol, futsal masculino, voleibol feminino) e Treinador do Ano (Norberto Alves, Cassiano Klein, Rui Moreira, Paulo Almeida). Ainda constam Atleta de alta competi\u00e7\u00e3o (Aim\u00e9e Blackman, Arhtur, Isaac Nader, Salom\u00e9 Afonso) e Revela\u00e7\u00e3o nas modalidades (Kutchy, Mariana Garcez, Pedro Afonso, Viti).\" \/>\n<meta property=\"og:url\" content=\"https:\/\/portaltela.pt\/noticias\/2026\/03\/17\/transmissao-em-direto-da-gala-cosme-damiao-do-benfica\/\" \/>\n<meta property=\"og:site_name\" content=\"Portal Tela Portugal\" \/>\n<meta property=\"article:published_time\" content=\"2026-03-17T20:16:00+00:00\" \/>\n<meta name=\"author\" content=\"Telinha\" \/>\n<meta name=\"twitter:card\" content=\"summary_large_image\" \/>\n<meta name=\"twitter:label1\" content=\"Escrito por\" \/>\n\t<meta name=\"twitter:data1\" content=\"Telinha\" \/>\n\t<meta name=\"twitter:label2\" content=\"Tempo estimado de leitura\" \/>\n\t<meta name=\"twitter:data2\" content=\"1 minuto\" \/>\n<script type=\"application\/ld+json\" class=\"yoast-schema-graph\">{\"@context\":\"https:\/\/schema.org\",\"@graph\":[{\"@type\":\"Article\",\"@id\":\"https:\/\/portaltela.pt\/noticias\/2026\/03\/17\/transmissao-em-direto-da-gala-cosme-damiao-do-benfica\/#article\",\"isPartOf\":{\"@id\":\"https:\/\/portaltela.pt\/noticias\/2026\/03\/17\/transmissao-em-direto-da-gala-cosme-damiao-do-benfica\/\"},\"author\":{\"name\":\"Telinha\",\"@id\":\"https:\/\/portaltela.pt\/#\/schema\/person\/c4278d4a6028830caff9ee44b42d32ed\"},\"headline\":\"Transmiss\u00e3o em direto da gala Cosme Dami\u00e3o do Benfica\",\"datePublished\":\"2026-03-17T20:16:00+00:00\",\"mainEntityOfPage\":{\"@id\":\"https:\/\/portaltela.pt\/noticias\/2026\/03\/17\/transmissao-em-direto-da-gala-cosme-damiao-do-benfica\/\"},\"wordCount\":283,\"image\":{\"@id\":\"https:\/\/portaltela.pt\/noticias\/2026\/03\/17\/transmissao-em-direto-da-gala-cosme-damiao-do-benfica\/#primaryimage\"},\"thumbnailUrl\":\"https:\/\/portaltela.pt\/s.01k8rhncp4jt1\/2026\/03\/img_1200x721uu2026-03-17-18-58-22-2427634-im-639093707327653483.jpg\",\"keywords\":[\"Benfica\",\"Benfica SAD\",\"desporto\",\"futebol\",\"futebol feminino\",\"Treinador do Ano\"],\"articleSection\":[\"Desporto\",\"Futebol\"],\"inLanguage\":\"pt-PT\"},{\"@type\":\"WebPage\",\"@id\":\"https:\/\/portaltela.pt\/noticias\/2026\/03\/17\/transmissao-em-direto-da-gala-cosme-damiao-do-benfica\/\",\"url\":\"https:\/\/portaltela.pt\/noticias\/2026\/03\/17\/transmissao-em-direto-da-gala-cosme-damiao-do-benfica\/\",\"name\":\"Transmiss\u00e3o em direto da gala Cosme Dami\u00e3o do Benfica - Portal Tela Portugal\",\"isPartOf\":{\"@id\":\"https:\/\/portaltela.pt\/#website\"},\"primaryImageOfPage\":{\"@id\":\"https:\/\/portaltela.pt\/noticias\/2026\/03\/17\/transmissao-em-direto-da-gala-cosme-damiao-do-benfica\/#primaryimage\"},\"image\":{\"@id\":\"https:\/\/portaltela.pt\/noticias\/2026\/03\/17\/transmissao-em-direto-da-gala-cosme-damiao-do-benfica\/#primaryimage\"},\"thumbnailUrl\":\"https:\/\/portaltela.pt\/s.01k8rhncp4jt1\/2026\/03\/img_1200x721uu2026-03-17-18-58-22-2427634-im-639093707327653483.jpg\",\"datePublished\":\"2026-03-17T20:16:00+00:00\",\"author\":{\"@id\":\"https:\/\/portaltela.pt\/#\/schema\/person\/c4278d4a6028830caff9ee44b42d32ed\"},\"breadcrumb\":{\"@id\":\"https:\/\/portaltela.pt\/noticias\/2026\/03\/17\/transmissao-em-direto-da-gala-cosme-damiao-do-benfica\/#breadcrumb\"},\"inLanguage\":\"pt-PT\",\"potentialAction\":[{\"@type\":\"ReadAction\",\"target\":[\"https:\/\/portaltela.pt\/noticias\/2026\/03\/17\/transmissao-em-direto-da-gala-cosme-damiao-do-benfica\/\"]}]},{\"@type\":\"ImageObject\",\"inLanguage\":\"pt-PT\",\"@id\":\"https:\/\/portaltela.pt\/noticias\/2026\/03\/17\/transmissao-em-direto-da-gala-cosme-damiao-do-benfica\/#primaryimage\",\"url\":\"https:\/\/portaltela.pt\/s.01k8rhncp4jt1\/2026\/03\/img_1200x721uu2026-03-17-18-58-22-2427634-im-639093707327653483.jpg\",\"contentUrl\":\"https:\/\/portaltela.pt\/s.01k8rhncp4jt1\/2026\/03\/img_1200x721uu2026-03-17-18-58-22-2427634-im-639093707327653483.jpg\",\"width\":796,\"height\":448,\"caption\":\"Galard\u00f5es Cosme Dami\u00e3o\"},{\"@type\":\"BreadcrumbList\",\"@id\":\"https:\/\/portaltela.pt\/noticias\/2026\/03\/17\/transmissao-em-direto-da-gala-cosme-damiao-do-benfica\/#breadcrumb\",\"itemListElement\":[{\"@type\":\"ListItem\",\"position\":1,\"name\":\"In\u00edcio\",\"item\":\"https:\/\/portaltela.pt\/\"},{\"@type\":\"ListItem\",\"position\":2,\"name\":\"Transmiss\u00e3o em direto da gala Cosme Dami\u00e3o do Benfica\"}]},{\"@type\":\"WebSite\",\"@id\":\"https:\/\/portaltela.pt\/#website\",\"url\":\"https:\/\/portaltela.pt\/\",\"name\":\"Portal Tela Portugal\",\"description\":\"\",\"potentialAction\":[{\"@type\":\"SearchAction\",\"target\":{\"@type\":\"EntryPoint\",\"urlTemplate\":\"https:\/\/portaltela.pt\/?s={search_term_string}\"},\"query-input\":{\"@type\":\"PropertyValueSpecification\",\"valueRequired\":true,\"valueName\":\"search_term_string\"}}],\"inLanguage\":\"pt-PT\"},{\"@type\":\"Person\",\"@id\":\"https:\/\/portaltela.pt\/#\/schema\/person\/c4278d4a6028830caff9ee44b42d32ed\",\"name\":\"Telinha\",\"image\":{\"@type\":\"ImageObject\",\"inLanguage\":\"pt-PT\",\"@id\":\"https:\/\/portaltela.pt\/s.01k8rhncp4jt1\/2025\/11\/talking-bot-125x125.png\",\"url\":\"https:\/\/portaltela.pt\/s.01k8rhncp4jt1\/2025\/11\/talking-bot-125x125.png\",\"contentUrl\":\"https:\/\/portaltela.pt\/s.01k8rhncp4jt1\/2025\/11\/talking-bot-125x125.png\",\"caption\":\"Telinha\"},\"sameAs\":[\"https:\/\/portaltela.pt\/\"],\"url\":\"https:\/\/portaltela.pt\/por\/367410592786\/\"}]}<\/script>\n<!-- \/ Yoast SEO plugin. -->","yoast_head_json":{"title":"Transmiss\u00e3o em direto da gala Cosme Dami\u00e3o do Benfica - Portal Tela Portugal","robots":{"index":"index","follow":"follow","max-snippet":"max-snippet:-1","max-image-preview":"max-image-preview:large","max-video-preview":"max-video-preview:-1"},"og_locale":"pt_PT","og_type":"article","og_title":"Transmiss\u00e3o em direto da gala Cosme Dami\u00e3o do Benfica - Portal Tela Portugal","og_description":"Gala Cosme Dami\u00e3o acontece hoje, \u00e0s 21h00, no Pavilh\u00e3o n.\u00ba 2 do Complexo Desportivo do Est\u00e1dio da Luz, para premiar atletas e treinadores do \u00faltimo ano, em celebra\u00e7\u00e3o do 122.\u00ba anivers\u00e1rio do Benfica. Otamendi tenta revalidar o t\u00edtulo de Futebolista do Ano, com Ant\u00f3nio Silva, Tom\u00e1s Ara\u00fajo, Aursnes e Pavlidis na luta pelo pr\u00e9mio. Nomeados incluem Revela\u00e7\u00e3o no futebol masculino (An\u00edsio Cabral, Samuel Soares, Schjelderup) e Futebolista feminina do ano (L\u00facia Alves, Anna Gasper, Christy Ucheibe, Cristina Prieto, Lena Pauels). Outras categorias incluem Modalidade do Ano (basquetebol, futsal masculino, voleibol feminino) e Treinador do Ano (Norberto Alves, Cassiano Klein, Rui Moreira, Paulo Almeida). Ainda constam Atleta de alta competi\u00e7\u00e3o (Aim\u00e9e Blackman, Arhtur, Isaac Nader, Salom\u00e9 Afonso) e Revela\u00e7\u00e3o nas modalidades (Kutchy, Mariana Garcez, Pedro Afonso, Viti).","og_url":"https:\/\/portaltela.pt\/noticias\/2026\/03\/17\/transmissao-em-direto-da-gala-cosme-damiao-do-benfica\/","og_site_name":"Portal Tela Portugal","article_published_time":"2026-03-17T20:16:00+00:00","author":"Telinha","twitter_card":"summary_large_image","twitter_misc":{"Escrito por":"Telinha","Tempo estimado de leitura":"1 minuto"},"schema":{"@context":"https:\/\/schema.org","@graph":[{"@type":"Article","@id":"https:\/\/portaltela.pt\/noticias\/2026\/03\/17\/transmissao-em-direto-da-gala-cosme-damiao-do-benfica\/#article","isPartOf":{"@id":"https:\/\/portaltela.pt\/noticias\/2026\/03\/17\/transmissao-em-direto-da-gala-cosme-damiao-do-benfica\/"},"author":{"name":"Telinha","@id":"https:\/\/portaltela.pt\/#\/schema\/person\/c4278d4a6028830caff9ee44b42d32ed"},"headline":"Transmiss\u00e3o em direto da gala Cosme Dami\u00e3o do Benfica","datePublished":"2026-03-17T20:16:00+00:00","mainEntityOfPage":{"@id":"https:\/\/portaltela.pt\/noticias\/2026\/03\/17\/transmissao-em-direto-da-gala-cosme-damiao-do-benfica\/"},"wordCount":283,"image":{"@id":"https:\/\/portaltela.pt\/noticias\/2026\/03\/17\/transmissao-em-direto-da-gala-cosme-damiao-do-benfica\/#primaryimage"},"thumbnailUrl":"https:\/\/portaltela.pt\/s.01k8rhncp4jt1\/2026\/03\/img_1200x721uu2026-03-17-18-58-22-2427634-im-639093707327653483.jpg","keywords":["Benfica","Benfica SAD","desporto","futebol","futebol feminino","Treinador do Ano"],"articleSection":["Desporto","Futebol"],"inLanguage":"pt-PT"},{"@type":"WebPage","@id":"https:\/\/portaltela.pt\/noticias\/2026\/03\/17\/transmissao-em-direto-da-gala-cosme-damiao-do-benfica\/","url":"https:\/\/portaltela.pt\/noticias\/2026\/03\/17\/transmissao-em-direto-da-gala-cosme-damiao-do-benfica\/","name":"Transmiss\u00e3o em direto da gala Cosme Dami\u00e3o do Benfica - Portal Tela Portugal","isPartOf":{"@id":"https:\/\/portaltela.pt\/#website"},"primaryImageOfPage":{"@id":"https:\/\/portaltela.pt\/noticias\/2026\/03\/17\/transmissao-em-direto-da-gala-cosme-damiao-do-benfica\/#primaryimage"},"image":{"@id":"https:\/\/portaltela.pt\/noticias\/2026\/03\/17\/transmissao-em-direto-da-gala-cosme-damiao-do-benfica\/#primaryimage"},"thumbnailUrl":"https:\/\/portaltela.pt\/s.01k8rhncp4jt1\/2026\/03\/img_1200x721uu2026-03-17-18-58-22-2427634-im-639093707327653483.jpg","datePublished":"2026-03-17T20:16:00+00:00","author":{"@id":"https:\/\/portaltela.pt\/#\/schema\/person\/c4278d4a6028830caff9ee44b42d32ed"},"breadcrumb":{"@id":"https:\/\/portaltela.pt\/noticias\/2026\/03\/17\/transmissao-em-direto-da-gala-cosme-damiao-do-benfica\/#breadcrumb"},"inLanguage":"pt-PT","potentialAction":[{"@type":"ReadAction","target":["https:\/\/portaltela.pt\/noticias\/2026\/03\/17\/transmissao-em-direto-da-gala-cosme-damiao-do-benfica\/"]}]},{"@type":"ImageObject","inLanguage":"pt-PT","@id":"https:\/\/portaltela.pt\/noticias\/2026\/03\/17\/transmissao-em-direto-da-gala-cosme-damiao-do-benfica\/#primaryimage","url":"https:\/\/portaltela.pt\/s.01k8rhncp4jt1\/2026\/03\/img_1200x721uu2026-03-17-18-58-22-2427634-im-639093707327653483.jpg","contentUrl":"https:\/\/portaltela.pt\/s.01k8rhncp4jt1\/2026\/03\/img_1200x721uu2026-03-17-18-58-22-2427634-im-639093707327653483.jpg","width":796,"height":448,"caption":"Galard\u00f5es Cosme Dami\u00e3o"},{"@type":"BreadcrumbList","@id":"https:\/\/portaltela.pt\/noticias\/2026\/03\/17\/transmissao-em-direto-da-gala-cosme-damiao-do-benfica\/#breadcrumb","itemListElement":[{"@type":"ListItem","position":1,"name":"In\u00edcio","item":"https:\/\/portaltela.pt\/"},{"@type":"ListItem","position":2,"name":"Transmiss\u00e3o em direto da gala Cosme Dami\u00e3o do Benfica"}]},{"@type":"WebSite","@id":"https:\/\/portaltela.pt\/#website","url":"https:\/\/portaltela.pt\/","name":"Portal Tela Portugal","description":"","potentialAction":[{"@type":"SearchAction","target":{"@type":"EntryPoint","urlTemplate":"https:\/\/portaltela.pt\/?s={search_term_string}"},"query-input":{"@type":"PropertyValueSpecification","valueRequired":true,"valueName":"search_term_string"}}],"inLanguage":"pt-PT"},{"@type":"Person","@id":"https:\/\/portaltela.pt\/#\/schema\/person\/c4278d4a6028830caff9ee44b42d32ed","name":"Telinha","image":{"@type":"ImageObject","inLanguage":"pt-PT","@id":"https:\/\/portaltela.pt\/s.01k8rhncp4jt1\/2025\/11\/talking-bot-125x125.png","url":"https:\/\/portaltela.pt\/s.01k8rhncp4jt1\/2025\/11\/talking-bot-125x125.png","contentUrl":"https:\/\/portaltela.pt\/s.01k8rhncp4jt1\/2025\/11\/talking-bot-125x125.png","caption":"Telinha"},"sameAs":["https:\/\/portaltela.pt\/"],"url":"https:\/\/portaltela.pt\/por\/367410592786\/"}]}},"_links":{"self":[{"href":"https:\/\/portaltela.pt\/api\/wp\/v2\/posts\/413813","targetHints":{"allow":["GET"]}}],"collection":[{"href":"https:\/\/portaltela.pt\/api\/wp\/v2\/posts"}],"about":[{"href":"https:\/\/portaltela.pt\/api\/wp\/v2\/types\/post"}],"author":[{"embeddable":true,"href":"https:\/\/portaltela.pt\/api\/wp\/v2\/users\/2"}],"replies":[{"embeddable":true,"href":"https:\/\/portaltela.pt\/api\/wp\/v2\/comments?post=413813"}],"version-history":[{"count":0,"href":"https:\/\/portaltela.pt\/api\/wp\/v2\/posts\/413813\/revisions"}],"wp:featuredmedia":[{"embeddable":true,"href":"https:\/\/portaltela.pt\/api\/wp\/v2\/media\/413817"}],"wp:attachment":[{"href":"https:\/\/portaltela.pt\/api\/wp\/v2\/media?parent=413813"}],"wp:term":[{"taxonomy":"category","embeddable":true,"href":"https:\/\/portaltela.pt\/api\/wp\/v2\/categories?post=413813"},{"taxonomy":"post_tag","embeddable":true,"href":"https:\/\/portaltela.pt\/api\/wp\/v2\/tags?post=413813"}],"curies":[{"name":"wp","href":"https:\/\/api.w.org\/{rel}","templated":true}]}}