{"id":413799,"date":"2026-03-17T17:13:00","date_gmt":"2026-03-17T20:13:00","guid":{"rendered":"https:\/\/portaltela.pt\/noticias\/2026\/03\/17\/jorge-jesus-entra-no-gabinete-pensando-que-seria-despedido-e-recebe-renovacao\/"},"modified":"2026-03-17T17:13:00","modified_gmt":"2026-03-17T20:13:00","slug":"jorge-jesus-entra-no-gabinete-pensando-que-seria-despedido-e-recebe-renovacao","status":"publish","type":"post","link":"https:\/\/portaltela.pt\/desporto\/futebol\/2026\/03\/17\/jorge-jesus-entra-no-gabinete-pensando-que-seria-despedido-e-recebe-renovacao\/","title":{"rendered":"Jorge Jesus entra no gabinete pensando que seria despedido e recebe renova\u00e7\u00e3o"},"content":{"rendered":"<p>Jorge Jesus, treinador do Al Nassr, assina textos semanais no Record. No quarto artigo publicado pelo jornal, o t\u00e9cnico aborda a sua passagem pelo Fenerbah\u00e7e, com relatos sobre epis\u00f3dios da altura em que orientava a equipa turca.<\/p>\n<p>No texto, Jesus descreve um momento decisivo da \u00e9poca. O Besiktas era advers\u00e1rio e, na bancada, j\u00e1 castigado, o treinador viu a equipa terminar o primeiro tempo a vencer. Um jogador advers\u00e1rio foi expulso no in\u00edcio do segundo tempo, num lance que podia ter fechado o jogo. A partir da\u00ed, segundo a narrativa, o campeonato come\u00e7ou a fugir.<\/p>\n<p>No final, Jesus desceu ao balne\u00e1rio e encontrou o presidente a gritar com os jogadores. O treinador relata que pediu conten\u00e7\u00e3o ao dirigente e afirmou que, no balne\u00e1rio, mandava ele. O encontro seguinte, na manh\u00e3 seguinte, ocorreu no gabinete do presidente \u00e0s 11 horas, com uma proposta para renovar o contrato.<\/p>\n<p>O t\u00e9cnico revelou que n\u00e3o aceitou a oferta de renova\u00e7\u00e3o e manteve-se at\u00e9 ao fim da \u00e9poca, com a equipa a conquistar a Ta\u00e7a da Turquia, o \u00fanico trof\u00e9u ganho durante os sete anos de presid\u00eancia. Al\u00e9m disso, levou o Fenerbah\u00e7e aos quartos de final da Liga Europa, sendo eliminado pelo Sevilha.<\/p>\n<p>A narrativa de Jesus reiterou ainda que, apesar das contrariedades, a equipa manteve a ambi\u00e7\u00e3o at\u00e9 ao final da temporada, refletindo a constante press\u00e3o da gest\u00e3o e dos t\u00edtulos na trajet\u00f3ria do clube. O registo integra a vis\u00e3o do treinador sobre a experi\u00eancia no Fenerbah\u00e7e.<\/p>\n","protected":false},"excerpt":{"rendered":"<ul>\n<li>Jorge Jesus escreve semanalmente no Record e, no quarto artigo, aborda a sua passagem pelo Fenerbah\u00e7e.<\/li>\n<li>Relata o jogo contra o Besiktas, com ele na bancada, derrota do campeonato que se aproximava; descreve mudan\u00e7as no segundo tempo e uma expuls\u00e3o que influenciou o desfecho.<\/li>\n<li>Conta que, ap\u00f3s entrar no gabinete do presidente para uma reuni\u00e3o \u00e0s 11 horas, chegou a achar que seria despedido.<\/li>\n<li>O presidente, por\u00e9m, ofereceu-lhe a renova\u00e7\u00e3o de contrato; Jesus n\u00e3o aceitou e manteve-se at\u00e9 ao fim da \u00e9poca.<\/li>\n<li>Conclui dizendo que ganhou a Ta\u00e7a da Turquia, o \u00fanico trof\u00e9u do mandato de sete anos do presidente, e levou a equipa aos 4\u00bas de final da Liga Europa, eliminados pelo Sevilha.<\/li>\n<\/ul>\n","protected":false},"author":2,"featured_media":413801,"comment_status":"closed","ping_status":"closed","sticky":false,"template":"","format":"standard","meta":{"footnotes":""},"categories":[21,24],"tags":[3747,5217,32,2448,2006,2126],"class_list":["post-413799","post","type-post","status-publish","format-standard","has-post-thumbnail","hentry","category-desporto","category-futebol","tag-besiktas","tag-fenerbahce","tag-futebol","tag-jorge-jesus","tag-liga-europa","tag-turquia"],"yoast_head":"<!-- This site is optimized with the Yoast SEO plugin v27.2 - https:\/\/yoast.com\/product\/yoast-seo-wordpress\/ -->\n<title>Jorge Jesus entra no gabinete pensando que seria despedido e recebe renova\u00e7\u00e3o - Portal Tela Portugal<\/title>\n<meta name=\"robots\" content=\"index, follow, max-snippet:-1, max-image-preview:large, max-video-preview:-1\" \/>\n<meta property=\"og:locale\" content=\"pt_PT\" \/>\n<meta property=\"og:type\" content=\"article\" \/>\n<meta property=\"og:title\" content=\"Jorge Jesus entra no gabinete pensando que seria despedido e recebe renova\u00e7\u00e3o - Portal Tela Portugal\" \/>\n<meta property=\"og:description\" content=\"Jorge Jesus escreve semanalmente no Record e, no quarto artigo, aborda a sua passagem pelo Fenerbah\u00e7e. Relata o jogo contra o Besiktas, com ele na bancada, derrota do campeonato que se aproximava; descreve mudan\u00e7as no segundo tempo e uma expuls\u00e3o que influenciou o desfecho. Conta que, ap\u00f3s entrar no gabinete do presidente para uma reuni\u00e3o \u00e0s 11 horas, chegou a achar que seria despedido. O presidente, por\u00e9m, ofereceu-lhe a renova\u00e7\u00e3o de contrato; Jesus n\u00e3o aceitou e manteve-se at\u00e9 ao fim da \u00e9poca. Conclui dizendo que ganhou a Ta\u00e7a da Turquia, o \u00fanico trof\u00e9u do mandato de sete anos do presidente, e levou a equipa aos 4\u00bas de final da Liga Europa, eliminados pelo Sevilha.\" \/>\n<meta property=\"og:url\" content=\"https:\/\/portaltela.pt\/noticias\/2026\/03\/17\/jorge-jesus-entra-no-gabinete-pensando-que-seria-despedido-e-recebe-renovacao\/\" \/>\n<meta property=\"og:site_name\" content=\"Portal Tela Portugal\" \/>\n<meta property=\"article:published_time\" content=\"2026-03-17T20:13:00+00:00\" \/>\n<meta name=\"author\" content=\"Telinha\" \/>\n<meta name=\"twitter:card\" content=\"summary_large_image\" \/>\n<meta name=\"twitter:label1\" content=\"Escrito por\" \/>\n\t<meta name=\"twitter:data1\" content=\"Telinha\" \/>\n\t<meta name=\"twitter:label2\" content=\"Tempo estimado de leitura\" \/>\n\t<meta name=\"twitter:data2\" content=\"1 minuto\" \/>\n<script type=\"application\/ld+json\" class=\"yoast-schema-graph\">{\"@context\":\"https:\/\/schema.org\",\"@graph\":[{\"@type\":\"Article\",\"@id\":\"https:\/\/portaltela.pt\/noticias\/2026\/03\/17\/jorge-jesus-entra-no-gabinete-pensando-que-seria-despedido-e-recebe-renovacao\/#article\",\"isPartOf\":{\"@id\":\"https:\/\/portaltela.pt\/noticias\/2026\/03\/17\/jorge-jesus-entra-no-gabinete-pensando-que-seria-despedido-e-recebe-renovacao\/\"},\"author\":{\"name\":\"Telinha\",\"@id\":\"https:\/\/portaltela.pt\/#\/schema\/person\/c4278d4a6028830caff9ee44b42d32ed\"},\"headline\":\"Jorge Jesus entra no gabinete pensando que seria despedido e recebe renova\u00e7\u00e3o\",\"datePublished\":\"2026-03-17T20:13:00+00:00\",\"mainEntityOfPage\":{\"@id\":\"https:\/\/portaltela.pt\/noticias\/2026\/03\/17\/jorge-jesus-entra-no-gabinete-pensando-que-seria-despedido-e-recebe-renovacao\/\"},\"wordCount\":281,\"image\":{\"@id\":\"https:\/\/portaltela.pt\/noticias\/2026\/03\/17\/jorge-jesus-entra-no-gabinete-pensando-que-seria-despedido-e-recebe-renovacao\/#primaryimage\"},\"thumbnailUrl\":\"https:\/\/portaltela.pt\/s.01k8rhncp4jt1\/2026\/03\/img_920x518uu2026-03-17-18-23-42-2427622.jpg\",\"keywords\":[\"Besiktas\",\"Fenerbah\u00e7e\",\"futebol\",\"Jorge Jesus\",\"Liga Europa\",\"Turquia\"],\"articleSection\":[\"Desporto\",\"Futebol\"],\"inLanguage\":\"pt-PT\"},{\"@type\":\"WebPage\",\"@id\":\"https:\/\/portaltela.pt\/noticias\/2026\/03\/17\/jorge-jesus-entra-no-gabinete-pensando-que-seria-despedido-e-recebe-renovacao\/\",\"url\":\"https:\/\/portaltela.pt\/noticias\/2026\/03\/17\/jorge-jesus-entra-no-gabinete-pensando-que-seria-despedido-e-recebe-renovacao\/\",\"name\":\"Jorge Jesus entra no gabinete pensando que seria despedido e recebe renova\u00e7\u00e3o - Portal Tela Portugal\",\"isPartOf\":{\"@id\":\"https:\/\/portaltela.pt\/#website\"},\"primaryImageOfPage\":{\"@id\":\"https:\/\/portaltela.pt\/noticias\/2026\/03\/17\/jorge-jesus-entra-no-gabinete-pensando-que-seria-despedido-e-recebe-renovacao\/#primaryimage\"},\"image\":{\"@id\":\"https:\/\/portaltela.pt\/noticias\/2026\/03\/17\/jorge-jesus-entra-no-gabinete-pensando-que-seria-despedido-e-recebe-renovacao\/#primaryimage\"},\"thumbnailUrl\":\"https:\/\/portaltela.pt\/s.01k8rhncp4jt1\/2026\/03\/img_920x518uu2026-03-17-18-23-42-2427622.jpg\",\"datePublished\":\"2026-03-17T20:13:00+00:00\",\"author\":{\"@id\":\"https:\/\/portaltela.pt\/#\/schema\/person\/c4278d4a6028830caff9ee44b42d32ed\"},\"breadcrumb\":{\"@id\":\"https:\/\/portaltela.pt\/noticias\/2026\/03\/17\/jorge-jesus-entra-no-gabinete-pensando-que-seria-despedido-e-recebe-renovacao\/#breadcrumb\"},\"inLanguage\":\"pt-PT\",\"potentialAction\":[{\"@type\":\"ReadAction\",\"target\":[\"https:\/\/portaltela.pt\/noticias\/2026\/03\/17\/jorge-jesus-entra-no-gabinete-pensando-que-seria-despedido-e-recebe-renovacao\/\"]}]},{\"@type\":\"ImageObject\",\"inLanguage\":\"pt-PT\",\"@id\":\"https:\/\/portaltela.pt\/noticias\/2026\/03\/17\/jorge-jesus-entra-no-gabinete-pensando-que-seria-despedido-e-recebe-renovacao\/#primaryimage\",\"url\":\"https:\/\/portaltela.pt\/s.01k8rhncp4jt1\/2026\/03\/img_920x518uu2026-03-17-18-23-42-2427622.jpg\",\"contentUrl\":\"https:\/\/portaltela.pt\/s.01k8rhncp4jt1\/2026\/03\/img_920x518uu2026-03-17-18-23-42-2427622.jpg\",\"width\":920,\"height\":518,\"caption\":\"Jorge Jesus a orientar treino do Fenerbah\u00e7e\"},{\"@type\":\"BreadcrumbList\",\"@id\":\"https:\/\/portaltela.pt\/noticias\/2026\/03\/17\/jorge-jesus-entra-no-gabinete-pensando-que-seria-despedido-e-recebe-renovacao\/#breadcrumb\",\"itemListElement\":[{\"@type\":\"ListItem\",\"position\":1,\"name\":\"In\u00edcio\",\"item\":\"https:\/\/portaltela.pt\/\"},{\"@type\":\"ListItem\",\"position\":2,\"name\":\"Jorge Jesus entra no gabinete pensando que seria despedido e recebe renova\u00e7\u00e3o\"}]},{\"@type\":\"WebSite\",\"@id\":\"https:\/\/portaltela.pt\/#website\",\"url\":\"https:\/\/portaltela.pt\/\",\"name\":\"Portal Tela Portugal\",\"description\":\"\",\"potentialAction\":[{\"@type\":\"SearchAction\",\"target\":{\"@type\":\"EntryPoint\",\"urlTemplate\":\"https:\/\/portaltela.pt\/?s={search_term_string}\"},\"query-input\":{\"@type\":\"PropertyValueSpecification\",\"valueRequired\":true,\"valueName\":\"search_term_string\"}}],\"inLanguage\":\"pt-PT\"},{\"@type\":\"Person\",\"@id\":\"https:\/\/portaltela.pt\/#\/schema\/person\/c4278d4a6028830caff9ee44b42d32ed\",\"name\":\"Telinha\",\"image\":{\"@type\":\"ImageObject\",\"inLanguage\":\"pt-PT\",\"@id\":\"https:\/\/portaltela.pt\/s.01k8rhncp4jt1\/2025\/11\/talking-bot-125x125.png\",\"url\":\"https:\/\/portaltela.pt\/s.01k8rhncp4jt1\/2025\/11\/talking-bot-125x125.png\",\"contentUrl\":\"https:\/\/portaltela.pt\/s.01k8rhncp4jt1\/2025\/11\/talking-bot-125x125.png\",\"caption\":\"Telinha\"},\"sameAs\":[\"https:\/\/portaltela.pt\/\"],\"url\":\"https:\/\/portaltela.pt\/por\/367410592786\/\"}]}<\/script>\n<!-- \/ Yoast SEO plugin. -->","yoast_head_json":{"title":"Jorge Jesus entra no gabinete pensando que seria despedido e recebe renova\u00e7\u00e3o - Portal Tela Portugal","robots":{"index":"index","follow":"follow","max-snippet":"max-snippet:-1","max-image-preview":"max-image-preview:large","max-video-preview":"max-video-preview:-1"},"og_locale":"pt_PT","og_type":"article","og_title":"Jorge Jesus entra no gabinete pensando que seria despedido e recebe renova\u00e7\u00e3o - Portal Tela Portugal","og_description":"Jorge Jesus escreve semanalmente no Record e, no quarto artigo, aborda a sua passagem pelo Fenerbah\u00e7e. Relata o jogo contra o Besiktas, com ele na bancada, derrota do campeonato que se aproximava; descreve mudan\u00e7as no segundo tempo e uma expuls\u00e3o que influenciou o desfecho. Conta que, ap\u00f3s entrar no gabinete do presidente para uma reuni\u00e3o \u00e0s 11 horas, chegou a achar que seria despedido. O presidente, por\u00e9m, ofereceu-lhe a renova\u00e7\u00e3o de contrato; Jesus n\u00e3o aceitou e manteve-se at\u00e9 ao fim da \u00e9poca. Conclui dizendo que ganhou a Ta\u00e7a da Turquia, o \u00fanico trof\u00e9u do mandato de sete anos do presidente, e levou a equipa aos 4\u00bas de final da Liga Europa, eliminados pelo Sevilha.","og_url":"https:\/\/portaltela.pt\/noticias\/2026\/03\/17\/jorge-jesus-entra-no-gabinete-pensando-que-seria-despedido-e-recebe-renovacao\/","og_site_name":"Portal Tela Portugal","article_published_time":"2026-03-17T20:13:00+00:00","author":"Telinha","twitter_card":"summary_large_image","twitter_misc":{"Escrito por":"Telinha","Tempo estimado de leitura":"1 minuto"},"schema":{"@context":"https:\/\/schema.org","@graph":[{"@type":"Article","@id":"https:\/\/portaltela.pt\/noticias\/2026\/03\/17\/jorge-jesus-entra-no-gabinete-pensando-que-seria-despedido-e-recebe-renovacao\/#article","isPartOf":{"@id":"https:\/\/portaltela.pt\/noticias\/2026\/03\/17\/jorge-jesus-entra-no-gabinete-pensando-que-seria-despedido-e-recebe-renovacao\/"},"author":{"name":"Telinha","@id":"https:\/\/portaltela.pt\/#\/schema\/person\/c4278d4a6028830caff9ee44b42d32ed"},"headline":"Jorge Jesus entra no gabinete pensando que seria despedido e recebe renova\u00e7\u00e3o","datePublished":"2026-03-17T20:13:00+00:00","mainEntityOfPage":{"@id":"https:\/\/portaltela.pt\/noticias\/2026\/03\/17\/jorge-jesus-entra-no-gabinete-pensando-que-seria-despedido-e-recebe-renovacao\/"},"wordCount":281,"image":{"@id":"https:\/\/portaltela.pt\/noticias\/2026\/03\/17\/jorge-jesus-entra-no-gabinete-pensando-que-seria-despedido-e-recebe-renovacao\/#primaryimage"},"thumbnailUrl":"https:\/\/portaltela.pt\/s.01k8rhncp4jt1\/2026\/03\/img_920x518uu2026-03-17-18-23-42-2427622.jpg","keywords":["Besiktas","Fenerbah\u00e7e","futebol","Jorge Jesus","Liga Europa","Turquia"],"articleSection":["Desporto","Futebol"],"inLanguage":"pt-PT"},{"@type":"WebPage","@id":"https:\/\/portaltela.pt\/noticias\/2026\/03\/17\/jorge-jesus-entra-no-gabinete-pensando-que-seria-despedido-e-recebe-renovacao\/","url":"https:\/\/portaltela.pt\/noticias\/2026\/03\/17\/jorge-jesus-entra-no-gabinete-pensando-que-seria-despedido-e-recebe-renovacao\/","name":"Jorge Jesus entra no gabinete pensando que seria despedido e recebe renova\u00e7\u00e3o - Portal Tela Portugal","isPartOf":{"@id":"https:\/\/portaltela.pt\/#website"},"primaryImageOfPage":{"@id":"https:\/\/portaltela.pt\/noticias\/2026\/03\/17\/jorge-jesus-entra-no-gabinete-pensando-que-seria-despedido-e-recebe-renovacao\/#primaryimage"},"image":{"@id":"https:\/\/portaltela.pt\/noticias\/2026\/03\/17\/jorge-jesus-entra-no-gabinete-pensando-que-seria-despedido-e-recebe-renovacao\/#primaryimage"},"thumbnailUrl":"https:\/\/portaltela.pt\/s.01k8rhncp4jt1\/2026\/03\/img_920x518uu2026-03-17-18-23-42-2427622.jpg","datePublished":"2026-03-17T20:13:00+00:00","author":{"@id":"https:\/\/portaltela.pt\/#\/schema\/person\/c4278d4a6028830caff9ee44b42d32ed"},"breadcrumb":{"@id":"https:\/\/portaltela.pt\/noticias\/2026\/03\/17\/jorge-jesus-entra-no-gabinete-pensando-que-seria-despedido-e-recebe-renovacao\/#breadcrumb"},"inLanguage":"pt-PT","potentialAction":[{"@type":"ReadAction","target":["https:\/\/portaltela.pt\/noticias\/2026\/03\/17\/jorge-jesus-entra-no-gabinete-pensando-que-seria-despedido-e-recebe-renovacao\/"]}]},{"@type":"ImageObject","inLanguage":"pt-PT","@id":"https:\/\/portaltela.pt\/noticias\/2026\/03\/17\/jorge-jesus-entra-no-gabinete-pensando-que-seria-despedido-e-recebe-renovacao\/#primaryimage","url":"https:\/\/portaltela.pt\/s.01k8rhncp4jt1\/2026\/03\/img_920x518uu2026-03-17-18-23-42-2427622.jpg","contentUrl":"https:\/\/portaltela.pt\/s.01k8rhncp4jt1\/2026\/03\/img_920x518uu2026-03-17-18-23-42-2427622.jpg","width":920,"height":518,"caption":"Jorge Jesus a orientar treino do Fenerbah\u00e7e"},{"@type":"BreadcrumbList","@id":"https:\/\/portaltela.pt\/noticias\/2026\/03\/17\/jorge-jesus-entra-no-gabinete-pensando-que-seria-despedido-e-recebe-renovacao\/#breadcrumb","itemListElement":[{"@type":"ListItem","position":1,"name":"In\u00edcio","item":"https:\/\/portaltela.pt\/"},{"@type":"ListItem","position":2,"name":"Jorge Jesus entra no gabinete pensando que seria despedido e recebe renova\u00e7\u00e3o"}]},{"@type":"WebSite","@id":"https:\/\/portaltela.pt\/#website","url":"https:\/\/portaltela.pt\/","name":"Portal Tela Portugal","description":"","potentialAction":[{"@type":"SearchAction","target":{"@type":"EntryPoint","urlTemplate":"https:\/\/portaltela.pt\/?s={search_term_string}"},"query-input":{"@type":"PropertyValueSpecification","valueRequired":true,"valueName":"search_term_string"}}],"inLanguage":"pt-PT"},{"@type":"Person","@id":"https:\/\/portaltela.pt\/#\/schema\/person\/c4278d4a6028830caff9ee44b42d32ed","name":"Telinha","image":{"@type":"ImageObject","inLanguage":"pt-PT","@id":"https:\/\/portaltela.pt\/s.01k8rhncp4jt1\/2025\/11\/talking-bot-125x125.png","url":"https:\/\/portaltela.pt\/s.01k8rhncp4jt1\/2025\/11\/talking-bot-125x125.png","contentUrl":"https:\/\/portaltela.pt\/s.01k8rhncp4jt1\/2025\/11\/talking-bot-125x125.png","caption":"Telinha"},"sameAs":["https:\/\/portaltela.pt\/"],"url":"https:\/\/portaltela.pt\/por\/367410592786\/"}]}},"_links":{"self":[{"href":"https:\/\/portaltela.pt\/api\/wp\/v2\/posts\/413799","targetHints":{"allow":["GET"]}}],"collection":[{"href":"https:\/\/portaltela.pt\/api\/wp\/v2\/posts"}],"about":[{"href":"https:\/\/portaltela.pt\/api\/wp\/v2\/types\/post"}],"author":[{"embeddable":true,"href":"https:\/\/portaltela.pt\/api\/wp\/v2\/users\/2"}],"replies":[{"embeddable":true,"href":"https:\/\/portaltela.pt\/api\/wp\/v2\/comments?post=413799"}],"version-history":[{"count":0,"href":"https:\/\/portaltela.pt\/api\/wp\/v2\/posts\/413799\/revisions"}],"wp:featuredmedia":[{"embeddable":true,"href":"https:\/\/portaltela.pt\/api\/wp\/v2\/media\/413801"}],"wp:attachment":[{"href":"https:\/\/portaltela.pt\/api\/wp\/v2\/media?parent=413799"}],"wp:term":[{"taxonomy":"category","embeddable":true,"href":"https:\/\/portaltela.pt\/api\/wp\/v2\/categories?post=413799"},{"taxonomy":"post_tag","embeddable":true,"href":"https:\/\/portaltela.pt\/api\/wp\/v2\/tags?post=413799"}],"curies":[{"name":"wp","href":"https:\/\/api.w.org\/{rel}","templated":true}]}}