{"id":413787,"date":"2026-03-17T17:01:06","date_gmt":"2026-03-17T20:01:06","guid":{"rendered":"https:\/\/portaltela.pt\/noticias\/2026\/03\/17\/haiti-convoca-dupla-do-vizela-para-jogos-de-preparacao-do-mundial\/"},"modified":"2026-03-17T17:01:06","modified_gmt":"2026-03-17T20:01:06","slug":"haiti-convoca-dupla-do-vizela-para-jogos-de-preparacao-do-mundial","status":"publish","type":"post","link":"https:\/\/portaltela.pt\/desporto\/futebol\/2026\/03\/17\/haiti-convoca-dupla-do-vizela-para-jogos-de-preparacao-do-mundial\/","title":{"rendered":"Haiti convoca dupla do Vizela para jogos de prepara\u00e7\u00e3o do Mundial"},"content":{"rendered":"<p>O Haiti convocou a dupla do Vizela para os jogos de prepara\u00e7\u00e3o ao Mundial 2026. Leverton Pierre e Yassin Fortun\u00e9 foram chamados pelo selecionador S\u00e9bastien Mign\u00e9, numa lista elaborada para os pr\u00f3ximos encontros.<\/p>\n<p>Os dois jogadores, que atuam no Vizela, entram em foco apesar do tempo de jogo limitado de Pierre na presente \u00e9poca. Fortun\u00e9, por seu turno, retorna \u00e0s op\u00e7\u00f5es ap\u00f3s falhar compromissos anteriores por les\u00e3o.<\/p>\n<p>O Mundial est\u00e1 marcado para 2026, a realizar-se entre M\u00e9xico, EUA e Canad\u00e1. Ambos os atletas aparecem entre as perspetivas do t\u00e9cnico haitiano para integrar a lista final de chamada do Haiti, que j\u00e1 est\u00e1 apurada para o Mundial.<\/p>\n","protected":false},"excerpt":{"rendered":"<ul>\n<li>Haiti convocou o m\u00e9dio Leverton Pierre e o avan\u00e7ado Yassin Fortun\u00e9, ambos do Vizela, para os jogos de prepara\u00e7\u00e3o do Mundial 2026.<\/li>\n<li>A sele\u00e7\u00e3o haitiana j\u00e1 est\u00e1 apurada para o Mundial, que se realiza no M\u00e9xico, Estados Unidos e Canad\u00e1.<\/li>\n<li>Pierre mant\u00e9m-se entre os indiscut\u00edveis da equipa, apesar do tempo de jogo reduzido no Vizela.<\/li>\n<li>Fortun\u00e9, que marcou nos dois \u00faltimos jogos pelo Vizela, regressa \u00e0s op\u00e7\u00f5es ap\u00f3s aus\u00eancia por les\u00e3o, com perspetivas de integrar a lista final de S\u00e9bastien Mign\u00e9.<\/li>\n<\/ul>\n","protected":false},"author":2,"featured_media":413793,"comment_status":"closed","ping_status":"closed","sticky":false,"template":"","format":"standard","meta":{"footnotes":""},"categories":[21,24],"tags":[6367,32,2065,242,2057,4317],"class_list":["post-413787","post","type-post","status-publish","format-standard","has-post-thumbnail","hentry","category-desporto","category-futebol","tag-copa2026","tag-futebol","tag-haiti","tag-jogadores","tag-selecao-nacional","tag-vizela"],"yoast_head":"<!-- This site is optimized with the Yoast SEO plugin v27.2 - https:\/\/yoast.com\/product\/yoast-seo-wordpress\/ -->\n<title>Haiti convoca dupla do Vizela para jogos de prepara\u00e7\u00e3o do Mundial - Portal Tela Portugal<\/title>\n<meta name=\"robots\" content=\"index, follow, max-snippet:-1, max-image-preview:large, max-video-preview:-1\" \/>\n<meta property=\"og:locale\" content=\"pt_PT\" \/>\n<meta property=\"og:type\" content=\"article\" \/>\n<meta property=\"og:title\" content=\"Haiti convoca dupla do Vizela para jogos de prepara\u00e7\u00e3o do Mundial - Portal Tela Portugal\" \/>\n<meta property=\"og:description\" content=\"Haiti convocou o m\u00e9dio Leverton Pierre e o avan\u00e7ado Yassin Fortun\u00e9, ambos do Vizela, para os jogos de prepara\u00e7\u00e3o do Mundial 2026. A sele\u00e7\u00e3o haitiana j\u00e1 est\u00e1 apurada para o Mundial, que se realiza no M\u00e9xico, Estados Unidos e Canad\u00e1. Pierre mant\u00e9m-se entre os indiscut\u00edveis da equipa, apesar do tempo de jogo reduzido no Vizela. Fortun\u00e9, que marcou nos dois \u00faltimos jogos pelo Vizela, regressa \u00e0s op\u00e7\u00f5es ap\u00f3s aus\u00eancia por les\u00e3o, com perspetivas de integrar a lista final de S\u00e9bastien Mign\u00e9.\" \/>\n<meta property=\"og:url\" content=\"https:\/\/portaltela.pt\/noticias\/2026\/03\/17\/haiti-convoca-dupla-do-vizela-para-jogos-de-preparacao-do-mundial\/\" \/>\n<meta property=\"og:site_name\" content=\"Portal Tela Portugal\" \/>\n<meta property=\"article:published_time\" content=\"2026-03-17T20:01:06+00:00\" \/>\n<meta name=\"author\" content=\"Telinha\" \/>\n<meta name=\"twitter:card\" content=\"summary_large_image\" \/>\n<meta name=\"twitter:label1\" content=\"Escrito por\" \/>\n\t<meta name=\"twitter:data1\" content=\"Telinha\" \/>\n\t<meta name=\"twitter:label2\" content=\"Tempo estimado de leitura\" \/>\n\t<meta name=\"twitter:data2\" content=\"1 minuto\" \/>\n<script type=\"application\/ld+json\" class=\"yoast-schema-graph\">{\"@context\":\"https:\/\/schema.org\",\"@graph\":[{\"@type\":\"Article\",\"@id\":\"https:\/\/portaltela.pt\/noticias\/2026\/03\/17\/haiti-convoca-dupla-do-vizela-para-jogos-de-preparacao-do-mundial\/#article\",\"isPartOf\":{\"@id\":\"https:\/\/portaltela.pt\/noticias\/2026\/03\/17\/haiti-convoca-dupla-do-vizela-para-jogos-de-preparacao-do-mundial\/\"},\"author\":{\"name\":\"Telinha\",\"@id\":\"https:\/\/portaltela.pt\/#\/schema\/person\/c4278d4a6028830caff9ee44b42d32ed\"},\"headline\":\"Haiti convoca dupla do Vizela para jogos de prepara\u00e7\u00e3o do Mundial\",\"datePublished\":\"2026-03-17T20:01:06+00:00\",\"mainEntityOfPage\":{\"@id\":\"https:\/\/portaltela.pt\/noticias\/2026\/03\/17\/haiti-convoca-dupla-do-vizela-para-jogos-de-preparacao-do-mundial\/\"},\"wordCount\":124,\"image\":{\"@id\":\"https:\/\/portaltela.pt\/noticias\/2026\/03\/17\/haiti-convoca-dupla-do-vizela-para-jogos-de-preparacao-do-mundial\/#primaryimage\"},\"thumbnailUrl\":\"https:\/\/portaltela.pt\/s.01k8rhncp4jt1\/2026\/03\/img_920x518uu2026-03-17-20-00-40-2427656-im-639093744540477598.jpg\",\"keywords\":[\"#copa2026\",\"futebol\",\"Haiti\",\"jogadores\",\"Sele\u00e7\u00e3o Nacional\",\"Vizela\"],\"articleSection\":[\"Desporto\",\"Futebol\"],\"inLanguage\":\"pt-PT\"},{\"@type\":\"WebPage\",\"@id\":\"https:\/\/portaltela.pt\/noticias\/2026\/03\/17\/haiti-convoca-dupla-do-vizela-para-jogos-de-preparacao-do-mundial\/\",\"url\":\"https:\/\/portaltela.pt\/noticias\/2026\/03\/17\/haiti-convoca-dupla-do-vizela-para-jogos-de-preparacao-do-mundial\/\",\"name\":\"Haiti convoca dupla do Vizela para jogos de prepara\u00e7\u00e3o do Mundial - Portal Tela Portugal\",\"isPartOf\":{\"@id\":\"https:\/\/portaltela.pt\/#website\"},\"primaryImageOfPage\":{\"@id\":\"https:\/\/portaltela.pt\/noticias\/2026\/03\/17\/haiti-convoca-dupla-do-vizela-para-jogos-de-preparacao-do-mundial\/#primaryimage\"},\"image\":{\"@id\":\"https:\/\/portaltela.pt\/noticias\/2026\/03\/17\/haiti-convoca-dupla-do-vizela-para-jogos-de-preparacao-do-mundial\/#primaryimage\"},\"thumbnailUrl\":\"https:\/\/portaltela.pt\/s.01k8rhncp4jt1\/2026\/03\/img_920x518uu2026-03-17-20-00-40-2427656-im-639093744540477598.jpg\",\"datePublished\":\"2026-03-17T20:01:06+00:00\",\"author\":{\"@id\":\"https:\/\/portaltela.pt\/#\/schema\/person\/c4278d4a6028830caff9ee44b42d32ed\"},\"breadcrumb\":{\"@id\":\"https:\/\/portaltela.pt\/noticias\/2026\/03\/17\/haiti-convoca-dupla-do-vizela-para-jogos-de-preparacao-do-mundial\/#breadcrumb\"},\"inLanguage\":\"pt-PT\",\"potentialAction\":[{\"@type\":\"ReadAction\",\"target\":[\"https:\/\/portaltela.pt\/noticias\/2026\/03\/17\/haiti-convoca-dupla-do-vizela-para-jogos-de-preparacao-do-mundial\/\"]}]},{\"@type\":\"ImageObject\",\"inLanguage\":\"pt-PT\",\"@id\":\"https:\/\/portaltela.pt\/noticias\/2026\/03\/17\/haiti-convoca-dupla-do-vizela-para-jogos-de-preparacao-do-mundial\/#primaryimage\",\"url\":\"https:\/\/portaltela.pt\/s.01k8rhncp4jt1\/2026\/03\/img_920x518uu2026-03-17-20-00-40-2427656-im-639093744540477598.jpg\",\"contentUrl\":\"https:\/\/portaltela.pt\/s.01k8rhncp4jt1\/2026\/03\/img_920x518uu2026-03-17-20-00-40-2427656-im-639093744540477598.jpg\",\"width\":796,\"height\":448,\"caption\":\"Yassin Fortun\u00e9 nos convocados do Haiti\"},{\"@type\":\"BreadcrumbList\",\"@id\":\"https:\/\/portaltela.pt\/noticias\/2026\/03\/17\/haiti-convoca-dupla-do-vizela-para-jogos-de-preparacao-do-mundial\/#breadcrumb\",\"itemListElement\":[{\"@type\":\"ListItem\",\"position\":1,\"name\":\"In\u00edcio\",\"item\":\"https:\/\/portaltela.pt\/\"},{\"@type\":\"ListItem\",\"position\":2,\"name\":\"Haiti convoca dupla do Vizela para jogos de prepara\u00e7\u00e3o do Mundial\"}]},{\"@type\":\"WebSite\",\"@id\":\"https:\/\/portaltela.pt\/#website\",\"url\":\"https:\/\/portaltela.pt\/\",\"name\":\"Portal Tela Portugal\",\"description\":\"\",\"potentialAction\":[{\"@type\":\"SearchAction\",\"target\":{\"@type\":\"EntryPoint\",\"urlTemplate\":\"https:\/\/portaltela.pt\/?s={search_term_string}\"},\"query-input\":{\"@type\":\"PropertyValueSpecification\",\"valueRequired\":true,\"valueName\":\"search_term_string\"}}],\"inLanguage\":\"pt-PT\"},{\"@type\":\"Person\",\"@id\":\"https:\/\/portaltela.pt\/#\/schema\/person\/c4278d4a6028830caff9ee44b42d32ed\",\"name\":\"Telinha\",\"image\":{\"@type\":\"ImageObject\",\"inLanguage\":\"pt-PT\",\"@id\":\"https:\/\/portaltela.pt\/s.01k8rhncp4jt1\/2025\/11\/talking-bot-125x125.png\",\"url\":\"https:\/\/portaltela.pt\/s.01k8rhncp4jt1\/2025\/11\/talking-bot-125x125.png\",\"contentUrl\":\"https:\/\/portaltela.pt\/s.01k8rhncp4jt1\/2025\/11\/talking-bot-125x125.png\",\"caption\":\"Telinha\"},\"sameAs\":[\"https:\/\/portaltela.pt\/\"],\"url\":\"https:\/\/portaltela.pt\/por\/367410592786\/\"}]}<\/script>\n<!-- \/ Yoast SEO plugin. -->","yoast_head_json":{"title":"Haiti convoca dupla do Vizela para jogos de prepara\u00e7\u00e3o do Mundial - Portal Tela Portugal","robots":{"index":"index","follow":"follow","max-snippet":"max-snippet:-1","max-image-preview":"max-image-preview:large","max-video-preview":"max-video-preview:-1"},"og_locale":"pt_PT","og_type":"article","og_title":"Haiti convoca dupla do Vizela para jogos de prepara\u00e7\u00e3o do Mundial - Portal Tela Portugal","og_description":"Haiti convocou o m\u00e9dio Leverton Pierre e o avan\u00e7ado Yassin Fortun\u00e9, ambos do Vizela, para os jogos de prepara\u00e7\u00e3o do Mundial 2026. A sele\u00e7\u00e3o haitiana j\u00e1 est\u00e1 apurada para o Mundial, que se realiza no M\u00e9xico, Estados Unidos e Canad\u00e1. Pierre mant\u00e9m-se entre os indiscut\u00edveis da equipa, apesar do tempo de jogo reduzido no Vizela. Fortun\u00e9, que marcou nos dois \u00faltimos jogos pelo Vizela, regressa \u00e0s op\u00e7\u00f5es ap\u00f3s aus\u00eancia por les\u00e3o, com perspetivas de integrar a lista final de S\u00e9bastien Mign\u00e9.","og_url":"https:\/\/portaltela.pt\/noticias\/2026\/03\/17\/haiti-convoca-dupla-do-vizela-para-jogos-de-preparacao-do-mundial\/","og_site_name":"Portal Tela Portugal","article_published_time":"2026-03-17T20:01:06+00:00","author":"Telinha","twitter_card":"summary_large_image","twitter_misc":{"Escrito por":"Telinha","Tempo estimado de leitura":"1 minuto"},"schema":{"@context":"https:\/\/schema.org","@graph":[{"@type":"Article","@id":"https:\/\/portaltela.pt\/noticias\/2026\/03\/17\/haiti-convoca-dupla-do-vizela-para-jogos-de-preparacao-do-mundial\/#article","isPartOf":{"@id":"https:\/\/portaltela.pt\/noticias\/2026\/03\/17\/haiti-convoca-dupla-do-vizela-para-jogos-de-preparacao-do-mundial\/"},"author":{"name":"Telinha","@id":"https:\/\/portaltela.pt\/#\/schema\/person\/c4278d4a6028830caff9ee44b42d32ed"},"headline":"Haiti convoca dupla do Vizela para jogos de prepara\u00e7\u00e3o do Mundial","datePublished":"2026-03-17T20:01:06+00:00","mainEntityOfPage":{"@id":"https:\/\/portaltela.pt\/noticias\/2026\/03\/17\/haiti-convoca-dupla-do-vizela-para-jogos-de-preparacao-do-mundial\/"},"wordCount":124,"image":{"@id":"https:\/\/portaltela.pt\/noticias\/2026\/03\/17\/haiti-convoca-dupla-do-vizela-para-jogos-de-preparacao-do-mundial\/#primaryimage"},"thumbnailUrl":"https:\/\/portaltela.pt\/s.01k8rhncp4jt1\/2026\/03\/img_920x518uu2026-03-17-20-00-40-2427656-im-639093744540477598.jpg","keywords":["#copa2026","futebol","Haiti","jogadores","Sele\u00e7\u00e3o Nacional","Vizela"],"articleSection":["Desporto","Futebol"],"inLanguage":"pt-PT"},{"@type":"WebPage","@id":"https:\/\/portaltela.pt\/noticias\/2026\/03\/17\/haiti-convoca-dupla-do-vizela-para-jogos-de-preparacao-do-mundial\/","url":"https:\/\/portaltela.pt\/noticias\/2026\/03\/17\/haiti-convoca-dupla-do-vizela-para-jogos-de-preparacao-do-mundial\/","name":"Haiti convoca dupla do Vizela para jogos de prepara\u00e7\u00e3o do Mundial - Portal Tela Portugal","isPartOf":{"@id":"https:\/\/portaltela.pt\/#website"},"primaryImageOfPage":{"@id":"https:\/\/portaltela.pt\/noticias\/2026\/03\/17\/haiti-convoca-dupla-do-vizela-para-jogos-de-preparacao-do-mundial\/#primaryimage"},"image":{"@id":"https:\/\/portaltela.pt\/noticias\/2026\/03\/17\/haiti-convoca-dupla-do-vizela-para-jogos-de-preparacao-do-mundial\/#primaryimage"},"thumbnailUrl":"https:\/\/portaltela.pt\/s.01k8rhncp4jt1\/2026\/03\/img_920x518uu2026-03-17-20-00-40-2427656-im-639093744540477598.jpg","datePublished":"2026-03-17T20:01:06+00:00","author":{"@id":"https:\/\/portaltela.pt\/#\/schema\/person\/c4278d4a6028830caff9ee44b42d32ed"},"breadcrumb":{"@id":"https:\/\/portaltela.pt\/noticias\/2026\/03\/17\/haiti-convoca-dupla-do-vizela-para-jogos-de-preparacao-do-mundial\/#breadcrumb"},"inLanguage":"pt-PT","potentialAction":[{"@type":"ReadAction","target":["https:\/\/portaltela.pt\/noticias\/2026\/03\/17\/haiti-convoca-dupla-do-vizela-para-jogos-de-preparacao-do-mundial\/"]}]},{"@type":"ImageObject","inLanguage":"pt-PT","@id":"https:\/\/portaltela.pt\/noticias\/2026\/03\/17\/haiti-convoca-dupla-do-vizela-para-jogos-de-preparacao-do-mundial\/#primaryimage","url":"https:\/\/portaltela.pt\/s.01k8rhncp4jt1\/2026\/03\/img_920x518uu2026-03-17-20-00-40-2427656-im-639093744540477598.jpg","contentUrl":"https:\/\/portaltela.pt\/s.01k8rhncp4jt1\/2026\/03\/img_920x518uu2026-03-17-20-00-40-2427656-im-639093744540477598.jpg","width":796,"height":448,"caption":"Yassin Fortun\u00e9 nos convocados do Haiti"},{"@type":"BreadcrumbList","@id":"https:\/\/portaltela.pt\/noticias\/2026\/03\/17\/haiti-convoca-dupla-do-vizela-para-jogos-de-preparacao-do-mundial\/#breadcrumb","itemListElement":[{"@type":"ListItem","position":1,"name":"In\u00edcio","item":"https:\/\/portaltela.pt\/"},{"@type":"ListItem","position":2,"name":"Haiti convoca dupla do Vizela para jogos de prepara\u00e7\u00e3o do Mundial"}]},{"@type":"WebSite","@id":"https:\/\/portaltela.pt\/#website","url":"https:\/\/portaltela.pt\/","name":"Portal Tela Portugal","description":"","potentialAction":[{"@type":"SearchAction","target":{"@type":"EntryPoint","urlTemplate":"https:\/\/portaltela.pt\/?s={search_term_string}"},"query-input":{"@type":"PropertyValueSpecification","valueRequired":true,"valueName":"search_term_string"}}],"inLanguage":"pt-PT"},{"@type":"Person","@id":"https:\/\/portaltela.pt\/#\/schema\/person\/c4278d4a6028830caff9ee44b42d32ed","name":"Telinha","image":{"@type":"ImageObject","inLanguage":"pt-PT","@id":"https:\/\/portaltela.pt\/s.01k8rhncp4jt1\/2025\/11\/talking-bot-125x125.png","url":"https:\/\/portaltela.pt\/s.01k8rhncp4jt1\/2025\/11\/talking-bot-125x125.png","contentUrl":"https:\/\/portaltela.pt\/s.01k8rhncp4jt1\/2025\/11\/talking-bot-125x125.png","caption":"Telinha"},"sameAs":["https:\/\/portaltela.pt\/"],"url":"https:\/\/portaltela.pt\/por\/367410592786\/"}]}},"_links":{"self":[{"href":"https:\/\/portaltela.pt\/api\/wp\/v2\/posts\/413787","targetHints":{"allow":["GET"]}}],"collection":[{"href":"https:\/\/portaltela.pt\/api\/wp\/v2\/posts"}],"about":[{"href":"https:\/\/portaltela.pt\/api\/wp\/v2\/types\/post"}],"author":[{"embeddable":true,"href":"https:\/\/portaltela.pt\/api\/wp\/v2\/users\/2"}],"replies":[{"embeddable":true,"href":"https:\/\/portaltela.pt\/api\/wp\/v2\/comments?post=413787"}],"version-history":[{"count":0,"href":"https:\/\/portaltela.pt\/api\/wp\/v2\/posts\/413787\/revisions"}],"wp:featuredmedia":[{"embeddable":true,"href":"https:\/\/portaltela.pt\/api\/wp\/v2\/media\/413793"}],"wp:attachment":[{"href":"https:\/\/portaltela.pt\/api\/wp\/v2\/media?parent=413787"}],"wp:term":[{"taxonomy":"category","embeddable":true,"href":"https:\/\/portaltela.pt\/api\/wp\/v2\/categories?post=413787"},{"taxonomy":"post_tag","embeddable":true,"href":"https:\/\/portaltela.pt\/api\/wp\/v2\/tags?post=413787"}],"curies":[{"name":"wp","href":"https:\/\/api.w.org\/{rel}","templated":true}]}}