{"id":413730,"date":"2026-03-17T16:31:47","date_gmt":"2026-03-17T19:31:47","guid":{"rendered":"https:\/\/portaltela.pt\/noticias\/2026\/03\/17\/indielisboa-mantem-silencio-apos-denuncias-falsas-contra-realizador\/"},"modified":"2026-03-17T16:31:47","modified_gmt":"2026-03-17T19:31:47","slug":"indielisboa-mantem-silencio-apos-denuncias-falsas-contra-realizador","status":"publish","type":"post","link":"https:\/\/portaltela.pt\/noticias\/2026\/03\/17\/indielisboa-mantem-silencio-apos-denuncias-falsas-contra-realizador\/","title":{"rendered":"IndieLisboa mant\u00e9m sil\u00eancio ap\u00f3s den\u00fancias falsas contra realizador"},"content":{"rendered":"<p>IndieLisboa mant\u00e9m sil\u00eancio ap\u00f3s den\u00fancias relacionadas com o realizador Ico Costa, cujo afastamento ocorreu na edi\u00e7\u00e3o de 2025. O festival retirou dois filmes do fundador do projeto, incluindo Balane 3, depois de uma queixa de viol\u00eancia dom\u00e9stica que, entretanto, ter\u00e1 ficado provada como falsa.<\/p>\n<p>Balane 3 estreou no m\u00eas passado e ainda pode ser visto num cinema de Lisboa, seis anos depois das filmagens conclu\u00eddas em 2019. O atraso deveu-se em parte \u00e0 pandemia, mas a suspens\u00e3o foi decidida antes da edi\u00e7\u00e3o de 2024 do festival, por alega\u00e7\u00f5es consideradas ofensivas pela organiza\u00e7\u00e3o.<\/p>\n<p>As investiga\u00e7\u00f5es recentes indicam que a den\u00fancia era infundada e que a alegada denunciante, identificada como Joana Sousa Silva, n\u00e3o existe. A CNN Portugal avan\u00e7a que a principal suspeita de cal\u00fania \u00e9 um homem ligado ao meio art\u00edstico.<\/p>\n<p>Entre os ind\u00edcios est\u00e1 o envio de mensagens por uma conta de email na rede Proton Mail, associada a perfis falsos nas redes sociais para ampliar a den\u00fancia. Um novo email, enviado em junho do ano passado, afirmou uma suposta espera de Costa no dia 13, data em que o realizador estaria em Marrocos, segundo a reportagem.<\/p>\n<p>A investiga\u00e7\u00e3o tamb\u00e9m mostrou que v\u00e1rias tentativas de contactar a alegada denunciante falharam. A associa\u00e7\u00e3o MUTIM, que re\u00fane mulheres do cinema, n\u00e3o reconhece o alegado encontro ou qualquer liga\u00e7\u00e3o com Joana. N\u00e3o h\u00e1 confirma\u00e7\u00e3o de novas den\u00fancias ao festival.<\/p>\n<p>A den\u00fancia original foi publicada na p\u00e1gina de Instagram Maisumcasting, que mais tarde se retratou ao aperceber-se da falsa acusa\u00e7\u00e3o. O IndieLisboa mant\u00e9m, at\u00e9 ao momento, o comunicado de abril do ano anterior e n\u00e3o emitiu pedido de desculpas ao realizador.<\/p>\n<p>Apesar do cancelamento em Portugal, Ico Costa exibiu Balane 3 em diversos festivais internacionais desde ent\u00e3o. O IndieLisboa prepara a 23\u00aa edi\u00e7\u00e3o, marcada para 30 de abril a 10 de maio, e foi contactado pela Euronews sem coment\u00e1rio definitivo at\u00e9 ao final da tarde de hoje.<\/p>\n","protected":false},"excerpt":{"rendered":"<ul>\n<li>O IndieLisboa mant\u00e9m sil\u00eancio sobre acusa\u00e7\u00f5es falsas de viol\u00eancia contra o realizador Ico Costa, que levou ao afastamento dos seus filmes na edi\u00e7\u00e3o de 2025.<\/li>\n<li>O filme Balane 3 estreou no m\u00eas passado e ainda pode ser visto num cinema de Lisboa, seis anos ap\u00f3s as filmagens conclu\u00eddas em 2019.<\/li>\n<li>As investiga\u00e7\u00f5es indicam que a den\u00fancia apresentada na altura era falsa; a pessoa alegadamente envolvida, identificada como Joana Sousa Silva, n\u00e3o existe, segundo a CNN Portugal.<\/li>\n<li>A conta de e-mail usada para as alega\u00e7\u00f5es foi criada para registo an\u00f3nimo, e foram usados perfis falsos nas redes sociais; um email tamb\u00e9m alegou uma \u201cespera\u201d do realizador num dia em que ele estava em Marrocos.<\/li>\n<li>O IndieLisboa foi contactado pela Euronews e n\u00e3o divulgou desmentidos ou pedidos de desculpas at\u00e9 ao final da tarde de hoje; a edi\u00e7\u00e3o de 2025 est\u00e1 prevista entre 30 de abril e 10 de maio.<\/li>\n<\/ul>\n","protected":false},"author":2,"featured_media":413731,"comment_status":"closed","ping_status":"closed","sticky":false,"template":"","format":"standard","meta":{"footnotes":""},"categories":[12,1],"tags":[6285,112,1469,3674,5661,214],"class_list":["post-413730","post","type-post","status-publish","format-standard","has-post-thumbnail","hentry","category-entretenimento","category-noticias","tag-calunia","tag-cinema","tag-desinformacao","tag-festival","tag-pessoas-publicas","tag-violencia-domestica"],"yoast_head":"<!-- This site is optimized with the Yoast SEO plugin v27.2 - https:\/\/yoast.com\/product\/yoast-seo-wordpress\/ -->\n<title>IndieLisboa mant\u00e9m sil\u00eancio ap\u00f3s den\u00fancias falsas contra realizador - Portal Tela Portugal<\/title>\n<meta name=\"robots\" content=\"index, follow, max-snippet:-1, max-image-preview:large, max-video-preview:-1\" \/>\n<meta property=\"og:locale\" content=\"pt_PT\" \/>\n<meta property=\"og:type\" content=\"article\" \/>\n<meta property=\"og:title\" content=\"IndieLisboa mant\u00e9m sil\u00eancio ap\u00f3s den\u00fancias falsas contra realizador - Portal Tela Portugal\" \/>\n<meta property=\"og:description\" content=\"O IndieLisboa mant\u00e9m sil\u00eancio sobre acusa\u00e7\u00f5es falsas de viol\u00eancia contra o realizador Ico Costa, que levou ao afastamento dos seus filmes na edi\u00e7\u00e3o de 2025. O filme Balane 3 estreou no m\u00eas passado e ainda pode ser visto num cinema de Lisboa, seis anos ap\u00f3s as filmagens conclu\u00eddas em 2019. As investiga\u00e7\u00f5es indicam que a den\u00fancia apresentada na altura era falsa; a pessoa alegadamente envolvida, identificada como Joana Sousa Silva, n\u00e3o existe, segundo a CNN Portugal. A conta de e-mail usada para as alega\u00e7\u00f5es foi criada para registo an\u00f3nimo, e foram usados perfis falsos nas redes sociais; um email tamb\u00e9m alegou uma \u201cespera\u201d do realizador num dia em que ele estava em Marrocos. O IndieLisboa foi contactado pela Euronews e n\u00e3o divulgou desmentidos ou pedidos de desculpas at\u00e9 ao final da tarde de hoje; a edi\u00e7\u00e3o de 2025 est\u00e1 prevista entre 30 de abril e 10 de maio.\" \/>\n<meta property=\"og:url\" content=\"https:\/\/portaltela.pt\/noticias\/2026\/03\/17\/indielisboa-mantem-silencio-apos-denuncias-falsas-contra-realizador\/\" \/>\n<meta property=\"og:site_name\" content=\"Portal Tela Portugal\" \/>\n<meta property=\"article:published_time\" content=\"2026-03-17T19:31:47+00:00\" \/>\n<meta name=\"author\" content=\"Telinha\" \/>\n<meta name=\"twitter:card\" content=\"summary_large_image\" \/>\n<meta name=\"twitter:label1\" content=\"Escrito por\" \/>\n\t<meta name=\"twitter:data1\" content=\"Telinha\" \/>\n\t<meta name=\"twitter:label2\" content=\"Tempo estimado de leitura\" \/>\n\t<meta name=\"twitter:data2\" content=\"2 minutos\" \/>\n<script type=\"application\/ld+json\" class=\"yoast-schema-graph\">{\"@context\":\"https:\/\/schema.org\",\"@graph\":[{\"@type\":\"Article\",\"@id\":\"https:\/\/portaltela.pt\/noticias\/2026\/03\/17\/indielisboa-mantem-silencio-apos-denuncias-falsas-contra-realizador\/#article\",\"isPartOf\":{\"@id\":\"https:\/\/portaltela.pt\/noticias\/2026\/03\/17\/indielisboa-mantem-silencio-apos-denuncias-falsas-contra-realizador\/\"},\"author\":{\"name\":\"Telinha\",\"@id\":\"https:\/\/portaltela.pt\/#\/schema\/person\/c4278d4a6028830caff9ee44b42d32ed\"},\"headline\":\"IndieLisboa mant\u00e9m sil\u00eancio ap\u00f3s den\u00fancias falsas contra realizador\",\"datePublished\":\"2026-03-17T19:31:47+00:00\",\"mainEntityOfPage\":{\"@id\":\"https:\/\/portaltela.pt\/noticias\/2026\/03\/17\/indielisboa-mantem-silencio-apos-denuncias-falsas-contra-realizador\/\"},\"wordCount\":352,\"image\":{\"@id\":\"https:\/\/portaltela.pt\/noticias\/2026\/03\/17\/indielisboa-mantem-silencio-apos-denuncias-falsas-contra-realizador\/#primaryimage\"},\"thumbnailUrl\":\"https:\/\/portaltela.pt\/s.01k8rhncp4jt1\/2026\/03\/1536x864_cmsv2_2aecb3d3-b15e-583d-82bf-075f73ca3d0c-9688920.jpg\",\"keywords\":[\"cal\u00fania\",\"cinema\",\"desinforma\u00e7\u00e3o\",\"festival\",\"pessoas p\u00fablicas\",\"viol\u00eancia dom\u00e9stica\"],\"articleSection\":[\"Entretenimento\",\"Not\u00edcias\"],\"inLanguage\":\"pt-PT\"},{\"@type\":\"WebPage\",\"@id\":\"https:\/\/portaltela.pt\/noticias\/2026\/03\/17\/indielisboa-mantem-silencio-apos-denuncias-falsas-contra-realizador\/\",\"url\":\"https:\/\/portaltela.pt\/noticias\/2026\/03\/17\/indielisboa-mantem-silencio-apos-denuncias-falsas-contra-realizador\/\",\"name\":\"IndieLisboa mant\u00e9m sil\u00eancio ap\u00f3s den\u00fancias falsas contra realizador - Portal Tela Portugal\",\"isPartOf\":{\"@id\":\"https:\/\/portaltela.pt\/#website\"},\"primaryImageOfPage\":{\"@id\":\"https:\/\/portaltela.pt\/noticias\/2026\/03\/17\/indielisboa-mantem-silencio-apos-denuncias-falsas-contra-realizador\/#primaryimage\"},\"image\":{\"@id\":\"https:\/\/portaltela.pt\/noticias\/2026\/03\/17\/indielisboa-mantem-silencio-apos-denuncias-falsas-contra-realizador\/#primaryimage\"},\"thumbnailUrl\":\"https:\/\/portaltela.pt\/s.01k8rhncp4jt1\/2026\/03\/1536x864_cmsv2_2aecb3d3-b15e-583d-82bf-075f73ca3d0c-9688920.jpg\",\"datePublished\":\"2026-03-17T19:31:47+00:00\",\"author\":{\"@id\":\"https:\/\/portaltela.pt\/#\/schema\/person\/c4278d4a6028830caff9ee44b42d32ed\"},\"breadcrumb\":{\"@id\":\"https:\/\/portaltela.pt\/noticias\/2026\/03\/17\/indielisboa-mantem-silencio-apos-denuncias-falsas-contra-realizador\/#breadcrumb\"},\"inLanguage\":\"pt-PT\",\"potentialAction\":[{\"@type\":\"ReadAction\",\"target\":[\"https:\/\/portaltela.pt\/noticias\/2026\/03\/17\/indielisboa-mantem-silencio-apos-denuncias-falsas-contra-realizador\/\"]}]},{\"@type\":\"ImageObject\",\"inLanguage\":\"pt-PT\",\"@id\":\"https:\/\/portaltela.pt\/noticias\/2026\/03\/17\/indielisboa-mantem-silencio-apos-denuncias-falsas-contra-realizador\/#primaryimage\",\"url\":\"https:\/\/portaltela.pt\/s.01k8rhncp4jt1\/2026\/03\/1536x864_cmsv2_2aecb3d3-b15e-583d-82bf-075f73ca3d0c-9688920.jpg\",\"contentUrl\":\"https:\/\/portaltela.pt\/s.01k8rhncp4jt1\/2026\/03\/1536x864_cmsv2_2aecb3d3-b15e-583d-82bf-075f73ca3d0c-9688920.jpg\",\"width\":1536,\"height\":864,\"caption\":\"Cartaz da edi\u00e7\u00e3o de 2025 do IndieLisboa\"},{\"@type\":\"BreadcrumbList\",\"@id\":\"https:\/\/portaltela.pt\/noticias\/2026\/03\/17\/indielisboa-mantem-silencio-apos-denuncias-falsas-contra-realizador\/#breadcrumb\",\"itemListElement\":[{\"@type\":\"ListItem\",\"position\":1,\"name\":\"In\u00edcio\",\"item\":\"https:\/\/portaltela.pt\/\"},{\"@type\":\"ListItem\",\"position\":2,\"name\":\"IndieLisboa mant\u00e9m sil\u00eancio ap\u00f3s den\u00fancias falsas contra realizador\"}]},{\"@type\":\"WebSite\",\"@id\":\"https:\/\/portaltela.pt\/#website\",\"url\":\"https:\/\/portaltela.pt\/\",\"name\":\"Portal Tela Portugal\",\"description\":\"\",\"potentialAction\":[{\"@type\":\"SearchAction\",\"target\":{\"@type\":\"EntryPoint\",\"urlTemplate\":\"https:\/\/portaltela.pt\/?s={search_term_string}\"},\"query-input\":{\"@type\":\"PropertyValueSpecification\",\"valueRequired\":true,\"valueName\":\"search_term_string\"}}],\"inLanguage\":\"pt-PT\"},{\"@type\":\"Person\",\"@id\":\"https:\/\/portaltela.pt\/#\/schema\/person\/c4278d4a6028830caff9ee44b42d32ed\",\"name\":\"Telinha\",\"image\":{\"@type\":\"ImageObject\",\"inLanguage\":\"pt-PT\",\"@id\":\"https:\/\/portaltela.pt\/s.01k8rhncp4jt1\/2025\/11\/talking-bot-125x125.png\",\"url\":\"https:\/\/portaltela.pt\/s.01k8rhncp4jt1\/2025\/11\/talking-bot-125x125.png\",\"contentUrl\":\"https:\/\/portaltela.pt\/s.01k8rhncp4jt1\/2025\/11\/talking-bot-125x125.png\",\"caption\":\"Telinha\"},\"sameAs\":[\"https:\/\/portaltela.pt\/\"],\"url\":\"https:\/\/portaltela.pt\/por\/367410592786\/\"}]}<\/script>\n<!-- \/ Yoast SEO plugin. -->","yoast_head_json":{"title":"IndieLisboa mant\u00e9m sil\u00eancio ap\u00f3s den\u00fancias falsas contra realizador - Portal Tela Portugal","robots":{"index":"index","follow":"follow","max-snippet":"max-snippet:-1","max-image-preview":"max-image-preview:large","max-video-preview":"max-video-preview:-1"},"og_locale":"pt_PT","og_type":"article","og_title":"IndieLisboa mant\u00e9m sil\u00eancio ap\u00f3s den\u00fancias falsas contra realizador - Portal Tela Portugal","og_description":"O IndieLisboa mant\u00e9m sil\u00eancio sobre acusa\u00e7\u00f5es falsas de viol\u00eancia contra o realizador Ico Costa, que levou ao afastamento dos seus filmes na edi\u00e7\u00e3o de 2025. O filme Balane 3 estreou no m\u00eas passado e ainda pode ser visto num cinema de Lisboa, seis anos ap\u00f3s as filmagens conclu\u00eddas em 2019. As investiga\u00e7\u00f5es indicam que a den\u00fancia apresentada na altura era falsa; a pessoa alegadamente envolvida, identificada como Joana Sousa Silva, n\u00e3o existe, segundo a CNN Portugal. A conta de e-mail usada para as alega\u00e7\u00f5es foi criada para registo an\u00f3nimo, e foram usados perfis falsos nas redes sociais; um email tamb\u00e9m alegou uma \u201cespera\u201d do realizador num dia em que ele estava em Marrocos. O IndieLisboa foi contactado pela Euronews e n\u00e3o divulgou desmentidos ou pedidos de desculpas at\u00e9 ao final da tarde de hoje; a edi\u00e7\u00e3o de 2025 est\u00e1 prevista entre 30 de abril e 10 de maio.","og_url":"https:\/\/portaltela.pt\/noticias\/2026\/03\/17\/indielisboa-mantem-silencio-apos-denuncias-falsas-contra-realizador\/","og_site_name":"Portal Tela Portugal","article_published_time":"2026-03-17T19:31:47+00:00","author":"Telinha","twitter_card":"summary_large_image","twitter_misc":{"Escrito por":"Telinha","Tempo estimado de leitura":"2 minutos"},"schema":{"@context":"https:\/\/schema.org","@graph":[{"@type":"Article","@id":"https:\/\/portaltela.pt\/noticias\/2026\/03\/17\/indielisboa-mantem-silencio-apos-denuncias-falsas-contra-realizador\/#article","isPartOf":{"@id":"https:\/\/portaltela.pt\/noticias\/2026\/03\/17\/indielisboa-mantem-silencio-apos-denuncias-falsas-contra-realizador\/"},"author":{"name":"Telinha","@id":"https:\/\/portaltela.pt\/#\/schema\/person\/c4278d4a6028830caff9ee44b42d32ed"},"headline":"IndieLisboa mant\u00e9m sil\u00eancio ap\u00f3s den\u00fancias falsas contra realizador","datePublished":"2026-03-17T19:31:47+00:00","mainEntityOfPage":{"@id":"https:\/\/portaltela.pt\/noticias\/2026\/03\/17\/indielisboa-mantem-silencio-apos-denuncias-falsas-contra-realizador\/"},"wordCount":352,"image":{"@id":"https:\/\/portaltela.pt\/noticias\/2026\/03\/17\/indielisboa-mantem-silencio-apos-denuncias-falsas-contra-realizador\/#primaryimage"},"thumbnailUrl":"https:\/\/portaltela.pt\/s.01k8rhncp4jt1\/2026\/03\/1536x864_cmsv2_2aecb3d3-b15e-583d-82bf-075f73ca3d0c-9688920.jpg","keywords":["cal\u00fania","cinema","desinforma\u00e7\u00e3o","festival","pessoas p\u00fablicas","viol\u00eancia dom\u00e9stica"],"articleSection":["Entretenimento","Not\u00edcias"],"inLanguage":"pt-PT"},{"@type":"WebPage","@id":"https:\/\/portaltela.pt\/noticias\/2026\/03\/17\/indielisboa-mantem-silencio-apos-denuncias-falsas-contra-realizador\/","url":"https:\/\/portaltela.pt\/noticias\/2026\/03\/17\/indielisboa-mantem-silencio-apos-denuncias-falsas-contra-realizador\/","name":"IndieLisboa mant\u00e9m sil\u00eancio ap\u00f3s den\u00fancias falsas contra realizador - Portal Tela Portugal","isPartOf":{"@id":"https:\/\/portaltela.pt\/#website"},"primaryImageOfPage":{"@id":"https:\/\/portaltela.pt\/noticias\/2026\/03\/17\/indielisboa-mantem-silencio-apos-denuncias-falsas-contra-realizador\/#primaryimage"},"image":{"@id":"https:\/\/portaltela.pt\/noticias\/2026\/03\/17\/indielisboa-mantem-silencio-apos-denuncias-falsas-contra-realizador\/#primaryimage"},"thumbnailUrl":"https:\/\/portaltela.pt\/s.01k8rhncp4jt1\/2026\/03\/1536x864_cmsv2_2aecb3d3-b15e-583d-82bf-075f73ca3d0c-9688920.jpg","datePublished":"2026-03-17T19:31:47+00:00","author":{"@id":"https:\/\/portaltela.pt\/#\/schema\/person\/c4278d4a6028830caff9ee44b42d32ed"},"breadcrumb":{"@id":"https:\/\/portaltela.pt\/noticias\/2026\/03\/17\/indielisboa-mantem-silencio-apos-denuncias-falsas-contra-realizador\/#breadcrumb"},"inLanguage":"pt-PT","potentialAction":[{"@type":"ReadAction","target":["https:\/\/portaltela.pt\/noticias\/2026\/03\/17\/indielisboa-mantem-silencio-apos-denuncias-falsas-contra-realizador\/"]}]},{"@type":"ImageObject","inLanguage":"pt-PT","@id":"https:\/\/portaltela.pt\/noticias\/2026\/03\/17\/indielisboa-mantem-silencio-apos-denuncias-falsas-contra-realizador\/#primaryimage","url":"https:\/\/portaltela.pt\/s.01k8rhncp4jt1\/2026\/03\/1536x864_cmsv2_2aecb3d3-b15e-583d-82bf-075f73ca3d0c-9688920.jpg","contentUrl":"https:\/\/portaltela.pt\/s.01k8rhncp4jt1\/2026\/03\/1536x864_cmsv2_2aecb3d3-b15e-583d-82bf-075f73ca3d0c-9688920.jpg","width":1536,"height":864,"caption":"Cartaz da edi\u00e7\u00e3o de 2025 do IndieLisboa"},{"@type":"BreadcrumbList","@id":"https:\/\/portaltela.pt\/noticias\/2026\/03\/17\/indielisboa-mantem-silencio-apos-denuncias-falsas-contra-realizador\/#breadcrumb","itemListElement":[{"@type":"ListItem","position":1,"name":"In\u00edcio","item":"https:\/\/portaltela.pt\/"},{"@type":"ListItem","position":2,"name":"IndieLisboa mant\u00e9m sil\u00eancio ap\u00f3s den\u00fancias falsas contra realizador"}]},{"@type":"WebSite","@id":"https:\/\/portaltela.pt\/#website","url":"https:\/\/portaltela.pt\/","name":"Portal Tela Portugal","description":"","potentialAction":[{"@type":"SearchAction","target":{"@type":"EntryPoint","urlTemplate":"https:\/\/portaltela.pt\/?s={search_term_string}"},"query-input":{"@type":"PropertyValueSpecification","valueRequired":true,"valueName":"search_term_string"}}],"inLanguage":"pt-PT"},{"@type":"Person","@id":"https:\/\/portaltela.pt\/#\/schema\/person\/c4278d4a6028830caff9ee44b42d32ed","name":"Telinha","image":{"@type":"ImageObject","inLanguage":"pt-PT","@id":"https:\/\/portaltela.pt\/s.01k8rhncp4jt1\/2025\/11\/talking-bot-125x125.png","url":"https:\/\/portaltela.pt\/s.01k8rhncp4jt1\/2025\/11\/talking-bot-125x125.png","contentUrl":"https:\/\/portaltela.pt\/s.01k8rhncp4jt1\/2025\/11\/talking-bot-125x125.png","caption":"Telinha"},"sameAs":["https:\/\/portaltela.pt\/"],"url":"https:\/\/portaltela.pt\/por\/367410592786\/"}]}},"_links":{"self":[{"href":"https:\/\/portaltela.pt\/api\/wp\/v2\/posts\/413730","targetHints":{"allow":["GET"]}}],"collection":[{"href":"https:\/\/portaltela.pt\/api\/wp\/v2\/posts"}],"about":[{"href":"https:\/\/portaltela.pt\/api\/wp\/v2\/types\/post"}],"author":[{"embeddable":true,"href":"https:\/\/portaltela.pt\/api\/wp\/v2\/users\/2"}],"replies":[{"embeddable":true,"href":"https:\/\/portaltela.pt\/api\/wp\/v2\/comments?post=413730"}],"version-history":[{"count":0,"href":"https:\/\/portaltela.pt\/api\/wp\/v2\/posts\/413730\/revisions"}],"wp:featuredmedia":[{"embeddable":true,"href":"https:\/\/portaltela.pt\/api\/wp\/v2\/media\/413731"}],"wp:attachment":[{"href":"https:\/\/portaltela.pt\/api\/wp\/v2\/media?parent=413730"}],"wp:term":[{"taxonomy":"category","embeddable":true,"href":"https:\/\/portaltela.pt\/api\/wp\/v2\/categories?post=413730"},{"taxonomy":"post_tag","embeddable":true,"href":"https:\/\/portaltela.pt\/api\/wp\/v2\/tags?post=413730"}],"curies":[{"name":"wp","href":"https:\/\/api.w.org\/{rel}","templated":true}]}}