{"id":413726,"date":"2026-03-17T16:14:41","date_gmt":"2026-03-17T19:14:41","guid":{"rendered":"https:\/\/portaltela.pt\/noticias\/2026\/03\/17\/luciana-abreu-surpreende-tania-laranjo-com-tema-de-eleicao\/"},"modified":"2026-03-17T16:14:41","modified_gmt":"2026-03-17T19:14:41","slug":"luciana-abreu-surpreende-tania-laranjo-com-tema-de-eleicao","status":"publish","type":"post","link":"https:\/\/portaltela.pt\/musica\/2026\/03\/17\/luciana-abreu-surpreende-tania-laranjo-com-tema-de-eleicao\/","title":{"rendered":"Luciana Abreu surpreende T\u00e2nia Laranjo com tema de elei\u00e7\u00e3o"},"content":{"rendered":"<p>Luciana Abreu surpreendeu T\u00e2nia Laranjo ao cantar uma m\u00fasica durante a emiss\u00e3o do programa matinal Ol\u00e1, Bom Dia. A artista interpretou Porto Sentido, de Rui Veloso, escolhida como prenda para a jornalista.<\/p>\n<p>A atua\u00e7\u00e3o aconteceu no decorrer do programa, com Luciana a revelar a sua paix\u00e3o pela m\u00fasica. A decis\u00e3o de interpretar a can\u00e7\u00e3o foi apresentada como uma homenagem \u00e0 cidade do Porto, cidade natal da artista.<\/p>\n<p>T\u00e2nia Laranjo ficou surpresa com o gesto e agradeceu o tributo. A jornalista disse que a m\u00fasica guarda mem\u00f3rias especiais da sua inf\u00e2ncia, refor\u00e7ando o impacto pessoal da surpresa.<\/p>\n<p>O momento foi aplaudido pelos presentes e pelos telespectadores, que elogiaram a espontaneidade de Luciana Abreu. A artista mostrou satisfa\u00e7\u00e3o por partilhar aquele instante com a colega e com o p\u00fablico.<\/p>\n<p>Luciana Abreu encontra-se a desenvolver um novo projeto musical. A artista revelou pretender continuar a explorar a sua veia art\u00edstica e apresentar novas interpreta\u00e7\u00f5es e temas originais.<\/p>\n<h3>Rea\u00e7\u00e3o e impacto<\/h3>\n<p>A dada altura, o p\u00fablico elogiou a fus\u00e3o entre televis\u00e3o e m\u00fasica ao vivo. A not\u00edcia refor\u00e7a a presen\u00e7a de Luciana Abreu no panorama art\u00edstico portugu\u00eas, em constante evolu\u00e7\u00e3o.<\/p>\n","protected":false},"excerpt":{"rendered":"<ul>\n<li>A cantora Luciana Abreu surpreendeu T\u00e2nia Laranjo ao cantar a m\u00fasica &#8220;Porto Sentido&#8221;, de Rui Veloso, numa emiss\u00e3o de Ol\u00e1, Bom Dia.<\/li>\n<li>A frase de presente foi escolhida pela artista como homenagem \u00e0 cidade do Porto, tamb\u00e9m cidade de nascimento da jornalista.<\/li>\n<li>T\u00e2nia Laranjo ficou surpresa e agradeceu o gesto, dizendo que a m\u00fasica tem significado especial para si, recordando a inf\u00e2ncia.<\/li>\n<li>O momento foi aplaudido pelos presentes e pelos telespectadores, que elogiaram a espontaneidade de Luciana Abreu.<\/li>\n<li>A artista indicou que pretende continuar a explorar a sua faceta musical, com novos trabalhos originais para os f\u00e3s.<\/li>\n<\/ul>\n","protected":false},"author":2,"featured_media":413727,"comment_status":"closed","ping_status":"closed","sticky":false,"template":"","format":"standard","meta":{"footnotes":""},"categories":[12,6676],"tags":[762,145,6597,122,982,1014],"class_list":["post-413726","post","type-post","status-publish","format-standard","has-post-thumbnail","hentry","category-entretenimento","category-musica","tag-artistas","tag-cultura","tag-luciana-abreu","tag-musica","tag-porto","tag-portugal"],"yoast_head":"<!-- This site is optimized with the Yoast SEO plugin v27.2 - https:\/\/yoast.com\/product\/yoast-seo-wordpress\/ -->\n<title>Luciana Abreu surpreende T\u00e2nia Laranjo com tema de elei\u00e7\u00e3o - Portal Tela Portugal<\/title>\n<meta name=\"robots\" content=\"index, follow, max-snippet:-1, max-image-preview:large, max-video-preview:-1\" \/>\n<meta property=\"og:locale\" content=\"pt_PT\" \/>\n<meta property=\"og:type\" content=\"article\" \/>\n<meta property=\"og:title\" content=\"Luciana Abreu surpreende T\u00e2nia Laranjo com tema de elei\u00e7\u00e3o - Portal Tela Portugal\" \/>\n<meta property=\"og:description\" content=\"A cantora Luciana Abreu surpreendeu T\u00e2nia Laranjo ao cantar a m\u00fasica &quot;Porto Sentido&quot;, de Rui Veloso, numa emiss\u00e3o de Ol\u00e1, Bom Dia. A frase de presente foi escolhida pela artista como homenagem \u00e0 cidade do Porto, tamb\u00e9m cidade de nascimento da jornalista. T\u00e2nia Laranjo ficou surpresa e agradeceu o gesto, dizendo que a m\u00fasica tem significado especial para si, recordando a inf\u00e2ncia. O momento foi aplaudido pelos presentes e pelos telespectadores, que elogiaram a espontaneidade de Luciana Abreu. A artista indicou que pretende continuar a explorar a sua faceta musical, com novos trabalhos originais para os f\u00e3s.\" \/>\n<meta property=\"og:url\" content=\"https:\/\/portaltela.pt\/noticias\/2026\/03\/17\/luciana-abreu-surpreende-tania-laranjo-com-tema-de-eleicao\/\" \/>\n<meta property=\"og:site_name\" content=\"Portal Tela Portugal\" \/>\n<meta property=\"article:published_time\" content=\"2026-03-17T19:14:41+00:00\" \/>\n<meta name=\"author\" content=\"Telinha\" \/>\n<meta name=\"twitter:card\" content=\"summary_large_image\" \/>\n<meta name=\"twitter:label1\" content=\"Escrito por\" \/>\n\t<meta name=\"twitter:data1\" content=\"Telinha\" \/>\n\t<meta name=\"twitter:label2\" content=\"Tempo estimado de leitura\" \/>\n\t<meta name=\"twitter:data2\" content=\"1 minuto\" \/>\n<script type=\"application\/ld+json\" class=\"yoast-schema-graph\">{\"@context\":\"https:\/\/schema.org\",\"@graph\":[{\"@type\":\"Article\",\"@id\":\"https:\/\/portaltela.pt\/noticias\/2026\/03\/17\/luciana-abreu-surpreende-tania-laranjo-com-tema-de-eleicao\/#article\",\"isPartOf\":{\"@id\":\"https:\/\/portaltela.pt\/noticias\/2026\/03\/17\/luciana-abreu-surpreende-tania-laranjo-com-tema-de-eleicao\/\"},\"author\":{\"name\":\"Telinha\",\"@id\":\"https:\/\/portaltela.pt\/#\/schema\/person\/c4278d4a6028830caff9ee44b42d32ed\"},\"headline\":\"Luciana Abreu surpreende T\u00e2nia Laranjo com tema de elei\u00e7\u00e3o\",\"datePublished\":\"2026-03-17T19:14:41+00:00\",\"mainEntityOfPage\":{\"@id\":\"https:\/\/portaltela.pt\/noticias\/2026\/03\/17\/luciana-abreu-surpreende-tania-laranjo-com-tema-de-eleicao\/\"},\"wordCount\":224,\"image\":{\"@id\":\"https:\/\/portaltela.pt\/noticias\/2026\/03\/17\/luciana-abreu-surpreende-tania-laranjo-com-tema-de-eleicao\/#primaryimage\"},\"thumbnailUrl\":\"https:\/\/portaltela.pt\/s.01k8rhncp4jt1\/2026\/03\/img_1280x722uu2026-03-17-19-12-59-2273020.jpg\",\"keywords\":[\"artistas\",\"cultura\",\"Luciana Abreu\",\"m\u00fasica\",\"Porto\",\"Portugal\"],\"articleSection\":[\"Entretenimento\",\"M\u00fasica\"],\"inLanguage\":\"pt-PT\"},{\"@type\":\"WebPage\",\"@id\":\"https:\/\/portaltela.pt\/noticias\/2026\/03\/17\/luciana-abreu-surpreende-tania-laranjo-com-tema-de-eleicao\/\",\"url\":\"https:\/\/portaltela.pt\/noticias\/2026\/03\/17\/luciana-abreu-surpreende-tania-laranjo-com-tema-de-eleicao\/\",\"name\":\"Luciana Abreu surpreende T\u00e2nia Laranjo com tema de elei\u00e7\u00e3o - Portal Tela Portugal\",\"isPartOf\":{\"@id\":\"https:\/\/portaltela.pt\/#website\"},\"primaryImageOfPage\":{\"@id\":\"https:\/\/portaltela.pt\/noticias\/2026\/03\/17\/luciana-abreu-surpreende-tania-laranjo-com-tema-de-eleicao\/#primaryimage\"},\"image\":{\"@id\":\"https:\/\/portaltela.pt\/noticias\/2026\/03\/17\/luciana-abreu-surpreende-tania-laranjo-com-tema-de-eleicao\/#primaryimage\"},\"thumbnailUrl\":\"https:\/\/portaltela.pt\/s.01k8rhncp4jt1\/2026\/03\/img_1280x722uu2026-03-17-19-12-59-2273020.jpg\",\"datePublished\":\"2026-03-17T19:14:41+00:00\",\"author\":{\"@id\":\"https:\/\/portaltela.pt\/#\/schema\/person\/c4278d4a6028830caff9ee44b42d32ed\"},\"breadcrumb\":{\"@id\":\"https:\/\/portaltela.pt\/noticias\/2026\/03\/17\/luciana-abreu-surpreende-tania-laranjo-com-tema-de-eleicao\/#breadcrumb\"},\"inLanguage\":\"pt-PT\",\"potentialAction\":[{\"@type\":\"ReadAction\",\"target\":[\"https:\/\/portaltela.pt\/noticias\/2026\/03\/17\/luciana-abreu-surpreende-tania-laranjo-com-tema-de-eleicao\/\"]}]},{\"@type\":\"ImageObject\",\"inLanguage\":\"pt-PT\",\"@id\":\"https:\/\/portaltela.pt\/noticias\/2026\/03\/17\/luciana-abreu-surpreende-tania-laranjo-com-tema-de-eleicao\/#primaryimage\",\"url\":\"https:\/\/portaltela.pt\/s.01k8rhncp4jt1\/2026\/03\/img_1280x722uu2026-03-17-19-12-59-2273020.jpg\",\"contentUrl\":\"https:\/\/portaltela.pt\/s.01k8rhncp4jt1\/2026\/03\/img_1280x722uu2026-03-17-19-12-59-2273020.jpg\",\"width\":1280,\"height\":722,\"caption\":\"Photo\"},{\"@type\":\"BreadcrumbList\",\"@id\":\"https:\/\/portaltela.pt\/noticias\/2026\/03\/17\/luciana-abreu-surpreende-tania-laranjo-com-tema-de-eleicao\/#breadcrumb\",\"itemListElement\":[{\"@type\":\"ListItem\",\"position\":1,\"name\":\"In\u00edcio\",\"item\":\"https:\/\/portaltela.pt\/\"},{\"@type\":\"ListItem\",\"position\":2,\"name\":\"Luciana Abreu surpreende T\u00e2nia Laranjo com tema de elei\u00e7\u00e3o\"}]},{\"@type\":\"WebSite\",\"@id\":\"https:\/\/portaltela.pt\/#website\",\"url\":\"https:\/\/portaltela.pt\/\",\"name\":\"Portal Tela Portugal\",\"description\":\"\",\"potentialAction\":[{\"@type\":\"SearchAction\",\"target\":{\"@type\":\"EntryPoint\",\"urlTemplate\":\"https:\/\/portaltela.pt\/?s={search_term_string}\"},\"query-input\":{\"@type\":\"PropertyValueSpecification\",\"valueRequired\":true,\"valueName\":\"search_term_string\"}}],\"inLanguage\":\"pt-PT\"},{\"@type\":\"Person\",\"@id\":\"https:\/\/portaltela.pt\/#\/schema\/person\/c4278d4a6028830caff9ee44b42d32ed\",\"name\":\"Telinha\",\"image\":{\"@type\":\"ImageObject\",\"inLanguage\":\"pt-PT\",\"@id\":\"https:\/\/portaltela.pt\/s.01k8rhncp4jt1\/2025\/11\/talking-bot-125x125.png\",\"url\":\"https:\/\/portaltela.pt\/s.01k8rhncp4jt1\/2025\/11\/talking-bot-125x125.png\",\"contentUrl\":\"https:\/\/portaltela.pt\/s.01k8rhncp4jt1\/2025\/11\/talking-bot-125x125.png\",\"caption\":\"Telinha\"},\"sameAs\":[\"https:\/\/portaltela.pt\/\"],\"url\":\"https:\/\/portaltela.pt\/por\/367410592786\/\"}]}<\/script>\n<!-- \/ Yoast SEO plugin. -->","yoast_head_json":{"title":"Luciana Abreu surpreende T\u00e2nia Laranjo com tema de elei\u00e7\u00e3o - Portal Tela Portugal","robots":{"index":"index","follow":"follow","max-snippet":"max-snippet:-1","max-image-preview":"max-image-preview:large","max-video-preview":"max-video-preview:-1"},"og_locale":"pt_PT","og_type":"article","og_title":"Luciana Abreu surpreende T\u00e2nia Laranjo com tema de elei\u00e7\u00e3o - Portal Tela Portugal","og_description":"A cantora Luciana Abreu surpreendeu T\u00e2nia Laranjo ao cantar a m\u00fasica \"Porto Sentido\", de Rui Veloso, numa emiss\u00e3o de Ol\u00e1, Bom Dia. A frase de presente foi escolhida pela artista como homenagem \u00e0 cidade do Porto, tamb\u00e9m cidade de nascimento da jornalista. T\u00e2nia Laranjo ficou surpresa e agradeceu o gesto, dizendo que a m\u00fasica tem significado especial para si, recordando a inf\u00e2ncia. O momento foi aplaudido pelos presentes e pelos telespectadores, que elogiaram a espontaneidade de Luciana Abreu. A artista indicou que pretende continuar a explorar a sua faceta musical, com novos trabalhos originais para os f\u00e3s.","og_url":"https:\/\/portaltela.pt\/noticias\/2026\/03\/17\/luciana-abreu-surpreende-tania-laranjo-com-tema-de-eleicao\/","og_site_name":"Portal Tela Portugal","article_published_time":"2026-03-17T19:14:41+00:00","author":"Telinha","twitter_card":"summary_large_image","twitter_misc":{"Escrito por":"Telinha","Tempo estimado de leitura":"1 minuto"},"schema":{"@context":"https:\/\/schema.org","@graph":[{"@type":"Article","@id":"https:\/\/portaltela.pt\/noticias\/2026\/03\/17\/luciana-abreu-surpreende-tania-laranjo-com-tema-de-eleicao\/#article","isPartOf":{"@id":"https:\/\/portaltela.pt\/noticias\/2026\/03\/17\/luciana-abreu-surpreende-tania-laranjo-com-tema-de-eleicao\/"},"author":{"name":"Telinha","@id":"https:\/\/portaltela.pt\/#\/schema\/person\/c4278d4a6028830caff9ee44b42d32ed"},"headline":"Luciana Abreu surpreende T\u00e2nia Laranjo com tema de elei\u00e7\u00e3o","datePublished":"2026-03-17T19:14:41+00:00","mainEntityOfPage":{"@id":"https:\/\/portaltela.pt\/noticias\/2026\/03\/17\/luciana-abreu-surpreende-tania-laranjo-com-tema-de-eleicao\/"},"wordCount":224,"image":{"@id":"https:\/\/portaltela.pt\/noticias\/2026\/03\/17\/luciana-abreu-surpreende-tania-laranjo-com-tema-de-eleicao\/#primaryimage"},"thumbnailUrl":"https:\/\/portaltela.pt\/s.01k8rhncp4jt1\/2026\/03\/img_1280x722uu2026-03-17-19-12-59-2273020.jpg","keywords":["artistas","cultura","Luciana Abreu","m\u00fasica","Porto","Portugal"],"articleSection":["Entretenimento","M\u00fasica"],"inLanguage":"pt-PT"},{"@type":"WebPage","@id":"https:\/\/portaltela.pt\/noticias\/2026\/03\/17\/luciana-abreu-surpreende-tania-laranjo-com-tema-de-eleicao\/","url":"https:\/\/portaltela.pt\/noticias\/2026\/03\/17\/luciana-abreu-surpreende-tania-laranjo-com-tema-de-eleicao\/","name":"Luciana Abreu surpreende T\u00e2nia Laranjo com tema de elei\u00e7\u00e3o - Portal Tela Portugal","isPartOf":{"@id":"https:\/\/portaltela.pt\/#website"},"primaryImageOfPage":{"@id":"https:\/\/portaltela.pt\/noticias\/2026\/03\/17\/luciana-abreu-surpreende-tania-laranjo-com-tema-de-eleicao\/#primaryimage"},"image":{"@id":"https:\/\/portaltela.pt\/noticias\/2026\/03\/17\/luciana-abreu-surpreende-tania-laranjo-com-tema-de-eleicao\/#primaryimage"},"thumbnailUrl":"https:\/\/portaltela.pt\/s.01k8rhncp4jt1\/2026\/03\/img_1280x722uu2026-03-17-19-12-59-2273020.jpg","datePublished":"2026-03-17T19:14:41+00:00","author":{"@id":"https:\/\/portaltela.pt\/#\/schema\/person\/c4278d4a6028830caff9ee44b42d32ed"},"breadcrumb":{"@id":"https:\/\/portaltela.pt\/noticias\/2026\/03\/17\/luciana-abreu-surpreende-tania-laranjo-com-tema-de-eleicao\/#breadcrumb"},"inLanguage":"pt-PT","potentialAction":[{"@type":"ReadAction","target":["https:\/\/portaltela.pt\/noticias\/2026\/03\/17\/luciana-abreu-surpreende-tania-laranjo-com-tema-de-eleicao\/"]}]},{"@type":"ImageObject","inLanguage":"pt-PT","@id":"https:\/\/portaltela.pt\/noticias\/2026\/03\/17\/luciana-abreu-surpreende-tania-laranjo-com-tema-de-eleicao\/#primaryimage","url":"https:\/\/portaltela.pt\/s.01k8rhncp4jt1\/2026\/03\/img_1280x722uu2026-03-17-19-12-59-2273020.jpg","contentUrl":"https:\/\/portaltela.pt\/s.01k8rhncp4jt1\/2026\/03\/img_1280x722uu2026-03-17-19-12-59-2273020.jpg","width":1280,"height":722,"caption":"Photo"},{"@type":"BreadcrumbList","@id":"https:\/\/portaltela.pt\/noticias\/2026\/03\/17\/luciana-abreu-surpreende-tania-laranjo-com-tema-de-eleicao\/#breadcrumb","itemListElement":[{"@type":"ListItem","position":1,"name":"In\u00edcio","item":"https:\/\/portaltela.pt\/"},{"@type":"ListItem","position":2,"name":"Luciana Abreu surpreende T\u00e2nia Laranjo com tema de elei\u00e7\u00e3o"}]},{"@type":"WebSite","@id":"https:\/\/portaltela.pt\/#website","url":"https:\/\/portaltela.pt\/","name":"Portal Tela Portugal","description":"","potentialAction":[{"@type":"SearchAction","target":{"@type":"EntryPoint","urlTemplate":"https:\/\/portaltela.pt\/?s={search_term_string}"},"query-input":{"@type":"PropertyValueSpecification","valueRequired":true,"valueName":"search_term_string"}}],"inLanguage":"pt-PT"},{"@type":"Person","@id":"https:\/\/portaltela.pt\/#\/schema\/person\/c4278d4a6028830caff9ee44b42d32ed","name":"Telinha","image":{"@type":"ImageObject","inLanguage":"pt-PT","@id":"https:\/\/portaltela.pt\/s.01k8rhncp4jt1\/2025\/11\/talking-bot-125x125.png","url":"https:\/\/portaltela.pt\/s.01k8rhncp4jt1\/2025\/11\/talking-bot-125x125.png","contentUrl":"https:\/\/portaltela.pt\/s.01k8rhncp4jt1\/2025\/11\/talking-bot-125x125.png","caption":"Telinha"},"sameAs":["https:\/\/portaltela.pt\/"],"url":"https:\/\/portaltela.pt\/por\/367410592786\/"}]}},"_links":{"self":[{"href":"https:\/\/portaltela.pt\/api\/wp\/v2\/posts\/413726","targetHints":{"allow":["GET"]}}],"collection":[{"href":"https:\/\/portaltela.pt\/api\/wp\/v2\/posts"}],"about":[{"href":"https:\/\/portaltela.pt\/api\/wp\/v2\/types\/post"}],"author":[{"embeddable":true,"href":"https:\/\/portaltela.pt\/api\/wp\/v2\/users\/2"}],"replies":[{"embeddable":true,"href":"https:\/\/portaltela.pt\/api\/wp\/v2\/comments?post=413726"}],"version-history":[{"count":0,"href":"https:\/\/portaltela.pt\/api\/wp\/v2\/posts\/413726\/revisions"}],"wp:featuredmedia":[{"embeddable":true,"href":"https:\/\/portaltela.pt\/api\/wp\/v2\/media\/413727"}],"wp:attachment":[{"href":"https:\/\/portaltela.pt\/api\/wp\/v2\/media?parent=413726"}],"wp:term":[{"taxonomy":"category","embeddable":true,"href":"https:\/\/portaltela.pt\/api\/wp\/v2\/categories?post=413726"},{"taxonomy":"post_tag","embeddable":true,"href":"https:\/\/portaltela.pt\/api\/wp\/v2\/tags?post=413726"}],"curies":[{"name":"wp","href":"https:\/\/api.w.org\/{rel}","templated":true}]}}