{"id":413698,"date":"2026-03-17T15:45:32","date_gmt":"2026-03-17T18:45:32","guid":{"rendered":"https:\/\/portaltela.pt\/noticias\/2026\/03\/17\/bruno-santos-arranca-bp-ultimate-rally-raid-portugal-com-3-o-lugar-no-prologo\/"},"modified":"2026-03-17T15:45:32","modified_gmt":"2026-03-17T18:45:32","slug":"bruno-santos-arranca-bp-ultimate-rally-raid-portugal-com-3-o-lugar-no-prologo","status":"publish","type":"post","link":"https:\/\/portaltela.pt\/noticias\/2026\/03\/17\/bruno-santos-arranca-bp-ultimate-rally-raid-portugal-com-3-o-lugar-no-prologo\/","title":{"rendered":"Bruno Santos arranca bp Ultimate Rally Raid Portugal com 3.\u00ba lugar no pr\u00f3logo"},"content":{"rendered":"<p>Bruno Santos abriu amanh\u00e3 de competi\u00e7\u00e3o ao terminar o pr\u00f3logo em 3.\u00ba lugar, no bp Ultimate Rally Raid Portugal, que decorreu esta tarde em Gr\u00e2ndola. O tro\u00e7o cronometrado de apenas 3 quil\u00f3metros marcou o in\u00edcio da segunda etapa do World Rally-Raid Championship.<\/p>\n<p>O piloto \u00e9 oriundo de Torres Vedras e destacou-se pela performance destac\u00e1vel no arranque da prova. O resultado no pr\u00f3logo serve de Aquecimento para os dias seguintes de competi\u00e7\u00e3o, com o percurso a preparar os pilotos para os desafios que se seguem.<\/p>\n<p>No final do dia, a equipa manifestou satisfa\u00e7\u00e3o com o in\u00edcio s\u00f3lido da participa\u00e7\u00e3o e mostrou-se motivada para enfrentar as etapas seguintes da ronda. Gr\u00e2ndola acolheu o arranque da corrida, inserida no calend\u00e1rio internacional de rally-raid.<\/p>\n","protected":false},"excerpt":{"rendered":"<ul>\n<li>Bruno Santos, piloto de Torres Vedras, ficou em 3.\u00ba lugar no pr\u00f3logo do bp Ultimate Rally Raid Portugal, disputado em Gr\u00e2ndola.<\/li>\n<li>O tro\u00e7o cronometrado teve tr\u00eas quil\u00f3metros e abriu a segunda etapa do World Rally-Raid Championship (WRRC).<\/li>\n<li>O desempenho no pr\u00f3logo foi visto como um bom aquecimento para o restante da prova.<\/li>\n<li>O piloto mostrou-se satisfeito com o in\u00edcio da corrida e motivado para os dias seguintes.<\/li>\n<\/ul>\n","protected":false},"author":2,"featured_media":413704,"comment_status":"closed","ping_status":"closed","sticky":false,"template":"","format":"standard","meta":{"footnotes":""},"categories":[1],"tags":[6042,152,5060,2465,1014,1835],"class_list":["post-413698","post","type-post","status-publish","format-standard","has-post-thumbnail","hentry","category-noticias","tag-carros","tag-desporto","tag-desporto-motorizados","tag-grandola","tag-portugal","tag-torres-vedras"],"yoast_head":"<!-- This site is optimized with the Yoast SEO plugin v27.2 - https:\/\/yoast.com\/product\/yoast-seo-wordpress\/ -->\n<title>Bruno Santos arranca bp Ultimate Rally Raid Portugal com 3.\u00ba lugar no pr\u00f3logo - Portal Tela Portugal<\/title>\n<meta name=\"robots\" content=\"index, follow, max-snippet:-1, max-image-preview:large, max-video-preview:-1\" \/>\n<meta property=\"og:locale\" content=\"pt_PT\" \/>\n<meta property=\"og:type\" content=\"article\" \/>\n<meta property=\"og:title\" content=\"Bruno Santos arranca bp Ultimate Rally Raid Portugal com 3.\u00ba lugar no pr\u00f3logo - Portal Tela Portugal\" \/>\n<meta property=\"og:description\" content=\"Bruno Santos, piloto de Torres Vedras, ficou em 3.\u00ba lugar no pr\u00f3logo do bp Ultimate Rally Raid Portugal, disputado em Gr\u00e2ndola. O tro\u00e7o cronometrado teve tr\u00eas quil\u00f3metros e abriu a segunda etapa do World Rally-Raid Championship (WRRC). O desempenho no pr\u00f3logo foi visto como um bom aquecimento para o restante da prova. O piloto mostrou-se satisfeito com o in\u00edcio da corrida e motivado para os dias seguintes.\" \/>\n<meta property=\"og:url\" content=\"https:\/\/portaltela.pt\/noticias\/2026\/03\/17\/bruno-santos-arranca-bp-ultimate-rally-raid-portugal-com-3-o-lugar-no-prologo\/\" \/>\n<meta property=\"og:site_name\" content=\"Portal Tela Portugal\" \/>\n<meta property=\"article:published_time\" content=\"2026-03-17T18:45:32+00:00\" \/>\n<meta name=\"author\" content=\"Telinha\" \/>\n<meta name=\"twitter:card\" content=\"summary_large_image\" \/>\n<meta name=\"twitter:label1\" content=\"Escrito por\" \/>\n\t<meta name=\"twitter:data1\" content=\"Telinha\" \/>\n\t<meta name=\"twitter:label2\" content=\"Tempo estimado de leitura\" \/>\n\t<meta name=\"twitter:data2\" content=\"1 minuto\" \/>\n<script type=\"application\/ld+json\" class=\"yoast-schema-graph\">{\"@context\":\"https:\/\/schema.org\",\"@graph\":[{\"@type\":\"Article\",\"@id\":\"https:\/\/portaltela.pt\/noticias\/2026\/03\/17\/bruno-santos-arranca-bp-ultimate-rally-raid-portugal-com-3-o-lugar-no-prologo\/#article\",\"isPartOf\":{\"@id\":\"https:\/\/portaltela.pt\/noticias\/2026\/03\/17\/bruno-santos-arranca-bp-ultimate-rally-raid-portugal-com-3-o-lugar-no-prologo\/\"},\"author\":{\"name\":\"Telinha\",\"@id\":\"https:\/\/portaltela.pt\/#\/schema\/person\/c4278d4a6028830caff9ee44b42d32ed\"},\"headline\":\"Bruno Santos arranca bp Ultimate Rally Raid Portugal com 3.\u00ba lugar no pr\u00f3logo\",\"datePublished\":\"2026-03-17T18:45:32+00:00\",\"mainEntityOfPage\":{\"@id\":\"https:\/\/portaltela.pt\/noticias\/2026\/03\/17\/bruno-santos-arranca-bp-ultimate-rally-raid-portugal-com-3-o-lugar-no-prologo\/\"},\"wordCount\":145,\"image\":{\"@id\":\"https:\/\/portaltela.pt\/noticias\/2026\/03\/17\/bruno-santos-arranca-bp-ultimate-rally-raid-portugal-com-3-o-lugar-no-prologo\/#primaryimage\"},\"thumbnailUrl\":\"https:\/\/portaltela.pt\/s.01k8rhncp4jt1\/2026\/03\/img_1200x721uu2026-03-17-18-44-08-2427630.jpg\",\"keywords\":[\"carros\",\"desporto\",\"Desporto Motorizados\",\"Gr\u00e2ndola\",\"Portugal\",\"Torres Vedras\"],\"articleSection\":[\"Not\u00edcias\"],\"inLanguage\":\"pt-PT\"},{\"@type\":\"WebPage\",\"@id\":\"https:\/\/portaltela.pt\/noticias\/2026\/03\/17\/bruno-santos-arranca-bp-ultimate-rally-raid-portugal-com-3-o-lugar-no-prologo\/\",\"url\":\"https:\/\/portaltela.pt\/noticias\/2026\/03\/17\/bruno-santos-arranca-bp-ultimate-rally-raid-portugal-com-3-o-lugar-no-prologo\/\",\"name\":\"Bruno Santos arranca bp Ultimate Rally Raid Portugal com 3.\u00ba lugar no pr\u00f3logo - Portal Tela Portugal\",\"isPartOf\":{\"@id\":\"https:\/\/portaltela.pt\/#website\"},\"primaryImageOfPage\":{\"@id\":\"https:\/\/portaltela.pt\/noticias\/2026\/03\/17\/bruno-santos-arranca-bp-ultimate-rally-raid-portugal-com-3-o-lugar-no-prologo\/#primaryimage\"},\"image\":{\"@id\":\"https:\/\/portaltela.pt\/noticias\/2026\/03\/17\/bruno-santos-arranca-bp-ultimate-rally-raid-portugal-com-3-o-lugar-no-prologo\/#primaryimage\"},\"thumbnailUrl\":\"https:\/\/portaltela.pt\/s.01k8rhncp4jt1\/2026\/03\/img_1200x721uu2026-03-17-18-44-08-2427630.jpg\",\"datePublished\":\"2026-03-17T18:45:32+00:00\",\"author\":{\"@id\":\"https:\/\/portaltela.pt\/#\/schema\/person\/c4278d4a6028830caff9ee44b42d32ed\"},\"breadcrumb\":{\"@id\":\"https:\/\/portaltela.pt\/noticias\/2026\/03\/17\/bruno-santos-arranca-bp-ultimate-rally-raid-portugal-com-3-o-lugar-no-prologo\/#breadcrumb\"},\"inLanguage\":\"pt-PT\",\"potentialAction\":[{\"@type\":\"ReadAction\",\"target\":[\"https:\/\/portaltela.pt\/noticias\/2026\/03\/17\/bruno-santos-arranca-bp-ultimate-rally-raid-portugal-com-3-o-lugar-no-prologo\/\"]}]},{\"@type\":\"ImageObject\",\"inLanguage\":\"pt-PT\",\"@id\":\"https:\/\/portaltela.pt\/noticias\/2026\/03\/17\/bruno-santos-arranca-bp-ultimate-rally-raid-portugal-com-3-o-lugar-no-prologo\/#primaryimage\",\"url\":\"https:\/\/portaltela.pt\/s.01k8rhncp4jt1\/2026\/03\/img_1200x721uu2026-03-17-18-44-08-2427630.jpg\",\"contentUrl\":\"https:\/\/portaltela.pt\/s.01k8rhncp4jt1\/2026\/03\/img_1200x721uu2026-03-17-18-44-08-2427630.jpg\",\"width\":796,\"height\":448,\"caption\":\"Bruno Santos destacou-se no pr\u00f3logo do bp Ultimate Rali Raid Portugal ao alcan\u00e7ar o 3.\u00ba lugar, que decorreu esta tarde em Gr\u00e2ndola. Este tro\u00e7o, com apenas tr\u00eas quil\u00f3metros cronometrados, assinalou o in\u00edcio da segunda etapa do World Rally-Raid Championship. No final do dia, Bruno Santos expressou a sua satisfa\u00e7\u00e3o com o in\u00edcio da prova e mostrou-se motivado para os desafios dos pr\u00f3ximos dias.\"},{\"@type\":\"BreadcrumbList\",\"@id\":\"https:\/\/portaltela.pt\/noticias\/2026\/03\/17\/bruno-santos-arranca-bp-ultimate-rally-raid-portugal-com-3-o-lugar-no-prologo\/#breadcrumb\",\"itemListElement\":[{\"@type\":\"ListItem\",\"position\":1,\"name\":\"In\u00edcio\",\"item\":\"https:\/\/portaltela.pt\/\"},{\"@type\":\"ListItem\",\"position\":2,\"name\":\"Bruno Santos arranca bp Ultimate Rally Raid Portugal com 3.\u00ba lugar no pr\u00f3logo\"}]},{\"@type\":\"WebSite\",\"@id\":\"https:\/\/portaltela.pt\/#website\",\"url\":\"https:\/\/portaltela.pt\/\",\"name\":\"Portal Tela Portugal\",\"description\":\"\",\"potentialAction\":[{\"@type\":\"SearchAction\",\"target\":{\"@type\":\"EntryPoint\",\"urlTemplate\":\"https:\/\/portaltela.pt\/?s={search_term_string}\"},\"query-input\":{\"@type\":\"PropertyValueSpecification\",\"valueRequired\":true,\"valueName\":\"search_term_string\"}}],\"inLanguage\":\"pt-PT\"},{\"@type\":\"Person\",\"@id\":\"https:\/\/portaltela.pt\/#\/schema\/person\/c4278d4a6028830caff9ee44b42d32ed\",\"name\":\"Telinha\",\"image\":{\"@type\":\"ImageObject\",\"inLanguage\":\"pt-PT\",\"@id\":\"https:\/\/portaltela.pt\/s.01k8rhncp4jt1\/2025\/11\/talking-bot-125x125.png\",\"url\":\"https:\/\/portaltela.pt\/s.01k8rhncp4jt1\/2025\/11\/talking-bot-125x125.png\",\"contentUrl\":\"https:\/\/portaltela.pt\/s.01k8rhncp4jt1\/2025\/11\/talking-bot-125x125.png\",\"caption\":\"Telinha\"},\"sameAs\":[\"https:\/\/portaltela.pt\/\"],\"url\":\"https:\/\/portaltela.pt\/por\/367410592786\/\"}]}<\/script>\n<!-- \/ Yoast SEO plugin. -->","yoast_head_json":{"title":"Bruno Santos arranca bp Ultimate Rally Raid Portugal com 3.\u00ba lugar no pr\u00f3logo - Portal Tela Portugal","robots":{"index":"index","follow":"follow","max-snippet":"max-snippet:-1","max-image-preview":"max-image-preview:large","max-video-preview":"max-video-preview:-1"},"og_locale":"pt_PT","og_type":"article","og_title":"Bruno Santos arranca bp Ultimate Rally Raid Portugal com 3.\u00ba lugar no pr\u00f3logo - Portal Tela Portugal","og_description":"Bruno Santos, piloto de Torres Vedras, ficou em 3.\u00ba lugar no pr\u00f3logo do bp Ultimate Rally Raid Portugal, disputado em Gr\u00e2ndola. O tro\u00e7o cronometrado teve tr\u00eas quil\u00f3metros e abriu a segunda etapa do World Rally-Raid Championship (WRRC). O desempenho no pr\u00f3logo foi visto como um bom aquecimento para o restante da prova. O piloto mostrou-se satisfeito com o in\u00edcio da corrida e motivado para os dias seguintes.","og_url":"https:\/\/portaltela.pt\/noticias\/2026\/03\/17\/bruno-santos-arranca-bp-ultimate-rally-raid-portugal-com-3-o-lugar-no-prologo\/","og_site_name":"Portal Tela Portugal","article_published_time":"2026-03-17T18:45:32+00:00","author":"Telinha","twitter_card":"summary_large_image","twitter_misc":{"Escrito por":"Telinha","Tempo estimado de leitura":"1 minuto"},"schema":{"@context":"https:\/\/schema.org","@graph":[{"@type":"Article","@id":"https:\/\/portaltela.pt\/noticias\/2026\/03\/17\/bruno-santos-arranca-bp-ultimate-rally-raid-portugal-com-3-o-lugar-no-prologo\/#article","isPartOf":{"@id":"https:\/\/portaltela.pt\/noticias\/2026\/03\/17\/bruno-santos-arranca-bp-ultimate-rally-raid-portugal-com-3-o-lugar-no-prologo\/"},"author":{"name":"Telinha","@id":"https:\/\/portaltela.pt\/#\/schema\/person\/c4278d4a6028830caff9ee44b42d32ed"},"headline":"Bruno Santos arranca bp Ultimate Rally Raid Portugal com 3.\u00ba lugar no pr\u00f3logo","datePublished":"2026-03-17T18:45:32+00:00","mainEntityOfPage":{"@id":"https:\/\/portaltela.pt\/noticias\/2026\/03\/17\/bruno-santos-arranca-bp-ultimate-rally-raid-portugal-com-3-o-lugar-no-prologo\/"},"wordCount":145,"image":{"@id":"https:\/\/portaltela.pt\/noticias\/2026\/03\/17\/bruno-santos-arranca-bp-ultimate-rally-raid-portugal-com-3-o-lugar-no-prologo\/#primaryimage"},"thumbnailUrl":"https:\/\/portaltela.pt\/s.01k8rhncp4jt1\/2026\/03\/img_1200x721uu2026-03-17-18-44-08-2427630.jpg","keywords":["carros","desporto","Desporto Motorizados","Gr\u00e2ndola","Portugal","Torres Vedras"],"articleSection":["Not\u00edcias"],"inLanguage":"pt-PT"},{"@type":"WebPage","@id":"https:\/\/portaltela.pt\/noticias\/2026\/03\/17\/bruno-santos-arranca-bp-ultimate-rally-raid-portugal-com-3-o-lugar-no-prologo\/","url":"https:\/\/portaltela.pt\/noticias\/2026\/03\/17\/bruno-santos-arranca-bp-ultimate-rally-raid-portugal-com-3-o-lugar-no-prologo\/","name":"Bruno Santos arranca bp Ultimate Rally Raid Portugal com 3.\u00ba lugar no pr\u00f3logo - Portal Tela Portugal","isPartOf":{"@id":"https:\/\/portaltela.pt\/#website"},"primaryImageOfPage":{"@id":"https:\/\/portaltela.pt\/noticias\/2026\/03\/17\/bruno-santos-arranca-bp-ultimate-rally-raid-portugal-com-3-o-lugar-no-prologo\/#primaryimage"},"image":{"@id":"https:\/\/portaltela.pt\/noticias\/2026\/03\/17\/bruno-santos-arranca-bp-ultimate-rally-raid-portugal-com-3-o-lugar-no-prologo\/#primaryimage"},"thumbnailUrl":"https:\/\/portaltela.pt\/s.01k8rhncp4jt1\/2026\/03\/img_1200x721uu2026-03-17-18-44-08-2427630.jpg","datePublished":"2026-03-17T18:45:32+00:00","author":{"@id":"https:\/\/portaltela.pt\/#\/schema\/person\/c4278d4a6028830caff9ee44b42d32ed"},"breadcrumb":{"@id":"https:\/\/portaltela.pt\/noticias\/2026\/03\/17\/bruno-santos-arranca-bp-ultimate-rally-raid-portugal-com-3-o-lugar-no-prologo\/#breadcrumb"},"inLanguage":"pt-PT","potentialAction":[{"@type":"ReadAction","target":["https:\/\/portaltela.pt\/noticias\/2026\/03\/17\/bruno-santos-arranca-bp-ultimate-rally-raid-portugal-com-3-o-lugar-no-prologo\/"]}]},{"@type":"ImageObject","inLanguage":"pt-PT","@id":"https:\/\/portaltela.pt\/noticias\/2026\/03\/17\/bruno-santos-arranca-bp-ultimate-rally-raid-portugal-com-3-o-lugar-no-prologo\/#primaryimage","url":"https:\/\/portaltela.pt\/s.01k8rhncp4jt1\/2026\/03\/img_1200x721uu2026-03-17-18-44-08-2427630.jpg","contentUrl":"https:\/\/portaltela.pt\/s.01k8rhncp4jt1\/2026\/03\/img_1200x721uu2026-03-17-18-44-08-2427630.jpg","width":796,"height":448,"caption":"Bruno Santos destacou-se no pr\u00f3logo do bp Ultimate Rali Raid Portugal ao alcan\u00e7ar o 3.\u00ba lugar, que decorreu esta tarde em Gr\u00e2ndola. Este tro\u00e7o, com apenas tr\u00eas quil\u00f3metros cronometrados, assinalou o in\u00edcio da segunda etapa do World Rally-Raid Championship. No final do dia, Bruno Santos expressou a sua satisfa\u00e7\u00e3o com o in\u00edcio da prova e mostrou-se motivado para os desafios dos pr\u00f3ximos dias."},{"@type":"BreadcrumbList","@id":"https:\/\/portaltela.pt\/noticias\/2026\/03\/17\/bruno-santos-arranca-bp-ultimate-rally-raid-portugal-com-3-o-lugar-no-prologo\/#breadcrumb","itemListElement":[{"@type":"ListItem","position":1,"name":"In\u00edcio","item":"https:\/\/portaltela.pt\/"},{"@type":"ListItem","position":2,"name":"Bruno Santos arranca bp Ultimate Rally Raid Portugal com 3.\u00ba lugar no pr\u00f3logo"}]},{"@type":"WebSite","@id":"https:\/\/portaltela.pt\/#website","url":"https:\/\/portaltela.pt\/","name":"Portal Tela Portugal","description":"","potentialAction":[{"@type":"SearchAction","target":{"@type":"EntryPoint","urlTemplate":"https:\/\/portaltela.pt\/?s={search_term_string}"},"query-input":{"@type":"PropertyValueSpecification","valueRequired":true,"valueName":"search_term_string"}}],"inLanguage":"pt-PT"},{"@type":"Person","@id":"https:\/\/portaltela.pt\/#\/schema\/person\/c4278d4a6028830caff9ee44b42d32ed","name":"Telinha","image":{"@type":"ImageObject","inLanguage":"pt-PT","@id":"https:\/\/portaltela.pt\/s.01k8rhncp4jt1\/2025\/11\/talking-bot-125x125.png","url":"https:\/\/portaltela.pt\/s.01k8rhncp4jt1\/2025\/11\/talking-bot-125x125.png","contentUrl":"https:\/\/portaltela.pt\/s.01k8rhncp4jt1\/2025\/11\/talking-bot-125x125.png","caption":"Telinha"},"sameAs":["https:\/\/portaltela.pt\/"],"url":"https:\/\/portaltela.pt\/por\/367410592786\/"}]}},"_links":{"self":[{"href":"https:\/\/portaltela.pt\/api\/wp\/v2\/posts\/413698","targetHints":{"allow":["GET"]}}],"collection":[{"href":"https:\/\/portaltela.pt\/api\/wp\/v2\/posts"}],"about":[{"href":"https:\/\/portaltela.pt\/api\/wp\/v2\/types\/post"}],"author":[{"embeddable":true,"href":"https:\/\/portaltela.pt\/api\/wp\/v2\/users\/2"}],"replies":[{"embeddable":true,"href":"https:\/\/portaltela.pt\/api\/wp\/v2\/comments?post=413698"}],"version-history":[{"count":0,"href":"https:\/\/portaltela.pt\/api\/wp\/v2\/posts\/413698\/revisions"}],"wp:featuredmedia":[{"embeddable":true,"href":"https:\/\/portaltela.pt\/api\/wp\/v2\/media\/413704"}],"wp:attachment":[{"href":"https:\/\/portaltela.pt\/api\/wp\/v2\/media?parent=413698"}],"wp:term":[{"taxonomy":"category","embeddable":true,"href":"https:\/\/portaltela.pt\/api\/wp\/v2\/categories?post=413698"},{"taxonomy":"post_tag","embeddable":true,"href":"https:\/\/portaltela.pt\/api\/wp\/v2\/tags?post=413698"}],"curies":[{"name":"wp","href":"https:\/\/api.w.org\/{rel}","templated":true}]}}