{"id":413672,"date":"2026-03-17T15:32:57","date_gmt":"2026-03-17T18:32:57","guid":{"rendered":"https:\/\/portaltela.pt\/noticias\/2026\/03\/17\/alverca-substitui-o-relvado-no-final-da-temporada\/"},"modified":"2026-03-17T15:32:57","modified_gmt":"2026-03-17T18:32:57","slug":"alverca-substitui-o-relvado-no-final-da-temporada","status":"publish","type":"post","link":"https:\/\/portaltela.pt\/desporto\/futebol\/2026\/03\/17\/alverca-substitui-o-relvado-no-final-da-temporada\/","title":{"rendered":"Alverca substitui o relvado no final da temporada"},"content":{"rendered":"<p>O Alverca vai substituir o relvado do seu est\u00e1dio no final da \u00e9poca. A decis\u00e3o foi comunicada pela Liga, face ao desgaste do tapete verde durante a temporada.<\/p>\n<p>Os ribatejanos t\u00eam utilizado o Centro de Est\u00e1gios em Palmela para treinos e jogos de prepara\u00e7\u00e3o, \u00e0 luz do estado do relvado. A situa\u00e7\u00e3o levou a mudan\u00e7as na log\u00edstica de treinos.<\/p>\n<p>No domingo, diante do Sporting, Cust\u00f3dio Castro n\u00e3o dever\u00e1 mexer no onze habitual, que atua em 3X4X3. A venda de bilhetes corre a bom ritmo, com casa bem composta em Alverca.<\/p>\n<h3>Desdobramentos e situa\u00e7\u00e3o dos jogadores<\/h3>\n<p>Andr\u00e9 Gomes e Chiquinho somam quatro amarelos na Liga, pelo que ficam em risco para a desloca\u00e7\u00e3o a Vila do Conde. O jogo Alverca-Sporting encerra a jornada 27, marcado para as 18h00 de domingo.<\/p>\n","protected":false},"excerpt":{"rendered":"<ul>\n<li>O Alverca vai substituir o relvado do seu est\u00e1dio no final da temporada.<\/li>\n<li>A Liga alertou sobre o desgaste do tapete verde e o clube tem utilizado o Centro de Est\u00e1gios em Palmela para treinos e jogos de prepara\u00e7\u00e3o.<\/li>\n<li>No domingo, o encontro com o Sporting est\u00e1 marcado para as 18h00, e Cust\u00f3dio Castro dever\u00e1 manter o onze habitual, num sistema 3X4X3.<\/li>\n<li>Espera-se casa bem composta em Alverca, com bilheteira a correr a bom ritmo.<\/li>\n<li>Andr\u00e9 Gomes e Chiquinho t\u00eam quatro amarelos e ficam em risco de suspens\u00e3o na desloca\u00e7\u00e3o a Vila do Conde.<\/li>\n<\/ul>\n","protected":false},"author":2,"featured_media":413676,"comment_status":"closed","ping_status":"closed","sticky":false,"template":"","format":"standard","meta":{"footnotes":""},"categories":[21,24],"tags":[4143,1230,32,1066,1652,1546],"class_list":["post-413672","post","type-post","status-publish","format-standard","has-post-thumbnail","hentry","category-desporto","category-futebol","tag-1-liga","tag-alverca","tag-futebol","tag-palmela","tag-sporting","tag-vila-do-conde"],"yoast_head":"<!-- This site is optimized with the Yoast SEO plugin v27.2 - https:\/\/yoast.com\/product\/yoast-seo-wordpress\/ -->\n<title>Alverca substitui o relvado no final da temporada - Portal Tela Portugal<\/title>\n<meta name=\"robots\" content=\"index, follow, max-snippet:-1, max-image-preview:large, max-video-preview:-1\" \/>\n<meta property=\"og:locale\" content=\"pt_PT\" \/>\n<meta property=\"og:type\" content=\"article\" \/>\n<meta property=\"og:title\" content=\"Alverca substitui o relvado no final da temporada - Portal Tela Portugal\" \/>\n<meta property=\"og:description\" content=\"O Alverca vai substituir o relvado do seu est\u00e1dio no final da temporada. A Liga alertou sobre o desgaste do tapete verde e o clube tem utilizado o Centro de Est\u00e1gios em Palmela para treinos e jogos de prepara\u00e7\u00e3o. No domingo, o encontro com o Sporting est\u00e1 marcado para as 18h00, e Cust\u00f3dio Castro dever\u00e1 manter o onze habitual, num sistema 3X4X3. Espera-se casa bem composta em Alverca, com bilheteira a correr a bom ritmo. Andr\u00e9 Gomes e Chiquinho t\u00eam quatro amarelos e ficam em risco de suspens\u00e3o na desloca\u00e7\u00e3o a Vila do Conde.\" \/>\n<meta property=\"og:url\" content=\"https:\/\/portaltela.pt\/noticias\/2026\/03\/17\/alverca-substitui-o-relvado-no-final-da-temporada\/\" \/>\n<meta property=\"og:site_name\" content=\"Portal Tela Portugal\" \/>\n<meta property=\"article:published_time\" content=\"2026-03-17T18:32:57+00:00\" \/>\n<meta name=\"author\" content=\"Telinha\" \/>\n<meta name=\"twitter:card\" content=\"summary_large_image\" \/>\n<meta name=\"twitter:label1\" content=\"Escrito por\" \/>\n\t<meta name=\"twitter:data1\" content=\"Telinha\" \/>\n\t<meta name=\"twitter:label2\" content=\"Tempo estimado de leitura\" \/>\n\t<meta name=\"twitter:data2\" content=\"1 minuto\" \/>\n<script type=\"application\/ld+json\" class=\"yoast-schema-graph\">{\"@context\":\"https:\/\/schema.org\",\"@graph\":[{\"@type\":\"Article\",\"@id\":\"https:\/\/portaltela.pt\/noticias\/2026\/03\/17\/alverca-substitui-o-relvado-no-final-da-temporada\/#article\",\"isPartOf\":{\"@id\":\"https:\/\/portaltela.pt\/noticias\/2026\/03\/17\/alverca-substitui-o-relvado-no-final-da-temporada\/\"},\"author\":{\"name\":\"Telinha\",\"@id\":\"https:\/\/portaltela.pt\/#\/schema\/person\/c4278d4a6028830caff9ee44b42d32ed\"},\"headline\":\"Alverca substitui o relvado no final da temporada\",\"datePublished\":\"2026-03-17T18:32:57+00:00\",\"mainEntityOfPage\":{\"@id\":\"https:\/\/portaltela.pt\/noticias\/2026\/03\/17\/alverca-substitui-o-relvado-no-final-da-temporada\/\"},\"wordCount\":148,\"image\":{\"@id\":\"https:\/\/portaltela.pt\/noticias\/2026\/03\/17\/alverca-substitui-o-relvado-no-final-da-temporada\/#primaryimage\"},\"thumbnailUrl\":\"https:\/\/portaltela.pt\/s.01k8rhncp4jt1\/2026\/03\/img_920x518uu2025-08-31-12-04-57-2386923-im-639093660907612859.jpg\",\"keywords\":[\"1. Liga\",\"Alverca\",\"futebol\",\"Palmela\",\"Sporting\",\"Vila do Conde\"],\"articleSection\":[\"Desporto\",\"Futebol\"],\"inLanguage\":\"pt-PT\"},{\"@type\":\"WebPage\",\"@id\":\"https:\/\/portaltela.pt\/noticias\/2026\/03\/17\/alverca-substitui-o-relvado-no-final-da-temporada\/\",\"url\":\"https:\/\/portaltela.pt\/noticias\/2026\/03\/17\/alverca-substitui-o-relvado-no-final-da-temporada\/\",\"name\":\"Alverca substitui o relvado no final da temporada - Portal Tela Portugal\",\"isPartOf\":{\"@id\":\"https:\/\/portaltela.pt\/#website\"},\"primaryImageOfPage\":{\"@id\":\"https:\/\/portaltela.pt\/noticias\/2026\/03\/17\/alverca-substitui-o-relvado-no-final-da-temporada\/#primaryimage\"},\"image\":{\"@id\":\"https:\/\/portaltela.pt\/noticias\/2026\/03\/17\/alverca-substitui-o-relvado-no-final-da-temporada\/#primaryimage\"},\"thumbnailUrl\":\"https:\/\/portaltela.pt\/s.01k8rhncp4jt1\/2026\/03\/img_920x518uu2025-08-31-12-04-57-2386923-im-639093660907612859.jpg\",\"datePublished\":\"2026-03-17T18:32:57+00:00\",\"author\":{\"@id\":\"https:\/\/portaltela.pt\/#\/schema\/person\/c4278d4a6028830caff9ee44b42d32ed\"},\"breadcrumb\":{\"@id\":\"https:\/\/portaltela.pt\/noticias\/2026\/03\/17\/alverca-substitui-o-relvado-no-final-da-temporada\/#breadcrumb\"},\"inLanguage\":\"pt-PT\",\"potentialAction\":[{\"@type\":\"ReadAction\",\"target\":[\"https:\/\/portaltela.pt\/noticias\/2026\/03\/17\/alverca-substitui-o-relvado-no-final-da-temporada\/\"]}]},{\"@type\":\"ImageObject\",\"inLanguage\":\"pt-PT\",\"@id\":\"https:\/\/portaltela.pt\/noticias\/2026\/03\/17\/alverca-substitui-o-relvado-no-final-da-temporada\/#primaryimage\",\"url\":\"https:\/\/portaltela.pt\/s.01k8rhncp4jt1\/2026\/03\/img_920x518uu2025-08-31-12-04-57-2386923-im-639093660907612859.jpg\",\"contentUrl\":\"https:\/\/portaltela.pt\/s.01k8rhncp4jt1\/2026\/03\/img_920x518uu2025-08-31-12-04-57-2386923-im-639093660907612859.jpg\",\"width\":796,\"height\":448,\"caption\":\"Alverca regressou este ano \u00e0 Liga\"},{\"@type\":\"BreadcrumbList\",\"@id\":\"https:\/\/portaltela.pt\/noticias\/2026\/03\/17\/alverca-substitui-o-relvado-no-final-da-temporada\/#breadcrumb\",\"itemListElement\":[{\"@type\":\"ListItem\",\"position\":1,\"name\":\"In\u00edcio\",\"item\":\"https:\/\/portaltela.pt\/\"},{\"@type\":\"ListItem\",\"position\":2,\"name\":\"Alverca substitui o relvado no final da temporada\"}]},{\"@type\":\"WebSite\",\"@id\":\"https:\/\/portaltela.pt\/#website\",\"url\":\"https:\/\/portaltela.pt\/\",\"name\":\"Portal Tela Portugal\",\"description\":\"\",\"potentialAction\":[{\"@type\":\"SearchAction\",\"target\":{\"@type\":\"EntryPoint\",\"urlTemplate\":\"https:\/\/portaltela.pt\/?s={search_term_string}\"},\"query-input\":{\"@type\":\"PropertyValueSpecification\",\"valueRequired\":true,\"valueName\":\"search_term_string\"}}],\"inLanguage\":\"pt-PT\"},{\"@type\":\"Person\",\"@id\":\"https:\/\/portaltela.pt\/#\/schema\/person\/c4278d4a6028830caff9ee44b42d32ed\",\"name\":\"Telinha\",\"image\":{\"@type\":\"ImageObject\",\"inLanguage\":\"pt-PT\",\"@id\":\"https:\/\/portaltela.pt\/s.01k8rhncp4jt1\/2025\/11\/talking-bot-125x125.png\",\"url\":\"https:\/\/portaltela.pt\/s.01k8rhncp4jt1\/2025\/11\/talking-bot-125x125.png\",\"contentUrl\":\"https:\/\/portaltela.pt\/s.01k8rhncp4jt1\/2025\/11\/talking-bot-125x125.png\",\"caption\":\"Telinha\"},\"sameAs\":[\"https:\/\/portaltela.pt\/\"],\"url\":\"https:\/\/portaltela.pt\/por\/367410592786\/\"}]}<\/script>\n<!-- \/ Yoast SEO plugin. -->","yoast_head_json":{"title":"Alverca substitui o relvado no final da temporada - Portal Tela Portugal","robots":{"index":"index","follow":"follow","max-snippet":"max-snippet:-1","max-image-preview":"max-image-preview:large","max-video-preview":"max-video-preview:-1"},"og_locale":"pt_PT","og_type":"article","og_title":"Alverca substitui o relvado no final da temporada - Portal Tela Portugal","og_description":"O Alverca vai substituir o relvado do seu est\u00e1dio no final da temporada. A Liga alertou sobre o desgaste do tapete verde e o clube tem utilizado o Centro de Est\u00e1gios em Palmela para treinos e jogos de prepara\u00e7\u00e3o. No domingo, o encontro com o Sporting est\u00e1 marcado para as 18h00, e Cust\u00f3dio Castro dever\u00e1 manter o onze habitual, num sistema 3X4X3. Espera-se casa bem composta em Alverca, com bilheteira a correr a bom ritmo. Andr\u00e9 Gomes e Chiquinho t\u00eam quatro amarelos e ficam em risco de suspens\u00e3o na desloca\u00e7\u00e3o a Vila do Conde.","og_url":"https:\/\/portaltela.pt\/noticias\/2026\/03\/17\/alverca-substitui-o-relvado-no-final-da-temporada\/","og_site_name":"Portal Tela Portugal","article_published_time":"2026-03-17T18:32:57+00:00","author":"Telinha","twitter_card":"summary_large_image","twitter_misc":{"Escrito por":"Telinha","Tempo estimado de leitura":"1 minuto"},"schema":{"@context":"https:\/\/schema.org","@graph":[{"@type":"Article","@id":"https:\/\/portaltela.pt\/noticias\/2026\/03\/17\/alverca-substitui-o-relvado-no-final-da-temporada\/#article","isPartOf":{"@id":"https:\/\/portaltela.pt\/noticias\/2026\/03\/17\/alverca-substitui-o-relvado-no-final-da-temporada\/"},"author":{"name":"Telinha","@id":"https:\/\/portaltela.pt\/#\/schema\/person\/c4278d4a6028830caff9ee44b42d32ed"},"headline":"Alverca substitui o relvado no final da temporada","datePublished":"2026-03-17T18:32:57+00:00","mainEntityOfPage":{"@id":"https:\/\/portaltela.pt\/noticias\/2026\/03\/17\/alverca-substitui-o-relvado-no-final-da-temporada\/"},"wordCount":148,"image":{"@id":"https:\/\/portaltela.pt\/noticias\/2026\/03\/17\/alverca-substitui-o-relvado-no-final-da-temporada\/#primaryimage"},"thumbnailUrl":"https:\/\/portaltela.pt\/s.01k8rhncp4jt1\/2026\/03\/img_920x518uu2025-08-31-12-04-57-2386923-im-639093660907612859.jpg","keywords":["1. Liga","Alverca","futebol","Palmela","Sporting","Vila do Conde"],"articleSection":["Desporto","Futebol"],"inLanguage":"pt-PT"},{"@type":"WebPage","@id":"https:\/\/portaltela.pt\/noticias\/2026\/03\/17\/alverca-substitui-o-relvado-no-final-da-temporada\/","url":"https:\/\/portaltela.pt\/noticias\/2026\/03\/17\/alverca-substitui-o-relvado-no-final-da-temporada\/","name":"Alverca substitui o relvado no final da temporada - Portal Tela Portugal","isPartOf":{"@id":"https:\/\/portaltela.pt\/#website"},"primaryImageOfPage":{"@id":"https:\/\/portaltela.pt\/noticias\/2026\/03\/17\/alverca-substitui-o-relvado-no-final-da-temporada\/#primaryimage"},"image":{"@id":"https:\/\/portaltela.pt\/noticias\/2026\/03\/17\/alverca-substitui-o-relvado-no-final-da-temporada\/#primaryimage"},"thumbnailUrl":"https:\/\/portaltela.pt\/s.01k8rhncp4jt1\/2026\/03\/img_920x518uu2025-08-31-12-04-57-2386923-im-639093660907612859.jpg","datePublished":"2026-03-17T18:32:57+00:00","author":{"@id":"https:\/\/portaltela.pt\/#\/schema\/person\/c4278d4a6028830caff9ee44b42d32ed"},"breadcrumb":{"@id":"https:\/\/portaltela.pt\/noticias\/2026\/03\/17\/alverca-substitui-o-relvado-no-final-da-temporada\/#breadcrumb"},"inLanguage":"pt-PT","potentialAction":[{"@type":"ReadAction","target":["https:\/\/portaltela.pt\/noticias\/2026\/03\/17\/alverca-substitui-o-relvado-no-final-da-temporada\/"]}]},{"@type":"ImageObject","inLanguage":"pt-PT","@id":"https:\/\/portaltela.pt\/noticias\/2026\/03\/17\/alverca-substitui-o-relvado-no-final-da-temporada\/#primaryimage","url":"https:\/\/portaltela.pt\/s.01k8rhncp4jt1\/2026\/03\/img_920x518uu2025-08-31-12-04-57-2386923-im-639093660907612859.jpg","contentUrl":"https:\/\/portaltela.pt\/s.01k8rhncp4jt1\/2026\/03\/img_920x518uu2025-08-31-12-04-57-2386923-im-639093660907612859.jpg","width":796,"height":448,"caption":"Alverca regressou este ano \u00e0 Liga"},{"@type":"BreadcrumbList","@id":"https:\/\/portaltela.pt\/noticias\/2026\/03\/17\/alverca-substitui-o-relvado-no-final-da-temporada\/#breadcrumb","itemListElement":[{"@type":"ListItem","position":1,"name":"In\u00edcio","item":"https:\/\/portaltela.pt\/"},{"@type":"ListItem","position":2,"name":"Alverca substitui o relvado no final da temporada"}]},{"@type":"WebSite","@id":"https:\/\/portaltela.pt\/#website","url":"https:\/\/portaltela.pt\/","name":"Portal Tela Portugal","description":"","potentialAction":[{"@type":"SearchAction","target":{"@type":"EntryPoint","urlTemplate":"https:\/\/portaltela.pt\/?s={search_term_string}"},"query-input":{"@type":"PropertyValueSpecification","valueRequired":true,"valueName":"search_term_string"}}],"inLanguage":"pt-PT"},{"@type":"Person","@id":"https:\/\/portaltela.pt\/#\/schema\/person\/c4278d4a6028830caff9ee44b42d32ed","name":"Telinha","image":{"@type":"ImageObject","inLanguage":"pt-PT","@id":"https:\/\/portaltela.pt\/s.01k8rhncp4jt1\/2025\/11\/talking-bot-125x125.png","url":"https:\/\/portaltela.pt\/s.01k8rhncp4jt1\/2025\/11\/talking-bot-125x125.png","contentUrl":"https:\/\/portaltela.pt\/s.01k8rhncp4jt1\/2025\/11\/talking-bot-125x125.png","caption":"Telinha"},"sameAs":["https:\/\/portaltela.pt\/"],"url":"https:\/\/portaltela.pt\/por\/367410592786\/"}]}},"_links":{"self":[{"href":"https:\/\/portaltela.pt\/api\/wp\/v2\/posts\/413672","targetHints":{"allow":["GET"]}}],"collection":[{"href":"https:\/\/portaltela.pt\/api\/wp\/v2\/posts"}],"about":[{"href":"https:\/\/portaltela.pt\/api\/wp\/v2\/types\/post"}],"author":[{"embeddable":true,"href":"https:\/\/portaltela.pt\/api\/wp\/v2\/users\/2"}],"replies":[{"embeddable":true,"href":"https:\/\/portaltela.pt\/api\/wp\/v2\/comments?post=413672"}],"version-history":[{"count":0,"href":"https:\/\/portaltela.pt\/api\/wp\/v2\/posts\/413672\/revisions"}],"wp:featuredmedia":[{"embeddable":true,"href":"https:\/\/portaltela.pt\/api\/wp\/v2\/media\/413676"}],"wp:attachment":[{"href":"https:\/\/portaltela.pt\/api\/wp\/v2\/media?parent=413672"}],"wp:term":[{"taxonomy":"category","embeddable":true,"href":"https:\/\/portaltela.pt\/api\/wp\/v2\/categories?post=413672"},{"taxonomy":"post_tag","embeddable":true,"href":"https:\/\/portaltela.pt\/api\/wp\/v2\/tags?post=413672"}],"curies":[{"name":"wp","href":"https:\/\/api.w.org\/{rel}","templated":true}]}}