{"id":413655,"date":"2026-03-17T15:22:17","date_gmt":"2026-03-17T18:22:17","guid":{"rendered":"https:\/\/portaltela.pt\/noticias\/2026\/03\/17\/gabriel-cavalcanti-fica-de-fora-da-selecao\/"},"modified":"2026-03-17T15:22:17","modified_gmt":"2026-03-17T18:22:17","slug":"gabriel-cavalcanti-fica-de-fora-da-selecao","status":"publish","type":"post","link":"https:\/\/portaltela.pt\/desporto\/futebol\/2026\/03\/17\/gabriel-cavalcanti-fica-de-fora-da-selecao\/","title":{"rendered":"Gabriel Cavalcanti fica de fora da sele\u00e7\u00e3o"},"content":{"rendered":"<p>O treinador Paulo Pereira anunciou a baixa de Gabriel Cavalcanti no grupo da Sele\u00e7\u00e3o Nacional. O lateral lusitano falhou o treino devido a um pequeno problema f\u00edsico, segundo a Federa\u00e7\u00e3o Portuguesa de Futebol (FAP). A aus\u00eancia obriga ajustes no planeamento da defesa.<\/p>\n<p>O treino aberto a cerca de 500 crian\u00e7as, realizado em Tondela, integrou a prepara\u00e7\u00e3o para o encontro particular com a Rep\u00fablica Checa, no Trof\u00e9u Cidade de Tondela. O embate est\u00e1 marcado para sexta-feira, \u00e0s 20h00, no recinto local.<\/p>\n<p>Paulo Pereira explicou que Cavalcanti estava previsto para atuar a defesa central, o que exigia altera\u00e7\u00f5es nos formatos de jogo. O t\u00e9cnico mostrou confian\u00e7a de que o est\u00e1gio continuar\u00e1 a correr bem e de que surgir\u00e3o novas solu\u00e7\u00f5es defensivas. O objetivo \u00e9 manter o n\u00edvel de desempenho da equipa.<\/p>\n<p>Diogo Oliveira, central de 28 anos, manifestou entusiasmo com a progress\u00e3o rumo \u00e0 estreia internacional. O jogador revelou ter trabalhado muito para alcan\u00e7ar esse objetivo e descreveu a experi\u00eancia como fant\u00e1stica.<\/p>\n<p>Rece\u00e7\u00e3o aos atletas tem sido positiva, com o selecionador a elogiar o compromisso e o desempenho dos jovens durante os treinos. O est\u00e1gio visa consolidar o modelo de jogo e preparar a equipa para o duelo com a Rep\u00fablica Checa.<\/p>\n","protected":false},"excerpt":{"rendered":"<ul>\n<li>A sele\u00e7\u00e3o realizou um treino aberto para cerca de 500 crian\u00e7as das escolas da regi\u00e3o de Tondela, de prepara\u00e7\u00e3o para o encontro particular frente \u00e0 Rep\u00fablica Checa, no Trof\u00e9u Cidade de Tondela.<\/li>\n<li>Gabriel Cavalcanti ficou de fora do grupo de trabalho devido a um \u201cpequeno problema f\u00edsico\u201d, segundo a Federa\u00e7\u00e3o Portuguesa de Futebol (FAP).<\/li>\n<li>O selecionador Paulo Pereira explicou que o defesa poderia atuar na posi\u00e7\u00e3o de defesa central e que a aus\u00eancia obriga a ajuste de formatos, mantendo a confian\u00e7a em solu\u00e7\u00f5es futuras.<\/li>\n<li>Pereira afirmou que o est\u00e1gio est\u00e1 a decorrer de forma impec\u00e1vel e elogiou o empenho e o envolvimento dos jovens atletas.<\/li>\n<li>Diogo Oliveira, central de 28 anos, mostrou-se entusiasmado com a possibilidade de conquistar a primeira internacionaliza\u00e7\u00e3o.<\/li>\n<\/ul>\n","protected":false},"author":2,"featured_media":413666,"comment_status":"closed","ping_status":"closed","sticky":false,"template":"","format":"standard","meta":{"footnotes":""},"categories":[21,24],"tags":[152,32,2844,5903,2057,1005],"class_list":["post-413655","post","type-post","status-publish","format-standard","has-post-thumbnail","hentry","category-desporto","category-futebol","tag-desporto","tag-futebol","tag-jovens","tag-republica-checa","tag-selecao-nacional","tag-tondela"],"yoast_head":"<!-- This site is optimized with the Yoast SEO plugin v27.2 - https:\/\/yoast.com\/product\/yoast-seo-wordpress\/ -->\n<title>Gabriel Cavalcanti fica de fora da sele\u00e7\u00e3o - Portal Tela Portugal<\/title>\n<meta name=\"robots\" content=\"index, follow, max-snippet:-1, max-image-preview:large, max-video-preview:-1\" \/>\n<meta property=\"og:locale\" content=\"pt_PT\" \/>\n<meta property=\"og:type\" content=\"article\" \/>\n<meta property=\"og:title\" content=\"Gabriel Cavalcanti fica de fora da sele\u00e7\u00e3o - Portal Tela Portugal\" \/>\n<meta property=\"og:description\" content=\"A sele\u00e7\u00e3o realizou um treino aberto para cerca de 500 crian\u00e7as das escolas da regi\u00e3o de Tondela, de prepara\u00e7\u00e3o para o encontro particular frente \u00e0 Rep\u00fablica Checa, no Trof\u00e9u Cidade de Tondela. Gabriel Cavalcanti ficou de fora do grupo de trabalho devido a um \u201cpequeno problema f\u00edsico\u201d, segundo a Federa\u00e7\u00e3o Portuguesa de Futebol (FAP). O selecionador Paulo Pereira explicou que o defesa poderia atuar na posi\u00e7\u00e3o de defesa central e que a aus\u00eancia obriga a ajuste de formatos, mantendo a confian\u00e7a em solu\u00e7\u00f5es futuras. Pereira afirmou que o est\u00e1gio est\u00e1 a decorrer de forma impec\u00e1vel e elogiou o empenho e o envolvimento dos jovens atletas. Diogo Oliveira, central de 28 anos, mostrou-se entusiasmado com a possibilidade de conquistar a primeira internacionaliza\u00e7\u00e3o.\" \/>\n<meta property=\"og:url\" content=\"https:\/\/portaltela.pt\/noticias\/2026\/03\/17\/gabriel-cavalcanti-fica-de-fora-da-selecao\/\" \/>\n<meta property=\"og:site_name\" content=\"Portal Tela Portugal\" \/>\n<meta property=\"article:published_time\" content=\"2026-03-17T18:22:17+00:00\" \/>\n<meta name=\"author\" content=\"Telinha\" \/>\n<meta name=\"twitter:card\" content=\"summary_large_image\" \/>\n<meta name=\"twitter:label1\" content=\"Escrito por\" \/>\n\t<meta name=\"twitter:data1\" content=\"Telinha\" \/>\n\t<meta name=\"twitter:label2\" content=\"Tempo estimado de leitura\" \/>\n\t<meta name=\"twitter:data2\" content=\"1 minuto\" \/>\n<script type=\"application\/ld+json\" class=\"yoast-schema-graph\">{\"@context\":\"https:\/\/schema.org\",\"@graph\":[{\"@type\":\"Article\",\"@id\":\"https:\/\/portaltela.pt\/noticias\/2026\/03\/17\/gabriel-cavalcanti-fica-de-fora-da-selecao\/#article\",\"isPartOf\":{\"@id\":\"https:\/\/portaltela.pt\/noticias\/2026\/03\/17\/gabriel-cavalcanti-fica-de-fora-da-selecao\/\"},\"author\":{\"name\":\"Telinha\",\"@id\":\"https:\/\/portaltela.pt\/#\/schema\/person\/c4278d4a6028830caff9ee44b42d32ed\"},\"headline\":\"Gabriel Cavalcanti fica de fora da sele\u00e7\u00e3o\",\"datePublished\":\"2026-03-17T18:22:17+00:00\",\"mainEntityOfPage\":{\"@id\":\"https:\/\/portaltela.pt\/noticias\/2026\/03\/17\/gabriel-cavalcanti-fica-de-fora-da-selecao\/\"},\"wordCount\":226,\"image\":{\"@id\":\"https:\/\/portaltela.pt\/noticias\/2026\/03\/17\/gabriel-cavalcanti-fica-de-fora-da-selecao\/#primaryimage\"},\"thumbnailUrl\":\"https:\/\/portaltela.pt\/s.01k8rhncp4jt1\/2026\/03\/img_920x518uu2026-03-17-18-20-47-2427620.jpg\",\"keywords\":[\"desporto\",\"futebol\",\"jovens\",\"Rep\u00fablica Checa\",\"Sele\u00e7\u00e3o Nacional\",\"Tondela\"],\"articleSection\":[\"Desporto\",\"Futebol\"],\"inLanguage\":\"pt-PT\"},{\"@type\":\"WebPage\",\"@id\":\"https:\/\/portaltela.pt\/noticias\/2026\/03\/17\/gabriel-cavalcanti-fica-de-fora-da-selecao\/\",\"url\":\"https:\/\/portaltela.pt\/noticias\/2026\/03\/17\/gabriel-cavalcanti-fica-de-fora-da-selecao\/\",\"name\":\"Gabriel Cavalcanti fica de fora da sele\u00e7\u00e3o - Portal Tela Portugal\",\"isPartOf\":{\"@id\":\"https:\/\/portaltela.pt\/#website\"},\"primaryImageOfPage\":{\"@id\":\"https:\/\/portaltela.pt\/noticias\/2026\/03\/17\/gabriel-cavalcanti-fica-de-fora-da-selecao\/#primaryimage\"},\"image\":{\"@id\":\"https:\/\/portaltela.pt\/noticias\/2026\/03\/17\/gabriel-cavalcanti-fica-de-fora-da-selecao\/#primaryimage\"},\"thumbnailUrl\":\"https:\/\/portaltela.pt\/s.01k8rhncp4jt1\/2026\/03\/img_920x518uu2026-03-17-18-20-47-2427620.jpg\",\"datePublished\":\"2026-03-17T18:22:17+00:00\",\"author\":{\"@id\":\"https:\/\/portaltela.pt\/#\/schema\/person\/c4278d4a6028830caff9ee44b42d32ed\"},\"breadcrumb\":{\"@id\":\"https:\/\/portaltela.pt\/noticias\/2026\/03\/17\/gabriel-cavalcanti-fica-de-fora-da-selecao\/#breadcrumb\"},\"inLanguage\":\"pt-PT\",\"potentialAction\":[{\"@type\":\"ReadAction\",\"target\":[\"https:\/\/portaltela.pt\/noticias\/2026\/03\/17\/gabriel-cavalcanti-fica-de-fora-da-selecao\/\"]}]},{\"@type\":\"ImageObject\",\"inLanguage\":\"pt-PT\",\"@id\":\"https:\/\/portaltela.pt\/noticias\/2026\/03\/17\/gabriel-cavalcanti-fica-de-fora-da-selecao\/#primaryimage\",\"url\":\"https:\/\/portaltela.pt\/s.01k8rhncp4jt1\/2026\/03\/img_920x518uu2026-03-17-18-20-47-2427620.jpg\",\"contentUrl\":\"https:\/\/portaltela.pt\/s.01k8rhncp4jt1\/2026\/03\/img_920x518uu2026-03-17-18-20-47-2427620.jpg\",\"width\":796,\"height\":448,\"caption\":\"Gabriel Cavalcanti falha jogo de prepara\u00e7\u00e3o em Tondela contra a Rep\u00fablica Checa\"},{\"@type\":\"BreadcrumbList\",\"@id\":\"https:\/\/portaltela.pt\/noticias\/2026\/03\/17\/gabriel-cavalcanti-fica-de-fora-da-selecao\/#breadcrumb\",\"itemListElement\":[{\"@type\":\"ListItem\",\"position\":1,\"name\":\"In\u00edcio\",\"item\":\"https:\/\/portaltela.pt\/\"},{\"@type\":\"ListItem\",\"position\":2,\"name\":\"Gabriel Cavalcanti fica de fora da sele\u00e7\u00e3o\"}]},{\"@type\":\"WebSite\",\"@id\":\"https:\/\/portaltela.pt\/#website\",\"url\":\"https:\/\/portaltela.pt\/\",\"name\":\"Portal Tela Portugal\",\"description\":\"\",\"potentialAction\":[{\"@type\":\"SearchAction\",\"target\":{\"@type\":\"EntryPoint\",\"urlTemplate\":\"https:\/\/portaltela.pt\/?s={search_term_string}\"},\"query-input\":{\"@type\":\"PropertyValueSpecification\",\"valueRequired\":true,\"valueName\":\"search_term_string\"}}],\"inLanguage\":\"pt-PT\"},{\"@type\":\"Person\",\"@id\":\"https:\/\/portaltela.pt\/#\/schema\/person\/c4278d4a6028830caff9ee44b42d32ed\",\"name\":\"Telinha\",\"image\":{\"@type\":\"ImageObject\",\"inLanguage\":\"pt-PT\",\"@id\":\"https:\/\/portaltela.pt\/s.01k8rhncp4jt1\/2025\/11\/talking-bot-125x125.png\",\"url\":\"https:\/\/portaltela.pt\/s.01k8rhncp4jt1\/2025\/11\/talking-bot-125x125.png\",\"contentUrl\":\"https:\/\/portaltela.pt\/s.01k8rhncp4jt1\/2025\/11\/talking-bot-125x125.png\",\"caption\":\"Telinha\"},\"sameAs\":[\"https:\/\/portaltela.pt\/\"],\"url\":\"https:\/\/portaltela.pt\/por\/367410592786\/\"}]}<\/script>\n<!-- \/ Yoast SEO plugin. -->","yoast_head_json":{"title":"Gabriel Cavalcanti fica de fora da sele\u00e7\u00e3o - Portal Tela Portugal","robots":{"index":"index","follow":"follow","max-snippet":"max-snippet:-1","max-image-preview":"max-image-preview:large","max-video-preview":"max-video-preview:-1"},"og_locale":"pt_PT","og_type":"article","og_title":"Gabriel Cavalcanti fica de fora da sele\u00e7\u00e3o - Portal Tela Portugal","og_description":"A sele\u00e7\u00e3o realizou um treino aberto para cerca de 500 crian\u00e7as das escolas da regi\u00e3o de Tondela, de prepara\u00e7\u00e3o para o encontro particular frente \u00e0 Rep\u00fablica Checa, no Trof\u00e9u Cidade de Tondela. Gabriel Cavalcanti ficou de fora do grupo de trabalho devido a um \u201cpequeno problema f\u00edsico\u201d, segundo a Federa\u00e7\u00e3o Portuguesa de Futebol (FAP). O selecionador Paulo Pereira explicou que o defesa poderia atuar na posi\u00e7\u00e3o de defesa central e que a aus\u00eancia obriga a ajuste de formatos, mantendo a confian\u00e7a em solu\u00e7\u00f5es futuras. Pereira afirmou que o est\u00e1gio est\u00e1 a decorrer de forma impec\u00e1vel e elogiou o empenho e o envolvimento dos jovens atletas. Diogo Oliveira, central de 28 anos, mostrou-se entusiasmado com a possibilidade de conquistar a primeira internacionaliza\u00e7\u00e3o.","og_url":"https:\/\/portaltela.pt\/noticias\/2026\/03\/17\/gabriel-cavalcanti-fica-de-fora-da-selecao\/","og_site_name":"Portal Tela Portugal","article_published_time":"2026-03-17T18:22:17+00:00","author":"Telinha","twitter_card":"summary_large_image","twitter_misc":{"Escrito por":"Telinha","Tempo estimado de leitura":"1 minuto"},"schema":{"@context":"https:\/\/schema.org","@graph":[{"@type":"Article","@id":"https:\/\/portaltela.pt\/noticias\/2026\/03\/17\/gabriel-cavalcanti-fica-de-fora-da-selecao\/#article","isPartOf":{"@id":"https:\/\/portaltela.pt\/noticias\/2026\/03\/17\/gabriel-cavalcanti-fica-de-fora-da-selecao\/"},"author":{"name":"Telinha","@id":"https:\/\/portaltela.pt\/#\/schema\/person\/c4278d4a6028830caff9ee44b42d32ed"},"headline":"Gabriel Cavalcanti fica de fora da sele\u00e7\u00e3o","datePublished":"2026-03-17T18:22:17+00:00","mainEntityOfPage":{"@id":"https:\/\/portaltela.pt\/noticias\/2026\/03\/17\/gabriel-cavalcanti-fica-de-fora-da-selecao\/"},"wordCount":226,"image":{"@id":"https:\/\/portaltela.pt\/noticias\/2026\/03\/17\/gabriel-cavalcanti-fica-de-fora-da-selecao\/#primaryimage"},"thumbnailUrl":"https:\/\/portaltela.pt\/s.01k8rhncp4jt1\/2026\/03\/img_920x518uu2026-03-17-18-20-47-2427620.jpg","keywords":["desporto","futebol","jovens","Rep\u00fablica Checa","Sele\u00e7\u00e3o Nacional","Tondela"],"articleSection":["Desporto","Futebol"],"inLanguage":"pt-PT"},{"@type":"WebPage","@id":"https:\/\/portaltela.pt\/noticias\/2026\/03\/17\/gabriel-cavalcanti-fica-de-fora-da-selecao\/","url":"https:\/\/portaltela.pt\/noticias\/2026\/03\/17\/gabriel-cavalcanti-fica-de-fora-da-selecao\/","name":"Gabriel Cavalcanti fica de fora da sele\u00e7\u00e3o - Portal Tela Portugal","isPartOf":{"@id":"https:\/\/portaltela.pt\/#website"},"primaryImageOfPage":{"@id":"https:\/\/portaltela.pt\/noticias\/2026\/03\/17\/gabriel-cavalcanti-fica-de-fora-da-selecao\/#primaryimage"},"image":{"@id":"https:\/\/portaltela.pt\/noticias\/2026\/03\/17\/gabriel-cavalcanti-fica-de-fora-da-selecao\/#primaryimage"},"thumbnailUrl":"https:\/\/portaltela.pt\/s.01k8rhncp4jt1\/2026\/03\/img_920x518uu2026-03-17-18-20-47-2427620.jpg","datePublished":"2026-03-17T18:22:17+00:00","author":{"@id":"https:\/\/portaltela.pt\/#\/schema\/person\/c4278d4a6028830caff9ee44b42d32ed"},"breadcrumb":{"@id":"https:\/\/portaltela.pt\/noticias\/2026\/03\/17\/gabriel-cavalcanti-fica-de-fora-da-selecao\/#breadcrumb"},"inLanguage":"pt-PT","potentialAction":[{"@type":"ReadAction","target":["https:\/\/portaltela.pt\/noticias\/2026\/03\/17\/gabriel-cavalcanti-fica-de-fora-da-selecao\/"]}]},{"@type":"ImageObject","inLanguage":"pt-PT","@id":"https:\/\/portaltela.pt\/noticias\/2026\/03\/17\/gabriel-cavalcanti-fica-de-fora-da-selecao\/#primaryimage","url":"https:\/\/portaltela.pt\/s.01k8rhncp4jt1\/2026\/03\/img_920x518uu2026-03-17-18-20-47-2427620.jpg","contentUrl":"https:\/\/portaltela.pt\/s.01k8rhncp4jt1\/2026\/03\/img_920x518uu2026-03-17-18-20-47-2427620.jpg","width":796,"height":448,"caption":"Gabriel Cavalcanti falha jogo de prepara\u00e7\u00e3o em Tondela contra a Rep\u00fablica Checa"},{"@type":"BreadcrumbList","@id":"https:\/\/portaltela.pt\/noticias\/2026\/03\/17\/gabriel-cavalcanti-fica-de-fora-da-selecao\/#breadcrumb","itemListElement":[{"@type":"ListItem","position":1,"name":"In\u00edcio","item":"https:\/\/portaltela.pt\/"},{"@type":"ListItem","position":2,"name":"Gabriel Cavalcanti fica de fora da sele\u00e7\u00e3o"}]},{"@type":"WebSite","@id":"https:\/\/portaltela.pt\/#website","url":"https:\/\/portaltela.pt\/","name":"Portal Tela Portugal","description":"","potentialAction":[{"@type":"SearchAction","target":{"@type":"EntryPoint","urlTemplate":"https:\/\/portaltela.pt\/?s={search_term_string}"},"query-input":{"@type":"PropertyValueSpecification","valueRequired":true,"valueName":"search_term_string"}}],"inLanguage":"pt-PT"},{"@type":"Person","@id":"https:\/\/portaltela.pt\/#\/schema\/person\/c4278d4a6028830caff9ee44b42d32ed","name":"Telinha","image":{"@type":"ImageObject","inLanguage":"pt-PT","@id":"https:\/\/portaltela.pt\/s.01k8rhncp4jt1\/2025\/11\/talking-bot-125x125.png","url":"https:\/\/portaltela.pt\/s.01k8rhncp4jt1\/2025\/11\/talking-bot-125x125.png","contentUrl":"https:\/\/portaltela.pt\/s.01k8rhncp4jt1\/2025\/11\/talking-bot-125x125.png","caption":"Telinha"},"sameAs":["https:\/\/portaltela.pt\/"],"url":"https:\/\/portaltela.pt\/por\/367410592786\/"}]}},"_links":{"self":[{"href":"https:\/\/portaltela.pt\/api\/wp\/v2\/posts\/413655","targetHints":{"allow":["GET"]}}],"collection":[{"href":"https:\/\/portaltela.pt\/api\/wp\/v2\/posts"}],"about":[{"href":"https:\/\/portaltela.pt\/api\/wp\/v2\/types\/post"}],"author":[{"embeddable":true,"href":"https:\/\/portaltela.pt\/api\/wp\/v2\/users\/2"}],"replies":[{"embeddable":true,"href":"https:\/\/portaltela.pt\/api\/wp\/v2\/comments?post=413655"}],"version-history":[{"count":0,"href":"https:\/\/portaltela.pt\/api\/wp\/v2\/posts\/413655\/revisions"}],"wp:featuredmedia":[{"embeddable":true,"href":"https:\/\/portaltela.pt\/api\/wp\/v2\/media\/413666"}],"wp:attachment":[{"href":"https:\/\/portaltela.pt\/api\/wp\/v2\/media?parent=413655"}],"wp:term":[{"taxonomy":"category","embeddable":true,"href":"https:\/\/portaltela.pt\/api\/wp\/v2\/categories?post=413655"},{"taxonomy":"post_tag","embeddable":true,"href":"https:\/\/portaltela.pt\/api\/wp\/v2\/tags?post=413655"}],"curies":[{"name":"wp","href":"https:\/\/api.w.org\/{rel}","templated":true}]}}