{"id":413635,"date":"2026-03-17T12:45:00","date_gmt":"2026-03-17T15:45:00","guid":{"rendered":"https:\/\/portaltela.pt\/noticias\/2026\/03\/17\/brasil-media-de-15-mulheres-e-meninas-vitimas-de-violacoes-coletivas-por-dia\/"},"modified":"2026-03-17T12:45:00","modified_gmt":"2026-03-17T15:45:00","slug":"brasil-media-de-15-mulheres-e-meninas-vitimas-de-violacoes-coletivas-por-dia","status":"publish","type":"post","link":"https:\/\/portaltela.pt\/noticias\/2026\/03\/17\/brasil-media-de-15-mulheres-e-meninas-vitimas-de-violacoes-coletivas-por-dia\/","title":{"rendered":"Brasil: m\u00e9dia de 15 mulheres e meninas v\u00edtimas de viola\u00e7\u00f5es coletivas por dia"},"content":{"rendered":"<p>Dois a cada tr\u00eas casos reportados de viola\u00e7\u00e3o em grupo envolvem menores de idade, segundo dados oficiais. Entre 2022 e 2025, o Brasil registou pelo menos 22.800 v\u00edtimas que foram violadas por dois ou mais criminosos sexuais. A maioria s\u00e3o meninas e mulheres negras.<\/p>\n<p>O n\u00famero indica uma m\u00e9dia di\u00e1ria de 15 v\u00edtimas, com 8,4 mil adultas e 14,4 mil menores. As autoridades reconhecem que os registos oficiais est\u00e3o longe da realidade, pois muitas v\u00edtimas n\u00e3o denunciam por medo, vergonha ou retalia\u00e7\u00e3o.<\/p>\n<p>O relat\u00f3rio, divulgado pelo Sinan, \u00f3rg\u00e3o ligado ao Minist\u00e9rio da Sa\u00fade, refor\u00e7a a necessidade de dados mais precisos e de pol\u00edticas p\u00fablicas que protejam as pessoas vulner\u00e1veis. A subnotifica\u00e7\u00e3o agrava a compreens\u00e3o do problema.<\/p>\n<h3>Contexto e dados oficiais<\/h3>\n<p>O estudo aponta que a viol\u00eancia ocorre com frequ\u00eancia elevada em comunidades pobres e perif\u00e9ricas, onde a mobiliza\u00e7\u00e3o de redes de apoio \u00e9 menor. Entre os fatores est\u00e3o o estigma social, viol\u00eancia estrutural e falhas na preven\u00e7\u00e3o e resposta das autoridades.<\/p>\n<p>Casos de grande repercuss\u00e3o mostraram a gravidade do tema. Em Copacabana, Rio de Janeiro, uma adolescente de 17 anos foi atra\u00edda para um apartamento por um colega e violentada por ele e mais quatro homens, que tamb\u00e9m a espancaram. O envolvimento de familiares de alto rendimento acendeu o debate p\u00fablico.<\/p>\n<p>Casos adicionais ajudam a entender o que est\u00e1 em jogo. Uma menina de 13 anos foi violada por sete traficantes numa favela do Rio, supostamente por ser considerada namorada de um traficante rival, o que foi posteriormente negado. Em regi\u00f5es mais remotas, viola\u00e7\u00f5es em grupo ocorrem com menos cobertura de justi\u00e7a.<\/p>\n<p>As autoridades reiteram que muitas v\u00edtimas s\u00e3o responsabilizadas pela pr\u00f3pria apar\u00eancia ou vestimenta. A resposta judicial e policial permanece desigual entre regi\u00f5es, com maior impunidade em \u00e1reas afastadas, onde o acesso a servi\u00e7os de apoio \u00e9 mais dif\u00edcil.<\/p>\n<p>O relat\u00f3rio enfatiza a import\u00e2ncia de ampliar redes de prote\u00e7\u00e3o, investiga\u00e7\u00e3o eficaz e campanhas de preven\u00e7\u00e3o. A atualiza\u00e7\u00e3o de dados \u00e9 apontada como essencial para orientar pol\u00edticas p\u00fablicas, com foco na prote\u00e7\u00e3o de meninas e mulheres vulner\u00e1veis.<\/p>\n","protected":false},"excerpt":{"rendered":"<ul>\n<li>Entre 2022 e 2025, pelo menos 22.800 meninas e mulheres foram violadas por dois ou mais criminosos sexuais no Brasil.<\/li>\n<li>A m\u00e9dia \u00e9 de pelo menos 15 v\u00edtimas por dia, sendo 8,4 mil adultas e 14,4 mil menores de idade.<\/li>\n<li>Os dados s\u00e3o do Sistema de Informa\u00e7\u00e3o de Agravos de Notifica\u00e7\u00e3o (SINAN), ligado ao Minist\u00e9rio da Sa\u00fade, que reconhece haver sub-registro.<\/li>\n<li>Casos recentes ganharam notoriedade, como o de uma adolescente de 17 anos em Copacabana, violada por v\u00e1rios homens; crimes que afetam principalmente comunidades negras em \u00e1reas pobres.<\/li>\n<li>Em regi\u00f5es mais isoladas, como nordeste e Amaz\u00f3nia, viola\u00e7\u00f5es coletivas de crian\u00e7as e adolescentes ocorrem com pouca puni\u00e7\u00e3o aos agressores e, muitas vezes, responsabiliza\u00e7\u00e3o das v\u00edtimas pela apar\u00eancia.<\/li>\n<\/ul>\n","protected":false},"author":2,"featured_media":413640,"comment_status":"closed","ping_status":"closed","sticky":false,"template":"","format":"standard","meta":{"footnotes":""},"categories":[1],"tags":[2547,6056,2701,939,4114,5892],"class_list":["post-413635","post","type-post","status-publish","format-standard","has-post-thumbnail","hentry","category-noticias","tag-brasil","tag-menores","tag-mulheres","tag-violencia","tag-violencia-de-genero-desafios-na-atualidade","tag-violencia-sexual"],"yoast_head":"<!-- This site is optimized with the Yoast SEO plugin v27.2 - https:\/\/yoast.com\/product\/yoast-seo-wordpress\/ -->\n<title>Brasil: m\u00e9dia de 15 mulheres e meninas v\u00edtimas de viola\u00e7\u00f5es coletivas por dia - Portal Tela Portugal<\/title>\n<meta name=\"robots\" content=\"index, follow, max-snippet:-1, max-image-preview:large, max-video-preview:-1\" \/>\n<meta property=\"og:locale\" content=\"pt_PT\" \/>\n<meta property=\"og:type\" content=\"article\" \/>\n<meta property=\"og:title\" content=\"Brasil: m\u00e9dia de 15 mulheres e meninas v\u00edtimas de viola\u00e7\u00f5es coletivas por dia - Portal Tela Portugal\" \/>\n<meta property=\"og:description\" content=\"Entre 2022 e 2025, pelo menos 22.800 meninas e mulheres foram violadas por dois ou mais criminosos sexuais no Brasil. A m\u00e9dia \u00e9 de pelo menos 15 v\u00edtimas por dia, sendo 8,4 mil adultas e 14,4 mil menores de idade. Os dados s\u00e3o do Sistema de Informa\u00e7\u00e3o de Agravos de Notifica\u00e7\u00e3o (SINAN), ligado ao Minist\u00e9rio da Sa\u00fade, que reconhece haver sub-registro. Casos recentes ganharam notoriedade, como o de uma adolescente de 17 anos em Copacabana, violada por v\u00e1rios homens; crimes que afetam principalmente comunidades negras em \u00e1reas pobres. Em regi\u00f5es mais isoladas, como nordeste e Amaz\u00f3nia, viola\u00e7\u00f5es coletivas de crian\u00e7as e adolescentes ocorrem com pouca puni\u00e7\u00e3o aos agressores e, muitas vezes, responsabiliza\u00e7\u00e3o das v\u00edtimas pela apar\u00eancia.\" \/>\n<meta property=\"og:url\" content=\"https:\/\/portaltela.pt\/noticias\/2026\/03\/17\/brasil-media-de-15-mulheres-e-meninas-vitimas-de-violacoes-coletivas-por-dia\/\" \/>\n<meta property=\"og:site_name\" content=\"Portal Tela Portugal\" \/>\n<meta property=\"article:published_time\" content=\"2026-03-17T15:45:00+00:00\" \/>\n<meta name=\"author\" content=\"Telinha\" \/>\n<meta name=\"twitter:card\" content=\"summary_large_image\" \/>\n<meta name=\"twitter:label1\" content=\"Escrito por\" \/>\n\t<meta name=\"twitter:data1\" content=\"Telinha\" \/>\n\t<meta name=\"twitter:label2\" content=\"Tempo estimado de leitura\" \/>\n\t<meta name=\"twitter:data2\" content=\"2 minutos\" \/>\n<script type=\"application\/ld+json\" class=\"yoast-schema-graph\">{\"@context\":\"https:\/\/schema.org\",\"@graph\":[{\"@type\":\"Article\",\"@id\":\"https:\/\/portaltela.pt\/noticias\/2026\/03\/17\/brasil-media-de-15-mulheres-e-meninas-vitimas-de-violacoes-coletivas-por-dia\/#article\",\"isPartOf\":{\"@id\":\"https:\/\/portaltela.pt\/noticias\/2026\/03\/17\/brasil-media-de-15-mulheres-e-meninas-vitimas-de-violacoes-coletivas-por-dia\/\"},\"author\":{\"name\":\"Telinha\",\"@id\":\"https:\/\/portaltela.pt\/#\/schema\/person\/c4278d4a6028830caff9ee44b42d32ed\"},\"headline\":\"Brasil: m\u00e9dia de 15 mulheres e meninas v\u00edtimas de viola\u00e7\u00f5es coletivas por dia\",\"datePublished\":\"2026-03-17T15:45:00+00:00\",\"mainEntityOfPage\":{\"@id\":\"https:\/\/portaltela.pt\/noticias\/2026\/03\/17\/brasil-media-de-15-mulheres-e-meninas-vitimas-de-violacoes-coletivas-por-dia\/\"},\"wordCount\":394,\"image\":{\"@id\":\"https:\/\/portaltela.pt\/noticias\/2026\/03\/17\/brasil-media-de-15-mulheres-e-meninas-vitimas-de-violacoes-coletivas-por-dia\/#primaryimage\"},\"thumbnailUrl\":\"https:\/\/portaltela.pt\/s.01k8rhncp4jt1\/2026\/03\/img_1500x1000uu2014-02-05-15-11-00-270004.jpg\",\"keywords\":[\"Brasil\",\"menores\",\"Mulheres\",\"viol\u00eancia\",\"viol\u00eancia de g\u00e9nero \u2013 Desafios na Atualidade\",\"viol\u00eancia sexual\"],\"articleSection\":[\"Not\u00edcias\"],\"inLanguage\":\"pt-PT\"},{\"@type\":\"WebPage\",\"@id\":\"https:\/\/portaltela.pt\/noticias\/2026\/03\/17\/brasil-media-de-15-mulheres-e-meninas-vitimas-de-violacoes-coletivas-por-dia\/\",\"url\":\"https:\/\/portaltela.pt\/noticias\/2026\/03\/17\/brasil-media-de-15-mulheres-e-meninas-vitimas-de-violacoes-coletivas-por-dia\/\",\"name\":\"Brasil: m\u00e9dia de 15 mulheres e meninas v\u00edtimas de viola\u00e7\u00f5es coletivas por dia - Portal Tela Portugal\",\"isPartOf\":{\"@id\":\"https:\/\/portaltela.pt\/#website\"},\"primaryImageOfPage\":{\"@id\":\"https:\/\/portaltela.pt\/noticias\/2026\/03\/17\/brasil-media-de-15-mulheres-e-meninas-vitimas-de-violacoes-coletivas-por-dia\/#primaryimage\"},\"image\":{\"@id\":\"https:\/\/portaltela.pt\/noticias\/2026\/03\/17\/brasil-media-de-15-mulheres-e-meninas-vitimas-de-violacoes-coletivas-por-dia\/#primaryimage\"},\"thumbnailUrl\":\"https:\/\/portaltela.pt\/s.01k8rhncp4jt1\/2026\/03\/img_1500x1000uu2014-02-05-15-11-00-270004.jpg\",\"datePublished\":\"2026-03-17T15:45:00+00:00\",\"author\":{\"@id\":\"https:\/\/portaltela.pt\/#\/schema\/person\/c4278d4a6028830caff9ee44b42d32ed\"},\"breadcrumb\":{\"@id\":\"https:\/\/portaltela.pt\/noticias\/2026\/03\/17\/brasil-media-de-15-mulheres-e-meninas-vitimas-de-violacoes-coletivas-por-dia\/#breadcrumb\"},\"inLanguage\":\"pt-PT\",\"potentialAction\":[{\"@type\":\"ReadAction\",\"target\":[\"https:\/\/portaltela.pt\/noticias\/2026\/03\/17\/brasil-media-de-15-mulheres-e-meninas-vitimas-de-violacoes-coletivas-por-dia\/\"]}]},{\"@type\":\"ImageObject\",\"inLanguage\":\"pt-PT\",\"@id\":\"https:\/\/portaltela.pt\/noticias\/2026\/03\/17\/brasil-media-de-15-mulheres-e-meninas-vitimas-de-violacoes-coletivas-por-dia\/#primaryimage\",\"url\":\"https:\/\/portaltela.pt\/s.01k8rhncp4jt1\/2026\/03\/img_1500x1000uu2014-02-05-15-11-00-270004.jpg\",\"contentUrl\":\"https:\/\/portaltela.pt\/s.01k8rhncp4jt1\/2026\/03\/img_1500x1000uu2014-02-05-15-11-00-270004.jpg\",\"width\":796,\"height\":448,\"caption\":\"Brasil teve 15 viola\u00e7\u00f5es sexuais colectivas por dia nos \u00faltimos tr\u00eas anos\"},{\"@type\":\"BreadcrumbList\",\"@id\":\"https:\/\/portaltela.pt\/noticias\/2026\/03\/17\/brasil-media-de-15-mulheres-e-meninas-vitimas-de-violacoes-coletivas-por-dia\/#breadcrumb\",\"itemListElement\":[{\"@type\":\"ListItem\",\"position\":1,\"name\":\"In\u00edcio\",\"item\":\"https:\/\/portaltela.pt\/\"},{\"@type\":\"ListItem\",\"position\":2,\"name\":\"Brasil: m\u00e9dia de 15 mulheres e meninas v\u00edtimas de viola\u00e7\u00f5es coletivas por dia\"}]},{\"@type\":\"WebSite\",\"@id\":\"https:\/\/portaltela.pt\/#website\",\"url\":\"https:\/\/portaltela.pt\/\",\"name\":\"Portal Tela Portugal\",\"description\":\"\",\"potentialAction\":[{\"@type\":\"SearchAction\",\"target\":{\"@type\":\"EntryPoint\",\"urlTemplate\":\"https:\/\/portaltela.pt\/?s={search_term_string}\"},\"query-input\":{\"@type\":\"PropertyValueSpecification\",\"valueRequired\":true,\"valueName\":\"search_term_string\"}}],\"inLanguage\":\"pt-PT\"},{\"@type\":\"Person\",\"@id\":\"https:\/\/portaltela.pt\/#\/schema\/person\/c4278d4a6028830caff9ee44b42d32ed\",\"name\":\"Telinha\",\"image\":{\"@type\":\"ImageObject\",\"inLanguage\":\"pt-PT\",\"@id\":\"https:\/\/portaltela.pt\/s.01k8rhncp4jt1\/2025\/11\/talking-bot-125x125.png\",\"url\":\"https:\/\/portaltela.pt\/s.01k8rhncp4jt1\/2025\/11\/talking-bot-125x125.png\",\"contentUrl\":\"https:\/\/portaltela.pt\/s.01k8rhncp4jt1\/2025\/11\/talking-bot-125x125.png\",\"caption\":\"Telinha\"},\"sameAs\":[\"https:\/\/portaltela.pt\/\"],\"url\":\"https:\/\/portaltela.pt\/por\/367410592786\/\"}]}<\/script>\n<!-- \/ Yoast SEO plugin. -->","yoast_head_json":{"title":"Brasil: m\u00e9dia de 15 mulheres e meninas v\u00edtimas de viola\u00e7\u00f5es coletivas por dia - Portal Tela Portugal","robots":{"index":"index","follow":"follow","max-snippet":"max-snippet:-1","max-image-preview":"max-image-preview:large","max-video-preview":"max-video-preview:-1"},"og_locale":"pt_PT","og_type":"article","og_title":"Brasil: m\u00e9dia de 15 mulheres e meninas v\u00edtimas de viola\u00e7\u00f5es coletivas por dia - Portal Tela Portugal","og_description":"Entre 2022 e 2025, pelo menos 22.800 meninas e mulheres foram violadas por dois ou mais criminosos sexuais no Brasil. A m\u00e9dia \u00e9 de pelo menos 15 v\u00edtimas por dia, sendo 8,4 mil adultas e 14,4 mil menores de idade. Os dados s\u00e3o do Sistema de Informa\u00e7\u00e3o de Agravos de Notifica\u00e7\u00e3o (SINAN), ligado ao Minist\u00e9rio da Sa\u00fade, que reconhece haver sub-registro. Casos recentes ganharam notoriedade, como o de uma adolescente de 17 anos em Copacabana, violada por v\u00e1rios homens; crimes que afetam principalmente comunidades negras em \u00e1reas pobres. Em regi\u00f5es mais isoladas, como nordeste e Amaz\u00f3nia, viola\u00e7\u00f5es coletivas de crian\u00e7as e adolescentes ocorrem com pouca puni\u00e7\u00e3o aos agressores e, muitas vezes, responsabiliza\u00e7\u00e3o das v\u00edtimas pela apar\u00eancia.","og_url":"https:\/\/portaltela.pt\/noticias\/2026\/03\/17\/brasil-media-de-15-mulheres-e-meninas-vitimas-de-violacoes-coletivas-por-dia\/","og_site_name":"Portal Tela Portugal","article_published_time":"2026-03-17T15:45:00+00:00","author":"Telinha","twitter_card":"summary_large_image","twitter_misc":{"Escrito por":"Telinha","Tempo estimado de leitura":"2 minutos"},"schema":{"@context":"https:\/\/schema.org","@graph":[{"@type":"Article","@id":"https:\/\/portaltela.pt\/noticias\/2026\/03\/17\/brasil-media-de-15-mulheres-e-meninas-vitimas-de-violacoes-coletivas-por-dia\/#article","isPartOf":{"@id":"https:\/\/portaltela.pt\/noticias\/2026\/03\/17\/brasil-media-de-15-mulheres-e-meninas-vitimas-de-violacoes-coletivas-por-dia\/"},"author":{"name":"Telinha","@id":"https:\/\/portaltela.pt\/#\/schema\/person\/c4278d4a6028830caff9ee44b42d32ed"},"headline":"Brasil: m\u00e9dia de 15 mulheres e meninas v\u00edtimas de viola\u00e7\u00f5es coletivas por dia","datePublished":"2026-03-17T15:45:00+00:00","mainEntityOfPage":{"@id":"https:\/\/portaltela.pt\/noticias\/2026\/03\/17\/brasil-media-de-15-mulheres-e-meninas-vitimas-de-violacoes-coletivas-por-dia\/"},"wordCount":394,"image":{"@id":"https:\/\/portaltela.pt\/noticias\/2026\/03\/17\/brasil-media-de-15-mulheres-e-meninas-vitimas-de-violacoes-coletivas-por-dia\/#primaryimage"},"thumbnailUrl":"https:\/\/portaltela.pt\/s.01k8rhncp4jt1\/2026\/03\/img_1500x1000uu2014-02-05-15-11-00-270004.jpg","keywords":["Brasil","menores","Mulheres","viol\u00eancia","viol\u00eancia de g\u00e9nero \u2013 Desafios na Atualidade","viol\u00eancia sexual"],"articleSection":["Not\u00edcias"],"inLanguage":"pt-PT"},{"@type":"WebPage","@id":"https:\/\/portaltela.pt\/noticias\/2026\/03\/17\/brasil-media-de-15-mulheres-e-meninas-vitimas-de-violacoes-coletivas-por-dia\/","url":"https:\/\/portaltela.pt\/noticias\/2026\/03\/17\/brasil-media-de-15-mulheres-e-meninas-vitimas-de-violacoes-coletivas-por-dia\/","name":"Brasil: m\u00e9dia de 15 mulheres e meninas v\u00edtimas de viola\u00e7\u00f5es coletivas por dia - Portal Tela Portugal","isPartOf":{"@id":"https:\/\/portaltela.pt\/#website"},"primaryImageOfPage":{"@id":"https:\/\/portaltela.pt\/noticias\/2026\/03\/17\/brasil-media-de-15-mulheres-e-meninas-vitimas-de-violacoes-coletivas-por-dia\/#primaryimage"},"image":{"@id":"https:\/\/portaltela.pt\/noticias\/2026\/03\/17\/brasil-media-de-15-mulheres-e-meninas-vitimas-de-violacoes-coletivas-por-dia\/#primaryimage"},"thumbnailUrl":"https:\/\/portaltela.pt\/s.01k8rhncp4jt1\/2026\/03\/img_1500x1000uu2014-02-05-15-11-00-270004.jpg","datePublished":"2026-03-17T15:45:00+00:00","author":{"@id":"https:\/\/portaltela.pt\/#\/schema\/person\/c4278d4a6028830caff9ee44b42d32ed"},"breadcrumb":{"@id":"https:\/\/portaltela.pt\/noticias\/2026\/03\/17\/brasil-media-de-15-mulheres-e-meninas-vitimas-de-violacoes-coletivas-por-dia\/#breadcrumb"},"inLanguage":"pt-PT","potentialAction":[{"@type":"ReadAction","target":["https:\/\/portaltela.pt\/noticias\/2026\/03\/17\/brasil-media-de-15-mulheres-e-meninas-vitimas-de-violacoes-coletivas-por-dia\/"]}]},{"@type":"ImageObject","inLanguage":"pt-PT","@id":"https:\/\/portaltela.pt\/noticias\/2026\/03\/17\/brasil-media-de-15-mulheres-e-meninas-vitimas-de-violacoes-coletivas-por-dia\/#primaryimage","url":"https:\/\/portaltela.pt\/s.01k8rhncp4jt1\/2026\/03\/img_1500x1000uu2014-02-05-15-11-00-270004.jpg","contentUrl":"https:\/\/portaltela.pt\/s.01k8rhncp4jt1\/2026\/03\/img_1500x1000uu2014-02-05-15-11-00-270004.jpg","width":796,"height":448,"caption":"Brasil teve 15 viola\u00e7\u00f5es sexuais colectivas por dia nos \u00faltimos tr\u00eas anos"},{"@type":"BreadcrumbList","@id":"https:\/\/portaltela.pt\/noticias\/2026\/03\/17\/brasil-media-de-15-mulheres-e-meninas-vitimas-de-violacoes-coletivas-por-dia\/#breadcrumb","itemListElement":[{"@type":"ListItem","position":1,"name":"In\u00edcio","item":"https:\/\/portaltela.pt\/"},{"@type":"ListItem","position":2,"name":"Brasil: m\u00e9dia de 15 mulheres e meninas v\u00edtimas de viola\u00e7\u00f5es coletivas por dia"}]},{"@type":"WebSite","@id":"https:\/\/portaltela.pt\/#website","url":"https:\/\/portaltela.pt\/","name":"Portal Tela Portugal","description":"","potentialAction":[{"@type":"SearchAction","target":{"@type":"EntryPoint","urlTemplate":"https:\/\/portaltela.pt\/?s={search_term_string}"},"query-input":{"@type":"PropertyValueSpecification","valueRequired":true,"valueName":"search_term_string"}}],"inLanguage":"pt-PT"},{"@type":"Person","@id":"https:\/\/portaltela.pt\/#\/schema\/person\/c4278d4a6028830caff9ee44b42d32ed","name":"Telinha","image":{"@type":"ImageObject","inLanguage":"pt-PT","@id":"https:\/\/portaltela.pt\/s.01k8rhncp4jt1\/2025\/11\/talking-bot-125x125.png","url":"https:\/\/portaltela.pt\/s.01k8rhncp4jt1\/2025\/11\/talking-bot-125x125.png","contentUrl":"https:\/\/portaltela.pt\/s.01k8rhncp4jt1\/2025\/11\/talking-bot-125x125.png","caption":"Telinha"},"sameAs":["https:\/\/portaltela.pt\/"],"url":"https:\/\/portaltela.pt\/por\/367410592786\/"}]}},"_links":{"self":[{"href":"https:\/\/portaltela.pt\/api\/wp\/v2\/posts\/413635","targetHints":{"allow":["GET"]}}],"collection":[{"href":"https:\/\/portaltela.pt\/api\/wp\/v2\/posts"}],"about":[{"href":"https:\/\/portaltela.pt\/api\/wp\/v2\/types\/post"}],"author":[{"embeddable":true,"href":"https:\/\/portaltela.pt\/api\/wp\/v2\/users\/2"}],"replies":[{"embeddable":true,"href":"https:\/\/portaltela.pt\/api\/wp\/v2\/comments?post=413635"}],"version-history":[{"count":0,"href":"https:\/\/portaltela.pt\/api\/wp\/v2\/posts\/413635\/revisions"}],"wp:featuredmedia":[{"embeddable":true,"href":"https:\/\/portaltela.pt\/api\/wp\/v2\/media\/413640"}],"wp:attachment":[{"href":"https:\/\/portaltela.pt\/api\/wp\/v2\/media?parent=413635"}],"wp:term":[{"taxonomy":"category","embeddable":true,"href":"https:\/\/portaltela.pt\/api\/wp\/v2\/categories?post=413635"},{"taxonomy":"post_tag","embeddable":true,"href":"https:\/\/portaltela.pt\/api\/wp\/v2\/tags?post=413635"}],"curies":[{"name":"wp","href":"https:\/\/api.w.org\/{rel}","templated":true}]}}