{"id":413624,"date":"2026-03-17T15:02:22","date_gmt":"2026-03-17T18:02:22","guid":{"rendered":"https:\/\/portaltela.pt\/noticias\/2026\/03\/17\/otan-reforca-presenca-no-artico-com-forca-no-gelo\/"},"modified":"2026-03-17T15:02:22","modified_gmt":"2026-03-17T18:02:22","slug":"otan-reforca-presenca-no-artico-com-forca-no-gelo","status":"publish","type":"post","link":"https:\/\/portaltela.pt\/noticias\/2026\/03\/17\/otan-reforca-presenca-no-artico-com-forca-no-gelo\/","title":{"rendered":"OTAN refor\u00e7a presen\u00e7a no \u00c1rtico com for\u00e7a no gelo"},"content":{"rendered":"<p>Soldados da NATO est\u00e3o a treinar em condi\u00e7\u00f5es extremas no norte da Europa, com neve, gelo e temperaturas negativas a testar a prontid\u00e3o das opera\u00e7\u00f5es. O objetivo \u00e9 avaliar capacidades log\u00edsticas, mobilidade e resposta a situa\u00e7\u00f5es de combate em ambiente \u00e1rtico.<\/p>\n<p>As for\u00e7as envolvidas incluem unidades de v\u00e1rias alian\u00e7as, que participam de exerc\u00edcios conjuntos para melhorar a interoperabilidade entre tropas, equipamentos e comandos. O treino foca-se na resist\u00eancia f\u00edsica e na precis\u00e3o de manobras sob clima severo.<\/p>\n<p>A atividade ocorre numa regi\u00e3o \u00e1rtica, onde as condi\u00e7\u00f5es de frio intensas exigem escolhas estrat\u00e9gicas de locom\u00e7\u00e3o, abrigo e comunica\u00e7\u00e3o. Autoridades destacam a import\u00e2ncia de manter capacidades de dissu\u00e3o e resposta r\u00e1pida na regi\u00e3o.<\/p>\n<p><strong>Treino e objetivos<\/strong>: o programa visa aferir tempos de rea\u00e7\u00e3o, escalonamento de apoios e log\u00edstica de abastecimento sob neve profunda, bem como o funcionamento de sistemas de vigil\u00e2ncia e de comunica\u00e7\u00f5es em gelo.<\/p>\n<p>AP<\/p>\n<p>As autoridades refor\u00e7am que as opera\u00e7\u00f5es s\u00e3o puramente defensivas e visam manter a estabilidade regional, sem indicar mudan\u00e7as de estrat\u00e9gia de longo prazo. O foco permanece na coopera\u00e7\u00e3o entre os aliados.<\/p>\n","protected":false},"excerpt":{"rendered":"<ul>\n<li>Soldados da NATO treinam no \u00c1rtico, no norte da Europa, em ambiente com neve, gelo e temperaturas negativas.<\/li>\n<li>Os exerc\u00edcios visam testar prontid\u00e3o e opera\u00e7\u00f5es em condi\u00e7\u00f5es extremas.<\/li>\n<li>A pr\u00e1tica foca em elementos como mobilidade, log\u00edstica e resposta em cen\u00e1rios frios.<\/li>\n<li>A reportagem \u00e9 da Associated Press (AP).<\/li>\n<li>O treino ilustra a capacidade da alian\u00e7a em manter opera\u00e7\u00f5es sob condi\u00e7\u00f5es desafiadoras no \u00c1rtico.<\/li>\n<\/ul>\n","protected":false},"author":2,"featured_media":413628,"comment_status":"closed","ping_status":"closed","sticky":false,"template":"","format":"standard","meta":{"footnotes":""},"categories":[1],"tags":[5867,6574,1779,1322,961,4222],"class_list":["post-413624","post","type-post","status-publish","format-standard","has-post-thumbnail","hentry","category-noticias","tag-arctic-sentry","tag-defesa","tag-forcas-armadas","tag-interoperabilidade","tag-logistica","tag-seguranca-internacional"],"yoast_head":"<!-- This site is optimized with the Yoast SEO plugin v27.2 - https:\/\/yoast.com\/product\/yoast-seo-wordpress\/ -->\n<title>OTAN refor\u00e7a presen\u00e7a no \u00c1rtico com for\u00e7a no gelo - Portal Tela Portugal<\/title>\n<meta name=\"robots\" content=\"index, follow, max-snippet:-1, max-image-preview:large, max-video-preview:-1\" \/>\n<meta property=\"og:locale\" content=\"pt_PT\" \/>\n<meta property=\"og:type\" content=\"article\" \/>\n<meta property=\"og:title\" content=\"OTAN refor\u00e7a presen\u00e7a no \u00c1rtico com for\u00e7a no gelo - Portal Tela Portugal\" \/>\n<meta property=\"og:description\" content=\"Soldados da NATO treinam no \u00c1rtico, no norte da Europa, em ambiente com neve, gelo e temperaturas negativas. Os exerc\u00edcios visam testar prontid\u00e3o e opera\u00e7\u00f5es em condi\u00e7\u00f5es extremas. A pr\u00e1tica foca em elementos como mobilidade, log\u00edstica e resposta em cen\u00e1rios frios. A reportagem \u00e9 da Associated Press (AP). O treino ilustra a capacidade da alian\u00e7a em manter opera\u00e7\u00f5es sob condi\u00e7\u00f5es desafiadoras no \u00c1rtico.\" \/>\n<meta property=\"og:url\" content=\"https:\/\/portaltela.pt\/noticias\/2026\/03\/17\/otan-reforca-presenca-no-artico-com-forca-no-gelo\/\" \/>\n<meta property=\"og:site_name\" content=\"Portal Tela Portugal\" \/>\n<meta property=\"article:published_time\" content=\"2026-03-17T18:02:22+00:00\" \/>\n<meta name=\"author\" content=\"Telinha\" \/>\n<meta name=\"twitter:card\" content=\"summary_large_image\" \/>\n<meta name=\"twitter:label1\" content=\"Escrito por\" \/>\n\t<meta name=\"twitter:data1\" content=\"Telinha\" \/>\n\t<meta name=\"twitter:label2\" content=\"Tempo estimado de leitura\" \/>\n\t<meta name=\"twitter:data2\" content=\"1 minuto\" \/>\n<script type=\"application\/ld+json\" class=\"yoast-schema-graph\">{\"@context\":\"https:\/\/schema.org\",\"@graph\":[{\"@type\":\"Article\",\"@id\":\"https:\/\/portaltela.pt\/noticias\/2026\/03\/17\/otan-reforca-presenca-no-artico-com-forca-no-gelo\/#article\",\"isPartOf\":{\"@id\":\"https:\/\/portaltela.pt\/noticias\/2026\/03\/17\/otan-reforca-presenca-no-artico-com-forca-no-gelo\/\"},\"author\":{\"name\":\"Telinha\",\"@id\":\"https:\/\/portaltela.pt\/#\/schema\/person\/c4278d4a6028830caff9ee44b42d32ed\"},\"headline\":\"OTAN refor\u00e7a presen\u00e7a no \u00c1rtico com for\u00e7a no gelo\",\"datePublished\":\"2026-03-17T18:02:22+00:00\",\"mainEntityOfPage\":{\"@id\":\"https:\/\/portaltela.pt\/noticias\/2026\/03\/17\/otan-reforca-presenca-no-artico-com-forca-no-gelo\/\"},\"wordCount\":219,\"image\":{\"@id\":\"https:\/\/portaltela.pt\/noticias\/2026\/03\/17\/otan-reforca-presenca-no-artico-com-forca-no-gelo\/#primaryimage\"},\"thumbnailUrl\":\"https:\/\/portaltela.pt\/s.01k8rhncp4jt1\/2026\/03\/img_1280x722uu2026-03-17-18-00-22-2273005.jpg\",\"keywords\":[\"Arctic Sentry\",\"defesa\",\"For\u00e7as Armadas\",\"interoperabilidade\",\"Log\u00edstica\",\"seguran\u00e7a internacional\"],\"articleSection\":[\"Not\u00edcias\"],\"inLanguage\":\"pt-PT\"},{\"@type\":\"WebPage\",\"@id\":\"https:\/\/portaltela.pt\/noticias\/2026\/03\/17\/otan-reforca-presenca-no-artico-com-forca-no-gelo\/\",\"url\":\"https:\/\/portaltela.pt\/noticias\/2026\/03\/17\/otan-reforca-presenca-no-artico-com-forca-no-gelo\/\",\"name\":\"OTAN refor\u00e7a presen\u00e7a no \u00c1rtico com for\u00e7a no gelo - Portal Tela Portugal\",\"isPartOf\":{\"@id\":\"https:\/\/portaltela.pt\/#website\"},\"primaryImageOfPage\":{\"@id\":\"https:\/\/portaltela.pt\/noticias\/2026\/03\/17\/otan-reforca-presenca-no-artico-com-forca-no-gelo\/#primaryimage\"},\"image\":{\"@id\":\"https:\/\/portaltela.pt\/noticias\/2026\/03\/17\/otan-reforca-presenca-no-artico-com-forca-no-gelo\/#primaryimage\"},\"thumbnailUrl\":\"https:\/\/portaltela.pt\/s.01k8rhncp4jt1\/2026\/03\/img_1280x722uu2026-03-17-18-00-22-2273005.jpg\",\"datePublished\":\"2026-03-17T18:02:22+00:00\",\"author\":{\"@id\":\"https:\/\/portaltela.pt\/#\/schema\/person\/c4278d4a6028830caff9ee44b42d32ed\"},\"breadcrumb\":{\"@id\":\"https:\/\/portaltela.pt\/noticias\/2026\/03\/17\/otan-reforca-presenca-no-artico-com-forca-no-gelo\/#breadcrumb\"},\"inLanguage\":\"pt-PT\",\"potentialAction\":[{\"@type\":\"ReadAction\",\"target\":[\"https:\/\/portaltela.pt\/noticias\/2026\/03\/17\/otan-reforca-presenca-no-artico-com-forca-no-gelo\/\"]}]},{\"@type\":\"ImageObject\",\"inLanguage\":\"pt-PT\",\"@id\":\"https:\/\/portaltela.pt\/noticias\/2026\/03\/17\/otan-reforca-presenca-no-artico-com-forca-no-gelo\/#primaryimage\",\"url\":\"https:\/\/portaltela.pt\/s.01k8rhncp4jt1\/2026\/03\/img_1280x722uu2026-03-17-18-00-22-2273005.jpg\",\"contentUrl\":\"https:\/\/portaltela.pt\/s.01k8rhncp4jt1\/2026\/03\/img_1280x722uu2026-03-17-18-00-22-2273005.jpg\",\"width\":796,\"height\":448,\"caption\":\"Soldados treinam em condi\u00e7\u00f5es extremas no norte da Europa, com neve, gelo e temperaturas negativas a testar os limites das opera\u00e7\u00f5es militares.\"},{\"@type\":\"BreadcrumbList\",\"@id\":\"https:\/\/portaltela.pt\/noticias\/2026\/03\/17\/otan-reforca-presenca-no-artico-com-forca-no-gelo\/#breadcrumb\",\"itemListElement\":[{\"@type\":\"ListItem\",\"position\":1,\"name\":\"In\u00edcio\",\"item\":\"https:\/\/portaltela.pt\/\"},{\"@type\":\"ListItem\",\"position\":2,\"name\":\"OTAN refor\u00e7a presen\u00e7a no \u00c1rtico com for\u00e7a no gelo\"}]},{\"@type\":\"WebSite\",\"@id\":\"https:\/\/portaltela.pt\/#website\",\"url\":\"https:\/\/portaltela.pt\/\",\"name\":\"Portal Tela Portugal\",\"description\":\"\",\"potentialAction\":[{\"@type\":\"SearchAction\",\"target\":{\"@type\":\"EntryPoint\",\"urlTemplate\":\"https:\/\/portaltela.pt\/?s={search_term_string}\"},\"query-input\":{\"@type\":\"PropertyValueSpecification\",\"valueRequired\":true,\"valueName\":\"search_term_string\"}}],\"inLanguage\":\"pt-PT\"},{\"@type\":\"Person\",\"@id\":\"https:\/\/portaltela.pt\/#\/schema\/person\/c4278d4a6028830caff9ee44b42d32ed\",\"name\":\"Telinha\",\"image\":{\"@type\":\"ImageObject\",\"inLanguage\":\"pt-PT\",\"@id\":\"https:\/\/portaltela.pt\/s.01k8rhncp4jt1\/2025\/11\/talking-bot-125x125.png\",\"url\":\"https:\/\/portaltela.pt\/s.01k8rhncp4jt1\/2025\/11\/talking-bot-125x125.png\",\"contentUrl\":\"https:\/\/portaltela.pt\/s.01k8rhncp4jt1\/2025\/11\/talking-bot-125x125.png\",\"caption\":\"Telinha\"},\"sameAs\":[\"https:\/\/portaltela.pt\/\"],\"url\":\"https:\/\/portaltela.pt\/por\/367410592786\/\"}]}<\/script>\n<!-- \/ Yoast SEO plugin. -->","yoast_head_json":{"title":"OTAN refor\u00e7a presen\u00e7a no \u00c1rtico com for\u00e7a no gelo - Portal Tela Portugal","robots":{"index":"index","follow":"follow","max-snippet":"max-snippet:-1","max-image-preview":"max-image-preview:large","max-video-preview":"max-video-preview:-1"},"og_locale":"pt_PT","og_type":"article","og_title":"OTAN refor\u00e7a presen\u00e7a no \u00c1rtico com for\u00e7a no gelo - Portal Tela Portugal","og_description":"Soldados da NATO treinam no \u00c1rtico, no norte da Europa, em ambiente com neve, gelo e temperaturas negativas. Os exerc\u00edcios visam testar prontid\u00e3o e opera\u00e7\u00f5es em condi\u00e7\u00f5es extremas. A pr\u00e1tica foca em elementos como mobilidade, log\u00edstica e resposta em cen\u00e1rios frios. A reportagem \u00e9 da Associated Press (AP). O treino ilustra a capacidade da alian\u00e7a em manter opera\u00e7\u00f5es sob condi\u00e7\u00f5es desafiadoras no \u00c1rtico.","og_url":"https:\/\/portaltela.pt\/noticias\/2026\/03\/17\/otan-reforca-presenca-no-artico-com-forca-no-gelo\/","og_site_name":"Portal Tela Portugal","article_published_time":"2026-03-17T18:02:22+00:00","author":"Telinha","twitter_card":"summary_large_image","twitter_misc":{"Escrito por":"Telinha","Tempo estimado de leitura":"1 minuto"},"schema":{"@context":"https:\/\/schema.org","@graph":[{"@type":"Article","@id":"https:\/\/portaltela.pt\/noticias\/2026\/03\/17\/otan-reforca-presenca-no-artico-com-forca-no-gelo\/#article","isPartOf":{"@id":"https:\/\/portaltela.pt\/noticias\/2026\/03\/17\/otan-reforca-presenca-no-artico-com-forca-no-gelo\/"},"author":{"name":"Telinha","@id":"https:\/\/portaltela.pt\/#\/schema\/person\/c4278d4a6028830caff9ee44b42d32ed"},"headline":"OTAN refor\u00e7a presen\u00e7a no \u00c1rtico com for\u00e7a no gelo","datePublished":"2026-03-17T18:02:22+00:00","mainEntityOfPage":{"@id":"https:\/\/portaltela.pt\/noticias\/2026\/03\/17\/otan-reforca-presenca-no-artico-com-forca-no-gelo\/"},"wordCount":219,"image":{"@id":"https:\/\/portaltela.pt\/noticias\/2026\/03\/17\/otan-reforca-presenca-no-artico-com-forca-no-gelo\/#primaryimage"},"thumbnailUrl":"https:\/\/portaltela.pt\/s.01k8rhncp4jt1\/2026\/03\/img_1280x722uu2026-03-17-18-00-22-2273005.jpg","keywords":["Arctic Sentry","defesa","For\u00e7as Armadas","interoperabilidade","Log\u00edstica","seguran\u00e7a internacional"],"articleSection":["Not\u00edcias"],"inLanguage":"pt-PT"},{"@type":"WebPage","@id":"https:\/\/portaltela.pt\/noticias\/2026\/03\/17\/otan-reforca-presenca-no-artico-com-forca-no-gelo\/","url":"https:\/\/portaltela.pt\/noticias\/2026\/03\/17\/otan-reforca-presenca-no-artico-com-forca-no-gelo\/","name":"OTAN refor\u00e7a presen\u00e7a no \u00c1rtico com for\u00e7a no gelo - Portal Tela Portugal","isPartOf":{"@id":"https:\/\/portaltela.pt\/#website"},"primaryImageOfPage":{"@id":"https:\/\/portaltela.pt\/noticias\/2026\/03\/17\/otan-reforca-presenca-no-artico-com-forca-no-gelo\/#primaryimage"},"image":{"@id":"https:\/\/portaltela.pt\/noticias\/2026\/03\/17\/otan-reforca-presenca-no-artico-com-forca-no-gelo\/#primaryimage"},"thumbnailUrl":"https:\/\/portaltela.pt\/s.01k8rhncp4jt1\/2026\/03\/img_1280x722uu2026-03-17-18-00-22-2273005.jpg","datePublished":"2026-03-17T18:02:22+00:00","author":{"@id":"https:\/\/portaltela.pt\/#\/schema\/person\/c4278d4a6028830caff9ee44b42d32ed"},"breadcrumb":{"@id":"https:\/\/portaltela.pt\/noticias\/2026\/03\/17\/otan-reforca-presenca-no-artico-com-forca-no-gelo\/#breadcrumb"},"inLanguage":"pt-PT","potentialAction":[{"@type":"ReadAction","target":["https:\/\/portaltela.pt\/noticias\/2026\/03\/17\/otan-reforca-presenca-no-artico-com-forca-no-gelo\/"]}]},{"@type":"ImageObject","inLanguage":"pt-PT","@id":"https:\/\/portaltela.pt\/noticias\/2026\/03\/17\/otan-reforca-presenca-no-artico-com-forca-no-gelo\/#primaryimage","url":"https:\/\/portaltela.pt\/s.01k8rhncp4jt1\/2026\/03\/img_1280x722uu2026-03-17-18-00-22-2273005.jpg","contentUrl":"https:\/\/portaltela.pt\/s.01k8rhncp4jt1\/2026\/03\/img_1280x722uu2026-03-17-18-00-22-2273005.jpg","width":796,"height":448,"caption":"Soldados treinam em condi\u00e7\u00f5es extremas no norte da Europa, com neve, gelo e temperaturas negativas a testar os limites das opera\u00e7\u00f5es militares."},{"@type":"BreadcrumbList","@id":"https:\/\/portaltela.pt\/noticias\/2026\/03\/17\/otan-reforca-presenca-no-artico-com-forca-no-gelo\/#breadcrumb","itemListElement":[{"@type":"ListItem","position":1,"name":"In\u00edcio","item":"https:\/\/portaltela.pt\/"},{"@type":"ListItem","position":2,"name":"OTAN refor\u00e7a presen\u00e7a no \u00c1rtico com for\u00e7a no gelo"}]},{"@type":"WebSite","@id":"https:\/\/portaltela.pt\/#website","url":"https:\/\/portaltela.pt\/","name":"Portal Tela Portugal","description":"","potentialAction":[{"@type":"SearchAction","target":{"@type":"EntryPoint","urlTemplate":"https:\/\/portaltela.pt\/?s={search_term_string}"},"query-input":{"@type":"PropertyValueSpecification","valueRequired":true,"valueName":"search_term_string"}}],"inLanguage":"pt-PT"},{"@type":"Person","@id":"https:\/\/portaltela.pt\/#\/schema\/person\/c4278d4a6028830caff9ee44b42d32ed","name":"Telinha","image":{"@type":"ImageObject","inLanguage":"pt-PT","@id":"https:\/\/portaltela.pt\/s.01k8rhncp4jt1\/2025\/11\/talking-bot-125x125.png","url":"https:\/\/portaltela.pt\/s.01k8rhncp4jt1\/2025\/11\/talking-bot-125x125.png","contentUrl":"https:\/\/portaltela.pt\/s.01k8rhncp4jt1\/2025\/11\/talking-bot-125x125.png","caption":"Telinha"},"sameAs":["https:\/\/portaltela.pt\/"],"url":"https:\/\/portaltela.pt\/por\/367410592786\/"}]}},"_links":{"self":[{"href":"https:\/\/portaltela.pt\/api\/wp\/v2\/posts\/413624","targetHints":{"allow":["GET"]}}],"collection":[{"href":"https:\/\/portaltela.pt\/api\/wp\/v2\/posts"}],"about":[{"href":"https:\/\/portaltela.pt\/api\/wp\/v2\/types\/post"}],"author":[{"embeddable":true,"href":"https:\/\/portaltela.pt\/api\/wp\/v2\/users\/2"}],"replies":[{"embeddable":true,"href":"https:\/\/portaltela.pt\/api\/wp\/v2\/comments?post=413624"}],"version-history":[{"count":0,"href":"https:\/\/portaltela.pt\/api\/wp\/v2\/posts\/413624\/revisions"}],"wp:featuredmedia":[{"embeddable":true,"href":"https:\/\/portaltela.pt\/api\/wp\/v2\/media\/413628"}],"wp:attachment":[{"href":"https:\/\/portaltela.pt\/api\/wp\/v2\/media?parent=413624"}],"wp:term":[{"taxonomy":"category","embeddable":true,"href":"https:\/\/portaltela.pt\/api\/wp\/v2\/categories?post=413624"},{"taxonomy":"post_tag","embeddable":true,"href":"https:\/\/portaltela.pt\/api\/wp\/v2\/tags?post=413624"}],"curies":[{"name":"wp","href":"https:\/\/api.w.org\/{rel}","templated":true}]}}