{"id":413618,"date":"2026-03-17T14:50:53","date_gmt":"2026-03-17T17:50:53","guid":{"rendered":"https:\/\/portaltela.pt\/noticias\/2026\/03\/17\/mortalidade-infantil-sobe-onde-ha-mais-falta-de-medicos-alerta-sindicato\/"},"modified":"2026-03-17T14:50:53","modified_gmt":"2026-03-17T17:50:53","slug":"mortalidade-infantil-sobe-onde-ha-mais-falta-de-medicos-alerta-sindicato","status":"publish","type":"post","link":"https:\/\/portaltela.pt\/saude\/2026\/03\/17\/mortalidade-infantil-sobe-onde-ha-mais-falta-de-medicos-alerta-sindicato\/","title":{"rendered":"Mortalidade infantil sobe onde h\u00e1 mais falta de m\u00e9dicos, alerta sindicato"},"content":{"rendered":"<p>O Sindicato dos M\u00e9dicos da Zona Sul (SMZS) alerta para uma corre\u00e7\u00e3o de trajet\u00f3ria da mortalidade em Portugal, associada \u00e0 car\u00eancia de m\u00e9dicos. O documento destaca que os distritos com menos m\u00e9dicos nos \u00faltimos anos foram impactados pelo aumento da mortalidade infantil e materna em 2024, com perspetivas de agravamento em 2025 e 2026.<\/p>\n<p>A organiza\u00e7\u00e3o aponta que o encerramento de servi\u00e7os de ginecologia-obstetr\u00edcia, o aumento de partos em ambul\u00e2ncias e situa\u00e7\u00f5es que reduzem a seguran\u00e7a dos cuidados, aliados \u00e0 resposta insatisfat\u00f3ria em cuidados prim\u00e1rios e pediatria, est\u00e3o na base das preocupa\u00e7\u00f5es.<\/p>\n<p>Segundo dados da Dire\u00e7\u00e3o-Geral da Sa\u00fade (DGS), a mortalidade fetal aumentou de 325 \u00f3bitos em 2022 para 346 em 2024. A mortalidade infantil subiu de 218 em 2023 para 257 em 2024, ap\u00f3s uma trajet\u00f3ria de queda.<\/p>\n<p>O SMZS destaca disparidades regionais, com maior impacto nos distritos sulistas, onde a car\u00eancia de m\u00e9dicos tem sido mais marcada. Amadora, Sintra, Alentejo e a Pen\u00ednsula de Set\u00fabal aparecem entre as zonas mais afetadas.<\/p>\n<p>O sindicato sustenta que as regi\u00f5es com maior constrangimento no acesso a cuidados de sa\u00fade de mulheres e crian\u00e7as registam encerramento de maternidades e falta de m\u00e9dicos de fam\u00edlia. O Governo \u00e9 chamado a manter servi\u00e7os em funcionamento com condi\u00e7\u00f5es adequadas aos profissionais.<\/p>\n<p>Caso contr\u00e1rio, o SMZS afirma que h\u00e1 risco de o setor privado tornar-se a \u00fanica solu\u00e7\u00e3o em \u00e1reas do pa\u00eds, sem cobrir adequadamente todas as necessidades de mulheres e crian\u00e7as. A nota foi emitida em comunicado oficial.<\/p>\n<h3>Dados principais sobre mortalidade e acesso aos cuidados<\/h3>\n<ul>\n<li>Mortalidade fetal: 325 (2022), 340 (2023), 346 (2024)<\/li>\n<li>Mortalidade infantil: 218 (2023), 257 (2024)<\/li>\n<li>Regi\u00f5es mais afetadas: sul do pa\u00eds, Amadora, Sintra, Alentejo, Pen\u00ednsula de Set\u00fabal<\/li>\n<li>Fatores apontados: encerramento de servi\u00e7os, partos em ambul\u00e2ncias, acesso reduzido a cuidados prim\u00e1rios e pediatria<\/li>\n<\/ul>\n<p>O comunicado do SMZS refor\u00e7a a necessidade de interven\u00e7\u00e3o governamental para evitar agravamento dos indicadores nos pr\u00f3ximos anos. N\u00e3o h\u00e1 conclus\u00e3o no texto, apenas a apresenta\u00e7\u00e3o de dados e apelos \u00e0 a\u00e7\u00e3o p\u00fablica.<\/p>\n","protected":false},"excerpt":{"rendered":"<ul>\n<li>O Sindicato dos M\u00e9dicos da Zona Sul afirma que os distritos com maior car\u00eancia de m\u00e9dicos foram os mais atingidos pelo aumento da mortalidade infantil e materna em 2024, com perspetivas de agravamento em 2025 e 2026.<\/li>\n<li>Os dados da Dire\u00e7\u00e3o-Geral da Sa\u00fade indicam que a mortalidade fetal subiu de 325 \u00f3bitos em 2022 para 346 em 2024, enquanto a mortalidade infantil aumentou de 229 em 2022 e 218 em 2023 para 257 em 2024.<\/li>\n<li>O sindicato atribui o aumento \u00e0 generaliza\u00e7\u00e3o do encerramento de servi\u00e7os de ginecologia-obstetr\u00edcia, ao aumento de partos em ambul\u00e2ncias e a falhas no acesso aos cuidados prim\u00e1rios e \u00e0 pediatria, sobretudo onde falta m\u00e9dicos.<\/li>\n<li>As regi\u00f5es mais afetadas s\u00e3o as Unidades Locais de Sa\u00fade da regi\u00e3o Sul \u2014 em particular Amadora e Sintra \u2014, o Alentejo e a Pen\u00ednsula de Set\u00fabal, onde h\u00e1 mais constrangimentos no acesso a cuidados de sa\u00fade para mulheres e crian\u00e7as.<\/li>\n<li>O Governo \u00e9 chamado a intervir para manter os servi\u00e7os em funcionamento com m\u00e9dicos e condi\u00e7\u00f5es de trabalho adequadas; caso contr\u00e1rio, pode avan\u00e7ar a op\u00e7\u00e3o pelo setor privado, sem conseguir chegar a todas as mulheres e crian\u00e7as que precisam de cuidados.<\/li>\n<\/ul>\n","protected":false},"author":2,"featured_media":413621,"comment_status":"closed","ping_status":"closed","sticky":false,"template":"","format":"standard","meta":{"footnotes":""},"categories":[1,6745],"tags":[883,1439,2654,6854,994,1110],"class_list":["post-413618","post","type-post","status-publish","format-standard","has-post-thumbnail","hentry","category-noticias","category-saude","tag-alentejo","tag-amadora","tag-cuidados-de-saude-primarios","tag-medicos","tag-setubal","tag-sintra"],"yoast_head":"<!-- This site is optimized with the Yoast SEO plugin v27.2 - https:\/\/yoast.com\/product\/yoast-seo-wordpress\/ -->\n<title>Mortalidade infantil sobe onde h\u00e1 mais falta de m\u00e9dicos, alerta sindicato - Portal Tela Portugal<\/title>\n<meta name=\"robots\" content=\"index, follow, max-snippet:-1, max-image-preview:large, max-video-preview:-1\" \/>\n<meta property=\"og:locale\" content=\"pt_PT\" \/>\n<meta property=\"og:type\" content=\"article\" \/>\n<meta property=\"og:title\" content=\"Mortalidade infantil sobe onde h\u00e1 mais falta de m\u00e9dicos, alerta sindicato - Portal Tela Portugal\" \/>\n<meta property=\"og:description\" content=\"O Sindicato dos M\u00e9dicos da Zona Sul afirma que os distritos com maior car\u00eancia de m\u00e9dicos foram os mais atingidos pelo aumento da mortalidade infantil e materna em 2024, com perspetivas de agravamento em 2025 e 2026. Os dados da Dire\u00e7\u00e3o-Geral da Sa\u00fade indicam que a mortalidade fetal subiu de 325 \u00f3bitos em 2022 para 346 em 2024, enquanto a mortalidade infantil aumentou de 229 em 2022 e 218 em 2023 para 257 em 2024. O sindicato atribui o aumento \u00e0 generaliza\u00e7\u00e3o do encerramento de servi\u00e7os de ginecologia-obstetr\u00edcia, ao aumento de partos em ambul\u00e2ncias e a falhas no acesso aos cuidados prim\u00e1rios e \u00e0 pediatria, sobretudo onde falta m\u00e9dicos. As regi\u00f5es mais afetadas s\u00e3o as Unidades Locais de Sa\u00fade da regi\u00e3o Sul \u2014 em particular Amadora e Sintra \u2014, o Alentejo e a Pen\u00ednsula de Set\u00fabal, onde h\u00e1 mais constrangimentos no acesso a cuidados de sa\u00fade para mulheres e crian\u00e7as. O Governo \u00e9 chamado a intervir para manter os servi\u00e7os em funcionamento com m\u00e9dicos e condi\u00e7\u00f5es de trabalho adequadas; caso contr\u00e1rio, pode avan\u00e7ar a op\u00e7\u00e3o pelo setor privado, sem conseguir chegar a todas as mulheres e crian\u00e7as que precisam de cuidados.\" \/>\n<meta property=\"og:url\" content=\"https:\/\/portaltela.pt\/noticias\/2026\/03\/17\/mortalidade-infantil-sobe-onde-ha-mais-falta-de-medicos-alerta-sindicato\/\" \/>\n<meta property=\"og:site_name\" content=\"Portal Tela Portugal\" \/>\n<meta property=\"article:published_time\" content=\"2026-03-17T17:50:53+00:00\" \/>\n<meta name=\"author\" content=\"Telinha\" \/>\n<meta name=\"twitter:card\" content=\"summary_large_image\" \/>\n<meta name=\"twitter:label1\" content=\"Escrito por\" \/>\n\t<meta name=\"twitter:data1\" content=\"Telinha\" \/>\n\t<meta name=\"twitter:label2\" content=\"Tempo estimado de leitura\" \/>\n\t<meta name=\"twitter:data2\" content=\"2 minutos\" \/>\n<script type=\"application\/ld+json\" class=\"yoast-schema-graph\">{\"@context\":\"https:\/\/schema.org\",\"@graph\":[{\"@type\":\"Article\",\"@id\":\"https:\/\/portaltela.pt\/noticias\/2026\/03\/17\/mortalidade-infantil-sobe-onde-ha-mais-falta-de-medicos-alerta-sindicato\/#article\",\"isPartOf\":{\"@id\":\"https:\/\/portaltela.pt\/noticias\/2026\/03\/17\/mortalidade-infantil-sobe-onde-ha-mais-falta-de-medicos-alerta-sindicato\/\"},\"author\":{\"name\":\"Telinha\",\"@id\":\"https:\/\/portaltela.pt\/#\/schema\/person\/c4278d4a6028830caff9ee44b42d32ed\"},\"headline\":\"Mortalidade infantil sobe onde h\u00e1 mais falta de m\u00e9dicos, alerta sindicato\",\"datePublished\":\"2026-03-17T17:50:53+00:00\",\"mainEntityOfPage\":{\"@id\":\"https:\/\/portaltela.pt\/noticias\/2026\/03\/17\/mortalidade-infantil-sobe-onde-ha-mais-falta-de-medicos-alerta-sindicato\/\"},\"wordCount\":362,\"image\":{\"@id\":\"https:\/\/portaltela.pt\/noticias\/2026\/03\/17\/mortalidade-infantil-sobe-onde-ha-mais-falta-de-medicos-alerta-sindicato\/#primaryimage\"},\"thumbnailUrl\":\"https:\/\/portaltela.pt\/s.01k8rhncp4jt1\/2026\/03\/img_1500x1000uu2026-01-14-20-04-48-2260161.jpg\",\"keywords\":[\"Alentejo\",\"Amadora\",\"Cuidados de Sa\u00fade Prim\u00e1rios\",\"M\u00e9dicos\",\"Set\u00fabal\",\"Sintra\"],\"articleSection\":[\"Not\u00edcias\",\"Sa\u00fade\"],\"inLanguage\":\"pt-PT\"},{\"@type\":\"WebPage\",\"@id\":\"https:\/\/portaltela.pt\/noticias\/2026\/03\/17\/mortalidade-infantil-sobe-onde-ha-mais-falta-de-medicos-alerta-sindicato\/\",\"url\":\"https:\/\/portaltela.pt\/noticias\/2026\/03\/17\/mortalidade-infantil-sobe-onde-ha-mais-falta-de-medicos-alerta-sindicato\/\",\"name\":\"Mortalidade infantil sobe onde h\u00e1 mais falta de m\u00e9dicos, alerta sindicato - Portal Tela Portugal\",\"isPartOf\":{\"@id\":\"https:\/\/portaltela.pt\/#website\"},\"primaryImageOfPage\":{\"@id\":\"https:\/\/portaltela.pt\/noticias\/2026\/03\/17\/mortalidade-infantil-sobe-onde-ha-mais-falta-de-medicos-alerta-sindicato\/#primaryimage\"},\"image\":{\"@id\":\"https:\/\/portaltela.pt\/noticias\/2026\/03\/17\/mortalidade-infantil-sobe-onde-ha-mais-falta-de-medicos-alerta-sindicato\/#primaryimage\"},\"thumbnailUrl\":\"https:\/\/portaltela.pt\/s.01k8rhncp4jt1\/2026\/03\/img_1500x1000uu2026-01-14-20-04-48-2260161.jpg\",\"datePublished\":\"2026-03-17T17:50:53+00:00\",\"author\":{\"@id\":\"https:\/\/portaltela.pt\/#\/schema\/person\/c4278d4a6028830caff9ee44b42d32ed\"},\"breadcrumb\":{\"@id\":\"https:\/\/portaltela.pt\/noticias\/2026\/03\/17\/mortalidade-infantil-sobe-onde-ha-mais-falta-de-medicos-alerta-sindicato\/#breadcrumb\"},\"inLanguage\":\"pt-PT\",\"potentialAction\":[{\"@type\":\"ReadAction\",\"target\":[\"https:\/\/portaltela.pt\/noticias\/2026\/03\/17\/mortalidade-infantil-sobe-onde-ha-mais-falta-de-medicos-alerta-sindicato\/\"]}]},{\"@type\":\"ImageObject\",\"inLanguage\":\"pt-PT\",\"@id\":\"https:\/\/portaltela.pt\/noticias\/2026\/03\/17\/mortalidade-infantil-sobe-onde-ha-mais-falta-de-medicos-alerta-sindicato\/#primaryimage\",\"url\":\"https:\/\/portaltela.pt\/s.01k8rhncp4jt1\/2026\/03\/img_1500x1000uu2026-01-14-20-04-48-2260161.jpg\",\"contentUrl\":\"https:\/\/portaltela.pt\/s.01k8rhncp4jt1\/2026\/03\/img_1500x1000uu2026-01-14-20-04-48-2260161.jpg\",\"width\":796,\"height\":448,\"caption\":\"Sindicato alerta para subida de mortalidade infantil onde h\u00e1 mais falta de m\u00e9dicos\"},{\"@type\":\"BreadcrumbList\",\"@id\":\"https:\/\/portaltela.pt\/noticias\/2026\/03\/17\/mortalidade-infantil-sobe-onde-ha-mais-falta-de-medicos-alerta-sindicato\/#breadcrumb\",\"itemListElement\":[{\"@type\":\"ListItem\",\"position\":1,\"name\":\"In\u00edcio\",\"item\":\"https:\/\/portaltela.pt\/\"},{\"@type\":\"ListItem\",\"position\":2,\"name\":\"Mortalidade infantil sobe onde h\u00e1 mais falta de m\u00e9dicos, alerta sindicato\"}]},{\"@type\":\"WebSite\",\"@id\":\"https:\/\/portaltela.pt\/#website\",\"url\":\"https:\/\/portaltela.pt\/\",\"name\":\"Portal Tela Portugal\",\"description\":\"\",\"potentialAction\":[{\"@type\":\"SearchAction\",\"target\":{\"@type\":\"EntryPoint\",\"urlTemplate\":\"https:\/\/portaltela.pt\/?s={search_term_string}\"},\"query-input\":{\"@type\":\"PropertyValueSpecification\",\"valueRequired\":true,\"valueName\":\"search_term_string\"}}],\"inLanguage\":\"pt-PT\"},{\"@type\":\"Person\",\"@id\":\"https:\/\/portaltela.pt\/#\/schema\/person\/c4278d4a6028830caff9ee44b42d32ed\",\"name\":\"Telinha\",\"image\":{\"@type\":\"ImageObject\",\"inLanguage\":\"pt-PT\",\"@id\":\"https:\/\/portaltela.pt\/s.01k8rhncp4jt1\/2025\/11\/talking-bot-125x125.png\",\"url\":\"https:\/\/portaltela.pt\/s.01k8rhncp4jt1\/2025\/11\/talking-bot-125x125.png\",\"contentUrl\":\"https:\/\/portaltela.pt\/s.01k8rhncp4jt1\/2025\/11\/talking-bot-125x125.png\",\"caption\":\"Telinha\"},\"sameAs\":[\"https:\/\/portaltela.pt\/\"],\"url\":\"https:\/\/portaltela.pt\/por\/367410592786\/\"}]}<\/script>\n<!-- \/ Yoast SEO plugin. -->","yoast_head_json":{"title":"Mortalidade infantil sobe onde h\u00e1 mais falta de m\u00e9dicos, alerta sindicato - Portal Tela Portugal","robots":{"index":"index","follow":"follow","max-snippet":"max-snippet:-1","max-image-preview":"max-image-preview:large","max-video-preview":"max-video-preview:-1"},"og_locale":"pt_PT","og_type":"article","og_title":"Mortalidade infantil sobe onde h\u00e1 mais falta de m\u00e9dicos, alerta sindicato - Portal Tela Portugal","og_description":"O Sindicato dos M\u00e9dicos da Zona Sul afirma que os distritos com maior car\u00eancia de m\u00e9dicos foram os mais atingidos pelo aumento da mortalidade infantil e materna em 2024, com perspetivas de agravamento em 2025 e 2026. Os dados da Dire\u00e7\u00e3o-Geral da Sa\u00fade indicam que a mortalidade fetal subiu de 325 \u00f3bitos em 2022 para 346 em 2024, enquanto a mortalidade infantil aumentou de 229 em 2022 e 218 em 2023 para 257 em 2024. O sindicato atribui o aumento \u00e0 generaliza\u00e7\u00e3o do encerramento de servi\u00e7os de ginecologia-obstetr\u00edcia, ao aumento de partos em ambul\u00e2ncias e a falhas no acesso aos cuidados prim\u00e1rios e \u00e0 pediatria, sobretudo onde falta m\u00e9dicos. As regi\u00f5es mais afetadas s\u00e3o as Unidades Locais de Sa\u00fade da regi\u00e3o Sul \u2014 em particular Amadora e Sintra \u2014, o Alentejo e a Pen\u00ednsula de Set\u00fabal, onde h\u00e1 mais constrangimentos no acesso a cuidados de sa\u00fade para mulheres e crian\u00e7as. O Governo \u00e9 chamado a intervir para manter os servi\u00e7os em funcionamento com m\u00e9dicos e condi\u00e7\u00f5es de trabalho adequadas; caso contr\u00e1rio, pode avan\u00e7ar a op\u00e7\u00e3o pelo setor privado, sem conseguir chegar a todas as mulheres e crian\u00e7as que precisam de cuidados.","og_url":"https:\/\/portaltela.pt\/noticias\/2026\/03\/17\/mortalidade-infantil-sobe-onde-ha-mais-falta-de-medicos-alerta-sindicato\/","og_site_name":"Portal Tela Portugal","article_published_time":"2026-03-17T17:50:53+00:00","author":"Telinha","twitter_card":"summary_large_image","twitter_misc":{"Escrito por":"Telinha","Tempo estimado de leitura":"2 minutos"},"schema":{"@context":"https:\/\/schema.org","@graph":[{"@type":"Article","@id":"https:\/\/portaltela.pt\/noticias\/2026\/03\/17\/mortalidade-infantil-sobe-onde-ha-mais-falta-de-medicos-alerta-sindicato\/#article","isPartOf":{"@id":"https:\/\/portaltela.pt\/noticias\/2026\/03\/17\/mortalidade-infantil-sobe-onde-ha-mais-falta-de-medicos-alerta-sindicato\/"},"author":{"name":"Telinha","@id":"https:\/\/portaltela.pt\/#\/schema\/person\/c4278d4a6028830caff9ee44b42d32ed"},"headline":"Mortalidade infantil sobe onde h\u00e1 mais falta de m\u00e9dicos, alerta sindicato","datePublished":"2026-03-17T17:50:53+00:00","mainEntityOfPage":{"@id":"https:\/\/portaltela.pt\/noticias\/2026\/03\/17\/mortalidade-infantil-sobe-onde-ha-mais-falta-de-medicos-alerta-sindicato\/"},"wordCount":362,"image":{"@id":"https:\/\/portaltela.pt\/noticias\/2026\/03\/17\/mortalidade-infantil-sobe-onde-ha-mais-falta-de-medicos-alerta-sindicato\/#primaryimage"},"thumbnailUrl":"https:\/\/portaltela.pt\/s.01k8rhncp4jt1\/2026\/03\/img_1500x1000uu2026-01-14-20-04-48-2260161.jpg","keywords":["Alentejo","Amadora","Cuidados de Sa\u00fade Prim\u00e1rios","M\u00e9dicos","Set\u00fabal","Sintra"],"articleSection":["Not\u00edcias","Sa\u00fade"],"inLanguage":"pt-PT"},{"@type":"WebPage","@id":"https:\/\/portaltela.pt\/noticias\/2026\/03\/17\/mortalidade-infantil-sobe-onde-ha-mais-falta-de-medicos-alerta-sindicato\/","url":"https:\/\/portaltela.pt\/noticias\/2026\/03\/17\/mortalidade-infantil-sobe-onde-ha-mais-falta-de-medicos-alerta-sindicato\/","name":"Mortalidade infantil sobe onde h\u00e1 mais falta de m\u00e9dicos, alerta sindicato - Portal Tela Portugal","isPartOf":{"@id":"https:\/\/portaltela.pt\/#website"},"primaryImageOfPage":{"@id":"https:\/\/portaltela.pt\/noticias\/2026\/03\/17\/mortalidade-infantil-sobe-onde-ha-mais-falta-de-medicos-alerta-sindicato\/#primaryimage"},"image":{"@id":"https:\/\/portaltela.pt\/noticias\/2026\/03\/17\/mortalidade-infantil-sobe-onde-ha-mais-falta-de-medicos-alerta-sindicato\/#primaryimage"},"thumbnailUrl":"https:\/\/portaltela.pt\/s.01k8rhncp4jt1\/2026\/03\/img_1500x1000uu2026-01-14-20-04-48-2260161.jpg","datePublished":"2026-03-17T17:50:53+00:00","author":{"@id":"https:\/\/portaltela.pt\/#\/schema\/person\/c4278d4a6028830caff9ee44b42d32ed"},"breadcrumb":{"@id":"https:\/\/portaltela.pt\/noticias\/2026\/03\/17\/mortalidade-infantil-sobe-onde-ha-mais-falta-de-medicos-alerta-sindicato\/#breadcrumb"},"inLanguage":"pt-PT","potentialAction":[{"@type":"ReadAction","target":["https:\/\/portaltela.pt\/noticias\/2026\/03\/17\/mortalidade-infantil-sobe-onde-ha-mais-falta-de-medicos-alerta-sindicato\/"]}]},{"@type":"ImageObject","inLanguage":"pt-PT","@id":"https:\/\/portaltela.pt\/noticias\/2026\/03\/17\/mortalidade-infantil-sobe-onde-ha-mais-falta-de-medicos-alerta-sindicato\/#primaryimage","url":"https:\/\/portaltela.pt\/s.01k8rhncp4jt1\/2026\/03\/img_1500x1000uu2026-01-14-20-04-48-2260161.jpg","contentUrl":"https:\/\/portaltela.pt\/s.01k8rhncp4jt1\/2026\/03\/img_1500x1000uu2026-01-14-20-04-48-2260161.jpg","width":796,"height":448,"caption":"Sindicato alerta para subida de mortalidade infantil onde h\u00e1 mais falta de m\u00e9dicos"},{"@type":"BreadcrumbList","@id":"https:\/\/portaltela.pt\/noticias\/2026\/03\/17\/mortalidade-infantil-sobe-onde-ha-mais-falta-de-medicos-alerta-sindicato\/#breadcrumb","itemListElement":[{"@type":"ListItem","position":1,"name":"In\u00edcio","item":"https:\/\/portaltela.pt\/"},{"@type":"ListItem","position":2,"name":"Mortalidade infantil sobe onde h\u00e1 mais falta de m\u00e9dicos, alerta sindicato"}]},{"@type":"WebSite","@id":"https:\/\/portaltela.pt\/#website","url":"https:\/\/portaltela.pt\/","name":"Portal Tela Portugal","description":"","potentialAction":[{"@type":"SearchAction","target":{"@type":"EntryPoint","urlTemplate":"https:\/\/portaltela.pt\/?s={search_term_string}"},"query-input":{"@type":"PropertyValueSpecification","valueRequired":true,"valueName":"search_term_string"}}],"inLanguage":"pt-PT"},{"@type":"Person","@id":"https:\/\/portaltela.pt\/#\/schema\/person\/c4278d4a6028830caff9ee44b42d32ed","name":"Telinha","image":{"@type":"ImageObject","inLanguage":"pt-PT","@id":"https:\/\/portaltela.pt\/s.01k8rhncp4jt1\/2025\/11\/talking-bot-125x125.png","url":"https:\/\/portaltela.pt\/s.01k8rhncp4jt1\/2025\/11\/talking-bot-125x125.png","contentUrl":"https:\/\/portaltela.pt\/s.01k8rhncp4jt1\/2025\/11\/talking-bot-125x125.png","caption":"Telinha"},"sameAs":["https:\/\/portaltela.pt\/"],"url":"https:\/\/portaltela.pt\/por\/367410592786\/"}]}},"_links":{"self":[{"href":"https:\/\/portaltela.pt\/api\/wp\/v2\/posts\/413618","targetHints":{"allow":["GET"]}}],"collection":[{"href":"https:\/\/portaltela.pt\/api\/wp\/v2\/posts"}],"about":[{"href":"https:\/\/portaltela.pt\/api\/wp\/v2\/types\/post"}],"author":[{"embeddable":true,"href":"https:\/\/portaltela.pt\/api\/wp\/v2\/users\/2"}],"replies":[{"embeddable":true,"href":"https:\/\/portaltela.pt\/api\/wp\/v2\/comments?post=413618"}],"version-history":[{"count":0,"href":"https:\/\/portaltela.pt\/api\/wp\/v2\/posts\/413618\/revisions"}],"wp:featuredmedia":[{"embeddable":true,"href":"https:\/\/portaltela.pt\/api\/wp\/v2\/media\/413621"}],"wp:attachment":[{"href":"https:\/\/portaltela.pt\/api\/wp\/v2\/media?parent=413618"}],"wp:term":[{"taxonomy":"category","embeddable":true,"href":"https:\/\/portaltela.pt\/api\/wp\/v2\/categories?post=413618"},{"taxonomy":"post_tag","embeddable":true,"href":"https:\/\/portaltela.pt\/api\/wp\/v2\/tags?post=413618"}],"curies":[{"name":"wp","href":"https:\/\/api.w.org\/{rel}","templated":true}]}}