{"id":413606,"date":"2026-03-17T14:52:40","date_gmt":"2026-03-17T17:52:40","guid":{"rendered":"https:\/\/portaltela.pt\/noticias\/2026\/03\/17\/serra-de-sao-mamede-pode-decidir-vencedor-da-43-a-volta-ao-alentejo\/"},"modified":"2026-03-17T14:52:40","modified_gmt":"2026-03-17T17:52:40","slug":"serra-de-sao-mamede-pode-decidir-vencedor-da-43-a-volta-ao-alentejo","status":"publish","type":"post","link":"https:\/\/portaltela.pt\/desporto\/futebol\/2026\/03\/17\/serra-de-sao-mamede-pode-decidir-vencedor-da-43-a-volta-ao-alentejo\/","title":{"rendered":"Serra de S\u00e3o Mamede pode decidir vencedor da 43.\u00aa Volta ao Alentejo"},"content":{"rendered":"<p>A Serra de S\u00e3o Mamede pode decidir o vencedor da 43.\u00aa Volta ao Alentejo, uma prova de ciclismo que se realiza entre 25 e 29 de mar\u00e7o. A apresenta\u00e7\u00e3o da corrida ocorreu no F\u00f3rum Cultural Transfronteiri\u00e7o de Alandroal.<\/p>\n<p>A edi\u00e7\u00e3o deste ano percorre 675,9 quil\u00f3metros entre Sines e \u00c9vora, com a meta final na pra\u00e7a da cidade alentejana. A prova \u00e9 organizada pela CIMAC, em parceria com a Federa\u00e7\u00e3o Portuguesa de Ciclismo e a EMESports, empresa ligada ao ex-ciclista Ezequiel Mosquera.<\/p>\n<p>A abertura acontece a 25 de mar\u00e7o, com 173,7 km entre Sines e Almod\u00f4var, prevendo-se sprint. A segunda etapa liga Ferreira do Alentejo a Montemor-o-Novo, com 161,9 km e final em empedrado que pode criar diferen\u00e7as na geral.<\/p>\n<h3>Etapas-chave e ascens\u00f5es<\/h3>\n<p>No dia 27 decorre o contrarrel\u00f3gio no Crato, com 23,9 km, o maior test de crono desde 2008. No dia seguinte, a etapa rainha parte de Vila Vi\u00e7osa at\u00e9 \u00e0 Serra de S\u00e3o Mamede, num percurso de 153,3 km com tr\u00eas contagens de montanha.<\/p>\n<p>A subida final a Portalegre antecede as Antenas da Serra de S\u00e3o Mamede, aos 1.008 metros de altitude, ponto que pode decidir a classifica\u00e7\u00e3o geral. A \u00faltima etapa vai de Moura a \u00c9vora, com 163,1 km sem montanha significativa.<\/p>\n<h3>Participa\u00e7\u00e3o e equipas<\/h3>\n<p>A Volta conta com 20 equipas, incluindo 10 continentais portuguesas. A EF Education-EasyPost mant\u00e9m equipa de forma\u00e7\u00e3o EF Education-Evolo, vencedora da edi\u00e7\u00e3o anterior com Noah Hobbs. Outros conjuntos inclu\u00eddos s\u00e3o UAE Emirates Gen Z, Movistar Academy e NSN Development.<\/p>\n<p>Este ano, a prova volta a ter a Serra de S\u00e3o Mamede como cen\u00e1rio decisivo, ap\u00f3s a interrup\u00e7\u00e3o de tr\u00eas anos no percurso. A corrida mant\u00e9m o foco na competi\u00e7\u00e3o entre ciclistas de diferentes equipas e n\u00edveis.<\/p>\n","protected":false},"excerpt":{"rendered":"<ul>\n<li>A Serra de S\u00e3o Mamede pode decidir a classifica\u00e7\u00e3o geral da 43.\u00aa Volta ao Alentejo, que decorre entre 25 e 29 de mar\u00e7o.<\/li>\n<li>A prova soma 675,9 quil\u00f3metros, entre Sines e \u00c9vora, com a meta final na quinta etapa.<\/li>\n<li>Primeira etapa, 25 de mar\u00e7o, ligar\u00e1 Sines a Almod\u00f4var, em 173,7 quil\u00f3metros, com chegada prevista ao sprint.<\/li>\n<li>Segunda etapa, a 26 de mar\u00e7o, vai de Ferreira do Alentejo a Montemor-o-Novo, num total de 161,9 quil\u00f3metros, com poss\u00edvel sele\u00e7\u00e3o nos \u00faltimos 400 metros.<\/li>\n<li>Contrarrel\u00f3gio individual, em Crato, a 27 de mar\u00e7o, tem 23,9 quil\u00f3metros e favorece especialistas em cron\u00f3metro; etapa rainha ocorre a 28 de mar\u00e7o, at\u00e9 \u00e0 Serra de S\u00e3o Mamede.<\/li>\n<\/ul>\n","protected":false},"author":2,"featured_media":413611,"comment_status":"closed","ping_status":"closed","sticky":false,"template":"","format":"standard","meta":{"footnotes":""},"categories":[21,24],"tags":[883,923,1074,5380,1075,1892],"class_list":["post-413606","post","type-post","status-publish","format-standard","has-post-thumbnail","hentry","category-desporto","category-futebol","tag-alentejo","tag-ciclismo","tag-evora","tag-ferreira-do-alentejo","tag-portalegre","tag-sines"],"yoast_head":"<!-- This site is optimized with the Yoast SEO plugin v27.2 - https:\/\/yoast.com\/product\/yoast-seo-wordpress\/ -->\n<title>Serra de S\u00e3o Mamede pode decidir vencedor da 43.\u00aa Volta ao Alentejo - Portal Tela Portugal<\/title>\n<meta name=\"robots\" content=\"index, follow, max-snippet:-1, max-image-preview:large, max-video-preview:-1\" \/>\n<meta property=\"og:locale\" content=\"pt_PT\" \/>\n<meta property=\"og:type\" content=\"article\" \/>\n<meta property=\"og:title\" content=\"Serra de S\u00e3o Mamede pode decidir vencedor da 43.\u00aa Volta ao Alentejo - Portal Tela Portugal\" \/>\n<meta property=\"og:description\" content=\"A Serra de S\u00e3o Mamede pode decidir a classifica\u00e7\u00e3o geral da 43.\u00aa Volta ao Alentejo, que decorre entre 25 e 29 de mar\u00e7o. A prova soma 675,9 quil\u00f3metros, entre Sines e \u00c9vora, com a meta final na quinta etapa. Primeira etapa, 25 de mar\u00e7o, ligar\u00e1 Sines a Almod\u00f4var, em 173,7 quil\u00f3metros, com chegada prevista ao sprint. Segunda etapa, a 26 de mar\u00e7o, vai de Ferreira do Alentejo a Montemor-o-Novo, num total de 161,9 quil\u00f3metros, com poss\u00edvel sele\u00e7\u00e3o nos \u00faltimos 400 metros. Contrarrel\u00f3gio individual, em Crato, a 27 de mar\u00e7o, tem 23,9 quil\u00f3metros e favorece especialistas em cron\u00f3metro; etapa rainha ocorre a 28 de mar\u00e7o, at\u00e9 \u00e0 Serra de S\u00e3o Mamede.\" \/>\n<meta property=\"og:url\" content=\"https:\/\/portaltela.pt\/noticias\/2026\/03\/17\/serra-de-sao-mamede-pode-decidir-vencedor-da-43-a-volta-ao-alentejo\/\" \/>\n<meta property=\"og:site_name\" content=\"Portal Tela Portugal\" \/>\n<meta property=\"article:published_time\" content=\"2026-03-17T17:52:40+00:00\" \/>\n<meta name=\"author\" content=\"Telinha\" \/>\n<meta name=\"twitter:card\" content=\"summary_large_image\" \/>\n<meta name=\"twitter:label1\" content=\"Escrito por\" \/>\n\t<meta name=\"twitter:data1\" content=\"Telinha\" \/>\n\t<meta name=\"twitter:label2\" content=\"Tempo estimado de leitura\" \/>\n\t<meta name=\"twitter:data2\" content=\"2 minutos\" \/>\n<script type=\"application\/ld+json\" class=\"yoast-schema-graph\">{\"@context\":\"https:\/\/schema.org\",\"@graph\":[{\"@type\":\"Article\",\"@id\":\"https:\/\/portaltela.pt\/noticias\/2026\/03\/17\/serra-de-sao-mamede-pode-decidir-vencedor-da-43-a-volta-ao-alentejo\/#article\",\"isPartOf\":{\"@id\":\"https:\/\/portaltela.pt\/noticias\/2026\/03\/17\/serra-de-sao-mamede-pode-decidir-vencedor-da-43-a-volta-ao-alentejo\/\"},\"author\":{\"name\":\"Telinha\",\"@id\":\"https:\/\/portaltela.pt\/#\/schema\/person\/c4278d4a6028830caff9ee44b42d32ed\"},\"headline\":\"Serra de S\u00e3o Mamede pode decidir vencedor da 43.\u00aa Volta ao Alentejo\",\"datePublished\":\"2026-03-17T17:52:40+00:00\",\"mainEntityOfPage\":{\"@id\":\"https:\/\/portaltela.pt\/noticias\/2026\/03\/17\/serra-de-sao-mamede-pode-decidir-vencedor-da-43-a-volta-ao-alentejo\/\"},\"wordCount\":312,\"image\":{\"@id\":\"https:\/\/portaltela.pt\/noticias\/2026\/03\/17\/serra-de-sao-mamede-pode-decidir-vencedor-da-43-a-volta-ao-alentejo\/#primaryimage\"},\"thumbnailUrl\":\"https:\/\/portaltela.pt\/s.01k8rhncp4jt1\/2026\/03\/img_920x518uu2026-03-17-17-51-16-2427605.jpg\",\"keywords\":[\"Alentejo\",\"ciclismo\",\"\u00c9vora\",\"Ferreira do Alentejo\",\"Portalegre\",\"Sines\"],\"articleSection\":[\"Desporto\",\"Futebol\"],\"inLanguage\":\"pt-PT\"},{\"@type\":\"WebPage\",\"@id\":\"https:\/\/portaltela.pt\/noticias\/2026\/03\/17\/serra-de-sao-mamede-pode-decidir-vencedor-da-43-a-volta-ao-alentejo\/\",\"url\":\"https:\/\/portaltela.pt\/noticias\/2026\/03\/17\/serra-de-sao-mamede-pode-decidir-vencedor-da-43-a-volta-ao-alentejo\/\",\"name\":\"Serra de S\u00e3o Mamede pode decidir vencedor da 43.\u00aa Volta ao Alentejo - Portal Tela Portugal\",\"isPartOf\":{\"@id\":\"https:\/\/portaltela.pt\/#website\"},\"primaryImageOfPage\":{\"@id\":\"https:\/\/portaltela.pt\/noticias\/2026\/03\/17\/serra-de-sao-mamede-pode-decidir-vencedor-da-43-a-volta-ao-alentejo\/#primaryimage\"},\"image\":{\"@id\":\"https:\/\/portaltela.pt\/noticias\/2026\/03\/17\/serra-de-sao-mamede-pode-decidir-vencedor-da-43-a-volta-ao-alentejo\/#primaryimage\"},\"thumbnailUrl\":\"https:\/\/portaltela.pt\/s.01k8rhncp4jt1\/2026\/03\/img_920x518uu2026-03-17-17-51-16-2427605.jpg\",\"datePublished\":\"2026-03-17T17:52:40+00:00\",\"author\":{\"@id\":\"https:\/\/portaltela.pt\/#\/schema\/person\/c4278d4a6028830caff9ee44b42d32ed\"},\"breadcrumb\":{\"@id\":\"https:\/\/portaltela.pt\/noticias\/2026\/03\/17\/serra-de-sao-mamede-pode-decidir-vencedor-da-43-a-volta-ao-alentejo\/#breadcrumb\"},\"inLanguage\":\"pt-PT\",\"potentialAction\":[{\"@type\":\"ReadAction\",\"target\":[\"https:\/\/portaltela.pt\/noticias\/2026\/03\/17\/serra-de-sao-mamede-pode-decidir-vencedor-da-43-a-volta-ao-alentejo\/\"]}]},{\"@type\":\"ImageObject\",\"inLanguage\":\"pt-PT\",\"@id\":\"https:\/\/portaltela.pt\/noticias\/2026\/03\/17\/serra-de-sao-mamede-pode-decidir-vencedor-da-43-a-volta-ao-alentejo\/#primaryimage\",\"url\":\"https:\/\/portaltela.pt\/s.01k8rhncp4jt1\/2026\/03\/img_920x518uu2026-03-17-17-51-16-2427605.jpg\",\"contentUrl\":\"https:\/\/portaltela.pt\/s.01k8rhncp4jt1\/2026\/03\/img_920x518uu2026-03-17-17-51-16-2427605.jpg\",\"width\":796,\"height\":448,\"caption\":\"Apresenta\u00e7\u00e3o da 43\u00aa Volta ao Alentejo\"},{\"@type\":\"BreadcrumbList\",\"@id\":\"https:\/\/portaltela.pt\/noticias\/2026\/03\/17\/serra-de-sao-mamede-pode-decidir-vencedor-da-43-a-volta-ao-alentejo\/#breadcrumb\",\"itemListElement\":[{\"@type\":\"ListItem\",\"position\":1,\"name\":\"In\u00edcio\",\"item\":\"https:\/\/portaltela.pt\/\"},{\"@type\":\"ListItem\",\"position\":2,\"name\":\"Serra de S\u00e3o Mamede pode decidir vencedor da 43.\u00aa Volta ao Alentejo\"}]},{\"@type\":\"WebSite\",\"@id\":\"https:\/\/portaltela.pt\/#website\",\"url\":\"https:\/\/portaltela.pt\/\",\"name\":\"Portal Tela Portugal\",\"description\":\"\",\"potentialAction\":[{\"@type\":\"SearchAction\",\"target\":{\"@type\":\"EntryPoint\",\"urlTemplate\":\"https:\/\/portaltela.pt\/?s={search_term_string}\"},\"query-input\":{\"@type\":\"PropertyValueSpecification\",\"valueRequired\":true,\"valueName\":\"search_term_string\"}}],\"inLanguage\":\"pt-PT\"},{\"@type\":\"Person\",\"@id\":\"https:\/\/portaltela.pt\/#\/schema\/person\/c4278d4a6028830caff9ee44b42d32ed\",\"name\":\"Telinha\",\"image\":{\"@type\":\"ImageObject\",\"inLanguage\":\"pt-PT\",\"@id\":\"https:\/\/portaltela.pt\/s.01k8rhncp4jt1\/2025\/11\/talking-bot-125x125.png\",\"url\":\"https:\/\/portaltela.pt\/s.01k8rhncp4jt1\/2025\/11\/talking-bot-125x125.png\",\"contentUrl\":\"https:\/\/portaltela.pt\/s.01k8rhncp4jt1\/2025\/11\/talking-bot-125x125.png\",\"caption\":\"Telinha\"},\"sameAs\":[\"https:\/\/portaltela.pt\/\"],\"url\":\"https:\/\/portaltela.pt\/por\/367410592786\/\"}]}<\/script>\n<!-- \/ Yoast SEO plugin. -->","yoast_head_json":{"title":"Serra de S\u00e3o Mamede pode decidir vencedor da 43.\u00aa Volta ao Alentejo - Portal Tela Portugal","robots":{"index":"index","follow":"follow","max-snippet":"max-snippet:-1","max-image-preview":"max-image-preview:large","max-video-preview":"max-video-preview:-1"},"og_locale":"pt_PT","og_type":"article","og_title":"Serra de S\u00e3o Mamede pode decidir vencedor da 43.\u00aa Volta ao Alentejo - Portal Tela Portugal","og_description":"A Serra de S\u00e3o Mamede pode decidir a classifica\u00e7\u00e3o geral da 43.\u00aa Volta ao Alentejo, que decorre entre 25 e 29 de mar\u00e7o. A prova soma 675,9 quil\u00f3metros, entre Sines e \u00c9vora, com a meta final na quinta etapa. Primeira etapa, 25 de mar\u00e7o, ligar\u00e1 Sines a Almod\u00f4var, em 173,7 quil\u00f3metros, com chegada prevista ao sprint. Segunda etapa, a 26 de mar\u00e7o, vai de Ferreira do Alentejo a Montemor-o-Novo, num total de 161,9 quil\u00f3metros, com poss\u00edvel sele\u00e7\u00e3o nos \u00faltimos 400 metros. Contrarrel\u00f3gio individual, em Crato, a 27 de mar\u00e7o, tem 23,9 quil\u00f3metros e favorece especialistas em cron\u00f3metro; etapa rainha ocorre a 28 de mar\u00e7o, at\u00e9 \u00e0 Serra de S\u00e3o Mamede.","og_url":"https:\/\/portaltela.pt\/noticias\/2026\/03\/17\/serra-de-sao-mamede-pode-decidir-vencedor-da-43-a-volta-ao-alentejo\/","og_site_name":"Portal Tela Portugal","article_published_time":"2026-03-17T17:52:40+00:00","author":"Telinha","twitter_card":"summary_large_image","twitter_misc":{"Escrito por":"Telinha","Tempo estimado de leitura":"2 minutos"},"schema":{"@context":"https:\/\/schema.org","@graph":[{"@type":"Article","@id":"https:\/\/portaltela.pt\/noticias\/2026\/03\/17\/serra-de-sao-mamede-pode-decidir-vencedor-da-43-a-volta-ao-alentejo\/#article","isPartOf":{"@id":"https:\/\/portaltela.pt\/noticias\/2026\/03\/17\/serra-de-sao-mamede-pode-decidir-vencedor-da-43-a-volta-ao-alentejo\/"},"author":{"name":"Telinha","@id":"https:\/\/portaltela.pt\/#\/schema\/person\/c4278d4a6028830caff9ee44b42d32ed"},"headline":"Serra de S\u00e3o Mamede pode decidir vencedor da 43.\u00aa Volta ao Alentejo","datePublished":"2026-03-17T17:52:40+00:00","mainEntityOfPage":{"@id":"https:\/\/portaltela.pt\/noticias\/2026\/03\/17\/serra-de-sao-mamede-pode-decidir-vencedor-da-43-a-volta-ao-alentejo\/"},"wordCount":312,"image":{"@id":"https:\/\/portaltela.pt\/noticias\/2026\/03\/17\/serra-de-sao-mamede-pode-decidir-vencedor-da-43-a-volta-ao-alentejo\/#primaryimage"},"thumbnailUrl":"https:\/\/portaltela.pt\/s.01k8rhncp4jt1\/2026\/03\/img_920x518uu2026-03-17-17-51-16-2427605.jpg","keywords":["Alentejo","ciclismo","\u00c9vora","Ferreira do Alentejo","Portalegre","Sines"],"articleSection":["Desporto","Futebol"],"inLanguage":"pt-PT"},{"@type":"WebPage","@id":"https:\/\/portaltela.pt\/noticias\/2026\/03\/17\/serra-de-sao-mamede-pode-decidir-vencedor-da-43-a-volta-ao-alentejo\/","url":"https:\/\/portaltela.pt\/noticias\/2026\/03\/17\/serra-de-sao-mamede-pode-decidir-vencedor-da-43-a-volta-ao-alentejo\/","name":"Serra de S\u00e3o Mamede pode decidir vencedor da 43.\u00aa Volta ao Alentejo - Portal Tela Portugal","isPartOf":{"@id":"https:\/\/portaltela.pt\/#website"},"primaryImageOfPage":{"@id":"https:\/\/portaltela.pt\/noticias\/2026\/03\/17\/serra-de-sao-mamede-pode-decidir-vencedor-da-43-a-volta-ao-alentejo\/#primaryimage"},"image":{"@id":"https:\/\/portaltela.pt\/noticias\/2026\/03\/17\/serra-de-sao-mamede-pode-decidir-vencedor-da-43-a-volta-ao-alentejo\/#primaryimage"},"thumbnailUrl":"https:\/\/portaltela.pt\/s.01k8rhncp4jt1\/2026\/03\/img_920x518uu2026-03-17-17-51-16-2427605.jpg","datePublished":"2026-03-17T17:52:40+00:00","author":{"@id":"https:\/\/portaltela.pt\/#\/schema\/person\/c4278d4a6028830caff9ee44b42d32ed"},"breadcrumb":{"@id":"https:\/\/portaltela.pt\/noticias\/2026\/03\/17\/serra-de-sao-mamede-pode-decidir-vencedor-da-43-a-volta-ao-alentejo\/#breadcrumb"},"inLanguage":"pt-PT","potentialAction":[{"@type":"ReadAction","target":["https:\/\/portaltela.pt\/noticias\/2026\/03\/17\/serra-de-sao-mamede-pode-decidir-vencedor-da-43-a-volta-ao-alentejo\/"]}]},{"@type":"ImageObject","inLanguage":"pt-PT","@id":"https:\/\/portaltela.pt\/noticias\/2026\/03\/17\/serra-de-sao-mamede-pode-decidir-vencedor-da-43-a-volta-ao-alentejo\/#primaryimage","url":"https:\/\/portaltela.pt\/s.01k8rhncp4jt1\/2026\/03\/img_920x518uu2026-03-17-17-51-16-2427605.jpg","contentUrl":"https:\/\/portaltela.pt\/s.01k8rhncp4jt1\/2026\/03\/img_920x518uu2026-03-17-17-51-16-2427605.jpg","width":796,"height":448,"caption":"Apresenta\u00e7\u00e3o da 43\u00aa Volta ao Alentejo"},{"@type":"BreadcrumbList","@id":"https:\/\/portaltela.pt\/noticias\/2026\/03\/17\/serra-de-sao-mamede-pode-decidir-vencedor-da-43-a-volta-ao-alentejo\/#breadcrumb","itemListElement":[{"@type":"ListItem","position":1,"name":"In\u00edcio","item":"https:\/\/portaltela.pt\/"},{"@type":"ListItem","position":2,"name":"Serra de S\u00e3o Mamede pode decidir vencedor da 43.\u00aa Volta ao Alentejo"}]},{"@type":"WebSite","@id":"https:\/\/portaltela.pt\/#website","url":"https:\/\/portaltela.pt\/","name":"Portal Tela Portugal","description":"","potentialAction":[{"@type":"SearchAction","target":{"@type":"EntryPoint","urlTemplate":"https:\/\/portaltela.pt\/?s={search_term_string}"},"query-input":{"@type":"PropertyValueSpecification","valueRequired":true,"valueName":"search_term_string"}}],"inLanguage":"pt-PT"},{"@type":"Person","@id":"https:\/\/portaltela.pt\/#\/schema\/person\/c4278d4a6028830caff9ee44b42d32ed","name":"Telinha","image":{"@type":"ImageObject","inLanguage":"pt-PT","@id":"https:\/\/portaltela.pt\/s.01k8rhncp4jt1\/2025\/11\/talking-bot-125x125.png","url":"https:\/\/portaltela.pt\/s.01k8rhncp4jt1\/2025\/11\/talking-bot-125x125.png","contentUrl":"https:\/\/portaltela.pt\/s.01k8rhncp4jt1\/2025\/11\/talking-bot-125x125.png","caption":"Telinha"},"sameAs":["https:\/\/portaltela.pt\/"],"url":"https:\/\/portaltela.pt\/por\/367410592786\/"}]}},"_links":{"self":[{"href":"https:\/\/portaltela.pt\/api\/wp\/v2\/posts\/413606","targetHints":{"allow":["GET"]}}],"collection":[{"href":"https:\/\/portaltela.pt\/api\/wp\/v2\/posts"}],"about":[{"href":"https:\/\/portaltela.pt\/api\/wp\/v2\/types\/post"}],"author":[{"embeddable":true,"href":"https:\/\/portaltela.pt\/api\/wp\/v2\/users\/2"}],"replies":[{"embeddable":true,"href":"https:\/\/portaltela.pt\/api\/wp\/v2\/comments?post=413606"}],"version-history":[{"count":0,"href":"https:\/\/portaltela.pt\/api\/wp\/v2\/posts\/413606\/revisions"}],"wp:featuredmedia":[{"embeddable":true,"href":"https:\/\/portaltela.pt\/api\/wp\/v2\/media\/413611"}],"wp:attachment":[{"href":"https:\/\/portaltela.pt\/api\/wp\/v2\/media?parent=413606"}],"wp:term":[{"taxonomy":"category","embeddable":true,"href":"https:\/\/portaltela.pt\/api\/wp\/v2\/categories?post=413606"},{"taxonomy":"post_tag","embeddable":true,"href":"https:\/\/portaltela.pt\/api\/wp\/v2\/tags?post=413606"}],"curies":[{"name":"wp","href":"https:\/\/api.w.org\/{rel}","templated":true}]}}