{"id":413576,"date":"2026-03-17T14:17:13","date_gmt":"2026-03-17T17:17:13","guid":{"rendered":"https:\/\/portaltela.pt\/noticias\/2026\/03\/17\/gala-da-patinagem-2026-distingue-merito-e-conquistas-em-beja\/"},"modified":"2026-03-17T14:17:13","modified_gmt":"2026-03-17T17:17:13","slug":"gala-da-patinagem-2026-distingue-merito-e-conquistas-em-beja","status":"publish","type":"post","link":"https:\/\/portaltela.pt\/desporto\/futebol\/2026\/03\/17\/gala-da-patinagem-2026-distingue-merito-e-conquistas-em-beja\/","title":{"rendered":"Gala da Patinagem 2026 distingue m\u00e9rito e conquistas em Beja"},"content":{"rendered":"<p>A Gala da Patinagem 2026 realizou-se no Cineteatro Pax Julia, em Beja, distinguindo m\u00e9rito e conquistas na Federa\u00e7\u00e3o de Patinagem de Portugal (FPP). A cerim\u00f3nia reconheceu trajet\u00f3rias, desempenhos e contributos de diversas modalidades sob a al\u00e7ada da FPP, num evento de relevo para o desporto nacional.<\/p>\n<p>Entre os envolvidos estiveram v\u00e1rios representantes institucionais, incluindo a C\u00e2mara Municipal de Beja, autarquias da Mealhada e Lagoa, e membros de v\u00e1rias c\u00e2maras municipais e juntas de freguesia. Este conjunto assinalou a relev\u00e2ncia institucional da gala para a comunidade desportiva.<\/p>\n<p>Premiados e reconhecimentos<\/p>\n<p>Miguel Rocha, do OC Barcelos, foi destacado como melhor marcador do campeonato Placard. Destacaram-se ainda reconhecimentos de carreira para Diogo Craveiro (fim de carreira) e distin\u00e7\u00f5es pela participa\u00e7\u00e3o nos Jogos Mundiais de Chengdu, para Miguel Bravo e Ant\u00f3nio Freitas. Rita Azinheira e Madalena Costa foram premiadas pela excel\u00eancia na patinagem art\u00edstica, respetivamente, europeia\/j\u00fanior e mundial s\u00e9nior.<\/p>\n<p>Revela\u00e7\u00e3o, treino e atletas por especialidade<\/p>\n<p>Foram distinguidos atletas de renome para cada especialidade da FPP:<\/p>\n<ul>\n<li>Atleta Revela\u00e7\u00e3o: Martim Abreu (Skateboarding), Manuel Piteira (Patinagem de Velocidade), Tom\u00e1s Santos (H\u00f3quei em Patins), Jo\u00e3o Pedro Cruz (Patinagem Art\u00edstica).<\/li>\n<li>Treinador do Ano: Pedro Roseiro (Skateboarding), Al\u00edpio Silva (Patinagem de Velocidade), Rui Neto (H\u00f3quei em Patins), Sheila Rodrigues (Patinagem Art\u00edstica).<\/li>\n<li>Atleta Masculino: Gabriel Ribeiro (Skateboarding), Miguel Bravo (Patinagem de Velocidade), Miguel Rocha (H\u00f3quei em Patins), Diogo Craveiro (Patinagem Art\u00edstica).<\/li>\n<li>Atleta Feminina: Matilde Ribeiro (Skateboarding), J\u00e9ssica Rodrigues (Patinagem de Velocidade), Raquel Santos (H\u00f3quei em Patins), Madalena Costa (Patinagem Art\u00edstica).<\/li>\n<\/ul>\n<p>Presen\u00e7as de relevo e balan\u00e7o da federa\u00e7\u00e3o<\/p>\n<p>Lu\u00eds S\u00e9nia, presidente da FPP, salientou o crescimento da modalidade, garantindo que ultrapassar 20 mil praticantes federados representa um marco hist\u00f3rico, demonstrando a vitalidade e a expans\u00e3o da patinagem em Portugal. O dirigente destacou o papel da federa\u00e7\u00e3o na promo\u00e7\u00e3o e no desenvolvimento das v\u00e1rias disciplinas.<\/p>\n<p>A Gala da Patinagem 2026 consolidou-se como momento de reconhecimento institucional e desportivo, ao mesmo tempo que refor\u00e7ou a visibilidade internacional de atletas portugueses nas diferentes vertentes da patinagem.<\/p>\n","protected":false},"excerpt":{"rendered":"<ul>\n<li>A Gala da Patinagem 2026 realizou-se no Cineteatro Pax Julia, em Beja, para reconhecer m\u00e9rito e conquistas na Federa\u00e7\u00e3o de Patinagem de Portugal.<\/li>\n<li>O jornal Record recebeu o pr\u00e9mio Bons Servi\u00e7os, por apoiar a promo\u00e7\u00e3o da Patinagem nacional, com particular destaque para o H\u00f3quei em Patins.<\/li>\n<li>A cerim\u00f3nia contou com a presen\u00e7a de diversas entidades institucionais, incluindo presidentes de c\u00e2maras e representantes de organismos desportivos.<\/li>\n<li>Destacaram-se pr\u00e9mios de carreira e excel\u00eancia a nomes como Diogo Craveiro, Miguel Bravo, Ant\u00f3nio Freitas, Rita Azinheira e Madalena Costa, entre outros atletas e t\u00e9cnicos premiados em v\u00e1rias categorias.<\/li>\n<li>O presidente da Federa\u00e7\u00e3o de Patinagem de Portugal, Lu\u00eds S\u00e9nia, valorizou o marco de mais de vinte mil praticantes federados como sinal de vitalidade e crescimento da modalidade.<\/li>\n<\/ul>\n","protected":false},"author":2,"featured_media":413585,"comment_status":"closed","ping_status":"closed","sticky":false,"template":"","format":"standard","meta":{"footnotes":""},"categories":[21,24],"tags":[943,5449,152,1864,5309,1014],"class_list":["post-413576","post","type-post","status-publish","format-standard","has-post-thumbnail","hentry","category-desporto","category-futebol","tag-beja","tag-camara-municipal","tag-desporto","tag-patinagem","tag-patinagem-artistica","tag-portugal"],"yoast_head":"<!-- This site is optimized with the Yoast SEO plugin v27.2 - https:\/\/yoast.com\/product\/yoast-seo-wordpress\/ -->\n<title>Gala da Patinagem 2026 distingue m\u00e9rito e conquistas em Beja - Portal Tela Portugal<\/title>\n<meta name=\"robots\" content=\"index, follow, max-snippet:-1, max-image-preview:large, max-video-preview:-1\" \/>\n<meta property=\"og:locale\" content=\"pt_PT\" \/>\n<meta property=\"og:type\" content=\"article\" \/>\n<meta property=\"og:title\" content=\"Gala da Patinagem 2026 distingue m\u00e9rito e conquistas em Beja - Portal Tela Portugal\" \/>\n<meta property=\"og:description\" content=\"A Gala da Patinagem 2026 realizou-se no Cineteatro Pax Julia, em Beja, para reconhecer m\u00e9rito e conquistas na Federa\u00e7\u00e3o de Patinagem de Portugal. O jornal Record recebeu o pr\u00e9mio Bons Servi\u00e7os, por apoiar a promo\u00e7\u00e3o da Patinagem nacional, com particular destaque para o H\u00f3quei em Patins. A cerim\u00f3nia contou com a presen\u00e7a de diversas entidades institucionais, incluindo presidentes de c\u00e2maras e representantes de organismos desportivos. Destacaram-se pr\u00e9mios de carreira e excel\u00eancia a nomes como Diogo Craveiro, Miguel Bravo, Ant\u00f3nio Freitas, Rita Azinheira e Madalena Costa, entre outros atletas e t\u00e9cnicos premiados em v\u00e1rias categorias. O presidente da Federa\u00e7\u00e3o de Patinagem de Portugal, Lu\u00eds S\u00e9nia, valorizou o marco de mais de vinte mil praticantes federados como sinal de vitalidade e crescimento da modalidade.\" \/>\n<meta property=\"og:url\" content=\"https:\/\/portaltela.pt\/noticias\/2026\/03\/17\/gala-da-patinagem-2026-distingue-merito-e-conquistas-em-beja\/\" \/>\n<meta property=\"og:site_name\" content=\"Portal Tela Portugal\" \/>\n<meta property=\"article:published_time\" content=\"2026-03-17T17:17:13+00:00\" \/>\n<meta name=\"author\" content=\"Telinha\" \/>\n<meta name=\"twitter:card\" content=\"summary_large_image\" \/>\n<meta name=\"twitter:label1\" content=\"Escrito por\" \/>\n\t<meta name=\"twitter:data1\" content=\"Telinha\" \/>\n\t<meta name=\"twitter:label2\" content=\"Tempo estimado de leitura\" \/>\n\t<meta name=\"twitter:data2\" content=\"2 minutos\" \/>\n<script type=\"application\/ld+json\" class=\"yoast-schema-graph\">{\"@context\":\"https:\/\/schema.org\",\"@graph\":[{\"@type\":\"Article\",\"@id\":\"https:\/\/portaltela.pt\/noticias\/2026\/03\/17\/gala-da-patinagem-2026-distingue-merito-e-conquistas-em-beja\/#article\",\"isPartOf\":{\"@id\":\"https:\/\/portaltela.pt\/noticias\/2026\/03\/17\/gala-da-patinagem-2026-distingue-merito-e-conquistas-em-beja\/\"},\"author\":{\"name\":\"Telinha\",\"@id\":\"https:\/\/portaltela.pt\/#\/schema\/person\/c4278d4a6028830caff9ee44b42d32ed\"},\"headline\":\"Gala da Patinagem 2026 distingue m\u00e9rito e conquistas em Beja\",\"datePublished\":\"2026-03-17T17:17:13+00:00\",\"mainEntityOfPage\":{\"@id\":\"https:\/\/portaltela.pt\/noticias\/2026\/03\/17\/gala-da-patinagem-2026-distingue-merito-e-conquistas-em-beja\/\"},\"wordCount\":371,\"image\":{\"@id\":\"https:\/\/portaltela.pt\/noticias\/2026\/03\/17\/gala-da-patinagem-2026-distingue-merito-e-conquistas-em-beja\/#primaryimage\"},\"thumbnailUrl\":\"https:\/\/portaltela.pt\/s.01k8rhncp4jt1\/2026\/03\/img_920x518uu2026-03-17-17-11-03-2427594.jpg\",\"keywords\":[\"Beja\",\"C\u00e2mara Municipal\",\"desporto\",\"patinagem\",\"patinagem art\u00edstica\",\"Portugal\"],\"articleSection\":[\"Desporto\",\"Futebol\"],\"inLanguage\":\"pt-PT\"},{\"@type\":\"WebPage\",\"@id\":\"https:\/\/portaltela.pt\/noticias\/2026\/03\/17\/gala-da-patinagem-2026-distingue-merito-e-conquistas-em-beja\/\",\"url\":\"https:\/\/portaltela.pt\/noticias\/2026\/03\/17\/gala-da-patinagem-2026-distingue-merito-e-conquistas-em-beja\/\",\"name\":\"Gala da Patinagem 2026 distingue m\u00e9rito e conquistas em Beja - Portal Tela Portugal\",\"isPartOf\":{\"@id\":\"https:\/\/portaltela.pt\/#website\"},\"primaryImageOfPage\":{\"@id\":\"https:\/\/portaltela.pt\/noticias\/2026\/03\/17\/gala-da-patinagem-2026-distingue-merito-e-conquistas-em-beja\/#primaryimage\"},\"image\":{\"@id\":\"https:\/\/portaltela.pt\/noticias\/2026\/03\/17\/gala-da-patinagem-2026-distingue-merito-e-conquistas-em-beja\/#primaryimage\"},\"thumbnailUrl\":\"https:\/\/portaltela.pt\/s.01k8rhncp4jt1\/2026\/03\/img_920x518uu2026-03-17-17-11-03-2427594.jpg\",\"datePublished\":\"2026-03-17T17:17:13+00:00\",\"author\":{\"@id\":\"https:\/\/portaltela.pt\/#\/schema\/person\/c4278d4a6028830caff9ee44b42d32ed\"},\"breadcrumb\":{\"@id\":\"https:\/\/portaltela.pt\/noticias\/2026\/03\/17\/gala-da-patinagem-2026-distingue-merito-e-conquistas-em-beja\/#breadcrumb\"},\"inLanguage\":\"pt-PT\",\"potentialAction\":[{\"@type\":\"ReadAction\",\"target\":[\"https:\/\/portaltela.pt\/noticias\/2026\/03\/17\/gala-da-patinagem-2026-distingue-merito-e-conquistas-em-beja\/\"]}]},{\"@type\":\"ImageObject\",\"inLanguage\":\"pt-PT\",\"@id\":\"https:\/\/portaltela.pt\/noticias\/2026\/03\/17\/gala-da-patinagem-2026-distingue-merito-e-conquistas-em-beja\/#primaryimage\",\"url\":\"https:\/\/portaltela.pt\/s.01k8rhncp4jt1\/2026\/03\/img_920x518uu2026-03-17-17-11-03-2427594.jpg\",\"contentUrl\":\"https:\/\/portaltela.pt\/s.01k8rhncp4jt1\/2026\/03\/img_920x518uu2026-03-17-17-11-03-2427594.jpg\",\"width\":796,\"height\":448,\"caption\":\"Lu\u00eds S\u00e9nia recebeu convidados em Bela\"},{\"@type\":\"BreadcrumbList\",\"@id\":\"https:\/\/portaltela.pt\/noticias\/2026\/03\/17\/gala-da-patinagem-2026-distingue-merito-e-conquistas-em-beja\/#breadcrumb\",\"itemListElement\":[{\"@type\":\"ListItem\",\"position\":1,\"name\":\"In\u00edcio\",\"item\":\"https:\/\/portaltela.pt\/\"},{\"@type\":\"ListItem\",\"position\":2,\"name\":\"Gala da Patinagem 2026 distingue m\u00e9rito e conquistas em Beja\"}]},{\"@type\":\"WebSite\",\"@id\":\"https:\/\/portaltela.pt\/#website\",\"url\":\"https:\/\/portaltela.pt\/\",\"name\":\"Portal Tela Portugal\",\"description\":\"\",\"potentialAction\":[{\"@type\":\"SearchAction\",\"target\":{\"@type\":\"EntryPoint\",\"urlTemplate\":\"https:\/\/portaltela.pt\/?s={search_term_string}\"},\"query-input\":{\"@type\":\"PropertyValueSpecification\",\"valueRequired\":true,\"valueName\":\"search_term_string\"}}],\"inLanguage\":\"pt-PT\"},{\"@type\":\"Person\",\"@id\":\"https:\/\/portaltela.pt\/#\/schema\/person\/c4278d4a6028830caff9ee44b42d32ed\",\"name\":\"Telinha\",\"image\":{\"@type\":\"ImageObject\",\"inLanguage\":\"pt-PT\",\"@id\":\"https:\/\/portaltela.pt\/s.01k8rhncp4jt1\/2025\/11\/talking-bot-125x125.png\",\"url\":\"https:\/\/portaltela.pt\/s.01k8rhncp4jt1\/2025\/11\/talking-bot-125x125.png\",\"contentUrl\":\"https:\/\/portaltela.pt\/s.01k8rhncp4jt1\/2025\/11\/talking-bot-125x125.png\",\"caption\":\"Telinha\"},\"sameAs\":[\"https:\/\/portaltela.pt\/\"],\"url\":\"https:\/\/portaltela.pt\/por\/367410592786\/\"}]}<\/script>\n<!-- \/ Yoast SEO plugin. -->","yoast_head_json":{"title":"Gala da Patinagem 2026 distingue m\u00e9rito e conquistas em Beja - Portal Tela Portugal","robots":{"index":"index","follow":"follow","max-snippet":"max-snippet:-1","max-image-preview":"max-image-preview:large","max-video-preview":"max-video-preview:-1"},"og_locale":"pt_PT","og_type":"article","og_title":"Gala da Patinagem 2026 distingue m\u00e9rito e conquistas em Beja - Portal Tela Portugal","og_description":"A Gala da Patinagem 2026 realizou-se no Cineteatro Pax Julia, em Beja, para reconhecer m\u00e9rito e conquistas na Federa\u00e7\u00e3o de Patinagem de Portugal. O jornal Record recebeu o pr\u00e9mio Bons Servi\u00e7os, por apoiar a promo\u00e7\u00e3o da Patinagem nacional, com particular destaque para o H\u00f3quei em Patins. A cerim\u00f3nia contou com a presen\u00e7a de diversas entidades institucionais, incluindo presidentes de c\u00e2maras e representantes de organismos desportivos. Destacaram-se pr\u00e9mios de carreira e excel\u00eancia a nomes como Diogo Craveiro, Miguel Bravo, Ant\u00f3nio Freitas, Rita Azinheira e Madalena Costa, entre outros atletas e t\u00e9cnicos premiados em v\u00e1rias categorias. O presidente da Federa\u00e7\u00e3o de Patinagem de Portugal, Lu\u00eds S\u00e9nia, valorizou o marco de mais de vinte mil praticantes federados como sinal de vitalidade e crescimento da modalidade.","og_url":"https:\/\/portaltela.pt\/noticias\/2026\/03\/17\/gala-da-patinagem-2026-distingue-merito-e-conquistas-em-beja\/","og_site_name":"Portal Tela Portugal","article_published_time":"2026-03-17T17:17:13+00:00","author":"Telinha","twitter_card":"summary_large_image","twitter_misc":{"Escrito por":"Telinha","Tempo estimado de leitura":"2 minutos"},"schema":{"@context":"https:\/\/schema.org","@graph":[{"@type":"Article","@id":"https:\/\/portaltela.pt\/noticias\/2026\/03\/17\/gala-da-patinagem-2026-distingue-merito-e-conquistas-em-beja\/#article","isPartOf":{"@id":"https:\/\/portaltela.pt\/noticias\/2026\/03\/17\/gala-da-patinagem-2026-distingue-merito-e-conquistas-em-beja\/"},"author":{"name":"Telinha","@id":"https:\/\/portaltela.pt\/#\/schema\/person\/c4278d4a6028830caff9ee44b42d32ed"},"headline":"Gala da Patinagem 2026 distingue m\u00e9rito e conquistas em Beja","datePublished":"2026-03-17T17:17:13+00:00","mainEntityOfPage":{"@id":"https:\/\/portaltela.pt\/noticias\/2026\/03\/17\/gala-da-patinagem-2026-distingue-merito-e-conquistas-em-beja\/"},"wordCount":371,"image":{"@id":"https:\/\/portaltela.pt\/noticias\/2026\/03\/17\/gala-da-patinagem-2026-distingue-merito-e-conquistas-em-beja\/#primaryimage"},"thumbnailUrl":"https:\/\/portaltela.pt\/s.01k8rhncp4jt1\/2026\/03\/img_920x518uu2026-03-17-17-11-03-2427594.jpg","keywords":["Beja","C\u00e2mara Municipal","desporto","patinagem","patinagem art\u00edstica","Portugal"],"articleSection":["Desporto","Futebol"],"inLanguage":"pt-PT"},{"@type":"WebPage","@id":"https:\/\/portaltela.pt\/noticias\/2026\/03\/17\/gala-da-patinagem-2026-distingue-merito-e-conquistas-em-beja\/","url":"https:\/\/portaltela.pt\/noticias\/2026\/03\/17\/gala-da-patinagem-2026-distingue-merito-e-conquistas-em-beja\/","name":"Gala da Patinagem 2026 distingue m\u00e9rito e conquistas em Beja - Portal Tela Portugal","isPartOf":{"@id":"https:\/\/portaltela.pt\/#website"},"primaryImageOfPage":{"@id":"https:\/\/portaltela.pt\/noticias\/2026\/03\/17\/gala-da-patinagem-2026-distingue-merito-e-conquistas-em-beja\/#primaryimage"},"image":{"@id":"https:\/\/portaltela.pt\/noticias\/2026\/03\/17\/gala-da-patinagem-2026-distingue-merito-e-conquistas-em-beja\/#primaryimage"},"thumbnailUrl":"https:\/\/portaltela.pt\/s.01k8rhncp4jt1\/2026\/03\/img_920x518uu2026-03-17-17-11-03-2427594.jpg","datePublished":"2026-03-17T17:17:13+00:00","author":{"@id":"https:\/\/portaltela.pt\/#\/schema\/person\/c4278d4a6028830caff9ee44b42d32ed"},"breadcrumb":{"@id":"https:\/\/portaltela.pt\/noticias\/2026\/03\/17\/gala-da-patinagem-2026-distingue-merito-e-conquistas-em-beja\/#breadcrumb"},"inLanguage":"pt-PT","potentialAction":[{"@type":"ReadAction","target":["https:\/\/portaltela.pt\/noticias\/2026\/03\/17\/gala-da-patinagem-2026-distingue-merito-e-conquistas-em-beja\/"]}]},{"@type":"ImageObject","inLanguage":"pt-PT","@id":"https:\/\/portaltela.pt\/noticias\/2026\/03\/17\/gala-da-patinagem-2026-distingue-merito-e-conquistas-em-beja\/#primaryimage","url":"https:\/\/portaltela.pt\/s.01k8rhncp4jt1\/2026\/03\/img_920x518uu2026-03-17-17-11-03-2427594.jpg","contentUrl":"https:\/\/portaltela.pt\/s.01k8rhncp4jt1\/2026\/03\/img_920x518uu2026-03-17-17-11-03-2427594.jpg","width":796,"height":448,"caption":"Lu\u00eds S\u00e9nia recebeu convidados em Bela"},{"@type":"BreadcrumbList","@id":"https:\/\/portaltela.pt\/noticias\/2026\/03\/17\/gala-da-patinagem-2026-distingue-merito-e-conquistas-em-beja\/#breadcrumb","itemListElement":[{"@type":"ListItem","position":1,"name":"In\u00edcio","item":"https:\/\/portaltela.pt\/"},{"@type":"ListItem","position":2,"name":"Gala da Patinagem 2026 distingue m\u00e9rito e conquistas em Beja"}]},{"@type":"WebSite","@id":"https:\/\/portaltela.pt\/#website","url":"https:\/\/portaltela.pt\/","name":"Portal Tela Portugal","description":"","potentialAction":[{"@type":"SearchAction","target":{"@type":"EntryPoint","urlTemplate":"https:\/\/portaltela.pt\/?s={search_term_string}"},"query-input":{"@type":"PropertyValueSpecification","valueRequired":true,"valueName":"search_term_string"}}],"inLanguage":"pt-PT"},{"@type":"Person","@id":"https:\/\/portaltela.pt\/#\/schema\/person\/c4278d4a6028830caff9ee44b42d32ed","name":"Telinha","image":{"@type":"ImageObject","inLanguage":"pt-PT","@id":"https:\/\/portaltela.pt\/s.01k8rhncp4jt1\/2025\/11\/talking-bot-125x125.png","url":"https:\/\/portaltela.pt\/s.01k8rhncp4jt1\/2025\/11\/talking-bot-125x125.png","contentUrl":"https:\/\/portaltela.pt\/s.01k8rhncp4jt1\/2025\/11\/talking-bot-125x125.png","caption":"Telinha"},"sameAs":["https:\/\/portaltela.pt\/"],"url":"https:\/\/portaltela.pt\/por\/367410592786\/"}]}},"_links":{"self":[{"href":"https:\/\/portaltela.pt\/api\/wp\/v2\/posts\/413576","targetHints":{"allow":["GET"]}}],"collection":[{"href":"https:\/\/portaltela.pt\/api\/wp\/v2\/posts"}],"about":[{"href":"https:\/\/portaltela.pt\/api\/wp\/v2\/types\/post"}],"author":[{"embeddable":true,"href":"https:\/\/portaltela.pt\/api\/wp\/v2\/users\/2"}],"replies":[{"embeddable":true,"href":"https:\/\/portaltela.pt\/api\/wp\/v2\/comments?post=413576"}],"version-history":[{"count":0,"href":"https:\/\/portaltela.pt\/api\/wp\/v2\/posts\/413576\/revisions"}],"wp:featuredmedia":[{"embeddable":true,"href":"https:\/\/portaltela.pt\/api\/wp\/v2\/media\/413585"}],"wp:attachment":[{"href":"https:\/\/portaltela.pt\/api\/wp\/v2\/media?parent=413576"}],"wp:term":[{"taxonomy":"category","embeddable":true,"href":"https:\/\/portaltela.pt\/api\/wp\/v2\/categories?post=413576"},{"taxonomy":"post_tag","embeddable":true,"href":"https:\/\/portaltela.pt\/api\/wp\/v2\/tags?post=413576"}],"curies":[{"name":"wp","href":"https:\/\/api.w.org\/{rel}","templated":true}]}}